{"id":72747,"date":"2019-05-28T11:18:53","date_gmt":"2019-05-28T09:18:53","guid":{"rendered":"https:\/\/www.freiburg-schwarzwald.de\/blog\/?p=72747"},"modified":"2019-06-11T18:11:44","modified_gmt":"2019-06-11T16:11:44","slug":"schwarzwaldbilder-hinterzarten","status":"publish","type":"post","link":"https:\/\/www.freiburg-schwarzwald.de\/blog\/schwarzwaldbilder-hinterzarten\/","title":{"rendered":"Schwarzwaldbilder Hinterzarten"},"content":{"rendered":"<p><a title=\"Landschaft\" href=\"https:\/\/www.freiburg-schwarzwald.de\/blog\/natur\/landschaft\/\">Schwarzwaldimpressionen<\/a> des vor zehn Jahren verstorbenen Freiburger <a title=\"Kunst\" href=\"https:\/\/www.freiburg-schwarzwald.de\/blog\/kultur\/kunst\/\">Kunstmalers<\/a> Manfred A. Schmid sind ab Sonntag, 2. Juni, bis zum 3. November im <a title=\"Hochschwarzwald\" href=\"https:\/\/www.freiburg-schwarzwald.de\/blog\/regio\/hochschwarzwald\/\">Schwarzw\u00e4lder<\/a> <a title=\"Ski\" href=\"https:\/\/www.freiburg-schwarzwald.de\/blog\/sport\/sportlern\/ski\/\">Skimuseum<\/a> in <a title=\"Hinterzarten\" href=\"https:\/\/www.freiburg-schwarzwald.de\/blog\/regio\/orte\/hinterzarten\/\">Hinterzarten<\/a>, Rathausstra\u00dfe 12, zu sehen. Gezeigt werden Aquarelle und \u00d6lbilder, welche die Natur, <a title=\"Bauernhof\" href=\"https:\/\/www.freiburg-schwarzwald.de\/blog\/bauernhof\/\">H\u00f6fe<\/a> und Menschen des <a title=\"Hochschwarzwald Winter 2014\" href=\"https:\/\/www.freiburg-schwarzwald.de\/blog\/hochschwarzwald-winter-2014\/\">Schwarzwalds<\/a> in unterschiedlichen Lichtverh\u00e4ltnissen und Jahreszeiten zeigen. <!--more--><br \/>\n.<br \/>\nDie Vernissage findet am Sonntag, 2. Juni 2019, um 11 Uhr statt. Zur Er\u00f6ffnung spricht die Kunsthistorikern Evelyn Fl\u00f6gel. Das Bl\u00e4serquartett des Musikvereins Freiburg-Z\u00e4hringen umrahmt die Vernissage musikalisch. Der<\/p>\n<p><a href=\"https:\/\/www.freiburg-schwarzwald.de\/blog\/schwarzwaldbilder-hinterzarten\/schwarzwaldhof-schmid190524\/\" rel=\"attachment wp-att-72748\"><img loading=\"lazy\" decoding=\"async\" class=\"alignnone size-thumbnail wp-image-72748\" src=\"https:\/\/www.freiburg-schwarzwald.de\/blog\/wp-content\/uploads\/2019\/05\/schwarzwaldhof-schmid190524-180x136.jpg\" alt=\"schwarzwaldhof-schmid190524\" width=\"180\" height=\"136\" srcset=\"https:\/\/www.freiburg-schwarzwald.de\/blog\/wp-content\/uploads\/2019\/05\/schwarzwaldhof-schmid190524-180x136.jpg 180w, https:\/\/www.freiburg-schwarzwald.de\/blog\/wp-content\/uploads\/2019\/05\/schwarzwaldhof-schmid190524.jpg 640w\" sizes=\"auto, (max-width: 180px) 100vw, 180px\" \/><\/a>\u00a0 \u00a0 \u00a0 \u00a0 \u00a0 \u00a0 \u00a0 \u00a0 \u00a0 \u00a0 \u00a0 \u00a0 \u00a0 \u00a0 \u00a0 \u00a0 \u00a0 \u00a0 \u00a0 \u00a0\u00a0<a href=\"https:\/\/www.freiburg-schwarzwald.de\/blog\/schwarzwaldbilder-hinterzarten\/schwarzwaldhof-buehlhof1947schmid190524\/\" rel=\"attachment wp-att-73026\"><img loading=\"lazy\" decoding=\"async\" class=\"alignnone size-thumbnail wp-image-73026\" src=\"https:\/\/www.freiburg-schwarzwald.de\/blog\/wp-content\/uploads\/2019\/05\/schwarzwaldhof-buehlhof1947schmid190524-180x117.jpg\" alt=\"schwarzwaldhof-buehlhof1947schmid190524\" width=\"180\" height=\"117\" srcset=\"https:\/\/www.freiburg-schwarzwald.de\/blog\/wp-content\/uploads\/2019\/05\/schwarzwaldhof-buehlhof1947schmid190524-180x117.jpg 180w, https:\/\/www.freiburg-schwarzwald.de\/blog\/wp-content\/uploads\/2019\/05\/schwarzwaldhof-buehlhof1947schmid190524.jpg 640w\" sizes=\"auto, (max-width: 180px) 100vw, 180px\" \/><\/a><br \/>\nAquarell von Manfred A. Schmid: Schwarzw\u00e4lder Bauernhof sowie B\u00fchlhof bei Titisee<\/p>\n<p>&nbsp;<\/p>\n<p>Eintritt zur Ausstellung inklusive Museum betr\u00e4gt 5 Euro, erm\u00e4\u00dfigt 4 Euro. Die \u00d6ffnungszeiten sind Dienstag, Mittwoch und Freitag 14 bis 17 Uhr, Samstag, Sonntag und an Feiertagen 12 bis 17 Uhr.<\/p>\n<p>.<br \/>\n<strong>Malerische Streifz\u00fcge<\/strong><br \/>\nVielf\u00e4ltige berufliche Auftr\u00e4ge als Restaurator im In- und Ausland lie\u00dfen Manfred A. Schmid nur wenig Zeit f\u00fcr freies Malen. Doch zeitlebens faszinierte den Freiburger das Seherlebnis in der Natur. Seine Gem\u00e4lde fanden nicht nur in seiner Heimatstadt h\u00f6chste Anerkennung. Anl\u00e4sslich des zehnten Todesjahres des 2009 verstorbenen K\u00fcnstlers findet im Schwarzw\u00e4lder Skimuseum in Hinterzarten eine Ausstellung unter dem Titel &#8222;Schwarzwaldimpressionen&#8220; statt. Zu sehen sind die 82 Werke bis zum 3. November. Manfred Schmid ging zu allen Jahreszeiten gerne in die Natur, um sich von ihr inspirieren zu lassen. &#8222;Ihn begeisterten die immer wieder neuen Lichtverh\u00e4ltnisse, die Ruhe der Natur, alte Schwarzwaldh\u00f6fe und die Originalit\u00e4t der Menschen. Diese wechselnden Stimmungen versuchte er im Bild festzuhalten&#8220;, f\u00fchrte Kunsthistorikerin Evelyn Fl\u00f6gel bei der Vernissage in die Ausstellung ein. Schmid habe sich stets um eine klare Ordnung bem\u00fcht und versucht, die Farben kalt-warm, hell-dunkel treffend wiederzugeben. Das Studium an der Badischen Landeskunstschule in Karlsruhe und sein dortiger Lehrer Georg Scholz pr\u00e4gten ihn nachhaltig. Scholz war einer der namhaften Vertreter der neuen Sachlichkeit, frei von falscher Romantik&#8220;, berichtete die Leiterin des Elztal Museums. Als die Nazis Scholz entlie\u00dfen, verlie\u00df auch Manfred Schmid die Badische Landeskunstschule Karlsruhe, obwohl er dort Meistersch\u00fcler mit eigenem Atelier war. Er setzte dann sein Studium an der Kunstakademie M\u00fcnchen fort. Bis hinein in seine letzten Lebensjahre habe die Malerei seinen Alltag bestimmt. Die Ausstellung der Aquarelle und \u00d6lgem\u00e4lde spiegele das Empfinden des Malers auf seinen Streifz\u00fcgen durch den Schwarzwald wider. Ann\u00e4hernd 100 Kunstinteressierte fanden sich zur Vernissage ein.<br \/>\nMit Eva Schultheiss und Dorothee Wessler waren die T\u00f6chter des K\u00fcnstlers aus Berlin und D\u00fcsseldorf angereist. Unter den G\u00e4sten befanden sich auf der &#8222;Vater des Skimuseums&#8220; Georg Thoma, K\u00fcnstler und Lehrer Thomas Zipfel (&#8222;Auf einem Werk von Schmid ist ein kleiner Teil meines Elternhauses zu sehen&#8220;) sowie Albi Maier aus Titisee-Neustadt und der langj\u00e4hrige Oberb\u00fcrgermeister von Waldkirch, Richard Leibinger. &#8222;Bislang waren die Werke nur im Augustinermuseum Freiburg sowie im Georg-Scholz-Haus in Waldkirch zu sehen. Heute sind sie bei uns&#8220;, freute sich der Vorsitzende des F\u00f6rderkreises Schwarzw\u00e4lder Skimuseum, Klaus-Michael Tatsch, \u00fcber die Rarit\u00e4t. Die Bilder zeigten das gesamte Spektrum des K\u00fcnstlers &#8222;und passen prima in unsere Galerie. Sie sind eine Hommage des Malers an seine Heimat&#8220;. Wie es zur Ausstellung kam, erz\u00e4hlte Museums-Gesch\u00e4ftsf\u00fchrer Alfred Faller: &#8222;Dorothee Wessler besuchte bei einem Aufenthalt in Hinterzarten unser Skimuseum. Daraufhin hat sie mich angeschrieben und den Vorschlag einer Ausstellung gemacht. Wir waren sofort alle daf\u00fcr.&#8220; Bei einem Besuch im Elternhaus von Dorothee Wessler und Eva Schultheiss in Freiburg &#8222;habe ich die vielen tollen Gem\u00e4lde gesehen und sofort gewusst: diese Werke m\u00fcssen in Hinterzarten zu sehen sein&#8220;. Neben den Bildern gibt es einen Katalog sowie Kunstkarten.Umrahmt wurde die Vernissage vom Bl\u00e4serquartett des Musikvereins Freiburg-Z\u00e4hringen, dessen f\u00f6rderndes Mitglied Manfred Schmid \u00fcber viele Jahre hinweg war.<br \/>\n&#8230; Alles vom 6.6.2019 von Dieter Maurer bitte lesen auf<br \/>\n<a href=\"https:\/\/www.badische-zeitung.de\/hinterzarten\/malerische-streifzuege-durch-den-schwarzwald--173885248.html\">https:\/\/www.badische-zeitung.de\/hinterzarten\/malerische-streifzuege-durch-den-schwarzwald&#8211;173885248.html<\/a><\/p>\n","protected":false},"excerpt":{"rendered":"<p>Schwarzwaldimpressionen des vor zehn Jahren verstorbenen Freiburger Kunstmalers Manfred A. Schmid sind ab Sonntag, 2. Juni, bis zum 3. November im Schwarzw\u00e4lder Skimuseum in Hinterzarten, Rathausstra\u00dfe 12, zu sehen. Gezeigt werden Aquarelle und \u00d6lbilder, welche die Natur, H\u00f6fe und Menschen &hellip; <a href=\"https:\/\/www.freiburg-schwarzwald.de\/blog\/schwarzwaldbilder-hinterzarten\/\">Weiterlesen <span class=\"meta-nav\">&rarr;<\/span><\/a><\/p>\n","protected":false},"author":2,"featured_media":0,"comment_status":"open","ping_status":"closed","sticky":false,"template":"","format":"standard","meta":{"footnotes":""},"categories":[180,13,119,201,12,6,137],"tags":[397,587,392,432,331],"class_list":["post-72747","post","type-post","status-publish","format-standard","hentry","category-hochschwarzwald","category-kultur","category-kunst","category-landwirt","category-natur","category-vereine","category-wald","tag-ausstellung","tag-blackforest","tag-kleinkunst","tag-regional","tag-tourist"],"_links":{"self":[{"href":"https:\/\/www.freiburg-schwarzwald.de\/blog\/wp-json\/wp\/v2\/posts\/72747","targetHints":{"allow":["GET"]}}],"collection":[{"href":"https:\/\/www.freiburg-schwarzwald.de\/blog\/wp-json\/wp\/v2\/posts"}],"about":[{"href":"https:\/\/www.freiburg-schwarzwald.de\/blog\/wp-json\/wp\/v2\/types\/post"}],"author":[{"embeddable":true,"href":"https:\/\/www.freiburg-schwarzwald.de\/blog\/wp-json\/wp\/v2\/users\/2"}],"replies":[{"embeddable":true,"href":"https:\/\/www.freiburg-schwarzwald.de\/blog\/wp-json\/wp\/v2\/comments?post=72747"}],"version-history":[{"count":0,"href":"https:\/\/www.freiburg-schwarzwald.de\/blog\/wp-json\/wp\/v2\/posts\/72747\/revisions"}],"wp:attachment":[{"href":"https:\/\/www.freiburg-schwarzwald.de\/blog\/wp-json\/wp\/v2\/media?parent=72747"}],"wp:term":[{"taxonomy":"category","embeddable":true,"href":"https:\/\/www.freiburg-schwarzwald.de\/blog\/wp-json\/wp\/v2\/categories?post=72747"},{"taxonomy":"post_tag","embeddable":true,"href":"https:\/\/www.freiburg-schwarzwald.de\/blog\/wp-json\/wp\/v2\/tags?post=72747"}],"curies":[{"name":"wp","href":"https:\/\/api.w.org\/{rel}","templated":true}]}}