{"id":72465,"date":"2019-05-18T18:44:41","date_gmt":"2019-05-18T16:44:41","guid":{"rendered":"https:\/\/www.freiburg-schwarzwald.de\/blog\/?p=72465"},"modified":"2019-05-18T21:38:22","modified_gmt":"2019-05-18T19:38:22","slug":"salzladen-littenweiler-dorfplatz","status":"publish","type":"post","link":"https:\/\/www.freiburg-schwarzwald.de\/blog\/salzladen-littenweiler-dorfplatz\/","title":{"rendered":"Salzladen Littenweiler Dorfplatz"},"content":{"rendered":"<p>Seit April 2019 ist der <a title=\"Salzladen\" href=\"https:\/\/www.freiburg-schwarzwald.de\/blog\/business\/handel\/weltladen\/salzladen\/\">Salzladen<\/a> &#8211; <a title=\"Weltladen\" href=\"https:\/\/www.freiburg-schwarzwald.de\/blog\/business\/handel\/weltladen\/\">Weltladen<\/a>, <a title=\"Oekumene\" href=\"https:\/\/www.freiburg-schwarzwald.de\/blog\/religion\/oekumene\/\">\u00f6kumenische<\/a> Sozial- und Kulturinitiative &#8211; in <a title=\"Littenweiler\" href=\"https:\/\/www.freiburg-schwarzwald.de\/blog\/regio\/freiburg\/littenweiler\/\">Freiburg-Littenweiler<\/a> in der Sonnenbergstrasse 1 ans\u00e4ssig &#8211; also zentral am Dorfplatz. Mit breiterem Sortiment und Caf\u00e9. \u00d6ffnungszeiten des <a title=\"Salzladen\" href=\"https:\/\/www.freiburg-schwarzwald.de\/blog\/business\/handel\/weltladen\/salzladen\/\">Salzladens<\/a> sind Montag bis Freitag\u00a010.00 &#8211; 13.00 Uhr und 15.00 &#8211; 18.30 Uhr sowie Samstag von 9.00 &#8211; 13.00 Uhr. Tel 0761\/48 98 25 45, <a href=\"https:\/\/www.salzladen-freiburg.de\">https:\/\/www.salzladen-freiburg.de<\/a>\u00a0<!--more--><\/p>\n<p>.<br \/>\n<strong>Er\u00f6ffnung des Salzladens in Littenweiler<\/strong><br \/>\n<em>Am\u00a0Freitag vergangener Woche war es soweit und die T\u00fcren des <a title=\"Salzladen\" href=\"https:\/\/www.freiburg-schwarzwald.de\/blog\/business\/handel\/weltladen\/salzladen\/\">\u201eSalzladen\u201c <\/a>in der Sonnenbergstra\u00dfe 1 \u00f6ffneten sich zum ersten Mal. Viele Passanten hatten die Umbauma\u00dfnahmen in den R\u00e4umen, in denen bis vor kurzem noch die Buchhandlung Hall ans\u00e4ssig war, neugierig beobachtet und interessiert verfolgt, wie das neue Ladengesch\u00e4ft langsam Gestalt annahm.<\/em><br \/>\nBisher war der Weltladen in der Alemannenstra\u00dfe 52 ans\u00e4ssig, nun freuen sich die zahlreichen ehrenamtlichen Mitarbeiterinnen und Mitarbeiter \u00fcber die gr\u00f6\u00dferen R\u00e4ume, die zentrale Lage und die M\u00f6glichkeit, nun auch wieder Raum f\u00fcr Vortr\u00e4ge, Lesungen, kleine Konzerte oder Ausstellungen zu haben. Auch eine gem\u00fctliche Sitzecke mit Kaffee- und Teeverkostung und eine Spielecke f\u00fcr Kinder konnten nun geschaffen werden, der Salzladen kann nun auch wieder zum Treff punkt f\u00fcr Jung und Alt, f\u00fcr Familien und Studierende werden, ein Platz zum Austausch und zum gem\u00fctlichen Verweilen.<br \/>\n\u201eDank der neuen gr\u00f6\u00dferen R\u00e4ume konnten wir unser Sortiment erweitern\u201c, freut sich Margarita Thum, \u201eauch Ausstellungen und Vortr\u00e4ge werden nun wieder m\u00f6glich sein. Vieles, was es schon in den Anfangsjahren gab, als der Salzladen in der Kappler Stra\u00dfe ans\u00e4ssig war, ist jetzt hier wieder m\u00f6glich. In der Alemannenstra\u00dfe waren die R\u00e4ume daf\u00fcr leider zu klein. Dennoch haben wir uns dort sehr wohl gef\u00fchlt, hatten ein sehr gutes Verh\u00e4ltnis zum stets hilfsbereiten Vermieter Herrn Schoch, aber wir waren r\u00e4umlich doch sehr eingeschr\u00e4nkt.<br \/>\n.<br \/>\n.Daher freuen wir uns sehr, dass dies nun alles wieder m\u00f6glich sein wird\u201c, so die Vorsitzende. Sortiment konnte erweitert werden Auch das Sortiment konnte erweitert werden. Neue Zielgruppen m\u00f6chte man dadurch ansprechen. Auch Studenten der PH oder Familien mit Kindern sind im Salzladen in der Sonnenbergstra\u00dfe herzlich willkommen. Neu im Angebot sind fair gehandelte Schreibwaren, Gru\u00dfkarten und Geschenkpapier, auch weitere Modeaccessoires wie T\u00fccher, R\u00f6cke, Taschen und vieles mehr aus L\u00e4ndern des S\u00fcdens.<br \/>\nAuch das Lebensmittelsortiment wurde vergr\u00f6\u00dfert, und weitere Seifen und \u00d6le des Regenwaldinstituts Freiburg konnten aufgenommen werden. Und das bisherige Sortiment an Geschirr, K\u00f6rben, Lederwaren, T\u00fcchern, Schmuck, Geschenk- und Dekorationsartikeln wurde dank des gr\u00f6\u00dferen Platzangebotes noch erweitert. Alles fair gehandelt, \u00f6kologisch hochwertig und bei Kooperativen erworben, die den Produzenten gerechte L\u00f6hne bezahlen und bei denen es nat\u00fcrlich keine Kinderarbeit gibt. Auch Tauschb\u00f6rsen m\u00f6chte man k\u00fcnftig veranstalten und das Antiquariat konnte vergr\u00f6\u00dfert werden. Hier k\u00f6nnen gut erhaltene B\u00fccher abgegeben und gegen eine Spende zugunsten der Salzladen-Projekte erworben werden.<br \/>\n.<br \/>\n<strong>Viele ehrenamtliche Helfer:<\/strong><br \/>\nDen gesamten Umbau, das Streichen der neuen R\u00e4ume, den Aufbau der Regale, das Einr\u00e4umen der Waren und viele, viele Handgriffe mehr, haben die ausschlie\u00dflich ehrenamtlich arbeitenden Mitarbeiterinnen und Mitarbeiter in Rekordzeit gestemmt. \u201eJeder hat sich nach seinen F\u00e4higkeiten und zeitlichen M\u00f6glichkeiten eingebracht\u201c so Margarita Thum \u201eund wir konnten w\u00e4hrend der Umbauphase sogar vier neue ehrenamtliche Mitarbeiterinnen begr\u00fc\u00dfen\u201c. \u201eWir freuen uns \u00fcber jede Unterst\u00fctzung, Interessierte sind jederzeit willkommen\u201c, so die Vorsitzende.<br \/>\n.<br \/>\n<strong>Er\u00f6ffnungsfest am 18. Mai 2019:<\/strong><br \/>\nAber jetzt, nach all der Arbeit, soll erst einmal gefeiert werden. Zu einem Er\u00f6ffnungsfest sind alle am Samstag, dem 18. Mai, herzlich eingeladen. Pfarrer Johannes Kienzler, von der <a title=\"StBarbara\" href=\"https:\/\/www.freiburg-schwarzwald.de\/blog\/religion\/kirchen\/stbarbara\/\">katholischen St. Barbara Gemeinde<\/a>, und Pfarrer J\u00f6rg Wegner, von der <a title=\"Auferstehung\" href=\"https:\/\/www.freiburg-schwarzwald.de\/blog\/religion\/kirchen\/auferstehung\/\">evangelischen Auferstehungsgemeinde<\/a>, werden die Feierlichkeiten um 11.00 Uhr offiziell er\u00f6ffnen. Es gibt Sonderangebote, ein Gl\u00e4schen Sekt zum Ansto\u00dfen und f\u00fcr die kleinen G\u00e4ste ein Er\u00f6ffnungsquiz. Alle sind herzlich willkommen, die neuen R\u00e4umlichkeiten, das umfangreiche Sortiment des Salzladens und auch die Mitarbeiterinnen und Mitarbeiter kennen zu lernen.<br \/>\n.<br \/>\n<strong>Neue \u00d6ffnungszeiten:<\/strong><br \/>\nMit dem Einzug in die neuen R\u00e4umlichkeiten konnten auch die \u00d6ffnungszeiten erweitert werden. Der Weltladen Salzladen, Sonnenbergstra\u00dfe 1 in Littenweiler ist von<br \/>\nMontag bis Freitag, 10.00 &#8211; 13.00 Uhr und 15.00 &#8211; 18.30 Uhr<br \/>\nsowie am Samstag von 9.00 &#8211; 13.00 Uhr ge\u00f6ffnet.<br \/>\nN\u00e4here Infos zur \u00f6kumenischen Sozial- und Kulturinitiative Salzladen e.V. auch auf <a href=\"https:\/\/www.salzladen-freiburg.de\">https:\/\/www.salzladen-freiburg.de<\/a> und unter Tel 0761 \/ 48 98 25 45.<br \/>\n.<br \/>\nWer Mitglied im Verein werden und den Salzladen e.V. unterst\u00fctzen m\u00f6chte, der Jahresbeitrag betr\u00e4gt 30.- Euro, f\u00fcr Familien 45.- Euro. Ziel des Vereins ist es, den fairen Handel sowie die Begegnung und den Austausch im Freiburger Osten zu f\u00f6rdern. Weitere Informationen gibt es bei den Mitarbeiterinnen und Mitarbeitern direkt im Salzladen oder bei Margarita Thum, Tel 0761 \/ 6 63 77.<br \/>\n.<br \/>\n15.5.2019, Gisela Heizler-Ries, Dreisamt\u00e4ler, <a href=\"https:\/\/www.dreisamtaeler.de\">https:\/\/www.dreisamtaeler.de<\/a><\/p>\n<p><a href=\"https:\/\/www.freiburg-schwarzwald.de\/blog\/salzladen-littenweiler-dorfplatz\/salzladen-aerzte-musik20190518\/\" rel=\"attachment wp-att-72466\"><img loading=\"lazy\" decoding=\"async\" class=\"alignnone size-thumbnail wp-image-72466\" src=\"https:\/\/www.freiburg-schwarzwald.de\/blog\/wp-content\/uploads\/2019\/05\/salzladen-aerzte-musik20190518-180x107.jpg\" alt=\"salzladen-aerzte-musik20190518\" width=\"180\" height=\"107\" srcset=\"https:\/\/www.freiburg-schwarzwald.de\/blog\/wp-content\/uploads\/2019\/05\/salzladen-aerzte-musik20190518-180x107.jpg 180w, https:\/\/www.freiburg-schwarzwald.de\/blog\/wp-content\/uploads\/2019\/05\/salzladen-aerzte-musik20190518.jpg 640w\" sizes=\"auto, (max-width: 180px) 100vw, 180px\" \/><\/a>\u00a0 \u00a0 \u00a0 \u00a0 \u00a0 \u00a0 \u00a0<a href=\"https:\/\/www.freiburg-schwarzwald.de\/blog\/salzladen-littenweiler-dorfplatz\/salzladen-brunner20190518\/\" rel=\"attachment wp-att-72467\"><img loading=\"lazy\" decoding=\"async\" class=\"alignnone size-thumbnail wp-image-72467\" src=\"https:\/\/www.freiburg-schwarzwald.de\/blog\/wp-content\/uploads\/2019\/05\/salzladen-brunner20190518-180x112.jpg\" alt=\"salzladen-brunner20190518\" width=\"180\" height=\"112\" srcset=\"https:\/\/www.freiburg-schwarzwald.de\/blog\/wp-content\/uploads\/2019\/05\/salzladen-brunner20190518-180x112.jpg 180w, https:\/\/www.freiburg-schwarzwald.de\/blog\/wp-content\/uploads\/2019\/05\/salzladen-brunner20190518-640x401.jpg 640w, https:\/\/www.freiburg-schwarzwald.de\/blog\/wp-content\/uploads\/2019\/05\/salzladen-brunner20190518.jpg 743w\" sizes=\"auto, (max-width: 180px) 100vw, 180px\" \/><\/a><br \/>\n18.5.2019: Musik zur Er\u00f6ffnung\u00a0 \u00a0 \u00a0 \u00a0 \u00a0 \u00a0 \u00a0 \u00a0Ursel Brunner &#8211; im Hintergrund Margarita Thum<\/p>\n","protected":false},"excerpt":{"rendered":"<p>Seit April 2019 ist der Salzladen &#8211; Weltladen, \u00f6kumenische Sozial- und Kulturinitiative &#8211; in Freiburg-Littenweiler in der Sonnenbergstrasse 1 ans\u00e4ssig &#8211; also zentral am Dorfplatz. Mit breiterem Sortiment und Caf\u00e9. \u00d6ffnungszeiten des Salzladens sind Montag bis Freitag\u00a010.00 &#8211; 13.00 Uhr &hellip; <a href=\"https:\/\/www.freiburg-schwarzwald.de\/blog\/salzladen-littenweiler-dorfplatz\/\">Weiterlesen <span class=\"meta-nav\">&rarr;<\/span><\/a><\/p>\n","protected":false},"author":2,"featured_media":0,"comment_status":"open","ping_status":"closed","sticky":false,"template":"","format":"standard","meta":{"footnotes":""},"categories":[181,54,52,36,23,104,13,283,68],"tags":[559,589,715,87,448],"class_list":["post-72465","post","type-post","status-publish","format-standard","hentry","category-buergerbeteiligung","category-ehrenamt","category-einewelt","category-engagement","category-handel","category-hilfe","category-kultur","category-littenweiler","category-umwelt","tag-business","tag-fair","tag-klima","tag-lokal-handeln","tag-weltladen"],"_links":{"self":[{"href":"https:\/\/www.freiburg-schwarzwald.de\/blog\/wp-json\/wp\/v2\/posts\/72465","targetHints":{"allow":["GET"]}}],"collection":[{"href":"https:\/\/www.freiburg-schwarzwald.de\/blog\/wp-json\/wp\/v2\/posts"}],"about":[{"href":"https:\/\/www.freiburg-schwarzwald.de\/blog\/wp-json\/wp\/v2\/types\/post"}],"author":[{"embeddable":true,"href":"https:\/\/www.freiburg-schwarzwald.de\/blog\/wp-json\/wp\/v2\/users\/2"}],"replies":[{"embeddable":true,"href":"https:\/\/www.freiburg-schwarzwald.de\/blog\/wp-json\/wp\/v2\/comments?post=72465"}],"version-history":[{"count":0,"href":"https:\/\/www.freiburg-schwarzwald.de\/blog\/wp-json\/wp\/v2\/posts\/72465\/revisions"}],"wp:attachment":[{"href":"https:\/\/www.freiburg-schwarzwald.de\/blog\/wp-json\/wp\/v2\/media?parent=72465"}],"wp:term":[{"taxonomy":"category","embeddable":true,"href":"https:\/\/www.freiburg-schwarzwald.de\/blog\/wp-json\/wp\/v2\/categories?post=72465"},{"taxonomy":"post_tag","embeddable":true,"href":"https:\/\/www.freiburg-schwarzwald.de\/blog\/wp-json\/wp\/v2\/tags?post=72465"}],"curies":[{"name":"wp","href":"https:\/\/api.w.org\/{rel}","templated":true}]}}