{"id":72350,"date":"2019-05-16T10:45:57","date_gmt":"2019-05-16T08:45:57","guid":{"rendered":"https:\/\/www.freiburg-schwarzwald.de\/blog\/?p=72350"},"modified":"2019-05-16T11:00:16","modified_gmt":"2019-05-16T09:00:16","slug":"ebnet-jungstoerche-und-wahl","status":"publish","type":"post","link":"https:\/\/www.freiburg-schwarzwald.de\/blog\/ebnet-jungstoerche-und-wahl\/","title":{"rendered":"Ebnet: Jungst\u00f6rche und Wahl"},"content":{"rendered":"<p>Seit 14. Mai 2019 schl\u00fcpfen die <a title=\"Storchenschule-Ebnet\" href=\"https:\/\/www.freiburg-schwarzwald.de\/blog\/natur\/tiere\/storch\/storchenschule\/\">Ebneter St\u00f6rchlein<\/a>. Anbei ein Bild der ersten beiden, mit Mama Olga oder Papa Otto &#8211; seit 13 Jahren in <a title=\"Ebnet\" href=\"https:\/\/www.freiburg-schwarzwald.de\/blog\/regio\/freiburg\/ebnet\/\">Ebnet<\/a> zusammen. Auf der Seite von Herrn Varadi <a href=\"https:\/\/regiowebcam.de\/dreisamtal\/storchennest-ebnet.html\">https:\/\/regiowebcam.de\/dreisamtal\/storchennest-ebnet.html<\/a> kann man mit <a title=\"Storchenvater Hagen Spaeth\" href=\"https:\/\/www.freiburg-schwarzwald.de\/blog\/storchenvater-hagen-spaeth\/\">Hagen Sp\u00e4th<\/a> das <a title=\"Storch\" href=\"https:\/\/www.freiburg-schwarzwald.de\/blog\/natur\/tiere\/storch\/\">Storchengl\u00fcck<\/a> verfolgen &#8211; hoffentlich h\u00e4lt es heuer an. <a title=\"Ebneter Kultursommer ab 29.5.\" href=\"https:\/\/www.freiburg-schwarzwald.de\/blog\/ebneter-kultursommer-ab-29-5\/\">Kultursommer<\/a> und junge St\u00f6rche in Ebnet passen doch so gut zusammen.<!--more--><\/p>\n<p>.<\/p>\n<p><a href=\"https:\/\/www.freiburg-schwarzwald.de\/blog\/ebneter-storchen-nachwuchs\/storch-ebnet2019mai13\/\" rel=\"attachment wp-att-72351\"><img loading=\"lazy\" decoding=\"async\" class=\"alignnone size-thumbnail wp-image-72351\" src=\"https:\/\/www.freiburg-schwarzwald.de\/blog\/wp-content\/uploads\/2019\/05\/storch-ebnet2019mai13-180x135.jpg\" alt=\"storch-ebnet2019mai13\" width=\"180\" height=\"135\" srcset=\"https:\/\/www.freiburg-schwarzwald.de\/blog\/wp-content\/uploads\/2019\/05\/storch-ebnet2019mai13-180x135.jpg 180w, https:\/\/www.freiburg-schwarzwald.de\/blog\/wp-content\/uploads\/2019\/05\/storch-ebnet2019mai13.jpg 640w\" sizes=\"auto, (max-width: 180px) 100vw, 180px\" \/><\/a><a href=\"https:\/\/www.freiburg-schwarzwald.de\/blog\/ebneter-storchen-nachwuchs\/storch-ebnet2019mai13\/\" rel=\"attachment wp-att-72351\"><br \/>\n<\/a>Freiburg-Ebnet Schlo\u00dfpark: Die beiden ersten Jungst\u00f6rche am 14.5.2019 &#8211; Bild: Th. Varadi<\/p>\n<p>.<\/p>\n<p><strong>Junge St\u00f6rche und Wahl passen prima zusammen:<\/strong><br \/>\nAm kommenden Sonntag 19.5.2019 von 11 Uhr bis 13 Uhr l\u00e4dt Nikolaus Gayling alle KandidatInnen zur <a title=\"Europawahl\" href=\"https:\/\/www.freiburg-schwarzwald.de\/blog\/global\/eu\/europawahl\/\">Kommunalwahl<\/a> (Gemeinderat und Ortschaftsrat Ebnet und Kappel) der PLZ 79117 ins Schloss ein &#8211; zu einem \u00f6ffentlichen &#8222;Ebneter Frauentag&#8220;. Es haben schon viele Kandidatinnen zugesagt (noch nicht von FDP und AfD), die sich vorstellen &#8211; 16 x 3 min. Diskussionsleiter: Walter Kr\u00f6gner. Da Frauen \u00fcblicherweise auch <a title=\"Tagesmutter\" href=\"https:\/\/www.freiburg-schwarzwald.de\/blog\/selbsthilfe\/familie\/tagesmutter\/\">M\u00fctte<\/a>r sind, wird der Schlo\u00dfherr zusammen mit Storchenvater Hagen Sp\u00e4th f\u00fcr die <a title=\"Kinder\" href=\"https:\/\/www.freiburg-schwarzwald.de\/blog\/selbsthilfe\/kinder\/\">Kinderbetreuuung<\/a> im Schlosspark sorgen.<br \/>\n16.5.2019<\/p>\n","protected":false},"excerpt":{"rendered":"<p>Seit 14. Mai 2019 schl\u00fcpfen die Ebneter St\u00f6rchlein. Anbei ein Bild der ersten beiden, mit Mama Olga oder Papa Otto &#8211; seit 13 Jahren in Ebnet zusammen. Auf der Seite von Herrn Varadi https:\/\/regiowebcam.de\/dreisamtal\/storchennest-ebnet.html kann man mit Hagen Sp\u00e4th das &hellip; <a href=\"https:\/\/www.freiburg-schwarzwald.de\/blog\/ebnet-jungstoerche-und-wahl\/\">Weiterlesen <span class=\"meta-nav\">&rarr;<\/span><\/a><\/p>\n","protected":false},"author":2,"featured_media":0,"comment_status":"open","ping_status":"closed","sticky":false,"template":"","format":"standard","meta":{"footnotes":""},"categories":[181,50,49,12,10,145],"tags":[142,144,466],"class_list":["post-72350","post","type-post","status-publish","format-standard","hentry","category-buergerbeteiligung","category-dreisamtal","category-freiburg","category-natur","category-selbsthilfe","category-storch","tag-renaturierung","tag-sos-weisstorch","tag-tierschutz"],"_links":{"self":[{"href":"https:\/\/www.freiburg-schwarzwald.de\/blog\/wp-json\/wp\/v2\/posts\/72350","targetHints":{"allow":["GET"]}}],"collection":[{"href":"https:\/\/www.freiburg-schwarzwald.de\/blog\/wp-json\/wp\/v2\/posts"}],"about":[{"href":"https:\/\/www.freiburg-schwarzwald.de\/blog\/wp-json\/wp\/v2\/types\/post"}],"author":[{"embeddable":true,"href":"https:\/\/www.freiburg-schwarzwald.de\/blog\/wp-json\/wp\/v2\/users\/2"}],"replies":[{"embeddable":true,"href":"https:\/\/www.freiburg-schwarzwald.de\/blog\/wp-json\/wp\/v2\/comments?post=72350"}],"version-history":[{"count":0,"href":"https:\/\/www.freiburg-schwarzwald.de\/blog\/wp-json\/wp\/v2\/posts\/72350\/revisions"}],"wp:attachment":[{"href":"https:\/\/www.freiburg-schwarzwald.de\/blog\/wp-json\/wp\/v2\/media?parent=72350"}],"wp:term":[{"taxonomy":"category","embeddable":true,"href":"https:\/\/www.freiburg-schwarzwald.de\/blog\/wp-json\/wp\/v2\/categories?post=72350"},{"taxonomy":"post_tag","embeddable":true,"href":"https:\/\/www.freiburg-schwarzwald.de\/blog\/wp-json\/wp\/v2\/tags?post=72350"}],"curies":[{"name":"wp","href":"https:\/\/api.w.org\/{rel}","templated":true}]}}