{"id":72252,"date":"2019-05-09T20:49:49","date_gmt":"2019-05-09T18:49:49","guid":{"rendered":"https:\/\/www.freiburg-schwarzwald.de\/blog\/?p=72252"},"modified":"2019-05-09T20:49:49","modified_gmt":"2019-05-09T18:49:49","slug":"freiheit-bedroht-nicht-klima","status":"publish","type":"post","link":"https:\/\/www.freiburg-schwarzwald.de\/blog\/freiheit-bedroht-nicht-klima\/","title":{"rendered":"Freiheit bedroht &#8211; nicht Klima"},"content":{"rendered":"<p>F\u00fcr die Hypothese vom <a title=\"Klimawandel-natuerlich\" href=\"https:\/\/www.freiburg-schwarzwald.de\/blog\/natur\/klima\/klimawandel-natuerlich\/\">menschengemachten Klimawandel<\/a> gibt es keine wissenschaftlichen Beweise. Auch all die Erkl\u00e4rungen des\u00a0<a title=\"Klima: Ideologie Wissenschaft\" href=\"https:\/\/www.freiburg-schwarzwald.de\/blog\/klima-ideologie-wissenschaft\/\">IPCC<\/a> basieren nur auf Computermodellen. Auch die Behauptung des PIK, &#8222;da\u00df wir <a title=\"Klimawandel\" href=\"https:\/\/www.freiburg-schwarzwald.de\/blog\/natur\/klima\/klimawandel\/\">Klimawandel<\/a> bekommen, wenn wir <a title=\"CO2\" href=\"https:\/\/www.freiburg-schwarzwald.de\/blog\/natur\/klima\/co2\/\">CO2<\/a> in die Atmosph\u00e4re machen&#8220;, ist falsch. Anstelle von Beweisen oder wenigstens pr\u00fcfbaren Beobachtungen zielt wortreiches Framing darauf ab, <a title=\"Schulkinder: Keine Angstmache\" href=\"https:\/\/www.freiburg-schwarzwald.de\/blog\/schulkinder-keine-angstmache\/\">Angst<\/a> zu machen: <!--more-->&#8222;Wir m\u00fcssen Furcht erzeugen&#8220; (Al Gore 2009). &#8222;Also m\u00fcssen wir \u00e4ngstigende Szenarien liefern, einfache, dramatische \u00c4u\u00dferungen tun und Zweifel, die wir vielleicht haben, wenig erw\u00e4hnen&#8220; (Stephen Schneider, IPCC 1989). &#8222;Ich will, dass ihr in Panik geratet und die <a title=\"Angst\" href=\"https:\/\/www.freiburg-schwarzwald.de\/blog\/engagement\/zukunft\/angst\/\">Angst<\/a> versp\u00fcrt, die ich jeden Tag habe&#8220; (<a title=\"FridaysForFuture\" href=\"https:\/\/www.freiburg-schwarzwald.de\/blog\/natur\/klima\/fridaysforfuture\/\">Greta<\/a> 2019).<br \/>\n.<br \/>\nWarum wirken gro\u00dfe Teile der Politik und Medien an dieser Irref\u00fchrung mit? Die Behauptung, da\u00df menschengemachtes CO2 eine Klimakatastrophe ausl\u00f6sen werde, gibt den Eliten eine wunderbare M\u00f6glichkeit, unser seit 70 Jahren erfolgreiches Gesellschaftsmodell per <a title=\"Transformation\" href=\"https:\/\/www.freiburg-schwarzwald.de\/blog\/natur\/klima\/transformation\/\">&#8222;Transformation&#8220;<\/a> in eine rotgr\u00fcnes bzw. \u00f6kologistisches Modell zu \u00fcberf\u00fchren, das in eine <a title=\"UNCTAD-Review Transformation\" href=\"https:\/\/www.freiburg-schwarzwald.de\/blog\/unctad-review-transformation\/\">\u00d6kodiktatur<\/a> m\u00fcnden wird. Und dann gilt: Nicht das <a title=\"Transformation\" href=\"https:\/\/www.freiburg-schwarzwald.de\/blog\/natur\/klima\/transformation\/\">Klima ist bedroht<\/a>, sondern unsere <a title=\"Freiheit\" href=\"https:\/\/www.freiburg-schwarzwald.de\/blog\/engagement\/zukunft\/demokratie\/freiheit\/\">Freiheit<\/a>.<br \/>\n10.5.2019<\/p>\n","protected":false},"excerpt":{"rendered":"<p>F\u00fcr die Hypothese vom menschengemachten Klimawandel gibt es keine wissenschaftlichen Beweise. Auch all die Erkl\u00e4rungen des\u00a0IPCC basieren nur auf Computermodellen. Auch die Behauptung des PIK, &#8222;da\u00df wir Klimawandel bekommen, wenn wir CO2 in die Atmosph\u00e4re machen&#8220;, ist falsch. Anstelle von &hellip; <a href=\"https:\/\/www.freiburg-schwarzwald.de\/blog\/freiheit-bedroht-nicht-klima\/\">Weiterlesen <span class=\"meta-nav\">&rarr;<\/span><\/a><\/p>\n","protected":false},"author":2,"featured_media":0,"comment_status":"open","ping_status":"closed","sticky":false,"template":"","format":"standard","meta":{"footnotes":""},"categories":[5,40,80,141,12,67,172],"tags":[633,682,715,720,525],"class_list":["post-72252","post","type-post","status-publish","format-standard","hentry","category-energie","category-klima","category-medien","category-nachhaltigkeit","category-natur","category-naturschutz","category-zukunft","tag-demokratie","tag-freiheit","tag-klima","tag-medien","tag-politik"],"_links":{"self":[{"href":"https:\/\/www.freiburg-schwarzwald.de\/blog\/wp-json\/wp\/v2\/posts\/72252","targetHints":{"allow":["GET"]}}],"collection":[{"href":"https:\/\/www.freiburg-schwarzwald.de\/blog\/wp-json\/wp\/v2\/posts"}],"about":[{"href":"https:\/\/www.freiburg-schwarzwald.de\/blog\/wp-json\/wp\/v2\/types\/post"}],"author":[{"embeddable":true,"href":"https:\/\/www.freiburg-schwarzwald.de\/blog\/wp-json\/wp\/v2\/users\/2"}],"replies":[{"embeddable":true,"href":"https:\/\/www.freiburg-schwarzwald.de\/blog\/wp-json\/wp\/v2\/comments?post=72252"}],"version-history":[{"count":0,"href":"https:\/\/www.freiburg-schwarzwald.de\/blog\/wp-json\/wp\/v2\/posts\/72252\/revisions"}],"wp:attachment":[{"href":"https:\/\/www.freiburg-schwarzwald.de\/blog\/wp-json\/wp\/v2\/media?parent=72252"}],"wp:term":[{"taxonomy":"category","embeddable":true,"href":"https:\/\/www.freiburg-schwarzwald.de\/blog\/wp-json\/wp\/v2\/categories?post=72252"},{"taxonomy":"post_tag","embeddable":true,"href":"https:\/\/www.freiburg-schwarzwald.de\/blog\/wp-json\/wp\/v2\/tags?post=72252"}],"curies":[{"name":"wp","href":"https:\/\/api.w.org\/{rel}","templated":true}]}}