{"id":71837,"date":"2019-04-14T09:52:32","date_gmt":"2019-04-14T07:52:32","guid":{"rendered":"https:\/\/www.freiburg-schwarzwald.de\/blog\/?p=71837"},"modified":"2019-04-14T10:10:45","modified_gmt":"2019-04-14T08:10:45","slug":"gewalt-an-grundschulen-in-fr","status":"publish","type":"post","link":"https:\/\/www.freiburg-schwarzwald.de\/blog\/gewalt-an-grundschulen-in-fr\/","title":{"rendered":"Gewalt an Grundschulen in FR"},"content":{"rendered":"<p>Zwei M\u00fctter beklagen in einem offenen Brief die &#8222;verbale und physische <a title=\"Mobbing Schulen www Gewalt\" href=\"https:\/\/www.freiburg-schwarzwald.de\/blog\/mobbing-schulen-www-gewalt\/\">Gewalt<\/a> zwischen den Sch\u00fclern und Sch\u00fclerinnen&#8220; an der Pestalozzi-<a title=\"Grundschule\" href=\"https:\/\/www.freiburg-schwarzwald.de\/blog\/bildung\/schulen\/grundschule\/\">Grundschule<\/a> in <a title=\"Haslach\" href=\"https:\/\/www.freiburg-schwarzwald.de\/blog\/regio\/freiburg\/haslach\/\">Freiburg-Haslach<\/a>. Mutig, gut so. Schulleiterin Christa Kleemann k\u00fcndigt einen zus\u00e4tzlichen P\u00e4dagogischen Tag zum Umgang mit <a title=\"Muslimisches Mobbing Schulen\" href=\"https:\/\/www.freiburg-schwarzwald.de\/blog\/muslimisches-mobbing-schulen\/\">Gewalt<\/a> an, denn <a title=\"Gewalt\" href=\"https:\/\/www.freiburg-schwarzwald.de\/blog\/selbsthilfe\/krise\/gewalt\/\">Gewalt<\/a> &#8222;verlangt von uns Lehrerinnen eine neue Professionalit\u00e4t&#8220;. Sozialarbeiter helfen \u00fcber Akutstunden und Gewaltpr\u00e4vention. <!--more-->Doch alle diese &#8211; sicher gutgemeinten &#8211; Bem\u00fchungen von <a title=\"Lehrer\" href=\"https:\/\/www.freiburg-schwarzwald.de\/blog\/bildung\/lehrer\/\">Lehrern<\/a> und Schulleitung n\u00fctzen nichts, im Gegenteil, sie halten ein System aufrecht, das <a title=\"Schulen-Migration\" href=\"https:\/\/www.freiburg-schwarzwald.de\/blog\/bildung\/schulen\/schulen-migration\/\">Schule<\/a> als Reparaturbetrieb einer verfehlten Bildungs- und <a title=\"Migration\" href=\"https:\/\/www.freiburg-schwarzwald.de\/blog\/global\/migration\/\">Migrationspolitik<\/a> definiert und \u00fcberfordert. Erst wenn der Schulbetrieb an <a title=\"Schulen-Migration\" href=\"https:\/\/www.freiburg-schwarzwald.de\/blog\/bildung\/schulen\/schulen-migration\/\">Brennpunktschulen<\/a> (gibt es \u00fcberhaupt Nicht-Brennpunktschulen in Freiburg?) zusammenbricht, erst dann wird sich etwas \u00e4ndern.<br \/>\n.<br \/>\nDie Kinder ahmen das nach, was ihnen ihre Eltern vorleben; sie geben das, was sie zuhause an Repression erfahren, in der Schule an schw\u00e4chere Mitsch\u00fcler weiter. Falsche bzw. fehlende Erziehung kommt von vielen einheimischen Eltern (Wohlstandsverwahrlosung) wie auch <a title=\"Patriarchat\" href=\"https:\/\/www.freiburg-schwarzwald.de\/blog\/religion\/islam\/patriarchat\/\">Eltern mit Migrationshintergrund<\/a>. Letztere bleiben, wie auch im vorliegenden Fall, als der &#8218;wei\u00dfe Elephant&#8216; unerw\u00e4hnt bzw. tabu. Und statistisches Zahlenmaterial zu der nach der Grenz\u00f6ffnung\u00a0<a title=\"Budapest-Dublin2015\" href=\"https:\/\/www.freiburg-schwarzwald.de\/blog\/global\/eu\/budapest-dublin2015\/\">Budapest 9\/2015<\/a> immer weiter zunehmenden Gewalt an Schulen bleibt unver\u00f6ffentlicht &#8211; warum wohl?<br \/>\n.<br \/>\nT\u00fcbingens Oberb\u00fcrgermeister <a title=\"Palmer gegen Migrationspolitik\" href=\"https:\/\/www.freiburg-schwarzwald.de\/blog\/palmer-gegen-migrationspolitik\/\">Boris Palmer<\/a> (Gr\u00fcne) sagt hierzu deutlich: Es ist geradezu <a title=\"Naivitaet\" href=\"https:\/\/www.freiburg-schwarzwald.de\/blog\/engagement\/zukunft\/demokratie\/naivitaet\/\">naiv<\/a> zu glauben, dass die in Migrantenfamilien herrschende &#8222;<a title=\"Erziehung\" href=\"https:\/\/www.freiburg-schwarzwald.de\/blog\/religion\/islam\/erziehung\/\">schwarze P\u00e4gagogik&#8220;-Erziehung<\/a> auf Kita und Schule keinen Einflu\u00df habe. Und angesichts weiterhin <a title=\"Kontrollierte-Grenzen\" href=\"https:\/\/www.freiburg-schwarzwald.de\/blog\/global\/migration\/kontrollierte-grenzen\/\">offener Grenzen<\/a> (500 neue Migranten pro Tag, <a title=\"Maa\u00dfen zur Meinungsdiktatur\" href=\"https:\/\/www.freiburg-schwarzwald.de\/blog\/maassen-zur-meinungsdiktatur\/\">Maa\u00dfen<\/a> erh\u00f6hte auf 700-800 pro Tag) und Familiennachzug (auch f\u00fcr die Single-Migranten) wird die Gewalt an Kita und Grundschulen weiter zunehmen. Auch in Haslach.<br \/>\n14.4.2019<br \/>\n.<\/p>\n<p><a href=\"https:\/\/pestalozzi-gs-fr.de\/\">https:\/\/pestalozzi-gs-fr.de\/<\/a><br \/>\n<a href=\"https:\/\/www.nachbarschaftswerk.de\/schulsozialarbeit\/pestalozzischule\/\">https:\/\/www.nachbarschaftswerk.de\/schulsozialarbeit\/pestalozzischule\/<br \/>\n<\/a>\u00a0.<br \/>\n<a href=\"https:\/\/www.sprachheilschule-freiburg.de\/schule\/inklusion-kooperation\/pestalozzischule\/\">https:\/\/www.sprachheilschule-freiburg.de\/schule\/inklusion-kooperation\/pestalozzischule\/<\/a><br \/>\n<a href=\"https:\/\/pestalozzi-grundschule.org\/\">https:\/\/pestalozzi-grundschule.org\/<\/a><br \/>\n.<br \/>\n.<br \/>\n<strong>Pestalozzi-Grundschule: Wenn die Schl\u00e4gerei zur Pause geh\u00f6rt<\/strong><br \/>\nEs sollte ein Hilferuf sein. Zwei M\u00fctter schreiben einen offenen Brief, den sie an die verantwortlichen Stellen schicken. &#8222;Die verbale und physische Gewalt zwischen den Sch\u00fclern und Sch\u00fclerinnen hat inzwischen ein solches Ausma\u00df angenommen, dass wir uns gezwungen sehen, \u00f6ffentlich um Hilfe zu bitten&#8220;, hei\u00dft es darin. Viele haben diesen Brief freilich als Schm\u00e4hschrift \u00fcber eine bisher angesehene Schule gelesen.<br \/>\nChrista Kleemann, die Leiterin der mit dem Brief gemeinten Pestalozzi-Grundschule im Freiburger Stadtteil Haslach, zeigt sich entsprechend schockiert. Denn glaubt man dem Brief, liefe so ziemlich alles falsch an ihrer Schule: Die Lehrkr\u00e4fte, wird behauptet, s\u00e4hen &#8222;sich nicht mehr in der Lage, eine gesch\u00fctzte und gute Lernatmosph\u00e4re herzustellen&#8220;.<br \/>\nNicht nur Kleemann widerspricht, auch die Schulr\u00e4tin Charlotte Behringer, ebenso der Elternbeiratsvorsitzende Klaus Hauser, der von dem Brief zuvor nichts erfahren hat \u2013 obwohl die beiden Autorinnen Mitglied im Elternbeirat sind. Es gibt aber andererseits einige Lehrerinnen, die die Gewalt an der von ihnen an sich hochgesch\u00e4tzten Schule kaum mehr ertragen k\u00f6nnen \u2013 nicht zuletzt, weil sie selbst in ihrer p\u00e4dagogischen Arbeit keine Unterst\u00fctzung durch die Schulleiterin erf\u00fchren, wie sie klagen, diese vielmehr die Gewaltprobleme verleugne und die Lehrerinnen mit den Problemen alleine lasse.<br \/>\n&#8230; Alles vom 12.4.2019 bitte lesen auf<br \/>\n<a href=\"https:\/\/www.badische-zeitung.de\/suedwest-1\/wenn-die-schlaegerei-zur-pause-gehoert--170789705.html\">https:\/\/www.badische-zeitung.de\/suedwest-1\/wenn-die-schlaegerei-zur-pause-gehoert&#8211;170789705.html<\/a><br \/>\n.<br \/>\n<strong>Die Gewalt wird herunter gespielt, verleugnet und die Schuld dem Opfer gegeben<\/strong><br \/>\nWir mussten die Gewalt in der Grundschule einer Umlandgemeinde selbst erfahren, als unsere Enkelin in der 1. Klasse massiver physischer und psychischer Gewalt \u00fcber eine lange Zeit durch eine kleine Gruppe Mitsch\u00fcler ausgesetzt war. Trotz mehrfachen Gepr\u00e4chen mit der Lehrerin als auch mit der Rektorin wurde seitens der Schule gegen die herrschende Gewalt in der Klasse nichts unternommen. Wir hatten den Eindruck, dass alles unter dem Deckel gehalten wurde, um ja den Ruf der Schule nicht zu gef\u00e4hrden. Das Oberschulamt war von uns \u00fcber die Missst\u00e4nde informiert worden, zog sich aber hinter den Datenschutz und das Dienstrecht zur\u00fcck. Mittlerweile ist unsere Kleine auf einer Privatschule. Nur soviel zur&#8220; armen Schule&#8220;. &#8230;<br \/>\nDie M\u00fctter haben vollkommen richtig gehandelt, dass sie an die \u00d6ffentlichkeit gegangen sind, denn dann m\u00fcssen die zust\u00e4ndigen Stellen reagieren, ansonsten passiert gar nichts. Die Gewalt wird herunter gespielt, verleugnet und die Schuld dem Opfer gegeben. In unserem Fall meinte die Rektorin, das Kind w\u00e4re selbst schuld, da es sich zuwenig in der Klasse einbringe. Die Gewalt an einigen Schulen, vor allem an den Grundschulen wird einfach nicht konsequent durch die Lehrkr\u00e4fte verfolgt. An der Privatschule unserer Enkelin geht das doch auch. Hier gibt es keine Gewalt. Dadurch, dass die Schulen nicht rigoros gegen die Gewaltt\u00e4ter vorgehen, warum auch immer, k\u00f6nnen diese Kinder oft jahrelang ihren Terror weiter ungestraft aus\u00fcben. Es passiert ihnen ja nichts. Diese Erfahrung haben wir leider mittlerweile machen m\u00fcssen.<br \/>\n12.4.2019, V.B., BZO<br \/>\n.<br \/>\n<strong>Mobbing<\/strong><br \/>\nUns ist das auch passiert in einer Umland Werkrealschule. Immer wieder habe ich die Lehrerin angesprochen. Es wurde immer nur gesagt, mein Sohn k\u00f6nnte die Beleidigungen nicht vergessen und er w\u00fcrde so immer wieder neue Mobbingangriffe provozieren. Er sollte besser auf eine Schule f\u00fcr schwer erziehbare Kinder wechseln. Es w\u00e4re seine Schuld. Der Direktor war der Meinung, es g\u00e4be kein <a title=\"Muslime-Mobbing\" href=\"https:\/\/www.freiburg-schwarzwald.de\/blog\/global\/integration\/muslime\/muslime-mobbing\/\">Mobbingproblem<\/a>. Und obwohl ich es selber gesehen habe, durch&#8217;s Fenster, wie der Freund von meinem Sohn hinten im Klassenzimmer von Mitsch\u00fclern, die um ihn herum standen, geschlagen wurde und mit Sachen beworfen wurde und er am weinen war.<br \/>\nDer junge Lehrer machte zum gleichen Zeitpunkt mit anderen in der ersten Reihe Unterricht. Es hat ihn wohl nicht interessiert. Daraufhin ging ich zum Direktor und habe es der Mutter gesagt. Ihr wurde auch gesagt, sie haben das im Griff und es gibt kein Problem. Die beiden wurden geschlagen, beschimpft, Sachen kaputt gemacht und durch die Schule gejagt. Einer aus der Klasse von dem Freund meines Sohnes hat seinen Cousin aus der 2. Klasse geholt und er musste sich von ihm schlagen lassen, ohne sich zu wehren, weil sonst seine Klassenkameraden auf ihn los gingen. Aber es gab kein Problem.<br \/>\nAuch als die Lehrerin meines Sohnes schwanger wurde, wurde die neue Lehrerin so lange gemobbt, bis sie die Schule gewechselt hat, weil sie die alte Lehrerin zur\u00fcck haben wollten. Aber es gab kein Problem. Erst als mein Sohn und 4 andere Sch\u00fcler die Klasse wechseln wollten, hat der Direktor reagiert. Er wollte seine Schule zur Gesamtschule machen und da sah es nicht so gut aus, wenn viele Sch\u00fcler die Schule wechseln. Ich hatte mich informiert und verschiedene Programme ausgedruckt, die man bei Mobbing machen kann, zum Beispiel Rollenspiele, damit die Kinder mal sehen, wie man sich f\u00fchlt. Das wollte man alles nicht h\u00f6ren und man hat mir gesagt: Wir haben schon mit den Kindern gesprochen, mehr k\u00f6nnen wir nicht tun. Erst als wir in der neuen Schule waren und er einen richtig guten Lehrer bekommen hat, der sofort durchgegriffen hat, wurde es sehr viel besser und er hat sogar Freunde gefunden und die Klasse war eine richtig eingeschworene Gemeinschaft. Das Mobbing war 5 bis 7 Klasse. Aber es geht auch schon im Kindergarten los. Dort wurde mein Sohn von Kindern angepinkelt, weil er eine Sprachverz\u00f6gerung hatte und den Kindern nicht richtig antworten konnte. Es liegt also viel an den Lehrern und der Schulleitung, ob sie es sehen wollen.<br \/>\n12.4.2019, N.M, BZO<br \/>\n.<br \/>\n<strong>Pestalozzi-Grundschule: Wenn der Respekt fehlt<\/strong><br \/>\nDie Geringsch\u00e4tzung von Schule und Lehrkraft hat andere Quellen au\u00dferhalb \u2013 es fehlt grunds\u00e4tzlich am Respekt vor Erwachsenen und Institutionen, an der Achtung von Regeln des Zusammenlebens. Da ist offenbar in der famili\u00e4ren Sozialisation vieles schief gelaufen.<br \/>\n&#8230; Kompletten Kommentar vom 11.4.2019 bitte lesen auf<br \/>\n<a href=\"https:\/\/www.badische-zeitung.de\/meinung\/kommentare\/der-respekt-fehlt--170789800.html\">https:\/\/www.badische-zeitung.de\/meinung\/kommentare\/der-respekt-fehlt&#8211;170789800.html<\/a><\/p>\n","protected":false},"excerpt":{"rendered":"<p>Zwei M\u00fctter beklagen in einem offenen Brief die &#8222;verbale und physische Gewalt zwischen den Sch\u00fclern und Sch\u00fclerinnen&#8220; an der Pestalozzi-Grundschule in Freiburg-Haslach. Mutig, gut so. Schulleiterin Christa Kleemann k\u00fcndigt einen zus\u00e4tzlichen P\u00e4dagogischen Tag zum Umgang mit Gewalt an, denn Gewalt &hellip; <a href=\"https:\/\/www.freiburg-schwarzwald.de\/blog\/gewalt-an-grundschulen-in-fr\/\">Weiterlesen <span class=\"meta-nav\">&rarr;<\/span><\/a><\/p>\n","protected":false},"author":2,"featured_media":0,"comment_status":"open","ping_status":"closed","sticky":false,"template":"","format":"standard","meta":{"footnotes":""},"categories":[58,49,210,155,13,80,95,172],"tags":[521,672,732,488,585,504],"class_list":["post-71837","post","type-post","status-publish","format-standard","hentry","category-familie","category-freiburg","category-gewalt","category-integration","category-kultur","category-medien","category-schulen","category-zukunft","tag-family","tag-fluechtling","tag-gewalt","tag-child","tag-schule","tag-weiterbildung"],"_links":{"self":[{"href":"https:\/\/www.freiburg-schwarzwald.de\/blog\/wp-json\/wp\/v2\/posts\/71837","targetHints":{"allow":["GET"]}}],"collection":[{"href":"https:\/\/www.freiburg-schwarzwald.de\/blog\/wp-json\/wp\/v2\/posts"}],"about":[{"href":"https:\/\/www.freiburg-schwarzwald.de\/blog\/wp-json\/wp\/v2\/types\/post"}],"author":[{"embeddable":true,"href":"https:\/\/www.freiburg-schwarzwald.de\/blog\/wp-json\/wp\/v2\/users\/2"}],"replies":[{"embeddable":true,"href":"https:\/\/www.freiburg-schwarzwald.de\/blog\/wp-json\/wp\/v2\/comments?post=71837"}],"version-history":[{"count":0,"href":"https:\/\/www.freiburg-schwarzwald.de\/blog\/wp-json\/wp\/v2\/posts\/71837\/revisions"}],"wp:attachment":[{"href":"https:\/\/www.freiburg-schwarzwald.de\/blog\/wp-json\/wp\/v2\/media?parent=71837"}],"wp:term":[{"taxonomy":"category","embeddable":true,"href":"https:\/\/www.freiburg-schwarzwald.de\/blog\/wp-json\/wp\/v2\/categories?post=71837"},{"taxonomy":"post_tag","embeddable":true,"href":"https:\/\/www.freiburg-schwarzwald.de\/blog\/wp-json\/wp\/v2\/tags?post=71837"}],"curies":[{"name":"wp","href":"https:\/\/api.w.org\/{rel}","templated":true}]}}