{"id":71749,"date":"2019-04-10T18:24:29","date_gmt":"2019-04-10T16:24:29","guid":{"rendered":"https:\/\/www.freiburg-schwarzwald.de\/blog\/?p=71749"},"modified":"2019-04-10T18:24:29","modified_gmt":"2019-04-10T16:24:29","slug":"storchennest-kirchzarten-5-eier","status":"publish","type":"post","link":"https:\/\/www.freiburg-schwarzwald.de\/blog\/storchennest-kirchzarten-5-eier\/","title":{"rendered":"Storchennest Kirchzarten: 5 Eier"},"content":{"rendered":"<p>Seit dem 2. Februar 2019 hat <a title=\"Storch\" href=\"https:\/\/www.freiburg-schwarzwald.de\/blog\/natur\/tiere\/storch\/\">Storch<\/a> Edgar wieder eine Frau. Die St\u00f6rchin ist 2011 in Denzlingen geschl\u00fcpft. Bisher ist sie in verschiedenen Horsten gewesen, zuletzt 2018 in Ebnet. Das <a title=\"Storch Webcam Kirchzarten\" href=\"https:\/\/www.freiburg-schwarzwald.de\/blog\/storch-webcam-kirchzarten\/\">Storchenpaar<\/a> ist derzeit dabei auf dem <a title=\"Storch Webcam Kirchzarten\" href=\"https:\/\/www.freiburg-schwarzwald.de\/blog\/storch-webcam-kirchzarten\/\">Kirchzartener Kirchturm<\/a> eine neue Familie zu gr\u00fcnden. Am 27. M\u00e4rz hat St\u00f6rchin Ulla das erste Ei gelegt, das zweite am 29. M\u00e4rz, ein drittes am 31. M\u00e4rz. Weitere folgten am 3. und 7. April. Schl\u00fcpftermin ist in ca. 30 bis 32 Tagen. <!--more-->.<br \/>\n\u00dcber Patenschaften f\u00fcr die jungen St\u00f6rche (50.- Euro an den <a title=\"Weissstorch-Breisgau\" href=\"https:\/\/www.freiburg-schwarzwald.de\/blog\/natur\/tiere\/storch\/weissstorch-breisgau\/\">Verein Wei\u00dfstorch Breisgau e.V.<\/a>), ist man sehr dankbar. Auch Spenden k\u00f6nnen bei der Sparkasse Kirchzarten bei Albert Goldschmidt abgegeben werden. Dieses Geld wird f\u00fcr Rettungsaktionen von verletzten St\u00f6rchen verwendet. Diese kommen dann bis zum Abflug in eine Auffangstation in Unter-Reute. Es entstehen weiterhin Kosten f\u00fcr Futter oder Hilfe von Feuerwehr und Helfern. Sie betrugen im vergangenen Jahr 4.000.- Euro. Die Storchenfreunde des Vereins leisten ihre Betreuung ehrenamtlich mit viel Freude und Zeitaufwand. Wann die Beringung des Storchenaufwuchses stattfindet, wird im Dreisamt\u00e4ler bekannt gegeben.<br \/>\n.Waltraud Maurer, Verein Wei\u00dfstorch e.V., ist in der Zeit vom 10. April bis 10. Mai nicht zu erreichen. Ansprechpartner in dieser Zeit ist Walter Kistler, Gemeinde Kirchzarten und Gustav Bickel, Opfingen. &#8222;Ich w\u00fcnsche Ihnen viel Freude im Storchensommer 2019&#8220;, so Waltraud Maurer.<br \/>\n10.3.2019, Dreisamt\u00e4ler<br \/>\n.<br \/>\n<a href=\"https:\/\/www.weissstorch-breisgau.de\/startseite.html\">https:\/\/www.weissstorch-breisgau.de\/startseite.html<\/a><br \/>\nSpendenkonto: Sparkasse Feiburg, IBAN: DE09680501010002147851<br \/>\n<a href=\"mailto:bickel@weissstorch-breisgau.de\">bickel@weissstorch-breisgau.de<\/a><\/p>\n<p><a title=\"Storchenschule-Ebnet\" href=\"https:\/\/www.freiburg-schwarzwald.de\/blog\/natur\/tiere\/storch\/storchenschule\/\">Storchenschule Ebnet<\/a><\/p>\n","protected":false},"excerpt":{"rendered":"<p>Seit dem 2. Februar 2019 hat Storch Edgar wieder eine Frau. Die St\u00f6rchin ist 2011 in Denzlingen geschl\u00fcpft. Bisher ist sie in verschiedenen Horsten gewesen, zuletzt 2018 in Ebnet. Das Storchenpaar ist derzeit dabei auf dem Kirchzartener Kirchturm eine neue &hellip; <a href=\"https:\/\/www.freiburg-schwarzwald.de\/blog\/storchennest-kirchzarten-5-eier\/\">Weiterlesen <span class=\"meta-nav\">&rarr;<\/span><\/a><\/p>\n","protected":false},"author":2,"featured_media":0,"comment_status":"open","ping_status":"closed","sticky":false,"template":"","format":"standard","meta":{"footnotes":""},"categories":[50,12,67,10,145,101,6],"tags":[117,717,144,466],"class_list":["post-71749","post","type-post","status-publish","format-standard","hentry","category-dreisamtal","category-natur","category-naturschutz","category-selbsthilfe","category-storch","category-tiere","category-vereine","tag-dreisamuferweg","tag-ehrenamt","tag-sos-weisstorch","tag-tierschutz"],"_links":{"self":[{"href":"https:\/\/www.freiburg-schwarzwald.de\/blog\/wp-json\/wp\/v2\/posts\/71749","targetHints":{"allow":["GET"]}}],"collection":[{"href":"https:\/\/www.freiburg-schwarzwald.de\/blog\/wp-json\/wp\/v2\/posts"}],"about":[{"href":"https:\/\/www.freiburg-schwarzwald.de\/blog\/wp-json\/wp\/v2\/types\/post"}],"author":[{"embeddable":true,"href":"https:\/\/www.freiburg-schwarzwald.de\/blog\/wp-json\/wp\/v2\/users\/2"}],"replies":[{"embeddable":true,"href":"https:\/\/www.freiburg-schwarzwald.de\/blog\/wp-json\/wp\/v2\/comments?post=71749"}],"version-history":[{"count":0,"href":"https:\/\/www.freiburg-schwarzwald.de\/blog\/wp-json\/wp\/v2\/posts\/71749\/revisions"}],"wp:attachment":[{"href":"https:\/\/www.freiburg-schwarzwald.de\/blog\/wp-json\/wp\/v2\/media?parent=71749"}],"wp:term":[{"taxonomy":"category","embeddable":true,"href":"https:\/\/www.freiburg-schwarzwald.de\/blog\/wp-json\/wp\/v2\/categories?post=71749"},{"taxonomy":"post_tag","embeddable":true,"href":"https:\/\/www.freiburg-schwarzwald.de\/blog\/wp-json\/wp\/v2\/tags?post=71749"}],"curies":[{"name":"wp","href":"https:\/\/api.w.org\/{rel}","templated":true}]}}