{"id":71582,"date":"2019-04-04T06:18:34","date_gmt":"2019-04-04T04:18:34","guid":{"rendered":"https:\/\/www.freiburg-schwarzwald.de\/blog\/?p=71582"},"modified":"2019-04-12T10:12:06","modified_gmt":"2019-04-12T08:12:06","slug":"polizei-kriminalstatistik-2018","status":"publish","type":"post","link":"https:\/\/www.freiburg-schwarzwald.de\/blog\/polizei-kriminalstatistik-2018\/","title":{"rendered":"Polizei-Kriminalstatistik 2018"},"content":{"rendered":"<p>Die <a title=\"Bewegungsfreiheit der Frauen\" href=\"https:\/\/www.freiburg-schwarzwald.de\/blog\/bewegungsfreiheit-der-frauen\/\">Polizeiliche Kriminalstatistik (PKS)<\/a> 2018 kam in 2019 einen Monat fr\u00fcher heraus als in den Jahren zuvor. Um die <a title=\"Fluechtlinge-Kriminalitaet\" href=\"https:\/\/www.freiburg-schwarzwald.de\/blog\/global\/integration\/fluechtlinge-kriminalitaet\/\">Ausl\u00e4nderkriminalit\u00e4t<\/a> nicht vor der<a title=\"Europawahl\" href=\"https:\/\/www.freiburg-schwarzwald.de\/blog\/global\/eu\/europawahl\/\"> EU-Wahl<\/a> im Mai ver\u00f6ffentlichen zu m\u00fcssen? Die PKS-Zahlen 2018 sinken, <a title=\"Bewegungsfreiheit der Frauen\" href=\"https:\/\/www.freiburg-schwarzwald.de\/blog\/bewegungsfreiheit-der-frauen\/\">wie schon 2017<\/a> &#8211; das Problem ist nur, dass dies kaum jemand mehr glaubt: R\u00fcckgang der <a title=\"Polizei\" href=\"https:\/\/www.freiburg-schwarzwald.de\/blog\/selbsthilfe\/soziales\/justiz\/polizei\/\">polizeilich<\/a> registrierten <a title=\"Messerstecher\" href=\"https:\/\/www.freiburg-schwarzwald.de\/blog\/selbsthilfe\/soziales\/justiz\/messerstecher\/\">Straftaten<\/a> bei gleichzeitigem R\u00fcckgang des <a title=\"Sicherheit\" href=\"https:\/\/www.freiburg-schwarzwald.de\/blog\/selbsthilfe\/soziales\/justiz\/sicherheit\/\">Sicherheitsgef\u00fchls<\/a> der Bev\u00f6lkerung? Was stimmt nicht? <!--more-->Aber abgesehen von all diesen R\u00fcckg\u00e4ngen kann sogar Innenminister Seehofer nicht verheimlichen, dass die erschreckend hohe <a title=\"Fluechtlingskriminalitaet 10 %\" href=\"https:\/\/www.freiburg-schwarzwald.de\/blog\/fluechtlingskriminalitaet-10\/\">Kriminalit\u00e4tsrate<\/a> der <a title=\"Kriminalit\u00e4t nimmt ab: wirklich?\" href=\"https:\/\/www.freiburg-schwarzwald.de\/blog\/kriminalitaet-nimmt-ab-wirklich\/\">Migranten<\/a> auch 2018 um ein Vielfaches h\u00f6her ist als bei jeder Vergleichsgruppe.<br \/>\n&#8222;Die Anwesenheit in Deutschland ist f\u00fcr Migranten ein Privileg, welches u.a. dadurch verdient sein muss, dass keine Verbrechen begangen werden, nicht gegen die freiheitlich-demokratische Grundordnung gehandelt wird (und keine dauerhafte Alimentierung durch die Steuerzahler stattfindet).&#8220; Warum ist diese Aussage (mit und ohne Klammerausdruck) verwerflich?<br \/>\n.<br \/>\nBleiben zwei Fragen:<br \/>\nDie gef\u00fchlte Sicherheit nimmt ab. Haben die angegriffenen Polizisten, Sanit\u00e4ter, THW-Leute, Feuerwehrleute, \u00c4rzte haben das alles nur \u201egef\u00fchlt\u201c im Sinne von herbeiphantasiert oder nicht tats\u00e4chlich am eigenen Leib gef\u00fchlt?<br \/>\nDie PKS ist ein polizeilicher T\u00e4tigkeitsnachweis (siehe unten), d.h. die PKS-Zahlen w\u00fcrden sogar noch d\u00fcsterer ausfallen, wenn<br \/>\n&#8211; mehr Polizeibeamte eingestellt werden (Problem: Staatsfinanzen).<br \/>\n&#8211; mehr Straftaten angezeigt w\u00fcrden (Problem: &#8222;Ich wei\u00df wo du wohnst&#8220;) .<br \/>\n4.4.2019<br \/>\n&#8230;<br \/>\n<strong>Kriminalstatistik nur T\u00e4tigkeitsnachweis<\/strong><br \/>\nDie polizeiliche Kriminalstatistik ist aus Sicht der Deutschen Polizeigewerkschaft kein Barometer f\u00fcr die Sicherheit im Land. Es sei daher ein Trugschluss, dass Baden-W\u00fcrttemberg so sicher sei wie nie, sagte Landeschef Ralf Kusterer.<br \/>\nDie Kriminalstatistik sei ein reiner T\u00e4tigkeitsnachweis dar\u00fcber, was die Polizei in einem Jahr geleistet habe. Mit mehr Polizeikr\u00e4ften w\u00fcrden auch mehr Straftaten aufgedeckt. Demnach k\u00f6nnte sich die Bilanz mit dem Einsatz von mehr Polizisten sogar verschlechtern, weil mehr Delikte aufgesp\u00fcrt w\u00fcrden.<br \/>\nDass die Bilanz f\u00fcr das Land so gut ausfiel, sei aus seiner Sicht eher dem Mangel an Polizeibeamten geschuldet. Bei der derzeitigen Personalst\u00e4rke w\u00fcrden die Beamten nur noch zu Auftr\u00e4gen, aber keine Streife mehr fahren. Es gehe nur noch um Abarbeitung und Verwaltung.<br \/>\nRNZ vom 4.4.2019<\/p>\n<p><strong>Die gef\u00fchlte Unsicherheit &#8211; eine laut Seehofer nur eingebildete Unsicherheit?<\/strong><br \/>\nBesonderes Interesse der \u00d6ffentlichkeit richtet sich seit der Migrationskrise auf die Kriminalit\u00e4tsbelastung durch die \u00fcber das Asylsystem zugewanderten Ausl\u00e4nder, weswegen seither in der j\u00e4hrlichen polizeilichen Kriminalstatistik eine Unterkategorie \u201eZuwanderer\u201c ausgewiesen wird. In der PKS sind in dieser Kategorie enthalten: Asylbewerber, Schutzberechtigte, Geduldete, unerlaubt Aufh\u00e4ltige sowie wenige \u00fcber Aufnahmekontingente eingeflogene Fl\u00fcchtlinge. Im vorigen Jahr geh\u00f6rten 8,6 Prozent aller zu Straftaten ermittelten Tatverd\u00e4chtigen der Kategorie \u201eZuwanderer\u201c an. Damit sind sie deutlich st\u00e4rker unter den Tatverd\u00e4chtigen vertreten, als es ihrem Bev\u00f6lkerungsanteil entspricht (Ende 2018 rund zwei Prozent). &#8230;<br \/>\nAuf einigen Kriminalit\u00e4tsfeldern fallen Zuwanderer besonders auf: So stellen sie in der aktuellen Statistik bei der gef\u00e4hrlichen und schweren K\u00f6rperverletzung 15,7 Prozent aller 144.161 ermittelten Tatverd\u00e4chtigen. Bei Mord und Totschlag waren es 18,6 Prozent (2823 Verd\u00e4chtige) sowie 16,4 Prozent bei Vergewaltigung und sexueller N\u00f6tigung (8047 Verd\u00e4chtige).<br \/>\n&#8230; Alles vom 34.2019 bitte lesen auf<br \/>\n<a href=\"https:\/\/www.welt.de\/politik\/article191269703\/Kriminalstatistik-Die-gefuehlte-Unsicherheit.html\">https:\/\/www.welt.de\/politik\/article191269703\/Kriminalstatistik-Die-gefuehlte-Unsicherheit.html<\/a><br \/>\n.<br \/>\n<strong>Frauen f\u00fchlen sich unsicherer als vor 2015<\/strong><br \/>\nNa, Zuwanderer sind \u00fcberproportional an gewissen Straftaten beteiligt (steht auch im Text) und wenn das bei z.B. sexuellen \u00dcbergriffen auf der Stra\u00dfe noch h\u00f6her ist (das w\u00fcrden die Nachrichten suggerieren, die bilden sich die Menschen nicht ein), so entspricht das Gef\u00fchl eventuell doch eher der Realit\u00e4t als der Phantasie. Auch sind die Dunkelziffern wesentlich h\u00f6her, bei Vergewaltigungen etc. wird nur ein Bruchteil der Polizei \u00fcberhaupt bekannt. Es behauptet auch so gut wie niemand, dass alle Zuwanderer Straft\u00e4ter sind, das \u00e4ndert nur nichts daran, dass man sich abends im Beisein von jungen ausl\u00e4ndischen M\u00e4nnergruppen im Stadtpark etc. eventuell nicht v\u00f6llig sicher f\u00fchlt. K\u00f6ln, diverse Anschl\u00e4ge etc. waren auch keine Einbildung, Fakt ist, dass die offenen Grenzen Opfer bei der Bev\u00f6lkerung hervorgebracht haben, zus\u00e4tzliche und nicht nur ein paar.<br \/>\nUnd es ist schade, dass sich Frauen weniger sicher f\u00fchlen als vor der Migrationskrise, das Land verbessert sich hier nicht.<br \/>\n3.4.2019, M.P., WO<br \/>\n.<br \/>\n<strong>Lehrerin: Seit 2015 viele schlimme Angriffe &#8211; keine Einbildung<\/strong><br \/>\nIch arbeite seit \u00fcber 30 Jahren als Lehrerin in einer Berufsschule. Ich kann mich pers\u00f6nlich an keine schlimme Schl\u00e4gerei oder \u00e4hnliches erinnern f\u00fcr die Jahre bis 2015. Sicher gab es mal die eine oder andere Streiterei, aber das lie\u00df sich regeln, meist sogar ohne Polizei und Anzeige. Seit 2015 haben wir mehrere Klassen mit Fl\u00fcchtlings&#8220;kindern&#8220;, die f\u00fcr die Allgemeinbildenden Schulen zu alt sind, aber noch der Schulpflicht unterliegen. Ich kann nicht z\u00e4hlen, wie viele schlimme Angriffe es seitdem auf Sch\u00fcler gab. Ganze Klassen (Nationalit\u00e4ten) gehen im Unterricht aufeinander los, Lehrer werden bedroht und auch t\u00e4tlich angegriffen. Mobiliar wird zerst\u00f6rt. Die Polizei ist regelm\u00e4\u00dfig pr\u00e4sent. Anzeigen gibt es reichlich.<br \/>\nIch glaube nicht, dass meine Angst vor Angriffen nur gef\u00fchlt ist.<br \/>\n3.4.2019, MV., WO<br \/>\n.<br \/>\n<strong>Migranten: 13% ver\u00fcben 42% der Straftaten<\/strong><br \/>\nWas ist daran gef\u00fchlt, wenn in manchen Deliktbereichen 13% f\u00fcr 42% der Taten verantwortlich sind und wo von diesen 13% widerrum viele gar nicht hier sein d\u00fcrften? Da sehe ich blanke Zahlen! Und das einzige was ich f\u00fchle sind Wut und Verzweifelung vor Unt\u00e4tigkeit der Politik. Aber einbilden tue ich mir sicher nichts! Diese 42% an Fallzahlen w\u00e4ren zu gro\u00dfen Teilen vermeidbar! Die Opfer k\u00f6nnen sich schlicht nichts davon kaufen, dass die Kriminalit\u00e4t in anderen Bereichen gesunken ist.<br \/>\n3.4.2019, A.A., WO<br \/>\n-.<br \/>\nIch glaube, dass ich und unsere Familie nicht mehr in die Deutschland 2030-2050- Gesellschaft hineinpassen werden! Ich glaube, dass ich\/ wir &#8222;Integrations-Probleme&#8220; in die 2030-2050-Gesellschaft haben werden!<br \/>\nAlle o.g. (kriminellen) Verhaltensweisen unserer &#8222;Immigranten&#8220; sind mir fremd. Ich passe nicht zu diesen Leuten. Vielleicht werde ich auswandern? Deutschland wird dann nicht mehr &#8222;mein&#8220; Deutschland sein!<br \/>\n3.4.2019, UV., WO<br \/>\n.<br \/>\n<strong>Vorurteile sch\u00fctzen?<\/strong><br \/>\nIch kann mir nicht helfen, aber mein Sicherheitsgef\u00fchl wird sich erst \u00e4ndern, wenn ich in meinem Stadtbild keine Clans oder Cliquen von jungen M\u00e4nnern s\u00fcdlich des Mittelmeeres sehe, die rumlungern und ihren M\u00fcll auf die Stra\u00dfe werfen. Bis dahin werde ich jedes aufgebrochene Auto, jedes geklaute Rad und jede sexuelle Bel\u00e4stigung mit jenen, die offenbar keiner geregelten Arbeit nachgehen, in Verbindung bringen.<br \/>\nIst es rational? Nein.<br \/>\nSind es Vorurteile? Ja.<br \/>\nAber ich kann mir nicht helfen und Vorurteile sind ein Schutz, den die Natur uns vielleicht nicht ohne Grund verpasst hat.<br \/>\n3.4.2019, EV., WO<\/p>\n<p><strong>Eines der sichersten Staaten weltweit<\/strong><br \/>\nWas ist denn wohl bei 5,55 Mio. Straftaten als positiv zu bewerten? Nur weil es weniger als im Vorjahr waren. Sch\u00f6nrederei von Politikern und die Presse \u00fcbernimmt solche Spr\u00fcche noch. Eins der sichersten L\u00e4nder der Erde, da kann man ja nur lachen. Wo in bestimmten Stadtteilen die Polizei sich nur in Mannschaftsst\u00e4rke uftaucht, weil ein einzelner Polizist w\u00e4re in 10 Minuten krankenhausreif.<br \/>\n3.4.2019, G.R.<\/p>\n<p><strong>Polizeiliche Kriminalstatistik 2018: 54% der Asylbewerber sind kriminell<\/strong><br \/>\n&#8230;. Was mich bei der gestern ver\u00f6ffentlichten PKS 2018 daher am meisten interessierte, war die Anzahl der tatverd\u00e4chtigen Asylbewerber (siehe Tabelle 61). Diese ging im Jahr 2018 zur\u00fcck, und zwar auf 103.105 (PKS Schl\u00fcssel 890000). Eigentlich positiv, aber die Anzahl der Asylbewerber ging ebenfalls zur\u00fcck. Im Jahr 2018 war die durchschnittliche Anzahl an Asylbewerbern nur noch 56.434 (siehe hier). Wie kann das sein? Wie kann es mehr tatverd\u00e4chtige Asylbewerber geben, als es Asylbewerber gibt?<br \/>\nDaf\u00fcr gibt es mehrere m\u00f6gliche Erkl\u00e4rungen. Einerseits ist es m\u00f6glich, dass Tatverd\u00e4chtige im Jahr 2018 ihre Tat bereits vor 2018 begangen haben, als es noch mehr Asylbewerber gab. Andererseits ist die Anzahl der Personen, die im Jahr 2018 zu irgendeiner Zeit Asylbewerber waren, h\u00f6her als 56.434. Die durchschnittliche Bearbeitungsdauer eines Asylantrags im Jahr 2018 war nur noch 3,55 Monate. Das hei\u00dft, die 103.105 tatverd\u00e4chtigen Asylbewerber hatten im Durchschnitt nur 3,55 Monate Zeit, ihre Taten zu begehen.<br \/>\nUm diese M\u00f6glichkeit zu ber\u00fccksichtigen, passen wir nun unsere Berechnung dieser Situation an, das hei\u00dft, wir berechnen die Kriminalrate nicht wie \u00fcblich f\u00fcr einen Zeitraum von 12 Monaten, sondern nur \u00fcber 3,55 Monate. Da die Daten alle f\u00fcr einen 12 Monate-Zeitraum vorliegen, ist dies zwangsl\u00e4ufig nur eine Absch\u00e4tzung. Um die vorzunehmen, dividieren wir die Anzahl der Tatverd\u00e4chtigen durch 12 und multiplizieren sie mit 3,55 und bekommen nun 30.502 tatverd\u00e4chtige Asylbewerber, bei einer Gesamtzahl von 56.434 Asylbewerbern.<br \/>\nDas bedeutet nun, dass in nur 3,55 Monaten <em><strong>54% aller Asylbewerber Tatverd\u00e4chtige werden, unabh\u00e4ngig von Alter und Geschlecht.<\/strong><\/em> Und dies obwohl im Jahr 2018 mehr als 44% der Asylbewerber Kinder bis zu 15 Jahren waren (siehe hier). Die Mehrheit der Asylbewerber ist also kriminell, ohne Ber\u00fccksichtigung von ausl\u00e4nderrechtlichen Verst\u00f6\u00dfen. Und das obwohl sie im Durchschnitt nur 3,55 Monate Gelegenheit haben, kriminell zu werden.<br \/>\nNoch einige Details: 57% der Asylbewerber waren 2018 m\u00e4nnlich, 43% waren weiblich (siehe hier). 32.167 m\u00e4nnliche und 24.267 weibliche Asylbewerber im Jahresdurchschnitt. Unter den gesch\u00e4tzt 30.502 tatverd\u00e4chtigen Asylbewerbern in 3.55 Monaten waren umgerechnet 26.385 m\u00e4nnlich und 4.117 weiblich. Die Kriminalrate \u00fcber 3,55 Monate betr\u00e4gt damit bei m\u00e4nnlichen Asylbewerbern 82% und bei weiblichen 17%, wiederum unabh\u00e4ngig vom Alter, bei 44% Kindern bis 15 Jahre alt. Beim Rest der Bev\u00f6lkerung, also bei Deutschen und Nichtdeutschen ohne Asylbewerber, betr\u00e4gt die Kriminalrate \u00fcber 3,55 Monate nur 0,65%. <strong><em>Asylbewerber sind also mehr als 80-mal so kriminell wie der Rest der Bev\u00f6lkerung.<\/em><\/strong> 18,6% der tatverd\u00e4chtigen Asylbewerber begingen dabei Gewaltverbrechen (PKS Schl\u00fcssel 892000), beim Rest der Bev\u00f6lkerung sind es 8,6%. Also begehen Asylbewerber mehr als 180-mal so h\u00e4ufig Gewaltverbrechen wie der Rest der Bev\u00f6lkerung. 355 tatverd\u00e4chtige Asylbewerber gab es im Bereich Mord und Totschlag, also fast jeden Tag einen.<br \/>\nDas Land mit der h\u00f6chsten T\u00f6tungsrate ist \u00fcbrigens mit gro\u00dfem Vorsprung El Salvador mit 82,8 T\u00f6tungen pro 100.000 Einwohner pro Jahr. In Westeuropa ist es Belgien mit 2 T\u00f6tungen pro 100.000 Einwohner und Jahr. Die Stadt mit der h\u00f6chsten T\u00f6tungsrate ist Caracas mit 122 T\u00f6tungen pro 100,000 Einwohnern im Jahr (siehe hier). Die T\u00f6tungsrate bei Asylbewerbern 2018 in Deutschland ist damit 629 pro 100.000 Asylbewerber pro Jahr (nat\u00fcrlich vorausgesetzt es gibt nur einen Tatverd\u00e4chtigen pro T\u00f6tungsdelikt).<br \/>\n.<br \/>\nDies wirft eine Menge an Fragen auf, zum Beispiel: Welche Erkenntnis braucht man noch bis etwas passiert, bis sich etwas \u00e4ndert? Worauf wartet man? Warum passiert nichts, warum \u00e4ndert sich nichts? Das \u201ewarum\u201c ist \u00fcberhaupt die entscheidende Frage. Wenn ich k\u00f6nnte, w\u00fcrde ich meinen Bundestagsabgeordneten, Landtagsabgeordneten und EU-Abgeordneten folgende zwei Fragen stellen:<br \/>\n1. Warum werden nach wie vor unkontrolliert und ohne Nachweis der Identit\u00e4t massenhaft Personen ins Land gelassen, von denen laut PKS 2018 die meisten straff\u00e4llig werden?<br \/>\n2. Wie k\u00f6nnen Sie Ihr Nichtstun in dieser Sache mit Ihrem Gewissen vereinbaren?<br \/>\nDie wahre Antwort ist vermutlich, dass man \u201ekein Wasser auf die M\u00fchlen der Rechten\u201d leiten will. Man m\u00fcsste zugeben, dass \u201eEwiggestrige\u201d und andere \u201eAbgeh\u00e4ngte\u201d von Anfang an Recht hatten. Die Erkenntnis, dass es \u00fcberhaupt ein Problem gibt, w\u00fcrde einen vermutlich schon zum \u201eRassisten\u201d und zum \u201eNazi\u201d machen, und das darf nicht sein. Da ist es einfacher, das Problem zu ignorieren. Schlie\u00dflich ist Deutschland ja so sicher wie noch nie. Sagt der Innenminister.<br \/>\n&#8230; Alles vom 3.4.2019 bitte lesen auf<br \/>\n<a href=\"https:\/\/www.tichyseinblick.de\/meinungen\/die-polizeiliche-kriminalstatistik-pks-2018\/\">https:\/\/www.tichyseinblick.de\/meinungen\/die-polizeiliche-kriminalstatistik-pks-2018\/<\/a><\/p>\n<p><strong>Die Statistik zeigt v.a. eine \u00dcberrepr\u00e4sentation der Delikte<\/strong><br \/>\n1 \u201eRohheitsdelikte und Straftaten gegen die pers\u00f6nliche Freiheit\u201c (darunter fallen Menschenhandel, Zwangsprostitution, N\u00f6tigung, Zwangsheirat, Kinderhandel) mit \u00fcber 40 000 F\u00e4llen (in D sind es insgesamt 600 000 F\u00e4lle)<br \/>\n2 \u201eSchwere K\u00f6rperverletzung\u201c mit 15 000 F\u00e4llen (in D sind es insgesamt 130 000 F\u00e4lle)<br \/>\n3 \u201eK\u00f6rperverletzung\u201c mit 35 000 F\u00e4llen (in D sind es insgesamt 450 000 F\u00e4lle)<br \/>\n4 \u201eGef\u00e4hrliche und schwere K\u00f6rperverletzung, Verst\u00fcmmelung weiblicher Genitalien \u00a7\u00a7 224, 226, 226a, 231 StGB\u201c mit 15 000 F\u00e4llen (in D sind es insgesamt 150 000 F\u00e4lle)<br \/>\n5 Ladendiebstahl mit 20 000 F\u00e4llen (in D sind es insgesamt 220 000 F\u00e4lle)<br \/>\n6 Verst\u00f6\u00dfe gegen das Bet\u00e4ubungsmittelgesetz\/Rauschgiftdelikte mit 14 000 F\u00e4llen (gegen\u00fcber 220 000 F\u00e4llen in D)<br \/>\nStraftaten gegen die sexuelle Selbstbestimmung sind mit 3800 eher auch relativ \u00fcberrepr\u00e4sentiert (gegen\u00fcber 40 000 in D).<br \/>\nInsgesamt scheint sich mit der Asylbewerberwelle das organisierte Verbrechen (Menschenhandel, K\u00f6rperverletzung, Drogen) sowie latente Gewaltbereitschaft (K\u00f6rperverletzung, Drogen, Diebstahl) und Gewalt gegen Frauen (Rohheitsdelikte und Straftaten gegen die pers\u00f6nliche Freiheit) zu importieren. Interessant w\u00e4re zu wissen, ob die Rohheitsdelikte und Straftaten gegen die pers\u00f6nliche Freiheit in erster Linie islamisch bedingte Genitalverst\u00fcmmelungen sind oder doch eher (was ich vermute) Frauenhandel betrieben wird.<br \/>\n3.4.2019, EK, TO<br \/>\n.<br \/>\n<strong>D wird immer sicherer: Warum dann immer mehr Polizei, JVAs, Security, Poller?<\/strong><br \/>\nIm besten Deutschland aller Zeiten, einem der sichersten L\u00e4ndern der Welt, dort wo man gut und gerne lebt.<br \/>\nWozu braucht man dann all die Poller und andere Fahrzeugsperren um Weihnachtsm\u00e4rkte herum, die von schwer bewaffneten Polizisten zus\u00e4tzlich gesch\u00fctzt werden m\u00fcssen?<br \/>\nWozu die Taschenkontrollen \/ bzw. Taschenverbote auf Gro\u00dfveranstaltungen?<br \/>\nWarum werden immer mehr \u00f6ffentliche Feste abgesagt, weil die Sicherheitsvorkehrungen nicht mehr bezahlbar sind, oder den personellen Rahmen sprengen w\u00fcrden?<br \/>\nWarum immer mehr \u00dcberwachungsstaat, wenn alles angeblich so schick und fein ist?<br \/>\nWarum werden immer mehr Polizisten, Feuerwehrleute und Sanit\u00e4ter angegriffen, wenn die Kriminalstatistik doch so viel Gutes zeigt?<br \/>\nWarum sind dann die meisten Gef\u00e4ngnisse \u00fcberwiegend mit Migranten belegt, wenn sie doch prozentual weniger Straff\u00e4llig sind, als Deutsche?<br \/>\nWozu, wenn es so sicher ist, wie seit 1992 nicht mehr, brauchen wir dann mehr Polizisten? IRONIE AN: Eigentlich k\u00f6nnte man die Polizisten doch jetzt entlassen, oder habe ich das falsch verstanden?<br \/>\nIch kann und will es nicht mehr h\u00f6ren, was uns hier seit Herbst 2015 immer und immer wieder verkauft werden soll!<br \/>\nDort, wo es richtig und vor allem n\u00f6tig w\u00e4re, sieht man gerne weg, um ja politisch korrekt zu sein. Das ist auch der Grund, dass ich keine Nachrichten mehr im \u00d6RR schaue, kaum noch Zeitungen lese. Entweder werden Straftaten verschwiegen, oder so anonymisiert, dass man raten muss, woher T\u00e4ter und Opfer stammen. Es sei denn, der T\u00e4ter ist deutsch! Das steht dann meist mit Namen dreimal im Artikel der treuen Presse. Der sogenannte \u201eEinmann\u201c ist viel unterwegs in Deutschland und man liest viel \u00fcber ihn, aber man schweigt lieber \u00fcber ihn, damit niemand verunsichert ist, oder nachdenklich wird. Das nennt die Presse dann Pressekodex. Interessant dabei ist Punkt 12: Diskriminierung.<br \/>\nDas Schlimme daran ist, dass es leider viele Deutsche anscheinend auch so haben wollen. Blo\u00df kein Problem haben und immer sch\u00f6n bunt mit der Mehrheit sein.<br \/>\nWarum sollte ich dann eine Zeitung lesen, die mir nicht die Wahrheit mitteilt? Wie, frage ich mich, kann man ein Problem l\u00f6sen, dass man noch nicht einmal ansprechen, oder gar kritisieren darf?<br \/>\n3.4.2019, COR, TO<\/p>\n<p><strong>Mehrfacht\u00e4ter nur einmal gez\u00e4hlt &#8211; eigentlich sind es noch mehr<\/strong><br \/>\nallo Herr Renz, Sie schreiben: \u201eUnter den gesch\u00e4tzt 30.502 tatverd\u00e4chtigen Asylbewerbern in 3.55 Monaten waren umgerechnet 26.385 m\u00e4nnlich und 4.117 weiblich. Die Krim- inalrate \u00fcber 3,55 Monate betr\u00e4gt damit bei m\u00e4nnlichen Asylbewerbern 82% und bei weiblichen 17%, wiederum unabh\u00e4ngig vom Alter, bei 44% Kindern bis 15 Jahre alt.\u201c Kann man das so rechnen? Fehlt da nicht die Einberechnung von Mehrfacht\u00e4tern? Das sind ja bekanntlich recht viele, das Bild k\u00f6nnte somit sp\u00fcrbar anders aussehen.<br \/>\n3.4.2019, ERN, TO<br \/>\n<em>In der PKS wird jeder Tatverdaechtige je Kategorie nur einmal gezaehlt. Angenommen jemand beging 2 Morde und 3 Totschlaege, so ist er nur ein Tatverdaechtiger in der Kategorie Mord und ein Tatverdaechtiger in der Kategorie Totschlag. In der Kategorie Mord und Totschlag tritt er ebenfalls nur einmal auf, genauso wie in der Kategorie Straftaten insgesamt.<\/em><br \/>\n<em>3.4.2019, Jochen Renz, TO<\/em><br \/>\nVielen Dank f\u00fcr die Erl\u00e4uterung. Da bleibt mir die Spucke weg. Dann m\u00fcsste also von einer noch deutlich h\u00f6heren Zahl an durch Asylbewerber begangenen Delikten ausgegangen werden.<br \/>\n3.4.2019, ERN, TO<br \/>\n&#8211;<br \/>\n<strong>Werden Migranten nach Anerkennung pl\u00f6tzlich weniger kriminell?<\/strong><br \/>\nIch frage mich, warum \u00fcberall Betonpoller gebaut werden und die Security im Krankenh\u00e4usern, Einkaufszentren und Gesch\u00e4ften so zahlreich pr\u00e4sent ist. Ich kann mich nicht errinern, dass ich es vor 2015 gesehn habe. Warum ist das so, wenn die Kriminalit\u00e4t sinkt?<br \/>\nWenn es trotz allem einen R\u00fcckgang der Kriminalit\u00e4t gegeben hat, so m\u00fcssen die Deutschen insgesamt viel braver geworden sein. Denn es ist ja nicht unbedingt davon auszugehen, dass ein Mensch aufh\u00f6rt kriminell zu sein, nur weil er nicht mehr Asylbewerber ist, sondern entweder anerkannt, oder mit\/ohne Duldung in Deutschland versorgt wird.<br \/>\n3.4.2019, PR, TO<br \/>\n.<br \/>\n<strong>Kein Wunder &#8230;<\/strong><br \/>\nNa, die Deutschen mitsamt den Migranten, mit denen vor 2015 noch ein gutes Zusammenleben moglich war, trauen sich ja besonders Nachts nicht mehr auf die Stra\u00dfe. Kein Wunder, dass da auch die Kriminalit\u00e4tsrate zur\u00fcckgehen muss! Und anzeigen werden sie solche, die wissen, wo ihr Haus ist oder ihr Kind zur Schule geht, auch nicht gerne. Und wenn doch, wird ihnen der Clan schnell zeigen, wohin das f\u00fchrt.<br \/>\n3.4.2019, KAS, TO<br \/>\n.<br \/>\n<strong>\u201eich wei\u00df, wo dein Haus ist\u201c<\/strong><br \/>\nBitte nicht vergessen: die PKS basiert nur auf Straftaten, die bei der Polizei erfasst wurden. Gerade in den Gro\u00dfst\u00e4dten werden aber viele Taten gar nicht mehr angezeigt, weil die Gesch\u00e4digten es f\u00fcr ohnehin sinnlos (Polizei tut eh nichts, Justiz stellt Verfahren ein) oder gef\u00e4hrlich (\u201eich wei\u00df, wo dein Haus ist\u201c) erachten. Das gilt vor allem f\u00fcr besonders \u201ebunte\u201c Stadtviertel.<br \/>\n3.4.2019, KA, TO<\/p>\n<p><strong>Kriminalstatistik: Angst vor \u00dcbergriffen \u00fcberall im \u00f6ffentlichen Raum<\/strong><br \/>\n&#8222;Die auf den ersten Blick irrationale Angst der Menschen in Deutschland vor Verbrechen hat auch gute Gr\u00fcnde. Zum einen ist die Polizeipr\u00e4senz in vielen Orten gesunken. Hinzu kommt, dass die Gefahr, Opfer eines Verbrechens zu werden, f\u00fcr die B\u00fcrger immer schwerer zu kalkulieren ist. Es reicht eben nicht aus, bestimmte Orte zu bestimmten Zeiten zu meiden, um nicht angegriffen oder bel\u00e4stigt zu werden. (. . .) Die B\u00fcrger f\u00fchlen sich nicht ausreichend besch\u00fctzt.&#8220;<br \/>\n3.4.2019, Reutlinger Generalanzeiger<\/p>\n<p>.<\/p>\n<p>.<\/p>\n<p><strong>Deutsche Opfer und das Schweigen der Relotianten<\/strong><br \/>\nIm Lagebild \u201eKriminalit\u00e4t im Kontext der Zuwanderung\u201e, das vom Bundeskriminalamt zeitgleich mit der Polizeilichen Kriminalstatistik ver\u00f6ffentlicht wurde,<br \/>\n<a href=\"https:\/\/www.bka.de\/DE\/AktuelleInformationen\/StatistikenLagebilder\/Lagebilder\/KriminalitaetImKontextVonZuwanderung\/KriminalitaetImKontextVonZuwanderung_node.html\">https:\/\/www.bka.de\/DE\/AktuelleInformationen\/StatistikenLagebilder\/Lagebilder\/KriminalitaetImKontextVonZuwanderung\/KriminalitaetImKontextVonZuwanderung_node.html<\/a><br \/>\nist zu lesen:<br \/>\n\u201eIm Bereich Mord, Totschlag, T\u00f6tung auf Verlangen fielen 230 Deutsche einer Straftat zum Opfer, an der mindestens ein tatverd\u00e4chtiger Zuwanderer beteiligt war.\u201c Dies sei ein Anstieg von 105 Prozent im Vergleich zu 2017 (112) gewesen. \u201eDavon wurden 102 Personen Opfer einer vollendeten Tat\u201c, so das Lagebild (Erkl\u00e4rung: Als Opfer von T\u00f6tungsdelikten werden z.B. auch jene gez\u00e4hlt, die die Messerstiche \u00fcberlebten, w\u00e4hrend ein anderer am Tatort sein Leben lassen musste wie z.B. in Chemnitz).<br \/>\nDas hei\u00dft: <strong><em>Beinahe an jedem dritten Tag muss irgendwo in dem Land, in dem wir angeblich so gut und gerne leben, ein deutscher Mensch sein Leben lassen, weil ein Schutzsuchender das so wollte oder wenigstens billigend in Kauf nahm.<\/em><br \/>\n<\/strong>Weiter ist im Lagebericht zu lesen: <em><strong>\u201eIm Bereich der Straftaten gegen die sexuelle Selbstbestimmung wurden 3.261 Deutsche Opfer einer Straftat mit mindestens einem tatverd\u00e4chtigen Zuwanderer und somit 21 Prozent mehr als noch im Vorjahr\u201c<\/strong><\/em> (2017: 2.706).<br \/>\n.<br \/>\nInteressant auch die Zahlen der umgekehrten F\u00e4lle, wo Deutsche auf Schutzsuchende losgehen, was von der Regierung gerne als \u201eHetzjagd\u201c verurteilt wird, w\u00e4hrend Mitgef\u00fchl mit deutschen Opfern von amtlicher Seite selten und oft erst sp\u00e4t oder gar nicht feststellbar ist: Laut BKA wurden im vergangenen Jahr \u201eim Bereich Mord, Totschlag, T\u00f6tung auf Verlangen 33 Asylbewerber \/ Fl\u00fcchtlinge Opfer von Taten, an denen mindestens ein Deutscher beteiligt war (2017: 38). Davon wurde eine Person Opfer einer vollendeten Tat.\u201c Im Bereich der Straftaten gegen die sexuelle Selbstbestimmung wurden demnach \u201e89 Asylbewerber\/Fl\u00fcchtlinge Opfer einer Straftat mit mindestens einem tatverd\u00e4chtigen Deutschen (2017: 74)\u201c.<br \/>\n.<br \/>\nDiese wenigen Zahlen belegen sehr klar, wo die Ursache von Gewalt liegt und wer ihre Opfer sind. Deutschland sei \u201eeines der sichersten L\u00e4nder der Welt\u201c, befand Innenminister Horst Seehofer (CSU) bei Vorstellung der Kriminalstatistik, und die versammelte L\u00fcgenpresse legte eine Relotiade ohneglichen hin und fabulierte von der angeblich zur\u00fcckgehenden Kriminalit\u00e4t, obwohl schon die Zahlen aus der Kriminalstatistik etwas anderes aussagten.<br \/>\n<a href=\"https:\/\/spoekenkiekerei.wordpress.com\/2019\/04\/02\/3753\/\">https:\/\/spoekenkiekerei.wordpress.com\/2019\/04\/02\/3753\/<br \/>\n<\/a>\u00a0.<br \/>\nVon dem Lagebild \u00fcber die Kriminalit\u00e4t von Schutzsuchenden erw\u00e4hnten Seehofer und Relotianten \u2013 nichts. Einzige Ausnahme war die Zeitung DIE WELT, die am 10. April 2019 und damit einige Tage nach der Ver\u00f6ffentlichung der Daten einen objektiven Bericht mit dem treffenden Titel \u201eZunehmende Gewalt\u201c brachte.<br \/>\n&#8230; Alles vom 10.4.2019 bitte lesen auf<br \/>\n<a href=\"https:\/\/spoekenkiekerei.wordpress.com\/2019\/04\/10\/deutsche-opfer-und-das-schweigen-der-relotianten\/\">https:\/\/spoekenkiekerei.wordpress.com\/2019\/04\/10\/deutsche-opfer-und-das-schweigen-der-relotianten\/<\/a><\/p>\n","protected":false},"excerpt":{"rendered":"<p>Die Polizeiliche Kriminalstatistik (PKS) 2018 kam in 2019 einen Monat fr\u00fcher heraus als in den Jahren zuvor. Um die Ausl\u00e4nderkriminalit\u00e4t nicht vor der EU-Wahl im Mai ver\u00f6ffentlichen zu m\u00fcssen? Die PKS-Zahlen 2018 sinken, wie schon 2017 &#8211; das Problem ist &hellip; <a href=\"https:\/\/www.freiburg-schwarzwald.de\/blog\/polizei-kriminalstatistik-2018\/\">Weiterlesen <span class=\"meta-nav\">&rarr;<\/span><\/a><\/p>\n","protected":false},"author":2,"featured_media":0,"comment_status":"open","ping_status":"closed","sticky":false,"template":"","format":"standard","meta":{"footnotes":""},"categories":[210,155,60,80,157,65,172],"tags":[672,732,622,405,650],"class_list":["post-71582","post","type-post","status-publish","format-standard","hentry","category-gewalt","category-integration","category-jugend","category-medien","category-oeffentlicher-raum","category-sexuellermissbrauch","category-zukunft","tag-fluechtling","tag-gewalt","tag-migration","tag-polizei","tag-sex"],"_links":{"self":[{"href":"https:\/\/www.freiburg-schwarzwald.de\/blog\/wp-json\/wp\/v2\/posts\/71582","targetHints":{"allow":["GET"]}}],"collection":[{"href":"https:\/\/www.freiburg-schwarzwald.de\/blog\/wp-json\/wp\/v2\/posts"}],"about":[{"href":"https:\/\/www.freiburg-schwarzwald.de\/blog\/wp-json\/wp\/v2\/types\/post"}],"author":[{"embeddable":true,"href":"https:\/\/www.freiburg-schwarzwald.de\/blog\/wp-json\/wp\/v2\/users\/2"}],"replies":[{"embeddable":true,"href":"https:\/\/www.freiburg-schwarzwald.de\/blog\/wp-json\/wp\/v2\/comments?post=71582"}],"version-history":[{"count":0,"href":"https:\/\/www.freiburg-schwarzwald.de\/blog\/wp-json\/wp\/v2\/posts\/71582\/revisions"}],"wp:attachment":[{"href":"https:\/\/www.freiburg-schwarzwald.de\/blog\/wp-json\/wp\/v2\/media?parent=71582"}],"wp:term":[{"taxonomy":"category","embeddable":true,"href":"https:\/\/www.freiburg-schwarzwald.de\/blog\/wp-json\/wp\/v2\/categories?post=71582"},{"taxonomy":"post_tag","embeddable":true,"href":"https:\/\/www.freiburg-schwarzwald.de\/blog\/wp-json\/wp\/v2\/tags?post=71582"}],"curies":[{"name":"wp","href":"https:\/\/api.w.org\/{rel}","templated":true}]}}