{"id":71569,"date":"2019-04-03T21:24:42","date_gmt":"2019-04-03T19:24:42","guid":{"rendered":"https:\/\/www.freiburg-schwarzwald.de\/blog\/?p=71569"},"modified":"2019-04-03T21:26:33","modified_gmt":"2019-04-03T19:26:33","slug":"kardinal-sarah-gegen-migration","status":"publish","type":"post","link":"https:\/\/www.freiburg-schwarzwald.de\/blog\/kardinal-sarah-gegen-migration\/","title":{"rendered":"Kardinal Sarah gegen Migration"},"content":{"rendered":"<p>Der <a title=\"Afrika\" href=\"https:\/\/www.freiburg-schwarzwald.de\/blog\/global\/afrika\/\">afrikanische<\/a> Kardinal Robert Sarah (Guinea), der beim letzten Konklave als &#8222;Papabile&#8220; galt, sieht auch <a title=\"Europa\" href=\"https:\/\/www.freiburg-schwarzwald.de\/blog\/global\/eu\/europa\/\">Europa<\/a> durch <a title=\"Fluechtlinge-Islam\" href=\"https:\/\/www.freiburg-schwarzwald.de\/blog\/global\/integration\/fluechtlinge-islam\/\">Islam<\/a>, <a title=\"Global-Migration\" href=\"https:\/\/www.freiburg-schwarzwald.de\/blog\/global\/globalisierung\/global-migration\/\">Migration<\/a> und Verfall der kulturellen Identit\u00e4t in <a title=\"Der Selbstmord Europas\" href=\"https:\/\/www.freiburg-schwarzwald.de\/blog\/der-selbstmord-europas\/\">Gefahr<\/a>. <em>&#8222;Meine gr\u00f6\u00dfte Sorge ist Europa. Es will nicht mehr \u2026oder hat das Gesp\u00fcr f\u00fcr seine Urspr\u00fcnge verloren. Es hat seine Wurzeln verloren. Aber ein Baum ohne Wurzeln wird sterben.<\/em>\u00a0<!--more--><em>Und i<\/em>c<em>h bef\u00fcrchte, dass der Westen sterben wird. Es gibt daf\u00fcr hinreichend Anzeichen. Die fehlende Fruchtbarkeit; ihr werdet erobert, immer noch \u2013 durch andere Kulturen und V\u00f6lker, die euch zunehmend durch ihre Anzahl dominieren werden und eure Kultur, \u00dcberzeugungen und Moral \u00e4ndern werden &#8222;<\/em> &#8211; so Kardinal Sarah auf der<a title=\"France\" href=\"https:\/\/www.freiburg-schwarzwald.de\/blog\/global\/france\/\"> franz.<\/a> News-Plattform &#8222;Boulevard Voltaire&#8220;<br \/>\nIm Interview mit dem franz\u00f6sischen Magazin \u201eValeurs actuelles\u201c sprach Robert Sarah \u00fcber sein neues Buch \u201eThe Evening draws near\u201c. Darin widerspricht er Papst Franziskus, der die <a title=\"Afrika-Migration\" href=\"https:\/\/www.freiburg-schwarzwald.de\/blog\/global\/afrika\/afrika-migration\/\">Massenmigration von Afrika<\/a> nach Westeuropa mit dem Verweis auf die Bibel bef\u00fcrwortet, da sich zu diesem <a title=\"Afrika-Exodus\" href=\"https:\/\/www.freiburg-schwarzwald.de\/blog\/global\/afrika\/afrika-exodus\/\">Exodus<\/a> keine \u201ekeine Argumentationshilfe in der heiligen Schrift\u201c finde. Und Kardinal Sarah erg\u00e4nzt:<br \/>\n<strong><em>\u201eEs ist besser, wenn man den Menschen hilft,<br \/>\nin ihrer eigenen Kultur aufzubl\u00fchen,<br \/>\nals sie nach Europa zu holen.\u201c<\/em><\/strong><br \/>\nEindringlich\u00a0verweist\u00a0der\u00a0afrikanische Kardinal darauf hin, da\u00df<br \/>\n\u201e<em><strong>die neue Migration eine Art Sklaverei\u201c<\/strong><\/em><br \/>\nsei, die die <a title=\"Afrikas Jugend wird emigriert\" href=\"https:\/\/www.freiburg-schwarzwald.de\/blog\/afrikas-jugend-wird-emigriert\/\">Afrikaner<\/a> ihrer W\u00fcrde beraube. Auch die EU klagt Kardinal Sarah an: \u201eDie Br\u00fcsseler Kommission denkt nur an freie M\u00e4rkte und dient den gro\u00dfen Finanzm\u00e4chten der Welt &#8230; Die EU besch\u00fctzt nicht die V\u00f6lker, sondern die Banken.\u201c<br \/>\n3.4.2019<br \/>\n.<br \/>\n<strong>The unstoppable rise of Cardinal Sarah<\/strong><br \/>\n\u00c0 l\u2019occasion de la sortie de son nouveau livre, le Pr\u00e9fet de la congr\u00e9gation pour le culte divin (Robert Sarah), l\u2019une des voix les plus fortes de l\u2019\u00c9glise, nous a re\u00e7u \u00e0 Rome pour un entretien exclusif.<br \/>\nAmateurs de langue de buis, s\u2019abstenir ! Si les livres de pr\u00e9lats catholiques suscitent souvent un ennui poli par leur ti\u00e9deur de tisane, le Soir approche et d\u00e9j\u00e0 le jour baisse, le nouveau livre d\u2019entretiens du cardinal Robert Sarah avec Nicolas Diat, fait figure d\u2019alcool fort. Rappelant qu\u2019un monde qui oublie Dieu va \u00e0 sa perte, renvoyant dos \u00e0 dos la \u00ab barbarie mat\u00e9rialiste \u00bb et la \u00ab barbarie islamiste \u00bb, exhortant l\u2019Eglise \u00e0 remettre le Christ au centre, d\u00e9non\u00e7ant le pacte de Marrakech soutenu par le Vatican ou mettant en garde contre l\u2019ordination d\u2019hommes mari\u00e9s que certains voudraient exp\u00e9rimenter \u00e0 l\u2019occasion du prochain synode sur l\u2019Amazonie, le cardinal Sarah invite \u00e0 une v\u00e9ritable r\u00e9sistance spirituelle, rappelant que seul le Christ est l\u2019Esp\u00e9rance du monde.<br \/>\n27.3.2019, mehr auf<br \/>\n<a href=\"https:\/\/catholicherald.co.uk\/issues\/march-11th-2016\/the-unstoppable-rise-of-cardinal-sarah\/\">https:\/\/catholicherald.co.uk\/issues\/march-11th-2016\/the-unstoppable-rise-of-cardinal-sarah\/<\/a><br \/>\n.<br \/>\n<strong>Cardinal Sarah : \u201cPeuple de France, retourne \u00e0 tes racines !\u201d<\/strong><br \/>\n&#8222;Franz\u00f6sischesVolk, kehre zu deinen Wurzeln zur\u00fcck&#8220;<br \/>\nPredikt in Chartres, 22.5.2018<br \/>\n<a href=\"https:\/\/www.valeursactuelles.com\/societe\/cardinal-sarah-peuple-de-france-retourne-tes-racines-95762\">https:\/\/www.valeursactuelles.com\/societe\/cardinal-sarah-peuple-de-france-retourne-tes-racines-95762<\/a><br \/>\n.<br \/>\n<strong>Kulturkampf<\/strong><br \/>\nDa hat Kardinal Sarah recht. Die Anywheres (Globalisten) werden die Somewheres (Heimatverbundenen) niemals verstehen, sondern sie wie zur\u00fcckgebliebene Bauernt\u00f6lpel behandeln und zum einzig wahren Glauben an die One-world umerziehen wollen. Unterst\u00fctzt von gro\u00dfen Konzernen, dubiosen Spekulanten und sonstigen Personenkreisen mit viel Geld und Einfluss.<br \/>\nEs findet nicht nur ein Kulturkampf zwischen Westen und Islam statt, sondern auch ein innerwestlicher Kampf gegen skrupellose Gewinnmaximierung f\u00fcr einige Wenige. Diese Tatsache sollte mehr in den Fokus r\u00fccken und nicht unterschlagen werden.<br \/>\n3.4.2019, DEM, PPO<br \/>\n.<br \/>\n<strong>Kardinal Sarah ist papabile<\/strong><br \/>\nIch denke, Kardinal Sarah weiss, wovon er spricht. Er stammt aus Guinea. Ein Mann wie er w\u00e4re ein w\u00fcrdiger Nachfolger Petri. Zwar bin ich nicht immer seiner Ansicht. Aber er ist kein Feigling und steht zu dem, was er sagt. Das muss ich sogar einem Kardinal Meisner zugestehen.<br \/>\nIch h\u00e4tte nie gedacht, dass ich das mal schreiben w\u00fcrde. Aber Bergoglio und der ganze Modernismus hat einfach das Kind mit dem Bade ausgesch\u00fcttet. Und tut es weiterhin.<br \/>\n3.4.3019, BB, PPO<\/p>\n<p>.<br \/>\n<strong>Kardinal Sarah\/Guinea: Kirche nicht zerst\u00fcckeln<\/strong><\/p>\n<p>Kirche in Not: Welchen Beitrag leisten aus ihrer Sicht die Katholiken Afrikas f\u00fcr diese eine Familie Gottes?<br \/>\nKardinal Sarah: Auch wenn die Kirche in Nordafrika sehr alt ist, betrachten sich die Di\u00f6zesen und Gemeinden in den L\u00e4ndern s\u00fcdlich der Sahara eindeutig als missionarische Frucht und Tochter der \u201ewestlichen\u201c Kirche. Die Kirche in Afrika muss sich auch weiterhin auf die theologische, liturgische und monastische Erfahrung der \u201ealten\u201c christlichen Kontinente verlassen k\u00f6nnen \u2013 und auch auf deren finanzielle Unterst\u00fctzung. Die Kirche Afrikas ihrerseits kann der weltweiten Christenheit in aller Bescheidenheit die Wunder zeigen, die Gott durch den Heiligen Geist in ihr gewirkt hat, aber auch die Qualen, die Jesus auch heute noch inmitten des Leids und der Armut seiner Gl\u00e4ubigen erduldet.<br \/>\n.<br \/>\nKirche in Not: Worin bestehen diese Qualen?<br \/>\nKardinal Sarah: Sie sind so vielf\u00e4ltig: Kriege, Hunger, der verheerende Mangel an Bildungs- und Gesundheitsstrukturen. Und dann w\u00e4re da noch der verderbliche Einfluss westlicher Ideologien: der Kommunismus, die Gender-Ideologie \u2026 Afrika ist zum Auffangbecken f\u00fcr Verh\u00fctungsmittel und Waffen geworden. Afrika ist auch Schauplatz f\u00fcr den organisierten Diebstahl von Rohstoffen. Kriege werden deswegen gef\u00fchrt und geplant, das Chaos wird vorangetrieben. Denn so wird es m\u00f6glich, die nat\u00fcrlichen Ressourcen ohne R\u00fccksicht auf Recht und Gesetz abzubauen. Die Wirtschaftsm\u00e4chte der Welt m\u00fcssen damit aufh\u00f6ren, die Armen auszupl\u00fcndern!<br \/>\n.<br \/>\nKirche in Not: Ist der Islam eine weitere Gefahr f\u00fcr das \u00dcberleben der afrikanischen Kirche?Kardinal Sarah: Viele Jahrhunderte lang lebten in den L\u00e4ndern s\u00fcdlich der Sahara Christen und Muslime friedlich Seite an Seite. <strong><em>Jener extremistische Islam aber, der als politische Organisation auftritt und sich dem Rest der Welt aufzwingen will, stellt nicht nur eine Gefahr f\u00fcr Afrika dar. Er ist ist vor allem eine Gefahr f\u00fcr die Gesellschaften in Europa, die allzu oft keine Identit\u00e4t und keine Religion mehr haben. Wenn eine Gesellschaft aber ihre eigenen Werte verdammt, die aus ihrer Tradition, Kultur und Religion hervorgegangen sind, dann ist sie dem Untergang geweiht<\/em><\/strong>. Denn sie hat damit jeglichen Antrieb, jegliche Energie und jeglichen Willen verloren, um f\u00fcr die Verteidigung ihrer Identit\u00e4t zu k\u00e4mpfen.<br \/>\n.<br \/>\nKirche in Not: Was k\u00f6nnen Hilfswerke wie \u201eKirche in Not\u201c tun, um den Christen Afrikas noch besser zu helfen?<br \/>\nKardinal Sarah: Heute sind fast alle Hilfswerke, auch viele katholische Hilfswerke, einzig und ausschlie\u00dflich auf humanit\u00e4re Hilfe ausgerichtet, um die Armut zu bek\u00e4mpfen. Doch \u201eder Menschen lebt nicht nur vom Brot, sondern von jedem Wort, das aus Gottes Mund kommt\u201c (vgl. Mt 4,4). Ich ermutige \u201eKirche in Not\u201c, weiterhin Hilfe zu leisten f\u00fcr die Ausbildung der Priester, Ordensbr\u00fcder und -schwestern, f\u00fcr den Bau von Kirchen und Seminaren sowie f\u00fcr Exerzitien von Bisch\u00f6fen und Priestern. Denn wenn diese sich nicht die Zeit nehmen, sich wenigstens f\u00fcr ein paar Tage in Einsamkeit, Schweigen und Gebet zur\u00fcckzuziehen, laufen sie Gefahr, geistlich zu vertrocknen. Sie werden nicht mehr in der Lage sein, den Gl\u00e4ubigen solide geistliche Nahrung zukommen zu lassen, wenn sie nicht selbst beim Herrn einkehren.<br \/>\nKirche in Not: Sollen bei der Hilfe auch politische Probleme angesprochen werden?<br \/>\nKardinal Sarah: Die Kirche t\u00e4uscht sich schwer, wenn sie denkt, ihre Hauptaufgabe in der aktuellen Krise sei es, L\u00f6sungen auf alle politischen Probleme zu finden und dabei die Evangelisierung vernachl\u00e4ssigen zu d\u00fcrfen. Nat\u00fcrlich kommt die Kirche nicht umhin, sich wie Jesus Christus mit den menschlichen Problemen zu befassen. Sie hat das auch immer getan: durch ihre Schulen, Universit\u00e4ten, Ausbildungszentren, Krankenh\u00e4user, Gesundheitsstationen \u2026 Ich erlaube mir jedoch, in diesem Zusammenhang einen Italiener zu zitieren, der zum Islam konvertiert und jetzt Imam ist. Er hei\u00dft Yahya Pallavicini und ist Vorsitzender der \u201eIslamischen Religionsgemeinschaft Italiens\u201c. Er sagt sehr deutlich an unsere Adresse gerichtet: \u201eWenn die Kirche \u00fcber der Begeisterung, mit der sie sich f\u00fcr die sozialen Rechte und den Kampf gegen die Armut einsetzt, ihre kontemplative Seele vergisst, \u2026 werden sich viele Gl\u00e4ubige von ihr abwenden, da man nicht mehr das erkennt, was ihre Besonderheit ausmacht.\u201c<br \/>\n&#8230; Komplettes Interview mit Kardinal Robert Sarah vom 25.3.2017 bitte lesen auf<br \/>\n<a href=\"https:\/\/www.kath.net\/news\/59341\">https:\/\/www.kath.net\/news\/59341<\/a><\/p>\n","protected":false},"excerpt":{"rendered":"<p>Der afrikanische Kardinal Robert Sarah (Guinea), der beim letzten Konklave als &#8222;Papabile&#8220; galt, sieht auch Europa durch Islam, Migration und Verfall der kulturellen Identit\u00e4t in Gefahr. &#8222;Meine gr\u00f6\u00dfte Sorge ist Europa. Es will nicht mehr \u2026oder hat das Gesp\u00fcr f\u00fcr &hellip; <a href=\"https:\/\/www.freiburg-schwarzwald.de\/blog\/kardinal-sarah-gegen-migration\/\">Weiterlesen <span class=\"meta-nav\">&rarr;<\/span><\/a><\/p>\n","protected":false},"author":2,"featured_media":0,"comment_status":"open","ping_status":"closed","sticky":false,"template":"","format":"standard","meta":{"footnotes":""},"categories":[52,155,261,19],"tags":[602,489,520,503,622],"class_list":["post-71569","post","type-post","status-publish","format-standard","hentry","category-einewelt","category-integration","category-katholisch","category-religion","tag-afrika","tag-european-union","tag-frieden","tag-church","tag-migration"],"_links":{"self":[{"href":"https:\/\/www.freiburg-schwarzwald.de\/blog\/wp-json\/wp\/v2\/posts\/71569","targetHints":{"allow":["GET"]}}],"collection":[{"href":"https:\/\/www.freiburg-schwarzwald.de\/blog\/wp-json\/wp\/v2\/posts"}],"about":[{"href":"https:\/\/www.freiburg-schwarzwald.de\/blog\/wp-json\/wp\/v2\/types\/post"}],"author":[{"embeddable":true,"href":"https:\/\/www.freiburg-schwarzwald.de\/blog\/wp-json\/wp\/v2\/users\/2"}],"replies":[{"embeddable":true,"href":"https:\/\/www.freiburg-schwarzwald.de\/blog\/wp-json\/wp\/v2\/comments?post=71569"}],"version-history":[{"count":0,"href":"https:\/\/www.freiburg-schwarzwald.de\/blog\/wp-json\/wp\/v2\/posts\/71569\/revisions"}],"wp:attachment":[{"href":"https:\/\/www.freiburg-schwarzwald.de\/blog\/wp-json\/wp\/v2\/media?parent=71569"}],"wp:term":[{"taxonomy":"category","embeddable":true,"href":"https:\/\/www.freiburg-schwarzwald.de\/blog\/wp-json\/wp\/v2\/categories?post=71569"},{"taxonomy":"post_tag","embeddable":true,"href":"https:\/\/www.freiburg-schwarzwald.de\/blog\/wp-json\/wp\/v2\/tags?post=71569"}],"curies":[{"name":"wp","href":"https:\/\/api.w.org\/{rel}","templated":true}]}}