{"id":71520,"date":"2019-03-29T08:03:02","date_gmt":"2019-03-29T07:03:02","guid":{"rendered":"https:\/\/www.freiburg-schwarzwald.de\/blog\/?p=71520"},"modified":"2019-03-29T08:03:02","modified_gmt":"2019-03-29T07:03:02","slug":"migranten-wohnungen-ebnet","status":"publish","type":"post","link":"https:\/\/www.freiburg-schwarzwald.de\/blog\/migranten-wohnungen-ebnet\/","title":{"rendered":"Migranten Wohnungen Ebnet"},"content":{"rendered":"<p><a title=\"Einfachwohnung\" href=\"https:\/\/www.freiburg-schwarzwald.de\/blog\/business\/dienste\/immobilien\/einfachwohnung\/\">Einfachwohnungen<\/a> f\u00fcr <a title=\"Einfachwohnungen Migranten\" href=\"https:\/\/www.freiburg-schwarzwald.de\/blog\/einfachwohnungen-migranten\/\">Migranten<\/a> am &#8222;Alten Sportplatz&#8220; in <a title=\"Steinhalde\" href=\"https:\/\/www.freiburg-schwarzwald.de\/blog\/regio\/freiburg\/ebnet\/steinhalde\/\">Freiburg-Ebnet<\/a>:\u00a0Gefl\u00fcchtete Familien mit dauerhaftem Bleiberecht in Ebnet aufnehmen? Von meiner Seite gibt es dazu ein klares: Ja, sehr gerne! Doch Wohnraum am <a title=\"Ebnet\" href=\"https:\/\/www.freiburg-schwarzwald.de\/blog\/regio\/freiburg\/ebnet\/\">\u00e4u\u00dfersten Rand des Ortes<\/a>, kilometerweit weg von allen Infrastruktureinrichtungen \u2013 schafft das die Voraussetzung f\u00fcr <a title=\"Integration-gescheitert\" href=\"https:\/\/www.freiburg-schwarzwald.de\/blog\/global\/integration\/integration-gescheitert\/\">Integration<\/a> und Teilhabe, <!--more-->die Finanzb\u00fcrgermeister Breiter und Erster B\u00fcrgermeister von Kirchbach mit dem st\u00e4dtischen Projekt \u201e<a title=\"Einfachwohnung\" href=\"https:\/\/www.freiburg-schwarzwald.de\/blog\/business\/dienste\/immobilien\/einfachwohnung\/\">Einfachwohnen<\/a>\u201c verbinden? Ich denke das kann nicht funktionieren \u2013 also dazu <a title=\"Steinhalde\" href=\"https:\/\/www.freiburg-schwarzwald.de\/blog\/regio\/freiburg\/ebnet\/steinhalde\/\">ein entschiedenes Nein!<\/a><br \/>\nWenn wir es damit ernst meinen, die Menschen in unser Gemeinwesen aufzunehmen, m\u00fcssen wir sie in unsere Mitte holen. Und es besteht in Ebnet die M\u00f6glichkeit, denn nach wie vor befindet sich der Gro\u00dfteil des Gel\u00e4ndes \u201eAlter Sportplatz\u201c im st\u00e4dtischen Besitz.<br \/>\nStatt der dort nach dem Bebauungsplan von 2009 vorgesehenen, inzwischen im st\u00e4dtischen Raum nicht mehr zeitgem\u00e4\u00dfen Baupl\u00e4tze f\u00fcr Doppelh\u00e4user und Einfamilienreihenh\u00e4user mit jeweils eigenem Gartengrundst\u00fcck, k\u00f6nnten an der Stelle die geplanten \u201eEinfachwohnungen\u201c f\u00fcr gefl\u00fcchtete Familien und f\u00fcr Freiburger Familien entstehen, die auf gef\u00f6rderten Wohnraum angewiesen sind. St\u00e4dteplanerische und architektonische Qualit\u00e4t ist an diesem zentralen Ort unverzichtbar und kann auch bei moderaten Baukosten umgesetzt werden.<br \/>\nDank der Besitzverh\u00e4ltnisse, verst\u00e4rkt noch durch die Erbpachtauflage, f\u00e4llt zudem der Kaufpreis f\u00fcr das Grundst\u00fcck weg. In unmittelbarer N\u00e4he befindet sich die Grundschule und der \u00f6ffentliche Spielplatz, fu\u00dfl\u00e4ufig sind <a title=\"Ebnet-Einzelhandel\" href=\"https:\/\/www.freiburg-schwarzwald.de\/blog\/business\/handel\/ebnet-einzelhandel\/\">Arzt, B\u00e4cker<\/a>, Kindergarten und der n\u00e4chste Supermarkt (dieser \u201e\u00fcber die Br\u00fcck\u201c in Littenweiler) erreichbar \u2013 beste Voraussetzungen f\u00fcr eine gute Alltagsbew\u00e4ltigung, f\u00fcrs gegenseitige Kennenlernen, f\u00fcrs Miteinander\u2026 und damit f\u00fcr Integration und Teilhabe. Gemeinsam mit meinen Fraktionskolleginnen von Forum Ebnet werde ich mich daher, wie schon in der Ratssitzung im Februar, weiter und intensiv daf\u00fcr einsetzen, dass Stadt und Verwaltung diese Alternative in den Blick nehmen und z\u00fcgig die zur Umsetzung notwendigen Voraussetzungen schaffen.<br \/>\n28.3.2019, Beate Schramm, <a title=\"Forum Ebnet \u2013 21 Jahre Gayling\" href=\"https:\/\/www.freiburg-schwarzwald.de\/blog\/forum-ebnet-21-jahre-gayling\/\">Forum Ebnet<\/a> 152, <a href=\"https:\/\/www.forum-ebnet.de\">https:\/\/www.forum-ebnet.de<\/a><\/p>\n","protected":false},"excerpt":{"rendered":"<p>Einfachwohnungen f\u00fcr Migranten am &#8222;Alten Sportplatz&#8220; in Freiburg-Ebnet:\u00a0Gefl\u00fcchtete Familien mit dauerhaftem Bleiberecht in Ebnet aufnehmen? Von meiner Seite gibt es dazu ein klares: Ja, sehr gerne! Doch Wohnraum am \u00e4u\u00dfersten Rand des Ortes, kilometerweit weg von allen Infrastruktureinrichtungen \u2013 schafft &hellip; <a href=\"https:\/\/www.freiburg-schwarzwald.de\/blog\/migranten-wohnungen-ebnet\/\">Weiterlesen <span class=\"meta-nav\">&rarr;<\/span><\/a><\/p>\n","protected":false},"author":2,"featured_media":0,"comment_status":"open","ping_status":"closed","sticky":false,"template":"","format":"standard","meta":{"footnotes":""},"categories":[181,49,155,157,9,91],"tags":[686,598,725,622,92],"class_list":["post-71520","post","type-post","status-publish","format-standard","hentry","category-buergerbeteiligung","category-freiburg","category-integration","category-oeffentlicher-raum","category-soziales","category-wohnen","tag-frei","tag-immo","tag-integration","tag-migration","tag-wohnformen"],"_links":{"self":[{"href":"https:\/\/www.freiburg-schwarzwald.de\/blog\/wp-json\/wp\/v2\/posts\/71520","targetHints":{"allow":["GET"]}}],"collection":[{"href":"https:\/\/www.freiburg-schwarzwald.de\/blog\/wp-json\/wp\/v2\/posts"}],"about":[{"href":"https:\/\/www.freiburg-schwarzwald.de\/blog\/wp-json\/wp\/v2\/types\/post"}],"author":[{"embeddable":true,"href":"https:\/\/www.freiburg-schwarzwald.de\/blog\/wp-json\/wp\/v2\/users\/2"}],"replies":[{"embeddable":true,"href":"https:\/\/www.freiburg-schwarzwald.de\/blog\/wp-json\/wp\/v2\/comments?post=71520"}],"version-history":[{"count":0,"href":"https:\/\/www.freiburg-schwarzwald.de\/blog\/wp-json\/wp\/v2\/posts\/71520\/revisions"}],"wp:attachment":[{"href":"https:\/\/www.freiburg-schwarzwald.de\/blog\/wp-json\/wp\/v2\/media?parent=71520"}],"wp:term":[{"taxonomy":"category","embeddable":true,"href":"https:\/\/www.freiburg-schwarzwald.de\/blog\/wp-json\/wp\/v2\/categories?post=71520"},{"taxonomy":"post_tag","embeddable":true,"href":"https:\/\/www.freiburg-schwarzwald.de\/blog\/wp-json\/wp\/v2\/tags?post=71520"}],"curies":[{"name":"wp","href":"https:\/\/api.w.org\/{rel}","templated":true}]}}