{"id":71432,"date":"2019-03-25T14:48:42","date_gmt":"2019-03-25T13:48:42","guid":{"rendered":"https:\/\/www.freiburg-schwarzwald.de\/blog\/?p=71432"},"modified":"2019-03-25T14:50:45","modified_gmt":"2019-03-25T13:50:45","slug":"jugend-demos-am-fr-sowie-sa","status":"publish","type":"post","link":"https:\/\/www.freiburg-schwarzwald.de\/blog\/jugend-demos-am-fr-sowie-sa\/","title":{"rendered":"Jugend-Demos am Fr sowie Sa"},"content":{"rendered":"<p>Es gibt zweierlei Jugendproteste: <a title=\"FridaysForFuture\" href=\"https:\/\/www.freiburg-schwarzwald.de\/blog\/natur\/klima\/fridaysforfuture\/\">FridaysForFuture<\/a> gegen Klimawandel und samstags gegen <a title=\"Social-Networking\" href=\"https:\/\/www.freiburg-schwarzwald.de\/blog\/kultur\/internet\/social-networking\/\">Uploadfilter<\/a>. Wer <a title=\"Schulstreik\" href=\"https:\/\/www.freiburg-schwarzwald.de\/blog\/bildung\/schulen\/schulstreik\/\">freitags<\/a> demonstriert, tut dies im Einvernehmen von Obrigkeit incl. <a title=\"GroKo\" href=\"https:\/\/www.freiburg-schwarzwald.de\/blog\/engagement\/zukunft\/demokratie\/groko\/\">Politik<\/a>, legitim, und wird angeblich nicht instrumentalisiert. Wer samstags <a title=\"Demo\" href=\"https:\/\/www.freiburg-schwarzwald.de\/blog\/engagement\/buergerinitiativen\/demo\/\">demonstriert<\/a>, tut dies gegen die Politik bzw. deren geplante <a title=\"EU-Recht\" href=\"https:\/\/www.freiburg-schwarzwald.de\/blog\/global\/eu\/eu-recht\/\">EU<\/a>-Urheberrechtsverordnung und l\u00e4\u00dft sich dabei angeblich instrumentalisieren von US-Konzernen wie Google, Facebook und Twitter. <!--more-->Freitags ist Konsens, dass der <a title=\"Klimawandel\" href=\"https:\/\/www.freiburg-schwarzwald.de\/blog\/natur\/klima\/klimawandel\/\">Klimawandel<\/a> ausschlie\u00dflich menschengemacht ist. Samstags ist Konsens, dass Uploadfilter zur Einschr\u00e4nkung von Meinungsfreiheit und -vielfalt mi\u00dfbraucht werden. Bleibt zu fragen, warum &#8222;angeblich&#8220; und ob &#8222;Konsens&#8220;?<br \/>\n.<br \/>\n<strong>Historischer Sieg amerikanischer Lobbyarbeit<\/strong><br \/>\nDie jungen Menschen, die freitags die Schule schw\u00e4nzen um gegen den Klimawandel zu demonstrieren und ihrem Idol Greta zu huldigen, bekommen bekanntlich Unterst\u00fctzung von allen Seiten. Nach der Kanzlerin und dem Bundespr\u00e4sidenten stellten sich auch viele Lehrer und Eltern hinter die Teilzeit-Schulverweigerer. Gr\u00fcnen-Fraktionschef Anton Hofreiter gilt die Erinnerung an die Schulpflicht schon als Versuch, die Kleinen zu kujonieren und an ihrem Protest zu hindern. Dass Protest mit dem Segen der gesamten Obrigkeit eigentlich kein Protest ist, spielt keine Rolle. Wir kennen freitags keine Parteien mehr, sondern nur noch Klimaretter. Da st\u00f6ren nur die \u201eRechten\u201c.<br \/>\n&#8230;..<br \/>\nDie jungen Menschen, die in ihrer Freizeit gegen die neue EU-Urheberrechtsverordnung protestierten, weil die de facto N\u00f6tigung zu Uploadfiltern der Internet-Zensur T\u00fcr und Tor \u00f6ffnet, haben \u2013 wen wundert\u2019s \u2013 keine Unterst\u00fctzung von der Obrigkeit. Da ist also der Protest noch richtiger Protest, k\u00f6nnte man annehmen. Doch weit gefehlt, raunt es gerade aus den Kreisen, die die freit\u00e4glich schw\u00e4nzende Klimarettungsjugend gegen jeden Instrumentalisierungsvorwurf in Schutz nimmt. Gerade diese jungen Menschen lassen sich doch von den b\u00f6sen US-amerikanischen Netzgiganten instrumentalisieren, die nur verhindern will, dass die EU armen europ\u00e4ischen Gro\u00dfverlegern \u2026 \u00e4h, nein, Entschuldigung, den armen K\u00fcnstlern und Autoren zu ihrem Recht verhilft.<br \/>\n&#8230;. Alles vom 23.3.2019 von Peter Grimm bitte lesen auf<br \/>\n<a href=\"https:\/\/sichtplatz.de\/?p=13712\">https:\/\/sichtplatz.de\/?p=13712<\/a><br \/>\n.<br \/>\n<em>Peter Grimm, geboren 1965 in Ost-Berlin, war bis 1989 aktiv in der DDR-Opposition und arbeitet seitdem als Journalist, Autor und Dokumentarfilm\u2013Regisseur. Betreibt u.a. den Blog <a href=\"https:\/\/sichtplatz.de\">https:\/\/sichtplatz.de<\/a><\/em><\/p>\n<p><strong>Freitagsdemo und Freitagsgebet<\/strong><br \/>\nIch sage nur \u201cFreitagsgebet\u201d. Die noch nicht so lange hier lernen verbr\u00fcdern sich mit denen, die noch nicht so lange hier leben. Ein guter Zwischenschritt im Dienste unser aller Debilisierung.<br \/>\n\u201cOh heilige Greta, die du uns rettest vor Wind, Wetter und Wirklichkeit,\u00a0bewahre uns von dem \u00dcbel! Lass uns glauben und nicht wissen, denn Wissen ist Dummheit.\u00a0Doch dein ist die Infantilit\u00e4t und das Gr\u00fcne zwischen den Ohren! Skol!\u201d<br \/>\n23.3.2019, P.S., AO<\/p>\n<p><strong>Prophetin Greta (KGE) pl\u00e4diert f\u00fcr Kernkraft &#8211; was nun?<\/strong><br \/>\n\u201ePersonally I am against nuclear power, but according to the IPCC, it can be a small part of a very big new carbon free energy solution, especially in countries and areas that lack the possibility of a full scale renewable energy supply \u2013 even though its extremely dangerous, expensive and time consuming. But let\u2019s leave that debate until we start looking at the full picture.\u201c (Anmerkung: IPCC = Intergovernmental Panel on Climate Change, deutsch: \u201eWeltklimarat\u201c)<br \/>\n&#8230; Alles vom 15.3.2019 bitte lesen auf<br \/>\n<a href=\"https:\/\/www.facebook.com\/732846497083173\/posts\/on-friday-march-15th-2019-well-over-15-million-students-school-striked-for-the-c\/793441724356983\/\">https:\/\/www.facebook.com\/732846497083173\/posts\/on-friday-march-15th-2019-well-over-15-million-students-school-striked-for-the-c\/793441724356983\/<\/a><br \/>\n.<br \/>\n<strong>Greta als Prophetin der Gr\u00fcnen<\/strong><br \/>\nGr\u00fcnen-Fraktionschefin Katrin G\u00f6ring-Eckardt hat die 16 Jahre alte schwedische Klimaaktivistin Greta Thunberg als Prophetin bezeichnet. In einer Kanzelrede in der evangelischen Salvatorkirche in Duisburg verglich sie die Sch\u00fclerin mit dem sozialkritischen Propheten Amos, der im achten Jahrhundert vor Christus im Nordreich Israel wirkte. Amos gei\u00dfelte die sozialen Missst\u00e4nde seiner Zeit als Missachtung der Gebote Gottes und sagte ein Strafgericht voraus. In ihrer Rede unter dem Motto \u201eKlimagerechtigkeit \u2013 Mehr als eine Utopie\u201c nannte die Gr\u00fcnen-Politikerin, die 1988 ein Theologie-Studium abgebrochen hat, Thunbergs Klimaschutzbewegung \u201eFridays for Future\u201c auch \u201eein Wunder des Engagements\u201c.<br \/>\n&#8230;. Alles vom 18.3.2019 bitte lesen auf<br \/>\n<a href=\"https:\/\/www.saarbruecker-zeitung.de\/politik\/themen\/klimaschutz-goering-eckardt-sieht-in-greta-thunberg-prophetin_aid-37541857?fbclid=IwAR1eBQQo7igXJ7PuLznh0D4rZ9gHaAQqlzU7ni55OvQ_FFA_om0OKcKdIdU\">https:\/\/www.saarbruecker-zeitung.de\/politik\/themen\/klimaschutz-goering-eckardt-sieht-in-greta-thunberg-prophetin_aid-37541857?fbclid=IwAR1eBQQo7igXJ7PuLznh0D4rZ9gHaAQqlzU7ni55OvQ_FFA_om0OKcKdIdU<\/a><br \/>\n.<br \/>\n<strong>FridayForFuture statt Coffee-to-go, SUV, E-Bike<\/strong><br \/>\nJa, es ist Zeit, etwas zu tun. Zu uns \u00c4lteren einfach zu sagen: &#8222;Ihr habt Schuld, wie konntet ihr das tun&#8220;, ist wirklich zu einfach. Toll, dass ihr auf die Stra\u00dfe geht! Die Diskussion um das Schw\u00e4nzen ist dennoch berechtigt. Es fehlt mir die Glaubw\u00fcrdigkeit des ehrlichen Ansinnens der jungen Demonstranten. Ich sehe, zumindest in Ans\u00e4tzen, die Lust auf das Event. Es ist Zeit, sich nicht mehr mit dem SUV von Mama oder Papa in die Schule karren zu lassen. Es ist Zeit, sich f\u00fcnf Minuten hinzusetzen und den Kaffee aus einer Porzellantasse zu trinken und sich sagen zu k\u00f6nnen: &#8222;Tut mir gut, dieses Luftholen und tut saugut f\u00fcr die Umwelt, nicht \u201ato go\u2018 zu konsumieren&#8220;. Ja, es ist Zeit, Verzicht zu \u00fcben, sich dem unsinnigen Konsum zu verweigern. Kein Mensch braucht Coffee-to-go. Denkt dran, ihr jungen Leute, ihr habt es in der Hand, ihr k\u00f6nnt was tun \u2013 nur tut es. Es wird sich in der Wirtschaft ganz schnell etwas \u00e4ndern, wenn ihr symbolhaft keinen Coffee-to-go mehr erwerbt, wenn ihr mit dem Rad fahrt, nicht mit dem E-Bike. Die \u00fcbergewichtigen Jugendlichen werden dann verschwinden, die Menschen werden ges\u00fcnder sein und \u00e4lter werden. Tut was, ihr habt es in der Hand! Sagt nicht einfach, wir Alten seien schuld. Tut was \u2013 nur so zeigt ihr Glaubw\u00fcrdigkeit. Und dann h\u00e4tte ich auch Lust, zu eurer Party zu kommen.<br \/>\n23.3.2019<br \/>\n.<br \/>\n<strong>FridayForFuture: Sitzblockade Bahnhof FR f\u00fcrs Klima?<\/strong><br \/>\nSch\u00f6n, wenn eine Demo ruhig und friedlich verl\u00e4uft! Weniger sch\u00f6n, wenn sich anschlie\u00dfend einige Chaoten besonders profilieren wollen: Am &#8222;Friday for Future&#8220; haben im Anschluss an die Demo einige selbsternannte &#8222;Klimasch\u00fctzer&#8220; die Bahnhofsachse durch eine Sitzblockade f\u00fcr jeglichen Stra\u00dfenverkehr blockiert. Etwa 40 Demonstranten haben sich auf den Fu\u00dfg\u00e4nger\u00fcberweg vor dem Eingang des Hauptbahnhofs gesetzt und von etwa 13.15 bis gegen 14 Uhr diese Hauptverkehrsachse komplett gesperrt. Strafrechtlich d\u00fcrfte das wohl den Tatbestand der N\u00f6tigung erf\u00fcllen. Nicht nur, dass sie damit Hunderte von Verkehrsteilnehmern als Geiseln genommen haben, auch die Feuerwehr, die hier schon unter normalen Bedingungen Probleme mit dem Durchkommen hat, und andere Hilfsdienste w\u00e4ren bei einem Einsatz zus\u00e4tzlich massiv behindert worden. Eine \u00e4hnliche Aktion hatte schon am letzten &#8222;Friday for Future&#8220; stattgefunden, damals haben die Demonstranten die Fahrbahn allerdings jeweils nach einigen Minuten zeitweilig ger\u00e4umt und einige Fahrzeuge durchgelassen, bevor sie die Stra\u00dfe erneut blockierten. Die gesamte Aktion wurde damals nach k\u00fcrzerer Zeit ruhig und friedlich durch zwei Streifen der Polizei beendet. Diesmal durften die Autofahrer etwa 45 Minuten auf der Stelle ausharren, bevor die Demonstranten nach Aufforderung durch die Polizei die Stra\u00dfe r\u00e4umten.<br \/>\n25.3.2019, Andreas Milsch, Gundelfingen<br \/>\n.<br \/>\n<strong>FridayForFuture: Keine Proteste gegen SUV und Urlaubsflugverkehr?<\/strong><br \/>\nAuf der einen Seite demonstrieren immer mehr Sch\u00fclerinnen und Sch\u00fcler und jetzt auch Erwachsene f\u00fcr eine lebenswerte Zukunft, auf der anderen Seite steigt der Anteil der zugelassenen SUVs auf 20 Prozent an, wie auch die umweltsch\u00e4dlichste Form der Fortbewegung \u2013 n\u00e4mlich der Flugverkehr \u2013 weiterhin zunimmt: Der Anteil der Flugreisen im Urlaubsverkehr stieg auf 41 Prozent an. Der Philosoph Hans Jonas formuliert (sinngem\u00e4\u00df) in Anlehnung an Kant: &#8222;Handle immer so, dass die Zukunftschancen nachfolgender Generationen nicht negativ beeintr\u00e4chtigt werden.&#8220; Von der Einl\u00f6sung dieser Ethik sind wir (auch global gesehen) weiter entfernt denn je. Und das ist nicht nur eine Frage der Politik sondern unseres individuellen Verhaltens in der Komfortzone des Wohlstands.<br \/>\n25.3.2019, Ulrich Knechtel, L\u00f6rrach<\/p>\n<p><strong>Proteste gegen Urheberrecht: Ihr unterst\u00fctzt datengierige US-Konzerne!<\/strong><br \/>\nWer gegen die EU-Urheberrechtsreform auf die Stra\u00dfe geht, protestiert nicht f\u00fcr die Freiheit des Internets. Er opfert seine B\u00fcrgerrechte. &#8230;<br \/>\n&#8230;.. Alles vom 23.3.2019 bitte lesen auf<br \/>\n<a href=\"https:\/\/www.sueddeutsche.de\/kultur\/artikel-wikipedia-upload-filter-urheberrecht-proteste-us-konzerne-1.4378764\">https:\/\/www.sueddeutsche.de\/kultur\/artikel-wikipedia-upload-filter-urheberrecht-proteste-us-konzerne-1.4378764<\/a><br \/>\n.<br \/>\n<strong>Die linke Logik der SZ ist schon faszinierend<\/strong><br \/>\nWer samstags gegen die von der EU geplante Reform des Urheberrechts demonstriert, ist damit automatisch ein williges Werkzeug von Facebook &amp; Co. Die SZ warnt, dass samstags junge \u201eMenschen auf die Stra\u00dfe gehen, um f\u00fcr die Rechte von Konzernen zu k\u00e4mpfen, f\u00fcr die sie bereit sind, B\u00fcrgerrechte zu opfern. Das ist ein historischer Sieg amerikanischer Lobbyarbeit.\u201c<br \/>\n23.3.2019, K.B.<br \/>\n.<\/p>\n<p><strong>Das Wort zum Friday for Future \u2013 aus erster Hand von apollo-news.net<\/strong><br \/>\nAir T\u00fcrkis kennt sich aus mit der Generation seiner Mitsch\u00fcler. \u201eErst sind da nur die hingegangen, die eh blaue Haare haben. Aber jetzt, wo das von den Medien und den Politikern freigegeben wurde, da stehen Deutschlands Sch\u00fcler auf!&#8220; Aber gegen was eigentlich, gegen Kohle, gegen Klima? Oder wie er so sch\u00f6n sagt: \u201eDie haben nicht zehn Sekunden dar\u00fcber nachgedacht, was da eigentlich abgeht\u201c.<br \/>\nDer Autor ist Gr\u00fcnder der klassisch-liberalen Sch\u00fclergruppe LJB und gibt den Sch\u00fclerblog apollo-news.net heraus, auf dem dieses Video ebenfalls erscheint.<br \/>\n<a href=\"https:\/\/apollo-news.net\/schuelerstreiks-revolutionaere-mit-regierungsunterstuetzung-apollo-tv\/\">https:\/\/apollo-news.net\/schuelerstreiks-revolutionaere-mit-regierungsunterstuetzung-apollo-tv\/<br \/>\n<\/a>\u00a0.<br \/>\nDie Video-Kolumne von Chefredakteur Air T\u00fcrkis. Apollo TV &#8211; der Kanal f\u00fcr freiheitliche Sch\u00fcler und Jugendliche. apollo-news.net:<br \/>\n<a href=\"https:\/\/www.youtube.com\/watch?v=3Xx1KqCXVg4&amp;feature=youtu.be\">https:\/\/www.youtube.com\/watch?v=3Xx1KqCXVg4&amp;feature=youtu.be<\/a><\/p>\n<p>.<\/p>\n<p><strong>Gegen den Strom schwimmen?<\/strong><br \/>\nMan kann deiner Meinung sein, oder nicht. Aber du machst dir deine eigenen Gedanken und traust dich gegen den Strom zu schwimmen. Das ist wichtig! &#8230;<br \/>\nVor allen Dingen wieso ist man so naiv und merkt nicht das man von den Politikern instrumentalisiert wird, genau von jenen die fuer den Status Quo verantwortlich sind. Merkel schreit nach Batteriewerken, obwohl jeder Physiker und Ing. sagen wird das Batterieautos ein oekologisches Fiasko sind, weder gibt es genug Kupfer fuer die Infrastruktur und der Lithium,Kobalt und Nickelabau ist auch ein Umweltdisaster. Aber das interessiert natuerlich den ideologisch Blinden nicht. Sehr zu empfehlen:<br \/>\n<a href=\"https:\/\/www.youtube.com\/watch?v=BlXgHcd7tok\">https:\/\/www.youtube.com\/watch?v=BlXgHcd7tok<\/a><br \/>\n23.3.2019, H.K., ANO<\/p>\n","protected":false},"excerpt":{"rendered":"<p>Es gibt zweierlei Jugendproteste: FridaysForFuture gegen Klimawandel und samstags gegen Uploadfilter. Wer freitags demonstriert, tut dies im Einvernehmen von Obrigkeit incl. Politik, legitim, und wird angeblich nicht instrumentalisiert. Wer samstags demonstriert, tut dies gegen die Politik bzw. deren geplante EU-Urheberrechtsverordnung &hellip; <a href=\"https:\/\/www.freiburg-schwarzwald.de\/blog\/jugend-demos-am-fr-sowie-sa\/\">Weiterlesen <span class=\"meta-nav\">&rarr;<\/span><\/a><\/p>\n","protected":false},"author":2,"featured_media":0,"comment_status":"open","ping_status":"closed","sticky":false,"template":"","format":"standard","meta":{"footnotes":""},"categories":[355,195,162,60,80,95],"tags":[325,489,431,568,545],"class_list":["post-71432","post","type-post","status-publish","format-standard","hentry","category-buergerinitiativen","category-eu","category-internet","category-jugend","category-medien","category-schulen","tag-demo","tag-european-union","tag-gerecht","tag-jugend-2","tag-www"],"_links":{"self":[{"href":"https:\/\/www.freiburg-schwarzwald.de\/blog\/wp-json\/wp\/v2\/posts\/71432","targetHints":{"allow":["GET"]}}],"collection":[{"href":"https:\/\/www.freiburg-schwarzwald.de\/blog\/wp-json\/wp\/v2\/posts"}],"about":[{"href":"https:\/\/www.freiburg-schwarzwald.de\/blog\/wp-json\/wp\/v2\/types\/post"}],"author":[{"embeddable":true,"href":"https:\/\/www.freiburg-schwarzwald.de\/blog\/wp-json\/wp\/v2\/users\/2"}],"replies":[{"embeddable":true,"href":"https:\/\/www.freiburg-schwarzwald.de\/blog\/wp-json\/wp\/v2\/comments?post=71432"}],"version-history":[{"count":0,"href":"https:\/\/www.freiburg-schwarzwald.de\/blog\/wp-json\/wp\/v2\/posts\/71432\/revisions"}],"wp:attachment":[{"href":"https:\/\/www.freiburg-schwarzwald.de\/blog\/wp-json\/wp\/v2\/media?parent=71432"}],"wp:term":[{"taxonomy":"category","embeddable":true,"href":"https:\/\/www.freiburg-schwarzwald.de\/blog\/wp-json\/wp\/v2\/categories?post=71432"},{"taxonomy":"post_tag","embeddable":true,"href":"https:\/\/www.freiburg-schwarzwald.de\/blog\/wp-json\/wp\/v2\/tags?post=71432"}],"curies":[{"name":"wp","href":"https:\/\/api.w.org\/{rel}","templated":true}]}}