{"id":71417,"date":"2019-03-24T20:26:59","date_gmt":"2019-03-24T19:26:59","guid":{"rendered":"https:\/\/www.freiburg-schwarzwald.de\/blog\/?p=71417"},"modified":"2019-03-28T08:31:46","modified_gmt":"2019-03-28T07:31:46","slug":"utrecht-christchurch-opfer","status":"publish","type":"post","link":"https:\/\/www.freiburg-schwarzwald.de\/blog\/utrecht-christchurch-opfer\/","title":{"rendered":"Utrecht Christchurch &#8211; Opfer?"},"content":{"rendered":"<p>Wenn ein <a title=\"Islam\" href=\"https:\/\/www.freiburg-schwarzwald.de\/blog\/religion\/islam\/\">Muslim<\/a> einen oder mehrere Nicht-Muslime ermordet (wie zuletzt in Utrecht), wird vor <a title=\"Guter Hass versus b\u00f6ser Hass\" href=\"https:\/\/www.freiburg-schwarzwald.de\/blog\/guter-hass-versus-boeser-hass\/\">Hass<\/a> gegen Muslime gewarnt \u2013 und wenn es andersherum passiert (wie zuletzt in <a title=\"Christchurch\" href=\"https:\/\/www.freiburg-schwarzwald.de\/blog\/religion\/islam\/terror\/christchurch\/\">Christchurch<\/a>), dann ebenso. <a title=\"Terror\" href=\"https:\/\/www.freiburg-schwarzwald.de\/blog\/religion\/islam\/terror\/\">Terror<\/a> ist furchtbar und zu verurteilen, aber er wird niemals einzud\u00e4mmen sein, wenn man ihn stets einseitig &#8211; der Islam in der <a title=\"Islam-Opferrolle\" href=\"https:\/\/www.freiburg-schwarzwald.de\/blog\/religion\/islam\/islam-opferrolle\/\">Opferrolle<\/a> &#8211; bewertet. Bei jedem Terroranschlag sind schlie\u00dflich doch alle Opfer.<!--more--><br \/>\n.<br \/>\nEs war gut gemeint: aus Solidarit\u00e4t, Trauer, Angst und Friedenssehnsucht trugen viele Neuseel\u00e4nderinnen, darunter die Ministerpr\u00e4sidentin, am 21.3.2019 ein Kopftuch. Die provokante Gegenfrage: Wann haben Musliminnen den <a title=\"Kopftuch\" href=\"https:\/\/www.freiburg-schwarzwald.de\/blog\/kopftuch\/\">Hijab<\/a> aus Solidarit\u00e4t abgelegt, als Nicht-Muslime durch einen Muslim umgebracht wurden? Etwa in Utrecht?<br \/>\nDie Kopftuch-Aktion von Neuseeland hilft niemandem. Im Gegenteil: sie ist ein Schlag ins Gesicht aller Frauen, die (wie in <a title=\"Frauen-Iran\" href=\"https:\/\/www.freiburg-schwarzwald.de\/blog\/global\/iran\/frauen-iran\/\">Iran<\/a> und Saudi-Arabien) um Freiheit und Gleichberechtigung gegen den Hijab als Symbol der Unterdr\u00fcckung k\u00e4mpfen<br \/>\n.<br \/>\n<strong>In Utrecht\/NL<\/strong> hat der t\u00fcrkischst\u00e4mmige G\u00f6kmen Tanis (37) am 18.3.2019 in einer Strassenbahn &#8222;Allahu akbar&#8220; rufend geschossen: 3 Tote und 3 Schwerverletzte. Tanis wurde wegen IS-Kontakten beobachtet und ist nun wegen Terrorismus und Mord angeklagt. Die deutschen Medien meldeten zun\u00e4chst: Beziehungstat (Verwandte in der Straba) eines Einzelnen, die nicht politisch instrumentalisiert oder zum Pauschalverdacht missbraucht werden d\u00fcrfe. Der Anschlag h\u00e4tte nix mit nichts zu tun.<br \/>\n.<br \/>\n<strong>In <a title=\"Christchurch\" href=\"https:\/\/www.freiburg-schwarzwald.de\/blog\/religion\/islam\/terror\/christchurch\/\">Christchurch\/NZ<\/a><\/strong> hat der Australier Brenton Tarrant (28) in einer Moschee grausam um sich geschossen: 50 Tote und mindestens so viele Schwerverletzte. Zudem hat er das furchbare Massaker gefilmt und das Video onlne gestellt. Die Medien begannen hemmungslos zu instrumentalisieren, zu pauschalisieren und Ge\u00adneralverdachte auszusprechen.<br \/>\nDer T\u00e4ter von Christchurch bezeichnete sich als \u201eEthno-Nationalist\u201c, \u201eSozialist\u201c und \u201e\u00d6kofaschist\u201c. In seinem Manifest gibt er vor, f\u00fcr \u201eArbeiterrechte\u201c bzw. \u201eUmweltschutz\u201c zu k\u00e4mpfen und bekundet seinen Hass auf Moslems und Juden.<br \/>\nDie deutschen Medien verk\u00fcrzen den Standort des Massenm\u00f6rders auf \u201erechtsextrem\u201c und instrumentalisieren bzw. sprachen Generalverdachte aus, z.B.:<br \/>\nDass die AfD \u201eerst\u201c zwei Stunden nach der Tat Stellung genommen habe, erkl\u00e4rt NTV zum \u201evielsagenden Schweigen\u201c mit \u201eunmissverst\u00e4ndlicher Botschaft\u201c. Dass Kanzlerin Angela Merkel auf das Massaker vom Berliner Breitscheidplatz im Dezember 2016 erst nach langer Zeit reagiert hat, f\u00fchrte zu keinen solchen Unterstellungen. Die taz weist der deutschen Rechten gar eine direkte Mitschuld am Christchurch-Terror vor. Zwei Pobleme:<br \/>\n,.<br \/>\n1) Deutsche Leitmedien berichten \u00fcber Terroranschl\u00e4ge mit muslimischen T\u00e4tern und christlichen Opfern v\u00f6llig anders, als \u00fcber Terroranschl\u00e4ge mit christlichen T\u00e4tern und muslimischen Opfern. Der Unterschied in der Berichterstattung (zuletzt zu Utrecht und Christchurch) k\u00f6nnte gr\u00f6\u00dfer kaum sein. Eine Erkl\u00e4rung f\u00fcr diese konsequent ungleiche Berichterstattung dr\u00e4ngt sich regelrecht auf: Ein ideologisch motivierter Rassismus, der tief im linken Mainstream verwurzelt ist.<br \/>\n2) Dushan Wegner hatte nach dem Anschlag auf die <a title=\"Christchurch\" href=\"https:\/\/www.freiburg-schwarzwald.de\/blog\/religion\/islam\/terror\/christchurch\/\">Moschee in Christchurch<\/a> gewarnt: &#8222;Wer Zitate aus dem Manifest nutzt, um auf den politischen Gegner einzuschlagen und die Spaltung der Gesellschaft voranzutreiben, der vollendet ein St\u00fcck weit das eigentliche Werk des M\u00f6rders.&#8220; Genau dies geschieht: In der T\u00fcrkei zeigt Pr\u00e4sident Erdogan das furchtbare Mord-Video im Wahlkampf seiner islamischen AKP auf Gro\u00dfleinwand. Hierzulande zitieren linke Medien aus dem wirren Manifest des Massenm\u00f6rders.<br \/>\n24.3.2019<br \/>\n.<br \/>\n<strong><br \/>\nUtrecht: Die niederl\u00e4ndischen Opfer des &#8222;Allahu Akbar&#8220;-Rufers<br \/>\n<\/strong>Durch die Sch\u00fcsse kamen eine 19 Jahre alte Frau aus Vianen und zwei M\u00e4nner im Alter von 28 und 49 Jahren ums Leben. Ausserdem wurden drei Personen schwer verletzt: eine 20 Jahre alte Frau aus Utrecht, ein 74 Jahre alter Mann aus dem Ort De Meern und eine 21 Jahre alte Frau aus Nieuwegein.<br \/>\n&#8230; Alles vom 19.3.2019 bitte lesen auf<br \/>\n<a href=\"https:\/\/www.nzz.ch\/panorama\/niederlande-moeglicher-terroranschlag-in-utrecht-fordert-tote-ld.1468031?mktcid=nled&amp;mktcval=107&amp;kid=_2019-3-20\">https:\/\/www.nzz.ch\/panorama\/niederlande-moeglicher-terroranschlag-in-utrecht-fordert-tote-ld.1468031?mktcid=nled&amp;mktcval=107&amp;kid=_2019-3-20<\/a><\/p>\n<p><strong>Schweigeminuten in Neuseeland<\/strong><br \/>\nNeuseeland hat am Freitag 22.3.2019 mit zwei Schweigeminuten der 50 Todesopfer des rassistisch motivierten Anschlags auf zwei Moscheen in der Stadt Christchurch gedacht. In weiten Teilen des Landes stand von 13.32 Uhr bis 13.34 Uhr (Ortszeit) das Leben still.<br \/>\n&#8230;.<br \/>\nDie Trauerzeremonie in <a title=\"Christchurch\" href=\"https:\/\/www.freiburg-schwarzwald.de\/blog\/religion\/islam\/terror\/christchurch\/\">Christchurch<\/a> hatte mit dem traditionellen Ruf zum Gebet begonnen. Der Imam der Al-Nur-Moschee, Gamal Fouda, mahnte, das Massaker sei \u00abnicht \u00fcber Nacht gekommen\u00bb. \u00abDas war das Ergebnis von antimuslimischer Rhetorik von einigen politischen F\u00fchrern, von Medienagenturen und von anderen\u00bb, sagte der Geistliche weiter. Die rassistische Theorie einer \u00abweissen \u00dcberlegenheit\u00bb sei eine grosse Gefahr f\u00fcr die gesamte Menschheit. \u00abDas muss beendet werden.\u00bb<br \/>\n&#8230; Alles vom 22.3.2019 bitte lesen auf<br \/>\n<a href=\"https:\/\/www.nzz.ch\/international\/neuseeland-gedenkt-der-opfer-des-anschlags-von-christchurch-ld.1469200?mktcid=nled&amp;mktcval=107&amp;kid=_2019-3-22\">https:\/\/www.nzz.ch\/international\/neuseeland-gedenkt-der-opfer-des-anschlags-von-christchurch-ld.1469200?mktcid=nled&amp;mktcval=107&amp;kid=_2019-3-22<\/a><\/p>\n<p><strong>Medien geben AfD Mitschuld am Christchurch-Terror<\/strong><br \/>\nAusgerechnet jene, die stets vor der Instrumentalisierung des islamistischen Terrors warnen, beklagen nun lauthals die geistige Brandstiftung Rechter<br \/>\nRassismus darf nirgendwo auf der Welt einen Platz haben. Ebenso wenig wie Islamismus oder andere Formen extremistischen Gedankenguts. Es ist deshalb folgerichtig, dass hierzulande alle politischen Parteien die Bluttat von Christchurch verurteilen. Dabei f\u00fchlt man sich gen\u00f6tigt zu erw\u00e4hnen, dass auch die AfD dies am Freitag in einer eindeutigen Stellungnahme getan hat. Um das Massaker f\u00fcr den \u201eKampf gegen rechts\u201c auszuschlachten, wird hier und da wahrheitswidrig der Eindruck erweckt, die Partei habe geschwiegen. Medien am linken Rand geben der AfD gar unverbl\u00fcmt eine Mitschuld an der Eskalation des Terrors. Dass ein Vertreter der Partei umgekehrt die Klimaschutzbewegung rund um Greta f\u00fcr das Massaker verantwortlich macht, weil sich der T\u00e4ter als fanatischer Umweltsch\u00fctzer geoutet hat, ist allerdings ebenso grotesk.<br \/>\n.<br \/>\nDer Hass des australischen Extremisten geht viel tiefer, als dass er durch aktuelle politische Str\u00f6mungen motiviert w\u00e4re. Genau das versucht jedoch die \u201etaz\u201c zu suggerieren. Unter dem Titel \u201eVollstrecker einer Ideologie\u201c stellt sie die \u201eNeurechten\u201c, die sie bewusst in einem Atemzug mit Rechtsextremisten nennt, als Urheber einer Entwicklung dar, die zu den Morden von Christchurch gef\u00fchrt habe. Ausgerechnet jene Journalisten, die nach islamistischen Anschl\u00e4gen gebetsm\u00fchlenartig vor der Instrumentalisierung des Terrors warnen und sich verbitten, die Morde im Namen des Propheten in irgendeinen Zusammenhang mit dem Islam selbst zu bringen, k\u00f6nnen nun nicht laut genug beklagen, dass der Terror von Christchurch das Ergebnis der geistigen Brandstiftung rechter Politiker und ihrer Anh\u00e4nger sei. Widerlicher geht es nicht.<br \/>\n&#8230;. Alles vom 19.3.2019 bitte lesen auf<br \/>\n<a href=\"https:\/\/www.theeuropean.de\/ramin-peymani\/15559-medien-geben-afd-mitschuld-am-christchurchterror\">https:\/\/www.theeuropean.de\/ramin-peymani\/15559-medien-geben-afd-mitschuld-am-christchurchterror<\/a><\/p>\n<p>&nbsp;<\/p>\n<p><strong>Christchurch und Utrecht &#8211; in der journalistischen Argumentation der FAZ<em><br \/>\n&#8222;Die Tat von Christchurch ist kein Verbrechen in einem fernen Land, das nichts mit uns zu tun hat:<br \/>\nIn allen westlichen Gesellschaften gedeiht die Islamfeindlichkeit.<br \/>\nDas hat auch viel mit Stimmungsmache von Politikern zu tun\u201c<\/em><\/strong> &#8211;<br \/>\nso Andreas Ross in der FAZ: <a href=\"https:\/\/www.faz.net\/aktuell\/politik\/ausland\/anschlag-in-neuseeland-toedliche-islamfeindlichkeit-kommetar-16091707.html\">https:\/\/www.faz.net\/aktuell\/politik\/ausland\/anschlag-in-neuseeland-toedliche-islamfeindlichkeit-kommetar-16091707.html<\/a>. Ross schreibt also denselben Unsinn, den auch der t\u00fcrkische Pr\u00e4sident Erdogan verbreitet. Mit dem einzigen Unterschied, dass Erdogan auf seinen Wahlveranstaltungen hierzu noch das furchbare Manifest per Video abspielen l\u00e4\u00dft.<\/p>\n<p>Was wohl w\u00fcrde der FAZ-Journalist Ross zu Utrecht schreiben?<br \/>\nUtrecht <em>\u201eist kein Verbrechen in einem fernen Land, das nichts mit uns zu tun hat:<br \/>\nIn allen westlichen Gesellschaften gedeiht der aggressive Islam.<br \/>\nDas hat auch viel mit Stimmungsmache von Politikern zu tun\u201c?<\/em><br \/>\nDoch wohl eher nicht.<br \/>\nAn diesem Beispiel ist ersichtlich, wie einseitig und scheinheilig die Mainstream-Medien Terroranschl\u00e4ge oftmals beurteilen &#8211; je nachdem, ob der T\u00e4ter irgendwie &#8218;passt&#8216;.<br \/>\n26.3.2019<\/p>\n<p><strong>Islamfeindlichkeit im Westen kommt nicht durch Stimmungsmache von Politikern<\/strong><br \/>\n<em>&#8222;Das hat viel mit Stimmungsmache von Politikern zu tun&#8220;<\/em> &#8211; hier irrt Ross in der FAZ (s.o.):<br \/>\nSchon Anfang 1998 kam eine Umfrage des Spiegel Special \u00fcber die Akzeptanz verschiedener Religionen zu dem Ergebnis, dass die &#8222;Muslime auf die gr\u00f6\u00dften Vorbehalte sto\u00dfen&#8220;. \u00dcber die H\u00e4lfte der 1000 Befragten \u00e4u\u00dferten sich dem Islam gegen\u00fcber ablehnend. Viele Studien erkennen sogar ein &#8222;Feindbild Islam&#8220; in der deutschen \u00d6ffentlichkeit.<br \/>\nNach einer Allensbach-Studie von 2014 ist das Bild vom Islam schon seit langem stark von den Assoziationen Gewaltbereitschaft, Intoleranz und Fanatismus gepr\u00e4gt und nicht von Friedfertigkeit oder Achtung der Menschenw\u00fcrde.<br \/>\nNach Studie der Uni M\u00fcnster meinen 73% der Gesamtbev\u00f6lkerung, der Islam passe nicht in die westliche Welt.<br \/>\nDass Muslimen die Zuwanderung nach Deutschland verwehrt werden sollte. meinen nach der Mitte-Studie der UNI-Leipzig 2018<br \/>\nOst 51%<br \/>\nWest 42%<br \/>\nDie Islamfeindlichkeit resultiert aus dem Verhalten der Muslime und der Schreckensherrschaft des IS und nicht aus der Stimmungsmache von Politikern! Es schweigen nicht mehr alle L\u00e4mmer!<br \/>\n16.3.2019, G.W., FAZO<\/p>\n","protected":false},"excerpt":{"rendered":"<p>Wenn ein Muslim einen oder mehrere Nicht-Muslime ermordet (wie zuletzt in Utrecht), wird vor Hass gegen Muslime gewarnt \u2013 und wenn es andersherum passiert (wie zuletzt in Christchurch), dann ebenso. Terror ist furchtbar und zu verurteilen, aber er wird niemals &hellip; <a href=\"https:\/\/www.freiburg-schwarzwald.de\/blog\/utrecht-christchurch-opfer\/\">Weiterlesen <span class=\"meta-nav\">&rarr;<\/span><\/a><\/p>\n","protected":false},"author":2,"featured_media":0,"comment_status":"open","ping_status":"closed","sticky":false,"template":"","format":"standard","meta":{"footnotes":""},"categories":[210,14,162,80,19],"tags":[732,421,656,623],"class_list":["post-71417","post","type-post","status-publish","format-standard","hentry","category-gewalt","category-global","category-internet","category-medien","category-religion","tag-gewalt","tag-islam","tag-mord","tag-moschee"],"_links":{"self":[{"href":"https:\/\/www.freiburg-schwarzwald.de\/blog\/wp-json\/wp\/v2\/posts\/71417","targetHints":{"allow":["GET"]}}],"collection":[{"href":"https:\/\/www.freiburg-schwarzwald.de\/blog\/wp-json\/wp\/v2\/posts"}],"about":[{"href":"https:\/\/www.freiburg-schwarzwald.de\/blog\/wp-json\/wp\/v2\/types\/post"}],"author":[{"embeddable":true,"href":"https:\/\/www.freiburg-schwarzwald.de\/blog\/wp-json\/wp\/v2\/users\/2"}],"replies":[{"embeddable":true,"href":"https:\/\/www.freiburg-schwarzwald.de\/blog\/wp-json\/wp\/v2\/comments?post=71417"}],"version-history":[{"count":0,"href":"https:\/\/www.freiburg-schwarzwald.de\/blog\/wp-json\/wp\/v2\/posts\/71417\/revisions"}],"wp:attachment":[{"href":"https:\/\/www.freiburg-schwarzwald.de\/blog\/wp-json\/wp\/v2\/media?parent=71417"}],"wp:term":[{"taxonomy":"category","embeddable":true,"href":"https:\/\/www.freiburg-schwarzwald.de\/blog\/wp-json\/wp\/v2\/categories?post=71417"},{"taxonomy":"post_tag","embeddable":true,"href":"https:\/\/www.freiburg-schwarzwald.de\/blog\/wp-json\/wp\/v2\/tags?post=71417"}],"curies":[{"name":"wp","href":"https:\/\/api.w.org\/{rel}","templated":true}]}}