{"id":71378,"date":"2019-03-21T20:43:33","date_gmt":"2019-03-21T19:43:33","guid":{"rendered":"https:\/\/www.freiburg-schwarzwald.de\/blog\/?p=71378"},"modified":"2019-03-21T20:43:33","modified_gmt":"2019-03-21T19:43:33","slug":"no-fake-gcm-doch-verbindlich","status":"publish","type":"post","link":"https:\/\/www.freiburg-schwarzwald.de\/blog\/no-fake-gcm-doch-verbindlich\/","title":{"rendered":"No Fake: GCM doch verbindlich"},"content":{"rendered":"<p>Im Herbst 2018 verk\u00fcndeten Bundestag, Au\u00dfenministerium, die Kanzlerin und die Medien den besorgten B\u00fcrgern unisono, der <a title=\"Global-Migration\" href=\"https:\/\/www.freiburg-schwarzwald.de\/blog\/global\/globalisierung\/global-migration\/\">Migrationspakt<\/a> <a title=\"Eine Einladung an alle: der GCM\" href=\"https:\/\/www.freiburg-schwarzwald.de\/blog\/eine-einladung-an-alle-der-gcm\/\">GCM<\/a> (Global Compact for Migration) sei <a title=\"V\u00f6lkerrechtliche Wirkungen\" href=\"https:\/\/www.freiburg-schwarzwald.de\/blog\/voelkerrechtliche-wirkungen\/\">rechtlich unverbindlich<\/a> f\u00fcr unser Land. Sogar Stephan Harbarth (CDU), heute oberster Richter am Bundesverfassungsgericht, sprach von einem <em>&#8222;Pakt, der zu nichts verpflichtet\u201c<\/em>. <a title=\"Palmer: Migrationspakt so nicht\" href=\"https:\/\/www.freiburg-schwarzwald.de\/blog\/palmer-migrationspakt-so-nicht\/\">Kritiker<\/a>, auch solche von der <a title=\"AfD\" href=\"https:\/\/www.freiburg-schwarzwald.de\/blog\/vereine\/partei\/afd\/\">AfD<\/a>, wurden der L\u00fcge bezichtigt, <!--more-->der SPD-MdB Johannes Kahrs voller Hass im Parlament <em>&#8222;Sie von der AfD verbreiten <a title=\"Fake-News\" href=\"https:\/\/www.freiburg-schwarzwald.de\/blog\/kultur\/medien\/fake-news\/\">Fake-News<\/a>&#8222;<\/em>. Nun erweist sich, dass umgekehrt der B\u00fcrgerschaft von Politik wie <a title=\"Mainstream\" href=\"https:\/\/www.freiburg-schwarzwald.de\/blog\/kultur\/medien\/mainstream\/\">Mainstream-Medien<\/a> gezielt und vors\u00e4tzlich <a title=\"Ehrlichkeit\" href=\"https:\/\/www.freiburg-schwarzwald.de\/blog\/engagement\/zukunft\/ehrlichkeit\/\">L\u00fcgen<\/a> bzw. Fake-News aufgetischt worden sind.<br \/>\nDenn ein vom 1.2.2019 datiertes Schriftst\u00fcck \u201eThe legal effects of he adoption of he Global Compact for Safe, Oderly and Regular Migration (CGM) by the UN General Assembly\u201c, verfasst von vier hochrangigen EU-Beamten (Aktenzeichen \u201esj.i(2019)691461 LG\/sa\u201c), besagt, dass der GCM nicht &#8222;<a title=\"\u00d6sterreich ist frei \u2013 gegen GCM\" href=\"https:\/\/www.freiburg-schwarzwald.de\/blog\/oesterreich-ist-frei-gegen-gcm\/\">Soft Law<\/a>&#8222;, sondern &#8222;Hard Law&#8220; ist, d.h. l\u00e4ngst EU-Recht und als solches f\u00fcr die Mitgliedsl\u00e4nder verbindlich ist.<br \/>\nWem\u00a0kann man denn noch Glauben schenken? Regierung? Angeordneten? Medien? NGO&#8217;s?<br \/>\n21.3.2019<br \/>\n.<\/p>\n<p><strong>Der unverbindliche Migrationspakt &#8211; pl\u00f6tzlich doch verbindlich<\/strong><br \/>\n<em>Nun haben wir es amtlich. Nicht TE und Co. waren es, die FakeNews verbreiteten \u2013 es ist die Bundesregierung mit ihren amtlichen und halbamtlichen Unterst\u00fctzern in Parlamenten, Medien und NGO, die ein ph\u00e4nomenales L\u00fcgengeb\u00e4ude aus Nebelkerzen aufgebaut hat.<\/em><br \/>\n&#8230;.<br \/>\nSchlie\u00dflich, so die Quintessenz, sei all das, was im UN-Migrationsrecht als V\u00f6lkerrecht beschlossen wurde, l\u00e4ngst geltendes EU-Recht. Um diese Position zu untermauern, zitieren die EU-Juristen weiterhin aus verschiedenen Beschl\u00fcssen des EuGH, die alle auf eines hinauslaufen: Der Widerspruch einiger EU-L\u00e4nder gegen den Globalen Migrationspakt habe keinerlei Konsequenz \u2013 auch nicht f\u00fcr jene EU-L\u00e4nder, die den Pakt ablehnen. So stellen die Autoren in ihren Punkten 36 folgende dann auch fest: \u201eIn Hinblick auf das zuvor Erl\u00e4uterte ist festzustellen, dass der GCM in diese (Anmerkung: der EU) Politik f\u00e4llt. <em><strong>Die Annahme des GCM hat rechtliche Auswirkungen auf die EU-Entwicklungspolitik<\/strong><\/em>.\u201c Sein Einfluss auf die bestehende und k\u00fcnftige Gesetzgebung der EU sei daher und im Sinne der EU-Beschlusslage zwangsl\u00e4ufig. Zusammenfassend stellen die Autoren fest: \u201eDas bedeutet, dass der Migrationspakt integraler Bestandteil der EU-Positionen zur Entwicklungszusammenarbeit ist, wie dieser sich am gesetzlichen EU-Rahmen beteiligt.\u201c Insofern sei in \u00dcbereinstimmung mit den Prinzipien der EU-Staaten nun daf\u00fcr zu sorgen, dass der Migrationspakt in allen EU-L\u00e4ndern erf\u00fcllt werden.<br \/>\n&#8230;. Alles vom 21.3.2019 bitte lesen auf<br \/>\n<a href=\"https:\/\/www.tichyseinblick.de\/kolumnen\/spahns-spitzwege\/der-unverbindliche-migrationspakt-ploetzlich-doch-verbindlich\/\">https:\/\/www.tichyseinblick.de\/kolumnen\/spahns-spitzwege\/der-unverbindliche-migrationspakt-ploetzlich-doch-verbindlich\/<\/a><\/p>\n<p><strong>Der Migrationspakt hebelt die Nationen aus<\/strong><br \/>\nEin Freund aus \u00d6sterreich hatte mich in den vergangen Tagen darauf aufmerksam gemacht, weil es dort schon in die Diskussion geraten war. Die Fassungslosigkeit steht jedem ins Gesicht geschrieben. Bemerkenswert ist, dass nicht nur die Gefahr einer schleichenden Wirksamkeit durch die Gerichtsurteile bef\u00fcrchtet wurde (und drohte), sondern dass praktisch bereits vorhandene EU-Rechtsgrundlagen auf UN-Ebene gehoben wurden, was vollkommen verschwiegen wurde. Ich m\u00f6chte also sagen: Es ist nicht nur eine L\u00fcge aufgetischt, sondern im Wissen vors\u00e4tzlich get\u00e4uscht worden.<br \/>\nDer Migrationspakt ist, und das sollte sich jeder hinter die L\u00f6ffel schreiben, das Werkzeug, die Nationen als solche auszuhebeln und auszuschalten, weil sich mittel- bis langfristig die Frage der Identit\u00e4ten erledigt (und erledigen soll, das muss jetzt unterstellt werden). Ich wei\u00df nicht, ob es ver\u00f6ffentlichungsf\u00e4hig ist, aber ich bin der Meinung: Es ist nichts anderes als ein Staatsstreich von oben. Hatte man bisher die Hoffnung, dass die Ablehner, Enthalter und Verweigerer die Sache wenigstens f\u00fcr sich blockieren k\u00f6nnten, so wird man jetzt eines Besseren belehrt. Wenn wir, was uns betrifft, in Deutschland keine Regierung finden, die sich dem entgegen stellt, die den offenen Konflikt sucht und aush\u00e4lt, vielleicht mit dem einen oder anderen zusammen, dann war\u2019s das. Das muss jedem ab heute klar sein. Ungarn hat sich schon exponiert, jetzt bin ich auf die Reaktionen der anderen Neinsager und Kritiker gespannt, gerade im Hinblick auf die Europawahlen.<br \/>\n21.3.2019, H.ST, TO<br \/>\n.<br \/>\n<strong>B\u00fcrger werden von der eigenen Regierung belogen &#8211; ein Video bitte<\/strong><br \/>\nIch f\u00e4nde ein Video sch\u00f6n, das die zahllosen Versicherungen der Rechtsunverbindlichkeit des Paktes vor der Annahme aneinanderreiht. &#8230;. Vielleicht ist da jemand videotechnisch fit? Bitte auch unbedingt die Namen und Funktionen der diese grobe Unwahrheit \u00c4ussernden in roten Lettern einblenden. So dreist sollte man in einer Demokratie den B\u00fcrgern nicht ungestraft ins Gesicht l\u00fcgen k\u00f6nnen.<br \/>\n21.3.2019, M.KH.<br \/>\n.<br \/>\n<strong>Will das\u00a0Wahlvolk\u00a0denn belogen werden<\/strong><br \/>\nEs ist v\u00f6llig egal ob ein wenig geflunkert oder sonstwas wurde, denn eins ist unumst\u00f6sslich Fakt, die Mehrheit des verbl\u00f6deten Wahlvolks will es genau so und nicht anders.<br \/>\n21.3.2019, Lazar<br \/>\n.<br \/>\n<strong>Juncker-Plakat?<\/strong><br \/>\nVielleicht kommt die \u201c Expertenkommission \u201c in der Sache EVP \/ Fidesz doch noch zu dem Schluss, dass das polemische Plakat der Fidesz, mit Juncker und Soros, doch nicht so ganz falsch war.<br \/>\n21.3.2019, B.K.<br \/>\n.<br \/>\n<strong>Kein Migrationspakt f\u00fcr das \u00fcberbev\u00f6lkerte Deutschland<\/strong><br \/>\nDeutschland ist bereits total \u00fcberbev\u00f6lkert, 231 Einwohner pro Quadrat-KM, das reicht von Mecklenburg-Vorpommern mit 70 bis ins Ruhrgebiet mit 1.100 Einwohnern pro Quadrat-KM, viel zu viel, um Menschen artgerecht leben zu lassen. Um ein Rentensystem zu promoten, welches darauf angewiesen ist, eine wachsende Bev\u00f6lkerung zu etablieren, wird man eine \u00f6kologische Katastrophe in Kauf nehmen, die mit einer t\u00e4glichen Versiegelung mehrerer Fu\u00dfballfelder auf unserem Territorium, l\u00e4ngst eingetreten ist. Hier mu\u00df man feststellen, sogenannte gr\u00fcne Politik in Deutschland ist alles, nur nicht gr\u00fcn. Wie viel Energie soll hier noch produziert -, M\u00fcll entsorgt, Land zu betoniert werden? In gut 30 Jahren sind die geburtenstarken Jahrg\u00e4nge weitestgehend tot. Dann ist die Alterspyramide wieder ganz gesund. Selbst dann werden wir die ges\u00fcndere Bev\u00f6lkerungsdichte Frankreichs von 103 Einwohnern pro Quadrat-KM nicht erreichen. Von daher ist es f\u00fcr jeden einzelnen B\u00fcrger \u00fcberdenkenswert, die Rentenl\u00fcgen und sonstigen Zuwanderungsunsinn in Frage zu stellen. Im Gegenteil, Deutschland braucht dringend Abwanderung.<br \/>\n21.3.2019, Lau, TO<\/p>\n","protected":false},"excerpt":{"rendered":"<p>Im Herbst 2018 verk\u00fcndeten Bundestag, Au\u00dfenministerium, die Kanzlerin und die Medien den besorgten B\u00fcrgern unisono, der Migrationspakt GCM (Global Compact for Migration) sei rechtlich unverbindlich f\u00fcr unser Land. Sogar Stephan Harbarth (CDU), heute oberster Richter am Bundesverfassungsgericht, sprach von einem &hellip; <a href=\"https:\/\/www.freiburg-schwarzwald.de\/blog\/no-fake-gcm-doch-verbindlich\/\">Weiterlesen <span class=\"meta-nav\">&rarr;<\/span><\/a><\/p>\n","protected":false},"author":2,"featured_media":0,"comment_status":"open","ping_status":"closed","sticky":false,"template":"","format":"standard","meta":{"footnotes":""},"categories":[195,155,80,172],"tags":[208,489,683,622,525],"class_list":["post-71378","post","type-post","status-publish","format-standard","hentry","category-eu","category-integration","category-medien","category-zukunft","tag-ehrlichkeit","tag-european-union","tag-luege","tag-migration","tag-politik"],"_links":{"self":[{"href":"https:\/\/www.freiburg-schwarzwald.de\/blog\/wp-json\/wp\/v2\/posts\/71378","targetHints":{"allow":["GET"]}}],"collection":[{"href":"https:\/\/www.freiburg-schwarzwald.de\/blog\/wp-json\/wp\/v2\/posts"}],"about":[{"href":"https:\/\/www.freiburg-schwarzwald.de\/blog\/wp-json\/wp\/v2\/types\/post"}],"author":[{"embeddable":true,"href":"https:\/\/www.freiburg-schwarzwald.de\/blog\/wp-json\/wp\/v2\/users\/2"}],"replies":[{"embeddable":true,"href":"https:\/\/www.freiburg-schwarzwald.de\/blog\/wp-json\/wp\/v2\/comments?post=71378"}],"version-history":[{"count":0,"href":"https:\/\/www.freiburg-schwarzwald.de\/blog\/wp-json\/wp\/v2\/posts\/71378\/revisions"}],"wp:attachment":[{"href":"https:\/\/www.freiburg-schwarzwald.de\/blog\/wp-json\/wp\/v2\/media?parent=71378"}],"wp:term":[{"taxonomy":"category","embeddable":true,"href":"https:\/\/www.freiburg-schwarzwald.de\/blog\/wp-json\/wp\/v2\/categories?post=71378"},{"taxonomy":"post_tag","embeddable":true,"href":"https:\/\/www.freiburg-schwarzwald.de\/blog\/wp-json\/wp\/v2\/tags?post=71378"}],"curies":[{"name":"wp","href":"https:\/\/api.w.org\/{rel}","templated":true}]}}