{"id":71086,"date":"2019-03-06T18:06:49","date_gmt":"2019-03-06T17:06:49","guid":{"rendered":"https:\/\/www.freiburg-schwarzwald.de\/blog\/?p=71086"},"modified":"2019-03-09T09:55:37","modified_gmt":"2019-03-09T08:55:37","slug":"gute-karneval-gesetz-fuer-2020","status":"publish","type":"post","link":"https:\/\/www.freiburg-schwarzwald.de\/blog\/gute-karneval-gesetz-fuer-2020\/","title":{"rendered":"Gute-Karneval-Gesetz fuer 2020"},"content":{"rendered":"<p>Gibt es nun passend zum <a title=\"Haltungsjournalismus\" href=\"https:\/\/www.freiburg-schwarzwald.de\/blog\/kultur\/medien\/journalismus\/haltungsjournalismus\/\">Haltungsjournalismus<\/a> auch einen <a title=\"Gesinnungsdiktatur\" href=\"https:\/\/www.freiburg-schwarzwald.de\/blog\/kultur\/medien\/gesinnungsdiktatur\/\">Haltungskarneval<\/a>? Oder warum ist anscheinend der Humor bei <a title=\"Narren\" href=\"https:\/\/www.freiburg-schwarzwald.de\/blog\/vereine\/narren\/\">Fasnacht<\/a> reglementiert: \u00dcber Frauen und M\u00e4nner darf man <a title=\"Satire\" href=\"https:\/\/www.freiburg-schwarzwald.de\/blog\/kultur\/kunst\/satire\/\">Witze<\/a> machen, \u00fcber Diverse nicht. \u00dcber Trump und AfD ja, \u00fcber <a title=\"Fridays For Future\" href=\"https:\/\/www.freiburg-schwarzwald.de\/blog\/fridays-for-future\/\">Greta<\/a> und gute <a title=\"NGO\" href=\"https:\/\/www.freiburg-schwarzwald.de\/blog\/vereine\/ngo\/\">NGO<\/a>&#8217;s nein. \u00dcber Christen und <a title=\"Juden\" href=\"https:\/\/www.freiburg-schwarzwald.de\/blog\/religion\/juden\/\">Juden<\/a> ja, \u00fcber <a title=\"Islam\" href=\"https:\/\/www.freiburg-schwarzwald.de\/blog\/religion\/islam\/\">Muslime<\/a> nicht. Bei Zuwiderhandlung droht der Shitstorm bis hin zum <a title=\"Islam-Fatwa\" href=\"https:\/\/www.freiburg-schwarzwald.de\/blog\/religion\/islam\/islam-fatwa\/\">&#8230;-Urteil<\/a>.<br \/>\n.<br \/>\n<!--more-->Den <a title=\"USA\" href=\"https:\/\/www.freiburg-schwarzwald.de\/blog\/global\/usa\/\">US-Pr\u00e4sidenten<\/a> als Kanalratte ers\u00e4ufen und die gr\u00f6\u00dfte Oppositionspartei als Nazi beschimpfen, das wird in Mainz, D\u00fcsseldorf und K\u00f6ln bejubelt. Das hat mit Fasnacht als Brauchtum nichts zu tun, wohl aber mit <a title=\"Konformismus\" href=\"https:\/\/www.freiburg-schwarzwald.de\/blog\/kultur\/medien\/political-correctness\/konformismus\/\">Konformismus,<\/a>\u00a0mit <a title=\"Zeitgeist\" href=\"https:\/\/www.freiburg-schwarzwald.de\/blog\/engagement\/zeitgeist\/\">Zeitgeist<\/a>?<br \/>\nDer <a title=\"Islam-Deutschland\" href=\"https:\/\/www.freiburg-schwarzwald.de\/blog\/religion\/islam\/islam-deutschland\/\">Islam geh\u00f6rt zu Deutschland<\/a>, genauso wie das Judentum und das Christentum. Letztere darf der Karnevalist mit Witz und Spott \u00fcberziehen, den Islam jedoch nicht &#8211; au\u00dfer er riskiert alles, wirklich alles. Da dem so ist, stimmt doch etwas mit der Logik nicht. Geh\u00f6rt der Islam also doch nicht zu Deutschland? Oder geh\u00f6rt der Karneval nicht mehr zu Deutschland?<\/p>\n<p>Fasnacht als Volksbrauchtum wird von Rotgr\u00fcn mi\u00dfbraucht, indem die Mittel des Humors und Spottes (Verfremdung, \u00dcbertreibung) zum <a title=\"Framing-Manual der ARD\" href=\"https:\/\/www.freiburg-schwarzwald.de\/blog\/framing-manual-der-ard\/\">Propaganda-Witz<\/a> verwendet werden, um L\u00fcgen \u00fcber den politischen Gegner als angeblich schmerzhafte Wahrheit zu verkaufen. Liquidiert die <a title=\"Political-Correctness\" href=\"https:\/\/www.freiburg-schwarzwald.de\/blog\/kultur\/medien\/political-correctness\/\">Politische Korrektheit<\/a> nun nach der Meinungsfreiheit auch noch die Narrenfreiheit?<br \/>\nHumor, Satire und auch Spott sind Fasnacht-Kulturg\u00fcter, die seit Urzeiten nur von &#8222;unten&#8220; nach &#8222;oben&#8220; wirken d\u00fcrfen, vom Gesellen gegen den Meister, von der Opposition gegen die Machthaber. <a title=\"Meinungsfreiheit\" href=\"https:\/\/www.freiburg-schwarzwald.de\/blog\/kultur\/medien\/meinungsfreiheit\/\">Narrenfreiheit<\/a> ist ein hohes Gut. Braucht es nach dem Gute-Kita-Gesetz\u00a0von Bundesjustizminierin Barley jetzt nicht auch ein Gute-Karneval-Gesetz, um diese Narrenfreiheit in der Kampagne 2020 wieder zu gew\u00e4hrleisten?<br \/>\n6.3.2019<br \/>\n.<\/p>\n<p><strong>Kanalratte Trump ertrinkt in Mainzer Kanalisation &#8211; Helau<\/strong><br \/>\n&#8222;Donald Trump, wer will\u2019s bestreiten, der gr\u00f6\u00dfte Schwindler aller Zeiten! Sadistisch, grausam, primitiv, sexistisch und auch aggressiv. Ein ganz gef\u00e4hrlicher Patron, \u2018ne widerw\u00e4rtige Person. Der Trump der ist nach meiner Kenntnis, f\u00fcr\u2019s wei\u00dfe Haus ein sehr blamables Missverst\u00e4ndnis. Und keiner, keiner bringt ihn zur R\u00e4son, die Kanalratte aus Washington. (Lachen im Saal)<br \/>\nAls George Bush, Sie wissen ja, vor Jahren zu Besuch hier war, hat man in Mainz, zuallermeist, Kanaldeckel all zugeschwei\u00dft. K\u00e4me Trump zu uns, verlasst euch drauf, wir machen alle Deckel auf. Der m\u00fcsste durch Mainz fahren, bitte sehr, bis er im Loch verschwunden w\u00e4re. Und wenn du aus dem Schacht dann h\u00f6rst, dass er laut ruft, America first!, dann m\u00fcssten wir alle vor Entz\u00fccken, in jedem Haus die Sp\u00fclung dr\u00fccken. Und steht ihm das Wasser bis zum Hals, hach, dann dankt man Mainz, und Rheinland-Pfalz, und im Kanal, die Rattenschar, die hat Besuch aus USA.&#8220; (Originalton auf swr.de, 1.3.2019)<br \/>\nKlatschen und Begeisterung im Saal, auch von der SPD-Ministerpr\u00e4sidentin aus RP und der CDU-Landwirtschaftsministerin aus B. Alle Fasenachter freuen sich \u00fcber so viel Kreativit\u00e4t und Witz auf der B\u00fchne &#8211; schlie\u00dflich alles migrationsfrei und halal, also PC-konform.<br \/>\nWann kommt der Humorw\u00e4chterrat?<br \/>\nAnnegret Kramp-Karrenbauer ger\u00e4t nach ihrem Auftritt beim Karneval in einen Entr\u00fcstungssturm, genau wie der Komiker Bernd Stelter. Ihre Witze waren zwar bieder, doch die Emp\u00f6rung dar\u00fcber ist albern. Deutschland hat offenbar ein Humorproblem. Woher kommt das?<br \/>\nKarneval ist die Zeit, in der die Deutschen keinen Spa\u00df verstehen. Diese Erfahrung musste nun die CDU-Vorsitzende Annegret Kramp-Karrenbauer machen. Sie witzelte beim \u201eStockacher Narrengericht\u201c, einer Faschingsveranstaltung in Baden-W\u00fcrttemberg, \u00fcber die Berliner \u201eLatte-Macchiato-Fraktion\u201c, die sich \u201eToiletten f\u00fcr das dritte Geschlecht\u201c ausgedacht habe. Dort k\u00f6nnten nun \u201eM\u00e4nner, die noch nicht wissen, ob sie noch stehen d\u00fcrfen beim Pinkeln oder schon sitzen m\u00fcssen\u201c, ihr Gesch\u00e4ft verrichten. Den Tatbestand der Intersexualit\u00e4t hat Kramp-Karrenbauer damit eher unzutreffend wiedergegeben. Gewiss aber hat sie sich nicht an der Menschenw\u00fcrde vergangen, hat sie nicht gehetzt, hielt keine Hasspredigt \u2013 und wie die grotesken Vorw\u00fcrfe alle hei\u00dfen, die nun auf \u201eAKK\u201c niederprasseln.<br \/>\n&#8230;. Alles vom 3.3.2019 von Alexander Kissler bitte lesen auf<br \/>\n<a href=\"https:\/\/www.cicero.de\/kultur\/karneval-akk-annegret-kramp-karrenbauer-witz-intersexuelle\/plus\">https:\/\/www.cicero.de\/kultur\/karneval-akk-annegret-kramp-karrenbauer-witz-intersexuelle\/plus<\/a><br \/>\n.<br \/>\n<strong>Menschen als Ratten zu bezeichnen, nein!<\/strong><br \/>\nAlso Herr Kissler, ich bin nicht links, liebe Kabarett und B\u00fcttenreden und vertrage auch einen derben Spa\u00df, selbst wenn er gegen meine politischen \u00dcberzeugungen gerichtet ist. Herrn Trump, er ist nicht mein Freund, versucht man (wer ist man?)eigentlich das ganze Jahr \u00fcber l\u00e4cherlich zu machen. Bei der Bezeichnung Kanalratte oder auch Ziegenficker f\u00fcr einen Menschen, ist f\u00fcr mich eine Grenze \u00fcberschritten.<br \/>\nSoweit darf man auch im Karneval nicht gehen. Gerade die f\u00fcr ihren Minderheiten- und gendergerechten-Sprachanspruch aktive SPD- F\u00fchrung lacht an dieser Stelle. Ein bekannter hochrangiger Journalist hat schon einmal in einer politischen Gespr\u00e4chsrunde &#8222;den Tod im wei\u00dfen Haus&#8220; herbeigew\u00fcnscht. Stellen Sie sich einmal vor, Herr Gauland h\u00e4tte im Karneval Elmar Brock als Kanalratte bezeichnet. Nazi w\u00e4re die harmloseste Bezeichnung f\u00fcr Herrn Gauland gewesen. In Mainz darf man das wohlgelitten. Nein, wer Menschen mit Ratten vergleicht greift in ein historisch vergiftete Kiste.<br \/>\n4.3.2019, J.K. CO<br \/>\n.<br \/>\n<strong>Kanalratte Trump<\/strong><br \/>\nMich w\u00fcrde es nicht wundern wenn die Kanalratte den Zoll f\u00fcr deutsche Autos auf 30% setzt. Unglaublich und das in den \u00d6\/R, mit Bildungsauftrag und h\u00f6chsten moralischen Anspr\u00fcchen (siehe Framing-Manual) im Land der Dichter und Denker.<br \/>\n4.3.2019, U..P. CO<br \/>\n.<br \/>\n<strong>Staatsfunk-Humor<\/strong><br \/>\n\u00bbGermany\u2019s next Merkelin\u00ab, Annegret Kramp-Karrenbauer, ist, warum auch immer, in der Weltmetropole Stockach am Bodensee als Karnevalsrednerin aufgetreten. Einer ihrer Witze ging so:<br \/>\n&#8222;Wer war denn von euch vor Kurzem mal in Berlin? Da seht ihr doch die Latte-Macchiato-Fraktion, die die Toiletten f\u00fcr das dritte Geschlecht einf\u00fchren. Das ist f\u00fcr die M\u00e4nner, die noch nicht wissen, ob sie noch stehen d\u00fcrfen beim Pinkeln oder noch sitzen m\u00fcssen. Daf\u00fcr, dazwischen, ist diese Toilette.&#8220; (welt.de, 3.3.2019) &#8230;.<br \/>\nInsofern verwundert es wenig, dass Linke den Witz von AKK missverstanden: Im AKK-Witz geht es im Kern nicht ums \u00bbDritte Geschlecht\u00ab, sondern um verunsicherte M\u00e4nnlichkeit. Wer meint, AKK habe sich \u00fcber das Dritte Geschlecht lustig gemacht, der hat ernste M\u00e4ngel beim Sprachverst\u00e4ndnis \u2013 oder ist einfach emp\u00f6rungsgeil.<br \/>\n&#8230; Alles vom 3.3.2019 bitte lesen auf<br \/>\n<a href=\"https:\/\/dushanwegner.com\/staatsfunk-humor\/?mc_cid=4285e329b2&amp;mc_eid=d266be022a\">https:\/\/dushanwegner.com\/staatsfunk-humor\/?mc_cid=4285e329b2&amp;mc_eid=d266be022a<\/a><\/p>\n<p><strong>Goebbels in D\u00fcsseldorf<\/strong><br \/>\nARD-Moderator Sven Lorig stellt in seiner Livemoderation zum Rosemmontagsumzug in D\u00fcsseldort (bei 1:03:20 Stunden) H\u00f6cke als \u201eth\u00fcringischen SPD-Chef\u201c &#8211; ein Freud&#8217;scher Versprecher &#8211; vor):<br \/>\n\u201eUnd das hier ist der geheime Mottowagen, der absolut geheime Wottolagen: Joseph Goebbels tr\u00e4gt ein Baby in den H\u00e4nden und das ist Bj\u00f6rn H\u00f6cke. Dieser Wagen wird sicherlich f\u00fcr Aufregung sorgen.<br \/>\nDer th\u00fcringische SPD-Chef, der ja im Verfassungsschutz-Gutachten, wobei bei \u00fcber 400 Seiten allein 50 Seiten \u00fcber ihn sind. 608 Mal kommt der Name insgesamt vor. Und gerade bei ihm und seinem Umfeld bef\u00fcrchtet der Geheimdienst massiven Rassismus. \u00c4hm, ja\u2026 NRWs Innenminister Herbert Reul sagte, die AfD muss nun Farbe bekennen, ob ihre Partei einfach nur blau oder nicht schon braun ist. Joseph Gobbels h\u00e4lt ein kleines Baby in den H\u00e4nden, Bj\u00f6rn H\u00f6cke. Ich meine im Netz finden sich ja schon Quiz-Spiele zu Zitaten, wer hats gesagt: H\u00f6cke oder Hitler?<br \/>\n&#8230; Alles vom 3.3.2019 bitte anschauen auf<br \/>\n<a href=\"https:\/\/www.daserste.de\/unterhaltung\/boulevard\/karneval-im-ersten\/videos\/rosenmontagszug-duesseldorf-2019-video-100.html\">https:\/\/www.daserste.de\/unterhaltung\/boulevard\/karneval-im-ersten\/videos\/rosenmontagszug-duesseldorf-2019-video-100.html<\/a><\/p>\n<p><strong>Fasnacht pervers: Kritik von oben nach unten<\/strong><br \/>\nGanz billige Pervertierung des Karnevals. Warum? Narrenfreiheit macht nur Sinn, wenn sie die Herrschenden kritisiert. Wenn die Herrschenden den Karneval so offen zur eigenen Propaganda benutzen, ist das seine Pervertierung. Das hat \u00fcbrigens auch Herr Goebbels so praktiziert. Diese Methoden sind so schlecht, dass es eigentlich sogar der D\u00fcmmste merken m\u00fcsste.<br \/>\n4.3.2019, S.D,<br \/>\n.<br \/>\nKarneval ist Karneval. Da ist Humor gefragt und da ist eben vieles erlaubt. Das gilt f\u00fcr den H\u00f6cke-Wagen genauso wie f\u00fcr Karrenbauers Joke \u00fcber das Dritte Geschlecht. Wer im Karneval nur mit dem Humor eines Totengr\u00e4bers heruml\u00e4uft, sollte besser zuhause bleiben. Und zu Herrn H\u00f6cke ein Wort von Helmut Kohl: \u201eWenn du der Hahn auf dem Kirchturm sein willst, dann mu\u00dft du es auch aushalten, dass dir der Wind um die Ohren pfeift.\u201c Dieses weinerliche Getue um den H\u00f6cke-Wagen ist wirklich mehr als peinlich. Ein wenig mehr St\u00e4rke h\u00e4tte ich von dem m\u00e4nnlichen Geschlecht schon erwartet. Oder hat man euch auch schon \u201egegendert\u201c?<br \/>\n4.3.2019, O.S.<br \/>\n.<br \/>\n<strong>Interreligi\u00f6ser Karnevalswagen in D\u00fcsseldorf vor dem Start<\/strong><br \/>\nMit Toleranz zur Akzeptanz. Am Montag ist Premiere: Der Toleranzwagen von Juden, Muslimen, Katholiken und Protestanten rollt im D\u00fcsseldorfer Rosenmontagszug. Er soll ein Zeichen gegen Extremismus und Spaltung sein. Helau! Schalom! Salam! So k\u00f6nnte es klingen, wenn der Toleranzwagen an Rosenmontag durch D\u00fcsseldorfs Stra\u00dfen f\u00e4hrt. &#8222;So schwer machen wir es den Zuschauern nicht&#8220;, sagt der Initiator des Wagens, Michael Szentei-Heise. Die interreligi\u00f6sen Jecken h\u00e4tten sich auf das karnevalistische &#8222;D\u00fcsseldorf Helau&#8220; geeinigt. &#8222;Es entspricht auch der Botschaft, die wir mit unserem Gef\u00e4hrt vermitteln wollen&#8220;, betont der 64-J\u00e4hrige. Eigentlich h\u00e4tte der Titel &#8222;Akzeptanz-Wagen&#8220; hei\u00dfen m\u00fcssen, so der Initiator. &#8222;Aber nicht so viele Schritte auf einmal&#8220;, sagt er und lacht. Der Wagen, entworfen von Jacques Tilly, zeigt einen Imam, eine evangelische Pastorin, einen katholischen Priester und einen j\u00fcdischen Rabbiner. &#8222;Ich habe das derzeitige politische Klima in Teilen der Gesellschaft aufgenommen, und dieses Zeichen f\u00fcr mehr Toleranz ist dabei herausgekommen&#8220;, erl\u00e4uterte der K\u00fcnstler.<br \/>\nDen Hintergrund zu der Vierergruppe bildet das Stadtbild von D\u00fcsseldorf, an dessen Himmel &#8222;Toleranz-Wagen&#8220; geschrieben steht. Vorbild daf\u00fcr sei das ber\u00fchmte Zitat &#8222;Mehr Demokratie wagen&#8220; von Bundeskanzler Willy Brandt (SPD) aus seiner Regierungserkl\u00e4rung von 1969. Die Kosten f\u00fcr den 16 Meter langen und etwa 4 Meter hohen Wagen beziffern die Initiatoren auf rund 65.000 Euro. Die eigens einberufene &#8222;Crowdfunding-Aktion&#8220; brachte laut Szentei-Heise, der auch Verwaltungsdirektor der j\u00fcdischen Gemeinde in D\u00fcsseldorf ist, rund 30.000 Euro ein. &#8222;Es ist sehr schade, dass diese wunderbare Aktion nicht rein aus Spenden finanziert werden konnte, denn gerade das w\u00e4re ein sch\u00f6nes Zeichen gewesen.&#8220; Den Restbetrag \u00fcbernehmen laut Szentei-Heise die beteiligten vier Religionsgemeinschaften zu gleichen Teilen. 32 Jecken wollen am Montag auf dem Toleranzwagen mitfahren.<br \/>\n&#8230; Alles vom 2.3.2019 bitte lesen auf<br \/>\n<a href=\"https:\/\/www.domradio.de\/themen\/judentum\/2019-03-04\/interreligioeser-karnevalswagen-duesseldorf-vor-dem-start\">https:\/\/www.domradio.de\/themen\/judentum\/2019-03-04\/interreligioeser-karnevalswagen-duesseldorf-vor-dem-start<br \/>\n<\/a>.<\/p>\n<p><strong>Die ARD versteht pl\u00f6tzlich Spa\u00df: Kanalratte Trump ers\u00e4ufen<\/strong><br \/>\nMail von XXX vom 2.3.2019 an die ARD:<br \/>\nIch bin kein Freund von Herrn Trump, aber der Reim, in welchen der B\u00fcttenredner Trump in einem Zusammenhang mit Ratten brachte, ist nicht nur geschmacklos, er ist historisch schwer belastet und v\u00f6llig inakzeptabel. Da h\u00f6rt der Spa\u00df auf. Stellen Sie sich bitte vor, ein AFD- Mitglied h\u00e4tte einen solchen Witz \u00fcber einen Politiker gemacht! Ich bin sehr ver\u00e4rgert und entt\u00e4uscht, denn das Publikum hat dr\u00fcber noch gelacht. Das ist genau so geschmacklos wie der Reim selbst.<br \/>\n&#8230;<br \/>\nAm 03.03.2019 schickte ihm die ARD-Programmdirektion folgende Antwort:<br \/>\nSehr geehrter Herr XXX,<br \/>\nvielen Dank f\u00fcr Ihre E-Mail und Ihr Interesse am Ersten. Wir bedauern, dass Sie sich durch die Karnevalssendung \u201eMainz bleibt Mainz, wie es singt und lacht\u201c in Ihrem Gerechtigkeitsgef\u00fchl und Ihren Vorstellungen von Anstand und Moral verletzt sehen. Die Sendung, die Sie kritisierten, ist als Satire und Karnevalssitzung angelegt. Zu den Eigenschaften dieses Genres geh\u00f6rt, bewusst Grenzen zu \u00fcberschreiten, um durch \u00dcberzeichnung auf bestimmte politische und gesellschaftliche Sachverhalte aufmerksam zu machen.<br \/>\n&#8230;<br \/>\nDaraufhin entgegnete unser Leser am 4.3.2019 (bislang ohne Antwort):<br \/>\nFrau Wollenweber,<br \/>\ndaf\u00fcr, dass Sie sich die M\u00fche gemacht haben auf meine Kritik zu antworten, will ich mich bedanken. Ich bin 67 Jahre alt, Ingenieur mit Hochschulabschluss, mag politisches Kabarett und auch B\u00fcttenreden sehr und kann \u00fcber einen derben Witz, auch wenn sein Ziel meine eigene politische \u00dcberzeugung w\u00e4re, durchaus lachen. Dies k\u00f6nnen Sie nat\u00fcrlich nicht wissen, deshalb nehme ich Ihnen die kurze Belehrung in Sachen Grundgesetz, Meinungsfreiheit, Zuspitzung und Satire auch nicht \u00fcbel. Aber, ich f\u00fchle mich doch missverstanden.<br \/>\n<strong><em>Menschen mit Ratten zu vergleichen, wurde in Deutschland im sogenannten dritten Reich, im Film, einer eigentlich k\u00fcnstlerischen Ausdrucksform dazu benutzt, Menschen, Juden, als minderwertig und unsauber zu diskreditieren<\/em><\/strong>. Damit wurde von den nationalsozialistischen Machthabern eine Saat in den Boden gepfl\u00fcgt, deren Keimen dazu diente, die Deutschen so zu manipulieren, das sie eine Bek\u00e4mpfung dieser Ratten, dieser Sch\u00e4dlinge und sogar deren Tod als gerechtfertigt und n\u00fctzlich empfinden.<br \/>\nDies wird oft, und auch zu Recht in den Sendungen und Filmen des \u00d6ffentlich-rechtlichen Funks verurteilt. Weil Sie doch sonst sehr auf einen korrekten Sprachgebrauch achten, bin ich \u00fcberrascht, dass Sie auf meine Kritik zwar h\u00f6flich, aber doch recht unber\u00fchrt antworteten.<br \/>\nAuf den letzten Absatz Ihrer Antwort m\u00f6chte ich gesondert eingehen. Ich bin ein m\u00fcndiger B\u00fcrger und Zuschauer und intelligent genug, um Nachrichten und Dokumentationen, aber auch eine satirische \u00dcberzeichnung von einer b\u00f6sen Diffamierung zu unterscheiden. Nehmen Sie mir diese Belehrung nicht \u00fcbel, sie dient einem guten Zweck; der Achtung der Menschenw\u00fcrde, auch von Menschen, die politische Ansichten haben, die Anderen wohlm\u00f6glich nicht gefallen.<br \/>\nFrau Wollenweber, ich erlaube mir, Ihre und meine Antwort \u00f6ffentlich zu machen.<br \/>\nIch gr\u00fc\u00dfe respektvoll, XXX<br \/>\n&#8230; Alles vom 5.3.2019 bitte lesen auf<br \/>\n<a href=\"https:\/\/www.achgut.com\/artikel\/die_ard_versteht_ploetzlich_spass\">https:\/\/www.achgut.com\/artikel\/die_ard_versteht_ploetzlich_spass<\/a><br \/>\n.<br \/>\n<strong>Bisher wurden die USA als \u201cBefreier\u201d gefeiert, nun &#8230;<\/strong><br \/>\nW\u00f6rtlich : &#8230; Donald Trump &#8230; , \u201cdie Kanalratte aus Washington\u201d , so w\u00fctete der erste B\u00fcttenredner Erhard Krohn (Nachname phonetisch )&#8230; zur fr\u00fchen (jugendfreien) Sendezeit gegen 20.35h im \u00f6ffentlich-rechtlichen, deutschen\u00a0Fernsehsender ARD &#8211; unter Beifallsbekundungen. Im gesetzlichem Staats- und Systemauftrag wurde die Sendung am Freitag, dem 1. 3. 2019, und an den folgenden Tagen als Wiederholung(en), in den ARD-Medien verbreitet. Derartiges wird nicht ohne sp\u00fcrbares Echo bleiben. Bisher wurden die USA als \u201cBefreier\u201d Dt.s von der National-Sozialistischen Herrschaft geehrt und gefeiert\u2026 . Verantwortlich f\u00fcr die Inhalte der ARD-Sendung(en) ist &#8230; ? Verantwortlich f\u00fcr die Etikettierung des USA-Pr\u00e4sidenten als \u201cKanalratte\u201d (!) im dt. (\u00f6ff.-rechtl. !) Staatsfernsehen ist &#8230; ?<br \/>\n5.3.2019, J., V., AO<br \/>\n.<br \/>\nGanz herzlichen Dank an den Achgut &#8211; Leser, der mir mit seiner Mail aus der Seele spricht! Der letzte Absatz der Mail von Frau Wollenweber trieft vor Arroganz! Das ist jedenfalls mein Empfinden. Ein Aufschrei der Emp\u00f6rung h\u00e4tte durch ALLE Medien erfolgen m\u00fcssen, als dieser aggressiv-agitatorische \u00e4ltere Hetzer (Ich benutze dieses Wort \u00e4u\u00dferst selten) im teuren Faschingskost\u00fcm (Er erinnerte mich stark an gewisse Leute aus beiden deutschen Diktaturen; die hatten allerdings meist andere Uniformen an) Trump und seine Leute mit Ratten verglichen hat &#8211; und wie man mit diesen Ratten umzugehen habe. Ich dachte, ich h\u00f6re\/sehe nicht recht! Und dann noch die d\u00fcmmlich- bl\u00f6den Klatscher! Nie &#8211; wirklich NIE &#8211; h\u00e4tte ich gedacht, dass in D so etwas wieder m\u00f6glich sein wird &#8211; offensichtlich ohne jede Konsequenz. Dass ich so etwas Abscheuliches wie diesen Herrn, der seinen Sinn f\u00fcr Humor und Satire ja auch im Fall von Frau von Storch bewiesen hat, durch meine Zwangsgeb\u00fchren finanzieren muss, macht aus dem latent vorhandenen Brechreiz deutlich mehr! Dass sich hingegen die Doppelnamenmerkelnachfolgerin \u00fcber den Genderwahnsinn lustig macht &#8211; das erregt die Gem\u00fcter! Allerdings &#8211; so denke ich &#8211; nur die einer verschwindend kleinen Minderheit, die sich mal wieder mit Hilfe der Medien aufplustert. Erinnert mich irgendwie an kleine unscheinbare Tiere, die nur durch Mimikri vort\u00e4uschen, gro\u00df, bedeutend und gef\u00e4hrlich zu sein. Der Name dieses B\u00fcttenredners ist mir momentan entfallen &#8211; ich werde ihn aber googlen und mich von den Erkenntnissen (nicht) \u00fcberraschen lassen. Wenn ich seinen Stil \u00fcbernehmen w\u00fcrde, empf\u00e4hle ich ihm, mitsamt seiner Redenschreiber den n\u00e4chsten Kanaldeckel in seiner Stadt zu lupfen und darunter auf Nimmerwiedersehen zu verschwinden. Aber nie &#8211; wirklich NIE w\u00fcrde ich so tief sinken, mich in dieser Art zu \u00e4u\u00dfern &#8211; und ich denke noch nicht einmal so &#8211; wobei mir garstige, h\u00e4ssliche, feindselige Gedanken keineswegs fremd sind.<br \/>\n5.3.2019, S.H., AO<br \/>\n.<br \/>\nRechtslage in der BRD: Wer Juden (und andere vom Mainstream als sch\u00fctzenswert erkl\u00e4rte Minderheiten) \u00f6ffentlich als Ratten bezeichnet, ist ein ganz Schlimmer und wird bestraft wegen Volksverhetzung nach \u00a7 130 StGB, wer aber das deutsche Volk oder seine Gruppen wie die AfD als Ratten (siehe auch den K\u00f6terrassenfall durch einen T\u00fcrken) bezeichnet, bleibt straffrei, denn letzteres k\u00f6nne juristisch angeblich keine Volksverhetzung sein, weil im Gegensatz zu Juden den Deutschen und der AfD ein klares gemeinsames Merkmal fehle.<br \/>\nWas f\u00fcr ein faktenfernes Konstrukt, intern ausgeheckt oder von der Politik so befohlen. Oberstaatsanwalt Galm, Frankfurt, in 1992: <strong><em>\u201cDas deutsche Volk ist keine beleidigungsf\u00e4hige Gr\u00f6\u00dfe!\u201d<\/em><\/strong> Also sind letztere Kollektive vogelfrei, rechtlos (nur nicht in Einzelf\u00e4llen, wo eine rein pers\u00f6nliche Beleidigung nachgewiesen werden kann) allen \u00fcbelsten Schm\u00e4hungen ausgesetzt, nachzulesen t\u00e4glich massenhaft bei twitter, wo sich die AfD-Hasser austoben nach Belieben. Ebenso darf die AfD straflos als Nazis, braune Brut beschimpft werden, wehe aber, gleiches w\u00fcrde ge\u00e4u\u00dfert gegen Gruppen und Sch\u00fctzlinge des Mainstreams!! Echt der komplette Rechtsstaat mit allen gleicherma\u00dfen zustehender Rechtssicherheit, Gleichheit vor dem Gesetz und Achtung der menschlichen W\u00fcrde nach Art.1 GG!!<br \/>\n5.3.2019, J.SCH, AO<br \/>\n.<br \/>\n<strong>Linientreuer Karneval ist langweilig<\/strong><br \/>\nDie bissig-polemischen Karnevalswagen aus der Werkstatt des legend\u00e4ren Wagenbauers Jacques Tilly sind laut ARD \u201cein kr\u00e4ftiger Beitrag zur demokratischen Streitkultur\u201c. Auch 2019? Die AfD im braunen Sumpf, Goebbels Ziehsohn H\u00f6cke, Missbrauch der Katholischen Kirche, Putin&amp;Trump;, Nahles&amp;AKK;, Brexit, die rechtskonservative Partei PiS legt das liberale Polen in Fesseln und Salvini n\u00e4hrt die Br\u00fcder Faschismus und Rassismus wie weiland die W\u00f6lfin Romolus und Remus. So weit richtig, so weit langweilig.<br \/>\nJacques Tillys Ideen sind aus dem Anwanzen an die Politische Korrektheit entstanden: Nur nicht anecken. \u00dcber Nichts gibt es nichts zu diskutieren, jeder Mottowagen wurden frenetisch bejubelt. Warum eigentlich, wo sie doch weder rebellisch, aufs\u00e4ssig noch querk\u00f6pfig waren. Tilly schielte mit dem linken Auge \u00e4ngstlich auf die Meinungsmehrheit, w\u00e4hrend er den Pappmach\u00e9-Trump zum zehnten Mal mit rechts bastelte. Nur keine kontroversen Themen. Blo\u00df keinen Knies mit der Gesinnungspolizei, nur hasenf\u00fcsserischer Konsens. <em><strong>Wo bleibt das Aufr\u00fchrerische, das Widerspenstige?<\/strong> <\/em>Diese Zeit hat genau diesen Karneval verdient: Linientreu und konformistisch. Vielfalt, ja klar, aber unabh\u00e4ngig von LinksGr\u00fcner Mainstream-Einfalt.<br \/>\nDabei ginge es auch anders, zum Beispiel:<br \/>\nBild: Claudia Roth im gr\u00fcnen Gummiboot auf dem Bosporus. Text: Tsch\u00fcss Deutschland, du mieses St\u00fcck Schei\u00dfe.<br \/>\nBild: Bundespr\u00e4sident Steinmeier kniet devot vor dem chinesischen Pr\u00e4sidenten Xi Jinping und reicht ihm ein Telegramm. Text: Gl\u00fcckwunsch zum 30. Jahrestag der Niederschlagung des Aufstandes auf dem Platz des Himmlischen Friedens. Herr Tilly, als Hofnarren h\u00e4tten man Sie damals vom selbigen gejagt.<br \/>\n5.3.2019, K.R., AO<br \/>\n.<br \/>\n<strong>\u201eKanalratte\u201d &#8211; lustig f\u00fcr Altmaier, Nahles und Dreyer<\/strong><br \/>\nKarneval braucht Haltung (der Rote M\u00fcller), und die politische Korrektheit kennt keine F\u00fcnfte Jahreszeit (die gr\u00fcne Baerbock), das sind die neuen Regeln. Bei Versto\u00df droht Fegefeuer!<br \/>\n&#8230;<br \/>\nF\u00fcr die Gr\u00fcnen ist der Spa\u00df an Karneval schon seit 2017 vorbei, als der ber\u00fchmte K\u00f6lsche \u201eSchutzmann Jupp\u201c den Claudia-Roth-Witz riss: \u201eZur Paarungszeit wird die sogar von Buntspechten angeflogen. Obwohl sie rein ornithologisch vom V\u00f6geln keine Ahnung hat.\u201c Jupp musste in Rente und seither gilt die politische Korrektheit \u201e365 Tage im Jahr, und auch zu Karneval\u201c. (Vorsitzende Baerbock). &#8230;.<br \/>\nUnd das Nichtaussch\u00f6pfen der kanzlerischen Richtlinienkompetenz ist ein Problem, denn so entbl\u00f6den sich spezialdemokratische Karnevalisten nicht, den amerikanischen Pr\u00e4sidenten als \u201eKanalratte\u201d zu bezeichnen, die es zu ers\u00e4ufen gilt, was gemessen an der Reaktion von Altmaier, Nahles und Dreyer als total lustig aufgefasst werden muss.<br \/>\n&#8230;. Alles vom 5.3.2019 bitte lesen auf<br \/>\n<a href=\"https:\/\/www.tichyseinblick.de\/kolumnen\/the-irony-man\/der-humor-in-zeiten-von-dr-angela-merkel\/\">https:\/\/www.tichyseinblick.de\/kolumnen\/the-irony-man\/der-humor-in-zeiten-von-dr-angela-merkel\/<\/a><\/p>\n<p><strong>Wenn Meerjungfrau, dann auch Meerjungm\u00e4nner<\/strong><br \/>\nFasching 2019 in Deutschland nimmt inzwischen wirklich bescheuerte Formen an. Ich las gerade, dass die Kita-Leitung im Hamburger Stadtteil Ottensen vor dem Rosenmontag ein Schreiben an die Eltern verschickte, worin diese gebeten wurden, \u201ebei der Auswahl des Kost\u00fcms darauf zu achten, dass durch selbiges keine Stereotype bedient werden\u201c. Und: \u201eBeispielsweise m\u00f6chten wir nicht, dass Kinder als \u201eIndianer\u201c, \u201eScheich\u201c oder \u00e4hnliches verkleidet sind\u201c. Au\u00dferdem k\u00f6nnten Kost\u00fcme problematisch f\u00fcr die Entwicklung der Geschlechterrollen sein \u2013 etwa, wenn Jungs als Astronauten oder Superhelden gehen, M\u00e4dchen aber als Feen oder Meerjungfrauen. \u2026 Die Autoren schlagen vor, dass Jungs doch auch mal als \u201eMeerjungm\u00e4nner\u201c gehen sollen und die M\u00e4dels ermutigen, sich an ein Superhelden-Kost\u00fcm zu wagen \u2013 zur Not verziert durch \u201eeinen Glitzerumhang\u201c. Political correctness schon bei den Kleinsten. Nun meine kleine Nichte mit 4 Jahren liebt die Farbe Rosa, dazu alles, was glitzert und hat als \u201cBerufswunsch\u201c entweder Prinzessin oder Meerjungfrau. Sie ist verdammt eigenwillig, durchsetzungsf\u00e4hig und alles \u2013 blo\u00df nicht schwach oder doof. Als ich ihr probehalber vorschlug, doch als Superman oder Spider-Man zu gehen, hat sie mir fast den Kopf abgebissen und meinte, ich h\u00e4tte doch keine Ahnung und stampfte dabei mit dem Fu\u00df auf. Ihr Bruder geht als FC-Bayern-Fu\u00dfballer. Auf meinen sch\u00fcchternen Versuch, den Meermann doch zu versuchen \u2013 da war Polen offen (darf ich das \u00fcberhaupt noch sagen?). Tja, war wohl nix mit politischen korrekten Nichten oder Neffen. Einfach unbelehrbar, die beiden!<br \/>\n5.3.2019, EIL, TO<br \/>\n.<br \/>\n<strong>US-Flagge im Anus &#8211; und unsere Flagge?<\/strong><br \/>\nHumor in Deutschland ist, wenn man den amerikanischen Pr\u00e4sidenten nackend und kniend auf einem Mottowagen darstellt, wobei er die US-Flagge im Anus stecken hat.<br \/>\nIn Deutschland mag die Vize-Parlamentspr\u00e4sidentin f\u00fcr \u201aDeutschland verrecke\u2018 stehen und die Kanzlerin Freude haben, die deutsche Flagge in den Dreck zu schmei\u00dfen, in anderen L\u00e4nder hat man aber ein anderes Verh\u00e4ltnis zu nationalen Symbolen und sieht dies als b\u00f6sartige Beleidigung an. Die Deutschen m\u00f6gen sich k\u00f6stlich am\u00fcsieren.<br \/>\nDas sieht aber die ganze Welt und was m\u00f6gen die von uns denken? Schurkenstaat? Dem internationalen Ansehen n\u00fctzt das bestimmt nicht. Merkel-Deutschland isoliert sich immer mehr. Mich erf\u00fcllt es nur mit Scham.<br \/>\n5.3.2019, K.W.<br \/>\n.<br \/>\n<strong>2019 wie in den 30er Jahren: Keine Wagen gegen die Elite<\/strong><br \/>\nWie unlustig. In D\u00fcsseldorf kein Wagen \u00fcber Merkel, die anderen Z\u00fcge zahm wie mein Wellensittich. Aber bei Trump oder der AfD, die keinerlei Verantwortung in diesem Land tragen, geht die n\u00e4rrische Post ab in opportunistischer Tradition.<br \/>\nIn den Drei\u00dfigern gab es auch keine Wagen \u00fcber die nationalsozialistische Elite, aber beim Thema Juden oder der Sowjetunion flog die Kappe weg. Ekelhaft, damals wie heute. Einfach mal Karneval unterm Hakenkreuz googeln.<br \/>\n5.3.2019, M.R., TO<br \/>\n.<br \/>\nWas diese Leute nicht verstehen (nehme ich an): Humor dient auch dem Gef\u00fchl der Zugeh\u00f6rigkeit. Jeder macht es, aber viele werden sich dessen nicht bewusst sein: den besten Freund nimmt man gerne mal derbe auf den Arm und das allgemeine Frotzeln untereinander ist nicht einfach nur lustig, es erf\u00fcllt einen Zweck. Wenn ich \u00fcber jemanden einen Witz machen kann und der nimmt das gut auf, erh\u00f6ht das meine Sympathie f\u00fcr denjenigen. Wenn nicht, Distanz. Es gibt dar\u00fcber zig Informationen zu finden wie sowas funktioniert. Die Quintessenz ist: <strong><em>jemand, \u00fcber den man keine Witze machen darf\/kann, der wird niemals \u201edazu\u201c geh\u00f6ren<\/em><\/strong>, zu keiner Gruppe von Freunden aber auch zu keiner Gesellschaft.<br \/>\n5.3.2019, CERN<br \/>\n.<br \/>\n<strong>Humor doch immer nur von &#8222;unten&#8220; nach &#8222;oben&#8220;<\/strong><br \/>\nHumor, Satire und auch Spott sind erstens genuin europ\u00e4ische Kulturg\u00fcter (demzufolge in den Augen linker Deppen immer diskriminierend und altwei\u00dfm\u00e4nnisch), und zweitens funktionieren sie nur aus der Opposition gegen M\u00e4chtige. Machthaber hatten noch nie Humor. Daf\u00fcr gab es fr\u00fcher die Hofnarren, die die Wahrheit sagen durften, aber daf\u00fcr auch schnell einmal einen Kopf k\u00fcrzer gemacht wurden. Zum Gl\u00fcck und zur Ablenkung gab es ja noch die Gaukler, das fahrende Volk, die man aus guten Gr\u00fcnden nicht innerhalb der Stadtmauern wohnen lie\u00df \u2013 das sind heute die Staatsk\u00fcnstler von Gr\u00f6lemeier bis Tote Hosen und den sattsam bekannten Literaturgesinnungspreistr\u00e4gern vom Schlage eines Menasse. Nat\u00fcrlich werden die Machthhaber niemals \u00fcber Spott diskutieren wollen, der nicht in ihr ideologisches Exoskelett passt, denn wenn das Risse bekommt, wird deutlich, dass sie mangels R\u00fcckgrat allein keine andere \u201eHaltung\u201c als die eines Wurms annehmen k\u00f6nnen.<br \/>\n5.3.2019, K.N., TO<\/p>\n<p>.<\/p>\n<p><strong>Staatsfunk-Humor<\/strong><br \/>\nDeutschland 2019: Man w\u00fctet \u00fcber Genderklo-Witze \u2013 aber den Gegner im \u00d6ffentlich Rechtlichen TV eine \u00bbKanalratte\u00ab zu nennen, inklusive Mordphantasien, das wird beklatscht. Was genau l\u00e4uft da nur?<br \/>\n&#8230;. Alles von Dushan Wegner vom 6.3.2019 bitte lesen auf<br \/>\n<a href=\"https:\/\/dushanwegner.com\/staatsfunk-humor\/\">https:\/\/dushanwegner.com\/staatsfunk-humor\/<\/a><\/p>\n<p><strong>Karneval als verl\u00e4ngerter Arm des herrschenden Milieus<\/strong><br \/>\nDer Karneval verliert seine Subversion und wird zum verl\u00e4ngerten Arm der herrschenden Milieus, \u00fcber die er allenfalls noch etwas sanften Spott verbreiten darf. Wenn das Subversivste im offiziellen Karneval der Genderklo Spruch von AKK war, dann wird der gesinnungspolitisch aufgeladene Frohsinn da landen, wo die ebenso und gleich aufgeladene Nationalmannschaft bereits verweilt: Im kanaldeckellosen Orkus der Beliebigkeit und der gesellschaftlichen Irrelevanz.<br \/>\n6.3.2019, P.R.<br \/>\n.<br \/>\n<strong>Wie soll Trump\u00a0 auf solchen Propaganda-Witz reagieren?<\/strong><br \/>\nKeine Panik\u2026der Trump wird diese selbstverliebte in Hass vereinte gruen-sozialistische Linke Merkel NGO EU vom aller feinsten auflaufen lassen\u2026 eigentlich ist Trump schon dabei\u2026er hat mit seiner Steuerreform und der Beendigung des CO2 Klimaschutz bereits die Voraussetzungen daf\u00fcr gelegt .. BMW, Daimler, VW, Siemens..all diese ehemals deutschen Unternehmen haben ihre neue Heimat in den USA bei Trump gefunden. Der Gr\u00fcne SOZIALISMUS steht immer mehr ohne Kleider da .. Mangel und ARMUT umgibt den EU Merkel NGO Sozialismus\u2026der uns im Gr\u00fcnen Tarnkleid Mal wieder heimgesucht hat!<br \/>\n6.2.2019, M.H.<br \/>\n.<br \/>\n<strong>Unterschied von Humor und Propaganda-Witz.<\/strong><br \/>\nChapeau! Herr Wegner. Brillante Analyse des Unterschieds von Humor vs. Propaganda-Witz. Der Propaganda-Witz \u201enutzt die Mittel des Humors (Verfremdung, \u00dcbertreibung) um eine L\u00fcge \u00fcber den politischen Gegner als angeblich schmerzhafte Wahrheit zu verkaufen.\u201c Der eigentliche Skandal aber ist, dass der Karneval als Volksbrauchtum von den Framing-Spezialisten der Eliten erbarmungslos missbraucht wird. Aber wie immer geh\u00f6ren da zwei dazu: einer der tut und einer der machen l\u00e4sst.<br \/>\n6.3.2019, A.W.<br \/>\n.<br \/>\n<strong>Man k\u00f6nnte bei uns doch so viel auf den Arm nehmen?<\/strong><br \/>\nMan k\u00f6nnte eigentlich so wunderbar harmlos die sattgefressene Hollywood \u2013 Prominenzia im Karneval auf den Arm nehmen. Wenn man sich z.B. ihre Multimillionen \u2013 Dollar Villen betrachtet, umgeben von hohen Mauern und gesichert von bewaffnetem Wachpersonal, damit keine \u201eFans\u201c bei Gutmenschin Angela Jolie einsteigen! Der B\u00fcrger soll sich \u00fcberrennen lassen ohne \u201eTrumps Wall\u201c, die Hollywoodschickeria inklusive Hillary Clinton sitzt ja sowieso hinter dicken Mauern! Oder der Klimaretter Elon Musk, der gerne den Grossraum \u2013 Privatjet nimmt, auch f\u00fcr Strecken von unter 300 Kilometern! Oder die deutsche Defacto \u2013 Regierungspartei der \u201eGr\u00fcnen\u201c, die in den 1990er Jahren noch gegen ISDN Leitungen demonstrierten, und heute angeblich die Digitalisierung voranbringen wollen\u2026 Man br\u00e4uchte da keine \u201eRattenvergleiche\u201c, man k\u00f6nnte einfach nur ihr d\u00fcmmliches Handeln aufzeigen im Karneval.<br \/>\n7.3.2019, RU<br \/>\n.<br \/>\nLieber Herr Wegener, der ehemalige deutsche Humor ist derart eigenartig, dass au\u00dfer Biodeutschen niemand dar\u00fcber lachen kann. Und Karneval soll nicht lustig sein: \u201eWir sind ja nicht zum Spa\u00df da\u201c. Der Deutsche kehrt zu seinen Wurzeln zur\u00fcck. Als ich als Rum\u00e4ne 1980 nach Deutschland kam, konnte ich \u00fcber keinen deutschen Witz lachen. Jetzt habe ich mir den deutschen Witz zu eigen gemacht, und keiner in meinem Umfeld lacht. Da stimmt doch etwas nicht, oder?<br \/>\n7.3.2019, R.K.<br \/>\n.<br \/>\n<strong>Unter Rotgr\u00fcn geht die W\u00fcrde verloren<\/strong><br \/>\nIch hatte gestern schon geschrieben, dass mich unter anderem der Motivwagen mit nacktem Trump, mit der US-Flagge im Anus, geschockt hat. Die ARD-Moderatoren konnten sich vor Begeisterung kaum bremsen und die Zuschauer fanden es wohl auch toll. Ich denke nur immer, diese Bilder gehen doch auch um die Welt und das einzige Gleichnis, was mir bez\u00fcglich Sch\u00e4ndung eines Nationalsymbols einf\u00e4llt, sind eigentlich die Verbrennungen der amerikanischen und israelischen Flagge im Iran, im Gazastreifen oder im IS-Kalifat. Alle diese Signale, eben diese Schm\u00e4hung, als auch die Bilder des G-20-Gipfels, Steinmeiers Iran-W\u00fcrdigung, des Wunsch nach einem muslimischen Kanzler, die Vergewaltigungen, die Energiewende ins Nichts bis hin zur Pf\u00e4ndung eines Mopses, laufen bei der Globalisierung und Digitalisierung doch um die Welt. Diese Bilder, teils voll Hass und Niedertracht sind die negative Werbung, ja das Aush\u00e4ngeschild des b\u00f6sen Deutschlands in Amerika, in Russland, in China bis hin in die 2. und 3.Welt. Wenn dann noch von Ratten und T\u00f6tung gesprochen wird, ist das Bild des h\u00e4sslichen Deutschen nicht fern. Was denken die Menschen in der Welt nun von uns? Mich erf\u00fcllt es immer wieder mit Scham, wenn ich mit meinen ausl\u00e4ndischen Gesch\u00e4ftsfreunden zu tun habe, deren Heimat zuvor derart beleidigt wurde. Und ich wei\u00df, dass viele im Ausland \u00fcberhaupt nicht gut \u00fcber das neue Merkel-Deutschland denken. Man stelle sich nur vor, die Amerikaner w\u00fcrden mit Billigung Trumps eine nackte Merkel-Puppe mit der DDR-Fahne in einer Ihrer K\u00f6rper\u00f6ffnungen steckend beim Mardi Gras durch New Orleans ziehen und sich dabei die B\u00e4uche vor lachen halten. W\u00e4re das dann noch durch den deutschen Humor abgedeckt? Mit Recht wohl kaum. Nur keine Sorge, die Amerikaner machen das nicht \u2013 das ist eher deutsch. Manchmal sch\u00e4me ich mich f\u00fcr mein eigenes Vaterland. Unter Rotgr\u00fcn geht die W\u00fcrde verloren. Schade eigentlich!<br \/>\n6.3.2019, K.W.<br \/>\n.<br \/>\n<strong>\u201eMainz wie es singt und lacht\u201c &#8211; \u00fcbers\u00a0Nazis<\/strong><br \/>\nLieber Herr Wegner, ich konnte es auch nicht fassen, als ich gelesen habe, was da bei \u201eMainz wie es singt und lacht\u201c, vorgetragen wurde und das ausgerechnet von Menschen, die sich als Antifaschisten bezeichnen w\u00fcrden. Das Publikum lachte und SPD Damen klatschten. Was w\u00fcrden ehemaligen Sozialdemokraten, die in den Gef\u00e4ngnissen und KZs der Nazis umkamen wohl dazu sagen?! \u2013 Warum ist nicht einer im Saal aufgestanden und hat etwas gesagt\u2026.<br \/>\n6.3.2019, HO<br \/>\n.<br \/>\n<strong>Kein Raum mehr f\u00fcr Humor<\/strong><br \/>\nEs kann und darf keinen ! Raum geben, der nicht politisch korrekt oder ideologisch einwandfrei besetzt ist und jede Ansprache an ein Publikum muss heute den propagandistischen Anspr\u00fcche und Vorgaben zur Gehirnw\u00e4sche gen\u00fcgen. Das muss nat\u00fcrlich auch f\u00fcr den Karneval gelten, denn er erf\u00fcllt nahezu ideal die Chance, die G\u00fcrtellinie in der Diffamierung des \u201eB\u00f6sen\u201c zu unterschreiten, ohne dass es \u2013 au\u00dfer Applaus der Hofschranzen und Kleingeistigen irgendwelche Folgen h\u00e4tte. Dass nach der Justiz, den Medien und dem sogen. Kabarett sowie der sogen. Kunst nun auch diese M\u00f6glichkeit der M\u00e4chtigenkritik umgepolt wurde, \u00fcberrascht wenig. Kaum jemand sonst ist f\u00fcr diese Umpolung geeigneter als der Deutsche und findet sie auch noch ganz toll und mutig! Wer da noch optimistisch bleibt, muss schon ziemlich nahe an \u201eder subjektiven Welt als Wille und Vorstellung\u201c entlanglaufen. Zumal diese Umpolung des Karnevals einen Bereich erfasst, der urspr\u00fcnglich sehr viel mit einem v\u00f6llig anders orientierten Katholizismus zu tun hatte. Man k\u00f6nnte von einer nicht zuf\u00e4lligen ( sozialistischen ) Protestantierung des Karnevals reden, \u00e4hnlich wie sich die entspiritualisierte Wandlung des Katholizismus insgesamt unter dem Papst aus der Linken Befreiungsbewegung vollzogen hat. Da bleibt tats\u00e4chlich auch im Karvenal kein Raum f\u00fcr Humor mehr.<br \/>\n6.3.2019, R.N.<br \/>\n.<br \/>\n<strong>Auch im sog. Dritten Reich war der Karneval strickt auf Linie<\/strong><br \/>\nLetztes Jahr sah ich in einer Buchhandlung an exponierter Stelle einen Kalender mit dem Namen \u201eTrump f\u00fcr an die Wand\u201c. Das Wort \u201ef\u00fcr\u201c war ganz klein geschrieben, die anderen W\u00f6rter fett. Es las sich also \u201eTrump an die Wand\u201c! Die Witze auf den Kalenderbl\u00e4ttern waren entsprechend. So auch der von Ihnen genannte Karnevals\u201cWitz\u201c. Das alles hat eindeutig St\u00fcrmerniveau! Streicher hat seine Erben gefunden, ich denke, daran kann inzwischen kein Zweifel mehr bestehen. Auch im sog. Dritten Reich war der Karneval strickt auf Linie. Ich werde auch nie vergessen, wie sich w\u00e4hrend einer UN-Vollversammlung die deutsche Delegation um Herrn Maas benahm wie die Penn\u00e4ler, das Gesicht k\u00fcnstlich verzerrte und albern kicherte, als Trump in seiner Rede Deutschland erw\u00e4hnte. Deutschland ist eindeutig auf dem Weg in den Totalitarismus. Und die Masse klatscht dazu.<br \/>\n6.3.2019, HU<br \/>\n.<br \/>\n<strong>Karneval das ganze Jahr!<\/strong><br \/>\n-\u201e2015 darf sich nicht wiederholen\u201c<br \/>\n-\u201eNiemanden wird etwas weggenommen.\u201c<br \/>\n-\u201eDie Rente ist sicher,\u201c<br \/>\n-\u201eF\u00fcr die n\u00e4chsten Monate ist das Wichtigste R\u00fcckf\u00fchrung, R\u00fcckf\u00fchrung und nochmals R\u00fcckf\u00fchrung.\u201c<br \/>\n-\u201eEs gibt keine Verbindung, keine einzig nachweisbare Verbindung zwischen dem Terrorismus und den Fl\u00fcchtlingen.\u201c<br \/>\n-\u201eScheitert der Euro, scheitert Europa.<br \/>\n-\u201eDiese Bundesregierung ist die erfolgreichste Bundesregierung seit der Wiedervereinigung.\u201c<br \/>\n-Wir bekommen Menschen geschenkt.\u201c<br \/>\n-\u201eWir wollen, dass in den n\u00e4chsten vier Jahren jede Biene und jeder Schmetterling und jeder Vogel in diesem Land wei\u00df: Wir werden uns weiter f\u00fcr sie einsetzen!\u201c<br \/>\n-\u201eWillkommenskultur ist der beste Schutz vor Terroristen.\u201c<br \/>\nUnd da sage noch jemand, unsere Politiker h\u00e4tten keinen Sinn f\u00fcr Humor. Die feiern Karneval das ganze Jahr!<br \/>\n6.3.2019 Dr.M.<\/p>\n<p><strong>Islam geh\u00f6rt zu Deutschland &#8211; deshalb keine Witze?<\/strong><br \/>\nDie falschen Witze waren in totalit\u00e4ren Regimen, Religionen schon immer gef\u00e4hrlich. Deshalb er\u00fcbrigt sich auch die Frage, warum es in einem christlichen Land Witze \u00fcber die Kirche gibt, Witze \u00fcber den Buddhismus und selbst \u00fcber den j\u00fcdischen Glauben &#8211; nur nicht \u00fcber den Islam.<br \/>\nJa, der Islam ist Teil von Deutschland, an den Witzen merken wir es zuerst, unabh\u00e4ngig, ob es Gender oder sonst etwas politisch\/religi\u00f6s Unkorrektes betrifft. Ganz ehrlich, ich will mein Deutschland der Freiheit zur\u00fcck.<br \/>\n6.3.2019, AU<br \/>\n.<br \/>\n<strong>Schulterschluss zwischen den Medien und der Regierungsspitze<\/strong><br \/>\nIn totalit\u00e4ren Systemen ist der \u00f6ffentliche Witz tot. Bei der Meinungsdiktatur sind wir in Deutschland wieder weit gekommen, zu einer DDR 2.0. Die Ursache liegt im Schulterschluss zwischen den Medien und der Regierungsspitze. Der letzte Kanzler, der vergleichbar lang amtierte wie Angela Merkel, war Helmut Kohl. Ein wesentlicher Unterschied bestand darin, dass in der \u00c4gide Kohl dieser Schulterschluss eben nicht vorlag.<br \/>\n6.3.2019, DR<br \/>\n..<\/p>\n<p><strong>Statt Karneval Humorw\u00e4chterstaat<\/strong><br \/>\n\u201eErlaubt ist, was gef\u00e4llt\u201c hatte einst Deutschlands Dichterf\u00fcrst Johann Wolfgang Goethe in seinem \u201eTorquato Tasso\u201c geschrieben. Doch so gut ist es mit der Meinungsfreiheit selbst in Karnevalszeiten nicht mehr in Deutschland bestellt. Selbst der Humor steht unter Kuratel. Und die Fastnacht, so scheint es, ist die Zeit, wo die Deutschen am allerwenigsten Spa\u00df verstehen. Nicht die Deutschen, wohl aber deren politisch korrekter Teil, hat nicht nur ein Humorproblem, sondern goutiert allein den politisch korrekten Witz, der apodiktisch die \u00f6ffentliche Konsensmeinung abbildet und jede weltanschauliche Abweichung mit dem Hammer abstraft.<br \/>\nWer Witze \u00fcber Gender, die Unisex-Toilette, das Dritte Geschlecht oder sich gar gegen\u00fcber Intersexuellen lustig macht, geh\u00f6rt in die Acht, zumindest verbr\u00e4mt. Da machen auch B\u00fcttenreden keine Ausnahme mehr. Doch wenn man schon zu Karneval seine Meinung nicht mehr sagen darf, wann dann? Die B\u00fcttenrede geht bekanntlich auf die mittelalterliche Sitte des \u201eR\u00fcgerechts\u201c zur\u00fcck. Und der Sinn der B\u00fctt ist erwiesenerma\u00dfen die ungestrafte Kritik an den Herrschenden \u2013 und nun eben einmal im Falle Kramp-Karrenbauers gerade umgekehrt \u2013 einer Herrschenden \u00fcber den genderisierten Mainstream. Mit ihrer unverbl\u00fcmten Rede steht die CDU-Politikerin in einer gro\u00dfen Tradition, wo derbe Witze Konjunktur feiern und der Spott regiert. Zu Fastnacht wird \u00fcber die Strenge geschlagen \u2013 und das ist auch gut so.<br \/>\n&#8230;<br \/>\nWer Kalauer \u00fcber Ostdeutsche, die Braunen in Brandenburg oder die auf falschem Kurs segelnde AfD macht, gegen Donald Trump als \u201eKanalratte aus Washington\u201c hetzt, ist im politischen Berlin hochwillkommen. Zu noch mehr Meriten kommt der, der Sachsen-Bashing betreibt. Und wer gegen Gender, Unisex und \u201edivers\u201c polemisiert, dem wird sogar w\u00e4hrend der Faschingszeit der politische Pranger errichtet und die mediale Schelte folgt wie ein Gewittersturm.<br \/>\n&#8230;. Alles vom 4.3.2019 bitte lesen auf<br \/>\n<a href=\"https:\/\/www.theeuropean.de\/stefan-gross\/15479-statt-karneval-humorwaechterstaat\">https:\/\/www.theeuropean.de\/stefan-gross\/15479-statt-karneval-humorwaechterstaat<\/a><\/p>\n<p><strong>Die Unteren lesen den Oberen die Leviten &#8211; nicht umgekehrt<\/strong><br \/>\nAKKs Fehler war und ist, dass sie den tief im Volksglauben verankerten Brauch des Karnevals \u2013 in der Zeit d\u00fcrfen die Unteren den Oberen ungestraft die Leviten lesen &#8211; ausgehebelt und ins Gegenteil verkehrt hat. Der Auftritt der M\u00f6chtegernkanzlerin in spe als Putzfrau ist grenzwertig. Sie tut so, als ob sie ihr eigener vox diaboli w\u00e4re. Das kann sie im stillen K\u00e4mmerlein tun.<br \/>\n4.3.22019, A.W., THO<\/p>\n<p>.<\/p>\n<p><strong>AKK &#8211; Die k\u00fcnstlich konstruierte Betroffenheitskultur ist l\u00e4cherlich<\/strong><br \/>\nPolitsatire ist ein wichtiger und fester Bestandteil unserer Fastnachtskultur. Ohne diese w\u00e4re die Fastnacht ein gro\u00dfes St\u00fcck \u00e4rmer! Im Rahmen der Narrenfreiheit muss es erlaubt sein, dass man \u00fcberpointiert formuliert, dadurch bleibt Fastnacht lebendig. Wer dies nicht akzeptiert, besch\u00e4digt unsere Fastnacht!<br \/>\nN\u00e4rrische Vortr\u00e4ge d\u00fcrfen ruhig \u00fcber das Ziel hinaus schie\u00dfen, sie sind nicht dazu da, die eigene politische Meinung zu best\u00e4tigen. Wenn in Zukunft jeder Fastn\u00e4chtler seinen Vortrag derart gestaltet, dass sich ja keiner aufregt, k\u00f6nnen wir bald unsere Fastnacht beerdigen.<br \/>\nDie k\u00fcnstlich konstruierte Betroffenheitskultur ist l\u00e4cherlich, offenbart Humorlosigkeit und Unkenntnis. Mir hat der Auftritt von AKK gut gefallen, \u00fcbrigens den G\u00e4sten der Stockacher Gerichtsverhandlung auch.<br \/>\n9.3.2019, Rudolf Gwinner, L\u00f6ffingen, BZ<\/p>\n","protected":false},"excerpt":{"rendered":"<p>Gibt es nun passend zum Haltungsjournalismus auch einen Haltungskarneval? Oder warum ist anscheinend der Humor bei Fasnacht reglementiert: \u00dcber Frauen und M\u00e4nner darf man Witze machen, \u00fcber Diverse nicht. \u00dcber Trump und AfD ja, \u00fcber Greta und gute NGO&#8217;s nein. &hellip; <a href=\"https:\/\/www.freiburg-schwarzwald.de\/blog\/gute-karneval-gesetz-fuer-2020\/\">Weiterlesen <span class=\"meta-nav\">&rarr;<\/span><\/a><\/p>\n","protected":false},"author":2,"featured_media":0,"comment_status":"open","ping_status":"closed","sticky":false,"template":"","format":"standard","meta":{"footnotes":""},"categories":[212,181,13,80,231,157,6],"tags":[325,606,230,301,726],"class_list":["post-71086","post","type-post","status-publish","format-standard","hentry","category-alemannisch","category-buergerbeteiligung","category-kultur","category-medien","category-narren","category-oeffentlicher-raum","category-vereine","tag-demo","tag-fasnacht","tag-fastnacht","tag-culture","tag-oeffentlicher-raum"],"_links":{"self":[{"href":"https:\/\/www.freiburg-schwarzwald.de\/blog\/wp-json\/wp\/v2\/posts\/71086","targetHints":{"allow":["GET"]}}],"collection":[{"href":"https:\/\/www.freiburg-schwarzwald.de\/blog\/wp-json\/wp\/v2\/posts"}],"about":[{"href":"https:\/\/www.freiburg-schwarzwald.de\/blog\/wp-json\/wp\/v2\/types\/post"}],"author":[{"embeddable":true,"href":"https:\/\/www.freiburg-schwarzwald.de\/blog\/wp-json\/wp\/v2\/users\/2"}],"replies":[{"embeddable":true,"href":"https:\/\/www.freiburg-schwarzwald.de\/blog\/wp-json\/wp\/v2\/comments?post=71086"}],"version-history":[{"count":0,"href":"https:\/\/www.freiburg-schwarzwald.de\/blog\/wp-json\/wp\/v2\/posts\/71086\/revisions"}],"wp:attachment":[{"href":"https:\/\/www.freiburg-schwarzwald.de\/blog\/wp-json\/wp\/v2\/media?parent=71086"}],"wp:term":[{"taxonomy":"category","embeddable":true,"href":"https:\/\/www.freiburg-schwarzwald.de\/blog\/wp-json\/wp\/v2\/categories?post=71086"},{"taxonomy":"post_tag","embeddable":true,"href":"https:\/\/www.freiburg-schwarzwald.de\/blog\/wp-json\/wp\/v2\/tags?post=71086"}],"curies":[{"name":"wp","href":"https:\/\/api.w.org\/{rel}","templated":true}]}}