{"id":70842,"date":"2019-02-20T10:08:51","date_gmt":"2019-02-20T09:08:51","guid":{"rendered":"https:\/\/www.freiburg-schwarzwald.de\/blog\/?p=70842"},"modified":"2019-02-20T10:14:48","modified_gmt":"2019-02-20T09:14:48","slug":"birklehof-hinterzarten-sanieren","status":"publish","type":"post","link":"https:\/\/www.freiburg-schwarzwald.de\/blog\/birklehof-hinterzarten-sanieren\/","title":{"rendered":"Birklehof Hinterzarten sanieren"},"content":{"rendered":"<p>Das Schulinternat Birklehof bei <a title=\"Hinterzarten\" href=\"https:\/\/www.freiburg-schwarzwald.de\/blog\/regio\/orte\/hinterzarten\/\">Hinterzarten<\/a>: Altbirklehof saniert. Dem <a title=\"Bauernhof\" href=\"https:\/\/www.freiburg-schwarzwald.de\/blog\/bauernhof\/\">Altbirklehof<\/a> wird neues Leben eingehaucht. Dieser Tage wurde das Nutzungs- und Sanierungskonzept des historischen Geb\u00e4udes vorgestellt. Stilecht fand die Pressekonferenz in der guten Stube des Altbirklehofs mit dem Auftritt des Geistes Adam Birkle, dem Besitzer und Namensgeber des Hofes, statt, der sich \u00fcber die \u201eGro\u00dfkopfeten\u201c in seiner Stube wunderte. <!--more-->Wie k\u00f6nnte es anders sein: Adam Birkle war der <a title=\"Heimat-Tour Fidelius Waldvogel\" href=\"https:\/\/www.freiburg-schwarzwald.de\/blog\/heimat-tour-fidelius-waldvogel\/\">Kabarettist Martin Wangler<\/a>, auch bekannt als Fidelius Waldvogel, und der hat ganz entscheidend dazu beigetragen, dass der <a title=\"Hinterzarten\" href=\"https:\/\/www.freiburg-schwarzwald.de\/blog\/regio\/orte\/hinterzarten\/\">Altbirklehof<\/a> wohl bald zu <a title=\"Bau\" href=\"https:\/\/www.freiburg-schwarzwald.de\/blog\/business\/handwerk\/bau\/\">neuem Leben erweckt<\/a> wird. Die \u201eGro\u00dfkopfeten\u201c, die sich zum Pressegespr\u00e4ch trafen, das waren Jens-Arne Buttkereit, Gesch\u00e4ftsf\u00fchrer des Birklehof, Roland Sch\u00f6ttle vom Naturpark S\u00fcdschwarzwald, der gr\u00fcne Landtagsabgeordnete Reinhold Pix, der Breitnauer B\u00fcrgermeister Josef Haberstroh und der <a title=\"Talvogtei-Scheunen sanieren\" href=\"https:\/\/www.freiburg-schwarzwald.de\/blog\/talvogtei-scheunen-sanieren\/\">Projektleiter<\/a> Axel B\u00fcrk von <a title=\"Domiziel\" href=\"https:\/\/www.freiburg-schwarzwald.de\/blog\/business\/dienste\/immobilien\/domiziel\/\">sutter3 KG<\/a>.<\/p>\n<p>Der Altbirklehof ist ein ganz besonderes Kleinod auf dem Schulcampus des Internats Birklehof, das sich sowohl auf Breitnauer als auch Hinterzartener Gemarkung befindet. 1550 erbaut, ist er der dritt\u00e4lteste erhaltene Hof im Schwarzwald. Er steht unter Denkmalschutz und inzwischen ist es h\u00f6chste Zeit, ihn zu sanieren. Denn an dem seit einigen Jahren leerstehenden Haus nagt der Zahn der Zeit, wartet man noch l\u00e4nger, ist er nicht mehr zu retten, so die Einsch\u00e4tzung des Denkmalamts. Eigent\u00fcmer des Geb\u00e4udes ist ein gemeinn\u00fctziger Verein, der sich schon seit l\u00e4ngerem \u00fcber den Erhalt und die k\u00fcnftige Nutzung des Geb\u00e4udes Gedanken gemacht hat und nun vergangene Woche mit einem konkreten Nutzungs- und Sanierungskonzept an die \u00d6ffentlichkeit treten konnte. Eigentlich sind es drei unterschiedliche Projekte, die realisiert werden: zum einen wird ein 500 Jahre alter Hof als Denkmal erhalten und der \u00d6ffentlichkeit zug\u00e4nglich gemacht.<br \/>\nZum anderen werden dort k\u00fcnftig Veranstaltungen, Seminare und Kurse stattfinden und schlie\u00dflich entstehen in dem Geb\u00e4ude zwei gro\u00dfe Wohnungen, in die Mitarbeiter des Internats einziehen werden. <a title=\"Martin Wangler Forstanhaenger\" href=\"https:\/\/www.freiburg-schwarzwald.de\/blog\/martin-wangler-forstanhaenger\/\">Martin Wangler<\/a> als Botschafter und Kurator des Projektes hat vielen Ideen, wie der Hof \u201ewach gek\u00fcsst\u201c werden kann. Unter dem Motto \u201eSchwarzwald Kultur mit allen Sinnen (er)leben\u201c kann er sich in Verbindung mit dem Bauerngarten Koch- und Backkurse in der R\u00e4ucherk\u00fcche mit einem historischen Herd, Strohschuhflecht-Kurse oder Vortr\u00e4ge \u00fcber Geschichte und Brauchtum der Region in der guten Stube vorstellen. Die K\u00fcnstlervereinigung Kosmos Schwarzwald will die R\u00e4ume f\u00fcr Workshops und Seminare nutzen und die Breitnauer Bauernb\u00fchne k\u00f6nnte sich ebenfalls ins Programm einbringen.<\/p>\n<p><a href=\"https:\/\/www.freiburg-schwarzwald.de\/blog\/birklehof-hinterzarten-sanieren\/birklehof-hinterzarten2019jan\/\" rel=\"attachment wp-att-70844\"><img loading=\"lazy\" decoding=\"async\" class=\"alignnone size-thumbnail wp-image-70844\" src=\"https:\/\/www.freiburg-schwarzwald.de\/blog\/wp-content\/uploads\/2019\/02\/birklehof-hinterzarten2019jan-180x107.jpg\" alt=\"birklehof-hinterzarten2019jan\" width=\"180\" height=\"107\" srcset=\"https:\/\/www.freiburg-schwarzwald.de\/blog\/wp-content\/uploads\/2019\/02\/birklehof-hinterzarten2019jan-180x107.jpg 180w, https:\/\/www.freiburg-schwarzwald.de\/blog\/wp-content\/uploads\/2019\/02\/birklehof-hinterzarten2019jan-640x381.jpg 640w, https:\/\/www.freiburg-schwarzwald.de\/blog\/wp-content\/uploads\/2019\/02\/birklehof-hinterzarten2019jan.jpg 655w\" sizes=\"auto, (max-width: 180px) 100vw, 180px\" \/><\/a>\u00a0 \u00a0Altbirklehof Hinterzarten im Januar 2019 &#8211; Bild: D.Engesser<br \/>\n.<br \/>\nF\u00fcr die <a title=\"Rummlerhof Geroldstal saniert\" href=\"https:\/\/www.freiburg-schwarzwald.de\/blog\/rummlerhof-geroldstal-saniert\/\">Firma Sutter3 KG<\/a>, die schon <a title=\"Domiziel\" href=\"https:\/\/www.freiburg-schwarzwald.de\/blog\/business\/dienste\/immobilien\/domiziel\/\">viele denkmalgesch\u00fctzte Bauernh\u00f6fe<\/a> <a title=\"Hirschen-WG\" href=\"https:\/\/www.freiburg-schwarzwald.de\/blog\/business\/dienste\/immobilien\/wohnen\/hirschen-wg\/\">saniert<\/a> hat, erl\u00e4uterte der Projektleiter Axel B\u00fcrk das <a title=\"Banksches Haus Kirchzarten denkwuerdig saniert von Silli Sutter\" href=\"https:\/\/www.freiburg-schwarzwald.de\/blog\/banksches-haus-kirchzarten-denkwuerdig-saniert-von-silli-sutter\/\">Sanierungskonzept<\/a>. Der 1550 erbaute Hof wurde im Lauf der Zeit mehrfach umgebaut und erweitert, zuletzt in den 1950er Jahren, als der Hof noch vom damaligen Schulleiter des Birklehofs, Georg Picht, und seiner Frau Edith Picht-Axenfeld, die als Pianistin und Professorin das musikalische Profil des Internats mit beeinflusste, bewohnt wurde. Die Sanierung soll sehr behutsam erfolgen. M\u00f6glichst viel soll im Originalzustand erhalten werden, die Sanierung wird deshalb mit viel Aufwand und Fingerspitzengef\u00fchl durchgef\u00fchrt.<br \/>\nDie Sanierungskosten werden auf ca. zwei Millionen Euro gesch\u00e4tzt. Der Verein bringt daf\u00fcr 50 % Eigenkapital ein und 35% der Summe werden als Kredite aufgenommen. F\u00fcr die restlichen 15% hoff t der Verein auf F\u00f6rdermittel, die eng an die Nutzung des Geb\u00e4udes gekoppelt sind. Beantragt und genehmigt wurden Leader-Mittel von EU und Land, die f\u00fcr die Erhaltung eines Kulturdenkmals und dem einzigartigen Kulturprogramm, das die Tradition und Geschichte des Schwarzwalds f\u00fcr die \u00d6ffentlichkeit erlebbar machten soll, flie\u00dfen.<br \/>\nF\u00fcr die Schaffung von Wohnraum wurden ELR-Mittel beantragt. Der Landtagsabgeordnete Reinhold Pix, konnte zum Zeitpunkt der Pressekonferenz noch keine Zusage machen, da dieser Topf hoffnungslos \u00fcberzeichnet ist. Er zeigte sich aber optimistisch, dass dieses Leuchtturmprojekt gute Chancen hat, F\u00f6rdergelder zu bekommen. Seit gestern liegt nun auch die endg\u00fcltige schriftliche Zusage vor: das Projekt wird mit 40.000, &#8211; Euro bezuschusst. Des Weiteren wurden F\u00f6rderantr\u00e4ge beim Denkmalamt und der <a title=\"Bauernhof und Denkmalschutz\" href=\"https:\/\/www.freiburg-schwarzwald.de\/blog\/bauernhof-und-denkmalschutz\/\">Denkmalstiftung<\/a> beantragt.<br \/>\nUnd nicht zuletzt wirbt der Verein auch Spenden ein. \u00dcber Spenden wurde es m\u00f6glich, dass B\u00fcrgermeister Josef Haberstroh f\u00fcr die Gemeinde <a title=\"Breitnau\" href=\"https:\/\/www.freiburg-schwarzwald.de\/blog\/regio\/orte\/breitnau\/\">Breitnau<\/a> dem Verein 23.450,- Euro zusagen konnte. Diese Gelder stammen von ehemaligen Birklehofsch\u00fclern, die sich ihrer ehemaligen Schule immer noch verbunden f\u00fchlen und das Projekt f\u00f6rdern wollen. Ohne die finanzielle Beteiligung der Gemeinde, w\u00fcrden der Leader-Zuschuss im \u00dcbrigen nicht ausgezahlt.<br \/>\nDagmar Engesser, 20.2.2019, Dreisamt\u00e4ler<\/p>\n<p>Schule Birklehof e. V.<br \/>\nStaatl. anerkanntes Gymnasium und Internat<br \/>\nBirklehof 1 , 79856 Hinterzarten<br \/>\nTel 07652-122-0<br \/>\n<a href=\"https:\/\/www.birklehof.de\">https:\/\/www.birklehof.de<\/a><br \/>\n<a href=\"https:\/\/www.birklehof.de\/blog\/\">https:\/\/www.birklehof.de\/blog\/<\/a><\/p>\n","protected":false},"excerpt":{"rendered":"<p>Das Schulinternat Birklehof bei Hinterzarten: Altbirklehof saniert. Dem Altbirklehof wird neues Leben eingehaucht. Dieser Tage wurde das Nutzungs- und Sanierungskonzept des historischen Geb\u00e4udes vorgestellt. Stilecht fand die Pressekonferenz in der guten Stube des Altbirklehofs mit dem Auftritt des Geistes Adam &hellip; <a href=\"https:\/\/www.freiburg-schwarzwald.de\/blog\/birklehof-hinterzarten-sanieren\/\">Weiterlesen <span class=\"meta-nav\">&rarr;<\/span><\/a><\/p>\n","protected":false},"author":2,"featured_media":0,"comment_status":"open","ping_status":"closed","sticky":false,"template":"","format":"standard","meta":{"footnotes":""},"categories":[22,180,201,95],"tags":[716,301,621,319,585],"class_list":["post-70842","post","type-post","status-publish","format-standard","hentry","category-handwerk","category-hochschwarzwald","category-landwirt","category-schulen","tag-bauernhof","tag-culture","tag-land","tag-sanierung","tag-schule"],"_links":{"self":[{"href":"https:\/\/www.freiburg-schwarzwald.de\/blog\/wp-json\/wp\/v2\/posts\/70842","targetHints":{"allow":["GET"]}}],"collection":[{"href":"https:\/\/www.freiburg-schwarzwald.de\/blog\/wp-json\/wp\/v2\/posts"}],"about":[{"href":"https:\/\/www.freiburg-schwarzwald.de\/blog\/wp-json\/wp\/v2\/types\/post"}],"author":[{"embeddable":true,"href":"https:\/\/www.freiburg-schwarzwald.de\/blog\/wp-json\/wp\/v2\/users\/2"}],"replies":[{"embeddable":true,"href":"https:\/\/www.freiburg-schwarzwald.de\/blog\/wp-json\/wp\/v2\/comments?post=70842"}],"version-history":[{"count":0,"href":"https:\/\/www.freiburg-schwarzwald.de\/blog\/wp-json\/wp\/v2\/posts\/70842\/revisions"}],"wp:attachment":[{"href":"https:\/\/www.freiburg-schwarzwald.de\/blog\/wp-json\/wp\/v2\/media?parent=70842"}],"wp:term":[{"taxonomy":"category","embeddable":true,"href":"https:\/\/www.freiburg-schwarzwald.de\/blog\/wp-json\/wp\/v2\/categories?post=70842"},{"taxonomy":"post_tag","embeddable":true,"href":"https:\/\/www.freiburg-schwarzwald.de\/blog\/wp-json\/wp\/v2\/tags?post=70842"}],"curies":[{"name":"wp","href":"https:\/\/api.w.org\/{rel}","templated":true}]}}