{"id":70665,"date":"2019-02-09T18:05:47","date_gmt":"2019-02-09T17:05:47","guid":{"rendered":"https:\/\/www.freiburg-schwarzwald.de\/blog\/?p=70665"},"modified":"2019-03-14T11:52:18","modified_gmt":"2019-03-14T10:52:18","slug":"einfachwohnungen-migranten","status":"publish","type":"post","link":"https:\/\/www.freiburg-schwarzwald.de\/blog\/einfachwohnungen-migranten\/","title":{"rendered":"Einfachwohnungen Migranten"},"content":{"rendered":"<p><a title=\"Integration\" href=\"https:\/\/www.freiburg-schwarzwald.de\/blog\/global\/integration\/\">Integration<\/a> in zentralen <a title=\"Fluechtlinge-Hoellentalstrasse\" href=\"https:\/\/www.freiburg-schwarzwald.de\/blog\/selbsthilfe\/soziales\/fluechtlinge-hoellentalstrasse\/\">Gemeinschaftsunterk\u00fcnften<\/a> funktioniert nicht, wohl aber in dezentralen <a title=\"Einfachwohnung\" href=\"https:\/\/www.freiburg-schwarzwald.de\/blog\/business\/dienste\/immobilien\/einfachwohnung\/\">Einfachwohnungen<\/a>. Dabei kann man als B\u00fcrger nicht einerseits immer neue\u00a0<a title=\"Migration\" href=\"https:\/\/www.freiburg-schwarzwald.de\/blog\/global\/migration\/\">Migration<\/a> gut hei\u00dfen (500 Personen pro Tag zuz\u00fcglich\u00a0<a title=\"Familiennachzug\" href=\"https:\/\/www.freiburg-schwarzwald.de\/blog\/global\/migration\/familiennachzug\/\">Familiennachzug<\/a> im 6-stelliger H\u00f6he j\u00e4hrlich), andererseits aber <a title=\"Integration-gescheitert\" href=\"https:\/\/www.freiburg-schwarzwald.de\/blog\/global\/integration\/integration-gescheitert\/\">gegen<\/a> den <a title=\"Fluechtlingswohnheim\" href=\"https:\/\/www.freiburg-schwarzwald.de\/blog\/selbsthilfe\/soziales\/fluechtlingswohnheim\/\">Wohnungsbau<\/a> f\u00fcr Migranten pl\u00e4dieren. Denn <a title=\"Gutmenschen\" href=\"https:\/\/www.freiburg-schwarzwald.de\/blog\/engagement\/gutmenschen\/\">Gutsein<\/a> ersch\u00f6pft sich nicht im rein Verbalen.<br \/>\n.<br \/>\n<!--more-->Wenn Neubau in seriell und modular standardisierter Fertigung bis Ende 2019 auf heiklen Fl\u00e4chen in <a title=\"StGeorgen\" href=\"https:\/\/www.freiburg-schwarzwald.de\/blog\/regio\/freiburg\/stgeorgen\/\">St. Georgen<\/a>, Munzingen und <a title=\"Ebnet\" href=\"https:\/\/www.freiburg-schwarzwald.de\/blog\/regio\/freiburg\/ebnet\/\">Ebnet<\/a>\u00a0(an der <a title=\"Steinhalde\" href=\"https:\/\/www.freiburg-schwarzwald.de\/blog\/regio\/freiburg\/ebnet\/steinhalde\/\">Steinhalde<\/a>) m\u00f6glich ist, dann mu\u00df dort gebaut werden, und zwar rasch in diesem schmalen Zeitfenster. <a title=\"Integrieren\" href=\"https:\/\/www.freiburg-schwarzwald.de\/blog\/global\/integration\/integrieren\/\">Integration<\/a> braucht <a title=\"Fluechtlinge-Hoellentalstrasse\" href=\"https:\/\/www.freiburg-schwarzwald.de\/blog\/selbsthilfe\/soziales\/fluechtlinge-hoellentalstrasse\/\">soziale Durchmischung<\/a> und gute <a title=\"Nachbarschaft\" href=\"https:\/\/www.freiburg-schwarzwald.de\/blog\/business\/dienste\/immobilien\/quartier\/nachbarschaft\/\">Nachbarschaft<\/a> &#8211; auch mit den sogenannten Guten.<br \/>\n.<br \/>\nDie Freiburger Bobbele sollten die <a title=\"Stadtfreiburg\" href=\"https:\/\/www.freiburg-schwarzwald.de\/blog\/regio\/freiburg\/stadtfreiburg\/\">Stadtverwaltung<\/a>\u00a0unterst\u00fctzen in ihrem Bem\u00fchen, die Migranten \u00fcbers gesamte Stadtgebiet hinweg verteilt unterzubringen, auch in noblen <a title=\"Quartier\" href=\"https:\/\/www.freiburg-schwarzwald.de\/blog\/business\/dienste\/immobilien\/quartier\/\">Quartieren<\/a>, auch in Neubauten, auch in \u00f6kologisch bzw. st\u00e4dteplanerisch umstrittenen Gebieten. Alternativ droht das Scheitern der Integration und die Bildung von <a title=\"No-Go-Area\" href=\"https:\/\/www.freiburg-schwarzwald.de\/blog\/business\/dienste\/immobilien\/wohnen\/no-go-area\/\">No-go<\/a>-Areas,\u00a0<a title=\"Parallelgesellschaft\" href=\"https:\/\/www.freiburg-schwarzwald.de\/blog\/global\/integration\/parallelgesellschaft\/\">Parallelgesellschaften<\/a>\u00a0oder gar Gegengesellschaften.<br \/>\n9.2.2019<\/p>\n<p><a href=\"https:\/\/www.freiburg-schwarzwald.de\/blog\/regio\/freiburg\/ebnet\/steinhalde\/ebnet2steinhalde20190224\/\" rel=\"attachment wp-att-70916\"><img loading=\"lazy\" decoding=\"async\" class=\"alignnone size-thumbnail wp-image-70916\" src=\"https:\/\/www.freiburg-schwarzwald.de\/blog\/wp-content\/uploads\/2019\/02\/ebnet2steinhalde20190224-180x135.jpg\" alt=\"ebnet2steinhalde20190224\" width=\"180\" height=\"135\" srcset=\"https:\/\/www.freiburg-schwarzwald.de\/blog\/wp-content\/uploads\/2019\/02\/ebnet2steinhalde20190224-180x135.jpg 180w, https:\/\/www.freiburg-schwarzwald.de\/blog\/wp-content\/uploads\/2019\/02\/ebnet2steinhalde20190224.jpg 640w\" sizes=\"auto, (max-width: 180px) 100vw, 180px\" \/><\/a>\u00a0 \u00a0Hier an der <a title=\"Steinhalde\" href=\"https:\/\/www.freiburg-schwarzwald.de\/blog\/regio\/freiburg\/ebnet\/steinhalde\/\">Steinhalde in Ebnet<\/a> werden Wohnungen f\u00fcr Migranten gebaut<\/p>\n<p>&nbsp;<\/p>\n<p><strong>Stadt will Fl\u00fcchtlingswohnheime auf Premiumbauland errichten<\/strong><br \/>\nEs geht um Fl\u00e4chen in St. Georgen, Ebnet und Munzingen. Ausgerechnet auf drei exponierten Fl\u00e4chen will die Stadtverwaltung neue <a title=\"Fluechtlinge-Hoellentalstrasse\" href=\"https:\/\/www.freiburg-schwarzwald.de\/blog\/selbsthilfe\/soziales\/fluechtlinge-hoellentalstrasse\/\">Fl\u00fcchtlingswohnheime<\/a> bauen \u2013 und erntet Widerstand.<br \/>\n15 Fl\u00e4chen hat die Stadt gepr\u00fcft, drei sind \u00fcbrig geblieben: &#8222;Oberer Zwiegeracker&#8220; am Sch\u00f6nberg in St. Georgen (5500 Quadratmeter), in Ebnet s\u00fcdlich der &#8222;Steinhalde&#8220; (8000 Quadratmeter) und am &#8222;Rossb\u00e4chle&#8220; in Munzingen am westlichen Ortsausgang (8200 Quadratmeter). Sie geh\u00f6ren der Stiftungsverwaltung, der Kirche und Privaten.<br \/>\n&#8230; Alles vom 9.2.2019 bitte lesen auf<br \/>\n<a href=\"https:\/\/www.badische-zeitung.de\/freiburg\/ein-aufschrei-in-den-stadtteilen--165897596.html\">https:\/\/www.badische-zeitung.de\/freiburg\/ein-aufschrei-in-den-stadtteilen&#8211;165897596.html<\/a><\/p>\n<p>.<br \/>\n<strong>In Zukunft?<\/strong><br \/>\nEs w\u00e4re mal interessant, wie das in Zukunft alles weitergehen soll, was sich unsere &#8222;F\u00fchrung&#8220; bei dieser Aktion denkt. Den Kommunen wirft man die Leute vor die F\u00fc\u00dfe nach dem Motto: &#8222;Schaut selbst her, wo ihr sie unterbringt, nicht unser Problem.&#8220; Dann entstehen solche Situationen wie jetzt hier. Ich meine, dieser Zug f\u00e4hrt irgendwann mit voller Wucht gegen einen Prellbock, sp\u00e4testens wenn die Wirtschaft schw\u00e4chelt und die finanziellen Mittel ausgehen. Noch sind gen\u00fcgend Steuerzahler da, aber die allgemeine Unzufriedenheit bei den B\u00fcrgern w\u00e4chst von Tag zu Tag, es kommt der Zeitpunkt, da gibt es kein kein sch\u00f6nreden mehr &#8211; wetten, dass? Die Hauptverantwortlichen (in Berlin) f\u00fcr die ganze Misere sind fein raus, die machen sich \u00fcber Nacht aus dem Staub. Sch\u00f6nes, neues Deutschland.<br \/>\n9.2.2019, R.S.<br \/>\n.<br \/>\n<strong>&#8230; m\u00f6glichst schnell akzeptablen Wohnraum schaffen<\/strong><br \/>\nWo soll man die Leute unterbringen? In der Wiehre, Herdern? Ist eh kein Platz dort, au\u00dferdem zu teuer. Dann w\u00e4re auch das Geschrei gro\u00df, die Neiddebatte w\u00e4re wieder voll entfacht.<br \/>\nIch finde den Ansatz gut, m\u00f6glichst schnell akzeptablen Wohraum zu schaffen. Vielleicht ist billig auch nicht billig, sondern ausreichend, gut und wichtig, kosteng\u00fcnstig? Also das was viele Leute in Freiburg wollen\/brauchen. Die Kommentare zur Lage finde ich abwegig. Das ist Freiburg, nicht Hochschwarzwald, gute Busanbindung und noch Fahrradl\u00e4ufig zur Innenstadt. Ich k\u00f6nnte mir vorstellen, da\u00df die Verkehrsgeplagten von Stephan-Meier Str., Schwarzwaldstra\u00dfe etc. gerne tauschen w\u00fcrden.<br \/>\n9.2.2019, G.M.<\/p>\n<p><strong>Ein Akt der Verzweiflung der Stadt Freiburg<\/strong><br \/>\nDass das Rathaus auf diese Areale zur\u00fcckgreifen will, ist fast schon ein Akt der Verzweiflung. Denn keine Verwaltung nimmt sehenden Auges den geballten Widerstand der B\u00fcrger in Kauf, wenn es eine Alternative g\u00e4be.<br \/>\n&#8230; Alles vom 9.2.2019 bitte lesen auf<br \/>\n<a href=\"https:\/\/www.badische-zeitung.de\/kommentare-1\/muenstereck-ein-akt-der-verzweiflung--165898723.html\">https:\/\/www.badische-zeitung.de\/kommentare-1\/muenstereck-ein-akt-der-verzweiflung&#8211;165898723.html<\/a><\/p>\n<p>.<br \/>\n<strong>Einfachwohnungen gemischt f\u00fcr Migranten und Bed\u00fcrftige<\/strong><br \/>\nDerzeit leben zwei Drittel der gefl\u00fcchteten Menschen in Freiburg in Gemeinschaftsunterk\u00fcnften \u2013 dort k\u00f6nnen und sollen sie nicht bleiben. Deshalb will das Rathaus eine noch bis Ende des Jahres geltende Sonderregelung des Bundes nutzen, die Bauvorhaben am Siedlungsrand vereinfacht. Obwohl im Gesetzestext ausdr\u00fccklich von der Unterbringung von &#8222;Fl\u00fcchtlingen oder Asylbegehrenden&#8220; die Rede ist, will die Stadtverwaltung in den H\u00e4usern bis zu 50 Prozent Sozialwohnungen f\u00fcr andere Bev\u00f6lkerungsgruppen unterbringen, da g\u00fcnstiger Wohnraum in Freiburg generell rar ist \u2013 und damit zwei Fliegen mit einer Klappe schlagen. Die Durchmischung sei zudem f\u00fcr die Fl\u00fcchtlingsintegration wichtig &#8230;. Alles vom 15.2.2019 bitte lesen auf<br \/>\n<a href=\"https:\/\/www.badische-zeitung.de\/freiburg\/wohnungen-nicht-nur-fuer-fluechtlinge--166438358.html\">https:\/\/www.badische-zeitung.de\/freiburg\/wohnungen-nicht-nur-fuer-fluechtlinge&#8211;166438358.html<\/a><\/p>\n","protected":false},"excerpt":{"rendered":"<p>Integration in zentralen Gemeinschaftsunterk\u00fcnften funktioniert nicht, wohl aber in dezentralen Einfachwohnungen. Dabei kann man als B\u00fcrger nicht einerseits immer neue\u00a0Migration gut hei\u00dfen (500 Personen pro Tag zuz\u00fcglich\u00a0Familiennachzug im 6-stelliger H\u00f6he j\u00e4hrlich), andererseits aber gegen den Wohnungsbau f\u00fcr Migranten pl\u00e4dieren. Denn &hellip; <a href=\"https:\/\/www.freiburg-schwarzwald.de\/blog\/einfachwohnungen-migranten\/\">Weiterlesen <span class=\"meta-nav\">&rarr;<\/span><\/a><\/p>\n","protected":false},"author":2,"featured_media":0,"comment_status":"open","ping_status":"closed","sticky":false,"template":"","format":"standard","meta":{"footnotes":""},"categories":[456,181,49,90,155,157,91],"tags":[725,622,287,278],"class_list":["post-70665","post","type-post","status-publish","format-standard","hentry","category-bebauung","category-buergerbeteiligung","category-freiburg","category-immobilien","category-integration","category-oeffentlicher-raum","category-wohnen","tag-integration","tag-migration","tag-neubau","tag-wohnungslos"],"_links":{"self":[{"href":"https:\/\/www.freiburg-schwarzwald.de\/blog\/wp-json\/wp\/v2\/posts\/70665","targetHints":{"allow":["GET"]}}],"collection":[{"href":"https:\/\/www.freiburg-schwarzwald.de\/blog\/wp-json\/wp\/v2\/posts"}],"about":[{"href":"https:\/\/www.freiburg-schwarzwald.de\/blog\/wp-json\/wp\/v2\/types\/post"}],"author":[{"embeddable":true,"href":"https:\/\/www.freiburg-schwarzwald.de\/blog\/wp-json\/wp\/v2\/users\/2"}],"replies":[{"embeddable":true,"href":"https:\/\/www.freiburg-schwarzwald.de\/blog\/wp-json\/wp\/v2\/comments?post=70665"}],"version-history":[{"count":0,"href":"https:\/\/www.freiburg-schwarzwald.de\/blog\/wp-json\/wp\/v2\/posts\/70665\/revisions"}],"wp:attachment":[{"href":"https:\/\/www.freiburg-schwarzwald.de\/blog\/wp-json\/wp\/v2\/media?parent=70665"}],"wp:term":[{"taxonomy":"category","embeddable":true,"href":"https:\/\/www.freiburg-schwarzwald.de\/blog\/wp-json\/wp\/v2\/categories?post=70665"},{"taxonomy":"post_tag","embeddable":true,"href":"https:\/\/www.freiburg-schwarzwald.de\/blog\/wp-json\/wp\/v2\/tags?post=70665"}],"curies":[{"name":"wp","href":"https:\/\/api.w.org\/{rel}","templated":true}]}}