{"id":70660,"date":"2019-02-09T12:45:44","date_gmt":"2019-02-09T11:45:44","guid":{"rendered":"https:\/\/www.freiburg-schwarzwald.de\/blog\/?p=70660"},"modified":"2019-02-09T12:45:44","modified_gmt":"2019-02-09T11:45:44","slug":"amseln-singen-nicht-mehr","status":"publish","type":"post","link":"https:\/\/www.freiburg-schwarzwald.de\/blog\/amseln-singen-nicht-mehr\/","title":{"rendered":"Amseln singen nicht mehr"},"content":{"rendered":"<p>Die <a title=\"Amseln und der Vollmond\" href=\"https:\/\/www.freiburg-schwarzwald.de\/blog\/amseln-und-der-vollmond\/\">Amseln<\/a> sind verstummt, fr\u00fchmorgens kaum <a title=\"Die Amsel singt schon im Januar\" href=\"https:\/\/www.freiburg-schwarzwald.de\/blog\/die-amsel-singt-schon-im-januar\/\">Amselgesang<\/a> mehr. Heute um 6.30 Uhr sang trotz milden 5 Grad plus gerade mal ein einsamer <a title=\"Amseln singen Fruehlinganfang\" href=\"https:\/\/www.freiburg-schwarzwald.de\/blog\/amseln-singen-fruehlinganfang\/\">Amselmann<\/a> dem nahenden Fr\u00fchling entgegen. Woran liegt&#8217;s? &#8222;<a title=\"Klimagerechtigkeit\" href=\"https:\/\/www.freiburg-schwarzwald.de\/blog\/natur\/klima\/klimagerechtigkeit\/\">Klimawandel<\/a>&#8220; sagen die Enkel. Doch diese <a title=\"Angst\" href=\"https:\/\/www.freiburg-schwarzwald.de\/blog\/engagement\/zukunft\/angst\/\">Angst<\/a> machende <a title=\"Ideologie\" href=\"https:\/\/www.freiburg-schwarzwald.de\/blog\/engagement\/zukunft\/ideologie\/\">indoktrinierte<\/a> <a title=\"Lehrer\" href=\"https:\/\/www.freiburg-schwarzwald.de\/blog\/bildung\/lehrer\/\">Schulmeinung<\/a> ist falsch: Es gibt nur ein <a title=\"Klima\" href=\"https:\/\/www.freiburg-schwarzwald.de\/blog\/natur\/klima\/\">Klima<\/a> und z.B. an der ligurischen K\u00fcste in <a title=\"Moneglia\" href=\"https:\/\/www.freiburg-schwarzwald.de\/blog\/global\/italien\/moneglia\/\">Moneglia<\/a> nahe <a title=\"Mittelmeer Ligurien Moneglia\" href=\"https:\/\/www.freiburg-schwarzwald.de\/blog\/mittelmeer-ligurien-moneglia\/\">Genua<\/a> trillieren die <a title=\"Amsel zuerst \u2013 Kraehe danach\" href=\"https:\/\/www.freiburg-schwarzwald.de\/blog\/amsel-zuerst-kraehe-danach\/\">Amseln<\/a> auch heuer allmorgendlich im Chor. <!--more-->.<\/p>\n<p>Unser Amselsterben ist zum Teil vom Usuti-Virus verursacht, das im Vorjahr aus <a title=\"Afrika\" href=\"https:\/\/www.freiburg-schwarzwald.de\/blog\/global\/afrika\/\">Afrika<\/a> eingeschleppt wurde. Zum anderen ist die \u00fcbergro\u00dfe Verbreitung der Kr\u00e4hen schuld. So wurden in unserem Garten 2018 drei von vier <a title=\"Vogelzaehlung: weniger Meisen\" href=\"https:\/\/www.freiburg-schwarzwald.de\/blog\/vogelzaehlung-weniger-meisen\/\">Amselnester<\/a> von <a title=\"Amsel zuerst \u2013 Kraehe danach\" href=\"https:\/\/www.freiburg-schwarzwald.de\/blog\/amsel-zuerst-kraehe-danach\/\">Kr\u00e4hen<\/a> gepl\u00fcndert.<br \/>\nAlso warten wir, bis das Amselvirus und die <a title=\"Rabenvogel\" href=\"https:\/\/www.freiburg-schwarzwald.de\/blog\/natur\/tiere\/vogel\/rabenvogel\/\">Rabenplage<\/a> (z.B. im Innenhof der <a title=\"Kinderklinik\" href=\"https:\/\/www.freiburg-schwarzwald.de\/blog\/business\/gesund\/uniklinik\/kinderklinik\/\">Uni-Kliniken<\/a>) vor\u00fcber sind. Solange gilt: Allmorgendliches Gekr\u00e4he der <a title=\"Rabenvogel\" href=\"https:\/\/www.freiburg-schwarzwald.de\/blog\/natur\/tiere\/vogel\/rabenvogel\/\">Rabenv\u00f6gel<\/a> statt <a title=\"Vogel\" href=\"https:\/\/www.freiburg-schwarzwald.de\/blog\/natur\/tiere\/vogel\/\">Gesang <\/a>der Amseln &#8211; Fr\u00fchling wird&#8217;s so oder so..<br \/>\n9.2.2019<br \/>\n.<br \/>\n<strong>Ein Virus aus Afrika l\u00e4sst Amseln sterben<\/strong><br \/>\nSagen l\u00e4sst sich jedoch, dass die bereits im Vorfeld ge\u00e4u\u00dferte Vermutung, der Amsel k\u00f6nne es schlechter gehen, durch die dokumentierten Zahlen untermauert wird: Wie in ganz Baden-W\u00fcrttemberg ist n\u00e4mlich auch im Stadtkreis ihr Trend um zirka 20 Prozent r\u00fcckl\u00e4ufig, im Schnitt wurden nur noch 2,2 Exemplare pro Garten gez\u00e4hlt \u2013 damit reichte es in der Endabrechnung lediglich f\u00fcr Platz 5. Hauptgrund f\u00fcr diese negative Entwicklung d\u00fcrfte sein, dass das aus Afrika stammende Usutu-Virus dieser beliebten Drosselart sp\u00fcrbar zusetzt \u2013 gef\u00f6rdert vermutlich durch den langen Sommer.<br \/>\n&#8230; Alles vom 17.1.2019 bitte lesen auf<br \/>\n<a href=\"https:\/\/www.badische-zeitung.de\/freiburg\/freiburg-bleibt-eine-hochburg-fuer-spatzen--164387912.html\">https:\/\/www.badische-zeitung.de\/freiburg\/freiburg-bleibt-eine-hochburg-fuer-spatzen&#8211;164387912.html<\/a><\/p>\n","protected":false},"excerpt":{"rendered":"<p>Die Amseln sind verstummt, fr\u00fchmorgens kaum Amselgesang mehr. Heute um 6.30 Uhr sang trotz milden 5 Grad plus gerade mal ein einsamer Amselmann dem nahenden Fr\u00fchling entgegen. Woran liegt&#8217;s? &#8222;Klimawandel&#8220; sagen die Enkel. Doch diese Angst machende indoktrinierte Schulmeinung ist &hellip; <a href=\"https:\/\/www.freiburg-schwarzwald.de\/blog\/amseln-singen-nicht-mehr\/\">Weiterlesen <span class=\"meta-nav\">&rarr;<\/span><\/a><\/p>\n","protected":false},"author":2,"featured_media":0,"comment_status":"open","ping_status":"closed","sticky":false,"template":"","format":"standard","meta":{"footnotes":""},"categories":[140,139,60,95,101,68,220],"tags":[488,715,146,466,719],"class_list":["post-70660","post","type-post","status-publish","format-standard","hentry","category-garten","category-heimat","category-jugend","category-schulen","category-tiere","category-umwelt","category-vogel","tag-child","tag-klima","tag-schulgarten","tag-tierschutz","tag-umwelt"],"_links":{"self":[{"href":"https:\/\/www.freiburg-schwarzwald.de\/blog\/wp-json\/wp\/v2\/posts\/70660","targetHints":{"allow":["GET"]}}],"collection":[{"href":"https:\/\/www.freiburg-schwarzwald.de\/blog\/wp-json\/wp\/v2\/posts"}],"about":[{"href":"https:\/\/www.freiburg-schwarzwald.de\/blog\/wp-json\/wp\/v2\/types\/post"}],"author":[{"embeddable":true,"href":"https:\/\/www.freiburg-schwarzwald.de\/blog\/wp-json\/wp\/v2\/users\/2"}],"replies":[{"embeddable":true,"href":"https:\/\/www.freiburg-schwarzwald.de\/blog\/wp-json\/wp\/v2\/comments?post=70660"}],"version-history":[{"count":0,"href":"https:\/\/www.freiburg-schwarzwald.de\/blog\/wp-json\/wp\/v2\/posts\/70660\/revisions"}],"wp:attachment":[{"href":"https:\/\/www.freiburg-schwarzwald.de\/blog\/wp-json\/wp\/v2\/media?parent=70660"}],"wp:term":[{"taxonomy":"category","embeddable":true,"href":"https:\/\/www.freiburg-schwarzwald.de\/blog\/wp-json\/wp\/v2\/categories?post=70660"},{"taxonomy":"post_tag","embeddable":true,"href":"https:\/\/www.freiburg-schwarzwald.de\/blog\/wp-json\/wp\/v2\/tags?post=70660"}],"curies":[{"name":"wp","href":"https:\/\/api.w.org\/{rel}","templated":true}]}}