{"id":70489,"date":"2019-01-28T10:23:12","date_gmt":"2019-01-28T09:23:12","guid":{"rendered":"https:\/\/www.freiburg-schwarzwald.de\/blog\/?p=70489"},"modified":"2019-01-31T11:17:52","modified_gmt":"2019-01-31T10:17:52","slug":"klimawandel-holocaustleugner","status":"publish","type":"post","link":"https:\/\/www.freiburg-schwarzwald.de\/blog\/klimawandel-holocaustleugner\/","title":{"rendered":"Klimawandel- Holocaustleugner"},"content":{"rendered":"<p><em>&#8222;Es gibt Leute, die leugnen den <a title=\"Klima\" href=\"https:\/\/www.freiburg-schwarzwald.de\/blog\/natur\/klima\/\">Klimawande<\/a>l. Es gibt Leute, die leugnen den <a title=\"Juden\" href=\"https:\/\/www.freiburg-schwarzwald.de\/blog\/religion\/juden\/\">Holocaust<\/a>. Es gibt Leute, die leugnen, dass <a title=\"Feinstaub\" href=\"https:\/\/www.freiburg-schwarzwald.de\/blog\/natur\/umwelt\/feinstaub\/\">Feinstaub<\/a> und Feinstaubpartikel und <a title=\"CO2\" href=\"https:\/\/www.freiburg-schwarzwald.de\/blog\/natur\/klima\/co2\/\">CO2<\/a> und Stickoxide gesundheitssch\u00e4dlich sind, das geh\u00f6rt dazu<\/em>&#8222;, so Michael Cramer (die Gr\u00fcnen), seit 2004 Mitglied im europ\u00e4ischen Parlament und bis 2017 Vorsitzender im Ausschuss f\u00fcr Verkehr und Fremdenverkehr (TRAN), am 28.1.2019 im DLF. <!--more--><br \/>\n<a href=\"https:\/\/www.deutschlandfunk.de\/kritik-an-feinstaubgrenzwerten-gesundheitsschutz-muss.694.de.html?dram:article_id=439464\">https:\/\/www.deutschlandfunk.de\/kritik-an-feinstaubgrenzwerten-gesundheitsschutz-muss.694.de.html?dram:article_id=439464<\/a><br \/>\nDie Leugung von Klimawandel, Holocaust und und Feinstaubbelastung wird von einem seit 14 Jahren im <a title=\"EU\" href=\"https:\/\/www.freiburg-schwarzwald.de\/blog\/global\/eu\/\">EU-Parlament<\/a> f\u00fchrend t\u00e4tigen Gr\u00fcnenpolitiker in einem Atemzug genannt &#8211; nicht irgendwo in irgendeinem Privatsender, sondern im \u00f6ffentlich-rechtlichen Rundfunk. .<br \/>\nDazu stellt Henryk M. Broder &#8211; selbst Jude &#8211; fest: <em>&#8222;Es ist an der Zeit, Klimaleugnung ebenso unter Strafe zu stellen, wie es Holocaustleugnung bereits ist. Falls daf\u00fcr eine eigene Beh\u00f6rde n\u00f6tig w\u00e4re, w\u00fcrde sich der Ex-Lehrer Cramer daf\u00fcr bestens eignen.&#8220;<\/em><br \/>\n<a href=\"https:\/\/www.achgut.com\/artikel\/denkerinnen_und_denker_des_21._jahrhunderts_michael_cramer\">https:\/\/www.achgut.com\/artikel\/denkerinnen_und_denker_des_21._jahrhunderts_michael_cramer<\/a><br \/>\n.<br \/>\nBleibt zu fragen, was einen fast 60-j\u00e4hrigen gr\u00fcnen <a title=\"Parlament\" href=\"https:\/\/www.freiburg-schwarzwald.de\/blog\/engagement\/zukunft\/demokratie\/parlament\/\">Parlamentarier<\/a>\u00a0und ehemaligen\u00a0Lehrer zu so einer Beleidigung der <a title=\"Holocaust-Education\" href=\"https:\/\/www.freiburg-schwarzwald.de\/blog\/bildung\/holocaust-education\/\">Opfer des Holocaust<\/a> treibt: <a title=\"Naivitaet\" href=\"https:\/\/www.freiburg-schwarzwald.de\/blog\/engagement\/zukunft\/demokratie\/naivitaet\/\">Naivit\u00e4t<\/a>, Nachl\u00e4ssigkeit, Gleichg\u00fcltigkeit, <a title=\"Dummheit\" href=\"https:\/\/www.freiburg-schwarzwald.de\/blog\/engagement\/zukunft\/dummheit\/\">Dummheit<\/a> oder gar Absicht?<br \/>\n28.1.2019<\/p>\n<p><strong>Gibt es nun nach dem Antisemitismusbeaufragten bald auch einen Antiklimatismusbeauftragten?<\/strong><br \/>\nIm Kampf gegen die Verharmlosung der einen Leugner durch das Heraufbeschw\u00f6ren neuer Leugner bin ich dringend f\u00fcr die Schaffung eines \u201cAntiklimatismusbeauftragten\u201d&#8230;<br \/>\n28.1.2019, Gidon David, AO<br \/>\n.<br \/>\n<strong>\u201cNachtigall ick h\u00f6r Dir trabsen\u201d<\/strong><br \/>\nIch glaube nicht, dass Herr Cramer sich um den Verstand geradelt hat. Daf\u00fcr bedarf es, au\u00dfer im Besitz eines Fahrrades zu sein, weiterer Voraussetzungen. Ich denke aber, dass der Herr Cramer bei dem Verstand ist, den er hatte, bevor er losgeradelt ist. Er meint n\u00e4mlich genau dass, was er gesagt hat. Das Leugnen des menschengemachten Klimawandels, das Bezweifeln der Grenzwerte f\u00fcr Stickoxide und Feinstaub oder schlicht Kritik und Zweifel an den Narrativen der Gr\u00fcnen ist mit dem Leugnen des Holocaust mindestens gleichzusetzen und nat\u00fcrlich entsprechend zu bestrafen.<br \/>\nLetzteres hat er damit zumindest implizit gefordert. Jetzt ist es keine gro\u00dfe Sache, wenn solche Forderungen von irgendeinem Nobody erhoben werden. Ein Nobody ist Cramer aber gerade nicht, sonst h\u00e4tte er nicht die Gelegenheit zu einem Interview im DLF bekommen. Und es ist Strategie der Gr\u00fcnen, Forderungen, wie unsinnig und rechtswidrig sie auch sein m\u00f6gen, solange zu wiederholen, bis sie irgendwann im Gesetzblatt stehen. \u201cNachtigall ick h\u00f6r Dir trabsen\u201d, h\u00e4tte fr\u00fcher der Berliner gesagt.<br \/>\n281.2019, M.S., AO<br \/>\n.<br \/>\n<strong>Als Gr\u00fcner sakrosankt<\/strong><br \/>\nHabe das Interview auch geh\u00f6rt. Fand die Aneinanderreihung, d.h. Gleichartigkeit der Beispiele, auch ziemlich deplaciert. Der Moderator h\u00e4tte eigentlich einhalten m\u00fcssen, na gut, er hatte keine Zeit, es kam das \u201cDanke f\u00fcr das Interview\u201d und dann die Nachrichten. Wehe, ein Rechter h\u00e4tte sowas gesagt &#8230;.aber die Gr\u00fcnen sind sakrosankt, bei dem Sender sowieso.<br \/>\n28.1.2019, W.N.<br \/>\n.<br \/>\n<strong>Ekelhafte M\u00f6chtegerneliten<\/strong><br \/>\nOb diese Menschen was nehmen? Es ist wieder die Relativierung des Holocausts. Vielleicht sollte man Grenzwerte f\u00fcr Politker einf\u00fchren. Ich wundere mich nicht mehr, wenn keine Argumente vorhanden sind, wird das dritte Reich hergeholt. Jeder Kritiker, egal von was, ist <a title=\"Nazi\" href=\"https:\/\/www.freiburg-schwarzwald.de\/blog\/religion\/juden\/nazi\/\">Nazi<\/a> und jetzt wird der Holocaust mit dem Klimawandel verglichen. Ist die Stazi schon in Startl\u00f6chern? Es ist nur noch ekelhaft, was die sogenannte, arrogante M\u00f6chtegerneliten von sich geben.<br \/>\n28.1.2019, S.A., AO<br \/>\n.<br \/>\n<strong>Absichtlich?<\/strong><br \/>\nIch bin in der Tat der Ansicht, dass der Begriff \u201cKlimaleugner\u201d absichtlich wegen seiner N\u00e4he zum \u201cHolocaustleugner\u201d gew\u00e4hlt wird.<br \/>\n28.1.2019, W.Sch,<br \/>\n.<br \/>\n<strong>\u201cLasciate ogni speranza, voi ch\u2019entrate!\u201d<\/strong><br \/>\nEinem Volk, das sich von solch profund gebildeten Volksvertretern vertreten l\u00e4sst, dem geh\u00f6rt (steuerlich) das Fell gegerbt und der rote Hahn aufs morsche demokratische Dach gesetzt. Das hat jegliches Recht auf Klage verloren, da es sich schon lange zuvor jeglicher Intelligenz &amp; Hoffnung begeben hat.<br \/>\nWenn man jetzt auch noch in Betracht zieht, dass diese \u201cKoryph\u00e4e\u201d (und Abertausende gleicher Art) sich als Lehrkraft an den Hirnen wehrloser Kinder vergehen durfte, dann wei\u00df man, woher die Wahlergebnisse kommen. Wie sagte es Dante Alighieri so treffend in seiner La Divina Commedia: \u201cLasciate ogni speranza, voi ch\u2019entrate!\u201d<br \/>\n28.1.2019, A.M.<\/p>\n<p>.<br \/>\n<strong>CO2 ist giftig &#8211; so DIE GR\u00dcNEN<\/strong><br \/>\nLieber Herr Broder, man kann sich Ihrer Einsch\u00e4tzung nur anschlie\u00dfen: Hier ist ein Gr\u00fcner wirklich auf der v\u00f6llig falschen Spur unterwegs. Davon abgesehen, behauptet er im DLF-Interview aber auch noch, es seien schon zu viele Menschen vorzeitig an Stickoxiden, Feinstaub und CO2 gestorben. Zumindest was CO2 angeht, kann man hier aber wirklich Entwarnung geben: An einer \u00dcberdosis CO2 in der Atmosph\u00e4re ist wahrlich noch niemand jemals gestorben; bei NOX uns Feinstaub bin ich mir auch ziemlich sicher.<br \/>\n28..2018, M.E.<br \/>\n.<br \/>\n<strong>Trauern als Ritual<\/strong><br \/>\nDas kommt davon, wenn man Trauern zu dem macht, zu was es in Deutschland geworden ist: zu einem Ritual. Dann rutschen solche Vergleiche heraus. Denn was hier entlarvt wird, ist die Unf\u00e4higkeit zu trauern. Und die Unf\u00e4higkeit Dinge nach ihrer Wertigkeit zu ordnen. Wer Dinge nur \u201eherunterbetet\u201c, ohne \u00fcber ihre Bedeutung und ihre Dimension nachzudenken, vergreift sich leicht in seiner Wortwahl und vergleicht Unvergleichbares. Er gleicht sich dadurch geradezu dem Holocaust-Leugner an, indem er (unfreiwillig) banalisiert. Doch dieser Mangel an Feingef\u00fchl ist bezeichnend f\u00fcr eine theatralische, jedoch unehrliche Gef\u00fchlsduselei wie wir sie im Zusammenhang mit dem Holocaust kennen. Dann w\u00e4re es besser die ganzen Bekenntnisse v\u00f6llig bleiben zu lassen, als sie zu einem Ritual unter Vielen verkommen zu lassen.<br \/>\n28.1.2019, W.A<br \/>\n.<\/p>\n<p><strong>Ich w\u00e4re auch lieber linksgr\u00fcn als rechts.<\/strong><br \/>\nDie Gr\u00fcnen sind sehr stark in ihrem Glauben. Mir kommt dabei immer das folgende Zitat von Dr. House in den Sinn: \u201cReligi\u00f6se Menschen denken nicht rational. Sonst w\u00fcrde es keine religi\u00f6sen Menschen geben!\u201d<br \/>\nIch w\u00e4re auch lieber linksgr\u00fcn als rechts. Wenn ich linksgr\u00fcn bin, kann ich sagen, was ich will. Es war ja immer irgendwie \u201cnett\u201d und \u201cmenschenfreundlich\u201d gemeint. Als Rechter ist alles, was ich sage, automatisch b\u00f6se und menschenfeindlich, selbst die Uhrzeit.<br \/>\n28.1.2019, M.L.<br \/>\n.<br \/>\nWer solche Phrasen von sich gibt \u201cEs gibt Leute, die leugnen den Klimawandel, es gibt Leute, die leugnen den Holocaust.\u201d bezeugt seine Debilit\u00e4t und Imbezillit\u00e4t! Wie abartig mu\u00df man sein, um dieses \u201cnicht zu Vergleichende\u201d mit einer berechtigten Kritik zu vergleichen!<br \/>\n28.1.2019, R.\u00d6.,<br \/>\n.<br \/>\n<strong>Reichsb\u00fcrger?<\/strong><br \/>\nLieber Herr Broder, jeder, der nicht zu 100% auf Linie ist, wird mit dem Nazistempel versehen. Jeder der die Grenzwerte f\u00fcr unwissenschaftlich h\u00e4lt, ist ein Holocaustleugner im Nebenjob. Ein weiterer bedeutender Denker des 21. Jahrhunderts ist der Gr\u00fcne Dieter Janecek, der diese prachtvolle Twitteraussage zustande brachte: \u201cUm das mal klar zu sagen: Was Union und FDP zusammen mit ein paar verirrten Lungen\u00e4rzten da in Sachen #Umwelthilfe #Feinstaub #Stickoxide auff\u00fchren, hat Reichsb\u00fcrger-Niveau. Eine Schande f\u00fcr die deutsche Politik ist das.\u201d Die Verkn\u00fcpfung mit irgendwas mit Nazi ist immer wichtig. Alle Kritiker sind rechts und haben somit jeden Anspruch verloren, Kritik \u00fcberhaupt zu \u00fcben. Unterhalb des Nazivorwurfs tun es die gr\u00fcnen Gef\u00fchlspolitiker nicht mehr.<br \/>\n28.1.2019, M.B.<\/p>\n","protected":false},"excerpt":{"rendered":"<p>&#8222;Es gibt Leute, die leugnen den Klimawandel. Es gibt Leute, die leugnen den Holocaust. Es gibt Leute, die leugnen, dass Feinstaub und Feinstaubpartikel und CO2 und Stickoxide gesundheitssch\u00e4dlich sind, das geh\u00f6rt dazu&#8222;, so Michael Cramer (die Gr\u00fcnen), seit 2004 Mitglied &hellip; <a href=\"https:\/\/www.freiburg-schwarzwald.de\/blog\/klimawandel-holocaustleugner\/\">Weiterlesen <span class=\"meta-nav\">&rarr;<\/span><\/a><\/p>\n","protected":false},"author":2,"featured_media":0,"comment_status":"open","ping_status":"closed","sticky":false,"template":"","format":"standard","meta":{"footnotes":""},"categories":[96,195,80],"tags":[633,489,420,715,670],"class_list":["post-70489","post","type-post","status-publish","format-standard","hentry","category-dichter","category-eu","category-medien","tag-demokratie","tag-european-union","tag-juden","tag-klima","tag-nazi"],"_links":{"self":[{"href":"https:\/\/www.freiburg-schwarzwald.de\/blog\/wp-json\/wp\/v2\/posts\/70489","targetHints":{"allow":["GET"]}}],"collection":[{"href":"https:\/\/www.freiburg-schwarzwald.de\/blog\/wp-json\/wp\/v2\/posts"}],"about":[{"href":"https:\/\/www.freiburg-schwarzwald.de\/blog\/wp-json\/wp\/v2\/types\/post"}],"author":[{"embeddable":true,"href":"https:\/\/www.freiburg-schwarzwald.de\/blog\/wp-json\/wp\/v2\/users\/2"}],"replies":[{"embeddable":true,"href":"https:\/\/www.freiburg-schwarzwald.de\/blog\/wp-json\/wp\/v2\/comments?post=70489"}],"version-history":[{"count":0,"href":"https:\/\/www.freiburg-schwarzwald.de\/blog\/wp-json\/wp\/v2\/posts\/70489\/revisions"}],"wp:attachment":[{"href":"https:\/\/www.freiburg-schwarzwald.de\/blog\/wp-json\/wp\/v2\/media?parent=70489"}],"wp:term":[{"taxonomy":"category","embeddable":true,"href":"https:\/\/www.freiburg-schwarzwald.de\/blog\/wp-json\/wp\/v2\/categories?post=70489"},{"taxonomy":"post_tag","embeddable":true,"href":"https:\/\/www.freiburg-schwarzwald.de\/blog\/wp-json\/wp\/v2\/tags?post=70489"}],"curies":[{"name":"wp","href":"https:\/\/api.w.org\/{rel}","templated":true}]}}