{"id":70413,"date":"2019-01-25T15:52:52","date_gmt":"2019-01-25T14:52:52","guid":{"rendered":"https:\/\/www.freiburg-schwarzwald.de\/blog\/?p=70413"},"modified":"2019-01-25T18:27:41","modified_gmt":"2019-01-25T17:27:41","slug":"silencing-und-konformismus","status":"publish","type":"post","link":"https:\/\/www.freiburg-schwarzwald.de\/blog\/silencing-und-konformismus\/","title":{"rendered":"Silencing und Konformismus"},"content":{"rendered":"<p><a title=\"Diskussionskultur\" href=\"https:\/\/www.freiburg-schwarzwald.de\/blog\/kultur\/medien\/diskussionskultur\/\">Silencing<\/a> ist als <a title=\"Zeitgeist\" href=\"https:\/\/www.freiburg-schwarzwald.de\/blog\/engagement\/zeitgeist\/\">Modewort<\/a> hipp: Eine vom <a title=\"Mainstream\" href=\"https:\/\/www.freiburg-schwarzwald.de\/blog\/kultur\/medien\/mainstream\/\">Mainstream<\/a> abweichende <a title=\"Meinungsfreiheit\" href=\"https:\/\/www.freiburg-schwarzwald.de\/blog\/kultur\/medien\/meinungsfreiheit\/\">Meinung<\/a> wird nicht mehr kritisiert, sondern einfach zum <a title=\"Schweigespirale zur Migration\" href=\"https:\/\/www.freiburg-schwarzwald.de\/blog\/schweigespirale-zur-migration\/\">Schweigen<\/a> gebracht &#8211; &#8222;Silence&#8220;, auf Bayerisch &#8222;A Ruah isch&#8220;. Man braucht sich nicht mehr die M\u00fche machen, die abweichende Meinung zu diskutieren, zu pr\u00fcfen und ggf. gar als falsch zu widerlegen &#8211; man <a title=\"Diffamierung\" href=\"https:\/\/www.freiburg-schwarzwald.de\/blog\/kultur\/medien\/diffamierung\/\">erkl\u00e4rt sie<\/a> einfach f\u00fcr <a title=\"Konstanz moralischer als Lodi?\" href=\"https:\/\/www.freiburg-schwarzwald.de\/blog\/konstanz-moralischer-als-lodi\/\">unmoralisch<\/a>.<br \/>\n.<br \/>\n<!--more-->So wird die Meinung &#8222;Ein demokratischer <a title=\"Rechtsstaat\" href=\"https:\/\/www.freiburg-schwarzwald.de\/blog\/selbsthilfe\/soziales\/justiz\/rechtsstaat\/\">Rechtsstaat<\/a> mu\u00df seine Grenzen <a title=\"Kontrollierte-Grenzen\" href=\"https:\/\/www.freiburg-schwarzwald.de\/blog\/global\/migration\/kontrollierte-grenzen\/\">kontrollieren<\/a>&#8220; zum Schweigen gebracht, indem man sie als fremdenfeindlich, inhuman, rassistisch, altmodisch, rechtsextrem und gar <a title=\"Nazi\" href=\"https:\/\/www.freiburg-schwarzwald.de\/blog\/religion\/juden\/nazi\/\">nazistisch<\/a> abtut.<br \/>\n.<br \/>\nSilencing ist Kennzeichen der <a title=\"Political-Correctness\" href=\"https:\/\/www.freiburg-schwarzwald.de\/blog\/kultur\/medien\/political-correctness\/\">&#8222;Political Correctness (PC)&#8220;<\/a>. Wer widerspricht, wird nicht kritisiert und widerlegt. Die abweichende Meinungs\u00e4u\u00dferung wird nicht diskutiert, sondern einfach geha\u00dft &#8211; sie ist schlie\u00dflich ja incorrect.<br \/>\n.<br \/>\nPolitical Correctness verbreitet <a title=\"Konformismus\" href=\"https:\/\/www.freiburg-schwarzwald.de\/blog\/kultur\/medien\/political-correctness\/konformismus\/\">Konformismus<\/a>. Fr\u00fcher bef\u00fcrchteten die Menschen, das Unwahre zu sagen, d.h. die unrichtige Meinung zu haben. Heute f\u00fcrchten sie sich zu allererst davor, mit ihrer Meinung allein zu bleiben. Kierkegaard spricht von der <a title=\"Angst\" href=\"https:\/\/www.freiburg-schwarzwald.de\/blog\/engagement\/zukunft\/angst\/\">Angst<\/a> davor, ein Einzelner zu sein. Man geht konform mit der angesagten Meinung (z.B. &#8222;<a title=\"Diesel\" href=\"https:\/\/www.freiburg-schwarzwald.de\/blog\/regio\/verkehr\/diesel\/\">Diese<\/a>l vergiftet die Atemluft&#8220;) oder aber man schweigt ganz (&#8222;Ich sage zum Kohleausstieg nichts, dann kann ich mich auch nicht blamieren&#8220;).<br \/>\n.<br \/>\n<a title=\"Konformismus\" href=\"https:\/\/www.freiburg-schwarzwald.de\/blog\/kultur\/medien\/political-correctness\/konformismus\/\">Konformismus<\/a> ist charakteristisch f\u00fcr die moderne Massendemokratie: in der Mode, in der <a title=\"Kommunikation\" href=\"https:\/\/www.freiburg-schwarzwald.de\/blog\/kultur\/internet\/kommunikation\/\">Kommunikation<\/a>, in der Politik: ihr Thema ist die Gruppe, das Team, das Mitglied. Ihr Anathema ist der Einzelne, das Individuum, der Eigensinnige, der Abweichler, der Aussenseiter. Nonkonformit\u00e4t wird in\u00a0der Gesellschaft bestraft und mit einer der zahllosen\u00a0<a title=\"Gesinnungsdiktatur\" href=\"https:\/\/www.freiburg-schwarzwald.de\/blog\/kultur\/medien\/gesinnungsdiktatur\/\">Gesinnungs<\/a>-Keulen erschlagen. <a title=\"Konformismus\" href=\"https:\/\/www.freiburg-schwarzwald.de\/blog\/kultur\/medien\/political-correctness\/konformismus\/\">Norbert Bolz<\/a>\u00a0spannt den Bogen bis hin zur Zivilcourage des Individuums: &#8222;Politische Korrektheit ist die Macht des Konformismus, die andere zum Heucheln zwingt. Sich diesem Zwang zur Heuchelei zu entziehen, erfordert heute den Mut, den man <a title=\"Zivilcourage\" href=\"https:\/\/www.freiburg-schwarzwald.de\/blog\/engagement\/zivilcourage\/\">Zivilcourage<\/a> nennt.&#8220;<br \/>\n25.1.2019<\/p>\n","protected":false},"excerpt":{"rendered":"<p>Silencing ist als Modewort hipp: Eine vom Mainstream abweichende Meinung wird nicht mehr kritisiert, sondern einfach zum Schweigen gebracht &#8211; &#8222;Silence&#8220;, auf Bayerisch &#8222;A Ruah isch&#8220;. Man braucht sich nicht mehr die M\u00fche machen, die abweichende Meinung zu diskutieren, zu &hellip; <a href=\"https:\/\/www.freiburg-schwarzwald.de\/blog\/silencing-und-konformismus\/\">Weiterlesen <span class=\"meta-nav\">&rarr;<\/span><\/a><\/p>\n","protected":false},"author":2,"featured_media":0,"comment_status":"open","ping_status":"closed","sticky":false,"template":"","format":"standard","meta":{"footnotes":""},"categories":[18,36,13,80],"tags":[633,525,438],"class_list":["post-70413","post","type-post","status-publish","format-standard","hentry","category-bildung","category-engagement","category-kultur","category-medien","tag-demokratie","tag-politik","tag-zeitung"],"_links":{"self":[{"href":"https:\/\/www.freiburg-schwarzwald.de\/blog\/wp-json\/wp\/v2\/posts\/70413","targetHints":{"allow":["GET"]}}],"collection":[{"href":"https:\/\/www.freiburg-schwarzwald.de\/blog\/wp-json\/wp\/v2\/posts"}],"about":[{"href":"https:\/\/www.freiburg-schwarzwald.de\/blog\/wp-json\/wp\/v2\/types\/post"}],"author":[{"embeddable":true,"href":"https:\/\/www.freiburg-schwarzwald.de\/blog\/wp-json\/wp\/v2\/users\/2"}],"replies":[{"embeddable":true,"href":"https:\/\/www.freiburg-schwarzwald.de\/blog\/wp-json\/wp\/v2\/comments?post=70413"}],"version-history":[{"count":0,"href":"https:\/\/www.freiburg-schwarzwald.de\/blog\/wp-json\/wp\/v2\/posts\/70413\/revisions"}],"wp:attachment":[{"href":"https:\/\/www.freiburg-schwarzwald.de\/blog\/wp-json\/wp\/v2\/media?parent=70413"}],"wp:term":[{"taxonomy":"category","embeddable":true,"href":"https:\/\/www.freiburg-schwarzwald.de\/blog\/wp-json\/wp\/v2\/categories?post=70413"},{"taxonomy":"post_tag","embeddable":true,"href":"https:\/\/www.freiburg-schwarzwald.de\/blog\/wp-json\/wp\/v2\/tags?post=70413"}],"curies":[{"name":"wp","href":"https:\/\/api.w.org\/{rel}","templated":true}]}}