{"id":70243,"date":"2019-01-15T11:31:07","date_gmt":"2019-01-15T10:31:07","guid":{"rendered":"https:\/\/www.freiburg-schwarzwald.de\/blog\/?p=70243"},"modified":"2019-01-15T11:32:07","modified_gmt":"2019-01-15T10:32:07","slug":"keine-meinungsfreiheit-mehr","status":"publish","type":"post","link":"https:\/\/www.freiburg-schwarzwald.de\/blog\/keine-meinungsfreiheit-mehr\/","title":{"rendered":"Keine Meinungsfreiheit mehr"},"content":{"rendered":"<p>\u201eEine Vorlesung (an der <a title=\"Universitaet\" href=\"https:\/\/www.freiburg-schwarzwald.de\/blog\/bildung\/hochschulen\/universitaet\/\">Universit\u00e4t<\/a> Siegen) \u00fcber <a title=\"Meinungsfreiheit\" href=\"https:\/\/www.freiburg-schwarzwald.de\/blog\/kultur\/medien\/meinungsfreiheit\/\">Meinungsfreiheit<\/a> wird bek\u00e4mpft, weil ein Mensch auftritt, der eine <a title=\"Stefan Kretzschmar: Meinung\" href=\"https:\/\/www.freiburg-schwarzwald.de\/blog\/stefan-kretzschmar-meinung\/\">Meinung<\/a> hat. Die man aber <a title=\"Meinungsvielfalt Medienvielfalt\" href=\"https:\/\/www.freiburg-schwarzwald.de\/blog\/meinungsvielfalt-medienvielfalt\/\">nicht haben darf<\/a>. Und wer ihn unterst\u00fctzt, ist <a title=\"Nazi\" href=\"https:\/\/www.freiburg-schwarzwald.de\/blog\/religion\/juden\/nazi\/\">\u201eNazi\u201c<\/a>. Geht\u2019s nicht auch `ne <a title=\"Haltungsjournalismus\" href=\"https:\/\/www.freiburg-schwarzwald.de\/blog\/kultur\/medien\/journalismus\/haltungsjournalismus\/\">Nummer kleiner<\/a>? <a title=\"Denunziation\" href=\"https:\/\/www.freiburg-schwarzwald.de\/blog\/engagement\/zukunft\/demokratie\/69724-2\/\">Wer<\/a> legt eigentlich fest, <a title=\"Gesinnungsdiktatur\" href=\"https:\/\/www.freiburg-schwarzwald.de\/blog\/kultur\/medien\/gesinnungsdiktatur\/\">was man sagen darf<\/a> und was nicht, welche <a title=\"Political-Correctness\" href=\"https:\/\/www.freiburg-schwarzwald.de\/blog\/kultur\/medien\/political-correctness\/\">Meinung<\/a> man haben darf und welche nicht? Nat\u00fcrlich nur, solange es nicht gegen geltendes Recht verst\u00f6\u00dft.<br \/>\n.<!--more--><br \/>\nImmer mehr Menschen f\u00fchlen sich anderen <a title=\"Gesinnungsethik\" href=\"https:\/\/www.freiburg-schwarzwald.de\/blog\/engagement\/zukunft\/demokratie\/gesinnungsethik\/\">moralisch \u00fcberlegen<\/a> und bek\u00e4mpfen Andersdenkende, mittlerweile sogar <a title=\"Linke-Gewalt\" href=\"https:\/\/www.freiburg-schwarzwald.de\/blog\/selbsthilfe\/krise\/gewalt\/linke-gewalt\/\">bis aufs Blut<\/a>. Sie erzeugen eine Atmosph\u00e4re von <a title=\"Angst\" href=\"https:\/\/www.freiburg-schwarzwald.de\/blog\/engagement\/zukunft\/angst\/\">Angst<\/a> und nennen es <a title=\"Freiheit\" href=\"https:\/\/www.freiburg-schwarzwald.de\/blog\/engagement\/zukunft\/demokratie\/freiheit\/\">Freiheit<\/a>. Sie bedrohen andere und nennen es friedlich. Sie wollen den Zusammenhalt und betreiben die Ausgrenzung.<br \/>\nFast immer in Namen einer angeblich <a title=\"Toleranz\" href=\"https:\/\/www.freiburg-schwarzwald.de\/blog\/engagement\/zukunft\/demokratie\/toleranz\/\">toleranten<\/a> Gesellschaft. Das ist alles andere als tolerant, das ist borniert. Das Wort \u201eToleranz\u201c kommt aus dem Lateinischen und hei\u00dft ertragen, erleiden, erdulden. Tolerant kann nur sein, wer etwas ablehnt und trotzdem hinnimmt. Denn nur dann kann man es erdulden.<br \/>\nMeine Bitte: Redet miteinander, h\u00f6rt einander zu und h\u00f6rt auf euch zu beschimpfen. Denn nicht alles, was man selbst meint, ist richtig, und nicht alles, was der andere denkt, ist falsch.\u201c<br \/>\n.<br \/>\nDieses so klar wie verst\u00e4ndlich formulierte Mahnung zu Meinungsfreiheit und Toleranz postete J\u00f6rg Zajonic, RTL-West-Chef, auf die Facebook-Seite von RTL:<br \/>\n<a href=\"https:\/\/www.facebook.com\/rtlwest\/videos\/1482533418543245\/\">https:\/\/www.facebook.com\/rtlwest\/videos\/1482533418543245\/<\/a><br \/>\nDabei nimmt Zajonic Stellung zu den Schwierigkeiten, die <a title=\"Sarrazin\" href=\"https:\/\/www.freiburg-schwarzwald.de\/blog\/engagement\/zukunft\/sarrazin\/\">Thilo Sarrazin<\/a> erfuhr, bis er seinen Vortrag zum Thema &#8222;Meinungsfreiheit&#8220; als Gastredner an der Universit\u00e4t Siegen schlu\u00dfendlich doch halten konnte.<br \/>\n15.1.2019<\/p>\n<p><strong>Meinungsfreiheit bei Privaten sowie \u00d6R<\/strong><br \/>\nWie sich die Zeiten \u00e4ndern. Zu der Zeit als es nur ARD und ZDF Fernsehen gab ( konnte man damals gut anschauen, doch, doch ) und die ersten Diskussionen \u00fcber private Fernsehsender aufkamen, war ich strikt gegen Private, die mich w\u00e4hrend eines l\u00e4ngeren Aufenthalts in den USA abstie\u00dfen. Heute sind es die Privaten wie SAT 1 und RTL (siehe oben), die zumindest gelegentlich kritisch berichten. Nat\u00fcrlich finde ich vieles auf den Privaten niveaulos, mu\u00df es aber im Gegensatz zu den \u00d6ffentlich-Rechtlichen nicht gegen meinen Willen finanzieren.<br \/>\n\u00c4hnliches gilt f\u00fcr Schulen. Zu meiner Zeit ( Jahrgang 1943 ) gab es an den staatlichen Schulen noch Anforderungen an schulische Leistungen und Disziplin. Auf die Kinder reicher Eltern, die dies nicht leisten konnten und auf private Schulen geschickt wurden, schauten wir etwas herab. Auch hier hat sich die Situation v\u00f6llig ge\u00e4ndert. Wer seinen Kindern eine gute Ausbildung zukommen lassen will und es sich leisten kann h\u00e4lt seine Kinder von den desolaten staatlichen Schulen fern und schickt sie auf Privatschulen, wie zum Beispiel die Politiker (Schwesig, Kraft, Ypsilanti, Ozdemir?), die Verursacher dieser Situation.<br \/>\n14.1.2019, Schwarzseher, TO<br \/>\n.<br \/>\n<strong>ALLE ACHTUNG, dass es so jemand gibt bei den Mainstreammedien<br \/>\n<\/strong>Hat der echt Charakter (der J\u00f6rg Zajonic) oder entdeckt man dort nur den neuen Trend (siehe auch <a title=\"Stefan Kretzschmar: Meinung\" href=\"https:\/\/www.freiburg-schwarzwald.de\/blog\/stefan-kretzschmar-meinung\/\">Kretzschmar-Interview<\/a>)? Wie auch immer, solche T\u00f6ne bringen uns ja doch schon weiter. Man muss zwar froh und dankbar sein, sollte aber nicht vergessen darauf hinzuweisen, dass so etwas in einer Demokratie eigentlich selbstverst\u00e4ndlich sein sollte. Ansonsten wird aber immer noch gehetzt, dass sich die Balken biegen, jeder Dialog wird verweigert. Es DARF nicht sein, dass rationale Argumente abgeblockt werden. Ein vern\u00fcnftiger Mensch kann nicht wirklich f\u00fcr diese \u20ac- und Asylpolitik, muss deswegen aber noch lange kein Nazi sein. Wer jemand als Nazi bezeichnet, der es nicht ist begeht eine Straftat: er verleumdet. Voltaire sagte: \u201eIch werde mit allen meinen M\u00f6glichkeiten gegen ihre Meinung vorgehen, aber ich w\u00fcrde mein Leben einsetzen daf\u00fcr, dass sie die Freiheit haben sie zu sagen.\u201c Eben, und damit ist eigentlich schon alles auf den Punkt gebracht.<br \/>\nEs gibt keinen Grund, \u00fcber brennende politische Themen die Diskussion zu verweigern. So lange ein B\u00fcrger sich an Gesetze h\u00e4lt muss es ihm erlaubt sein, seinen Protest zu \u00e4u\u00dfern. Punkt. Die Verkrustung einer miesen denunziatorischen Atmosph\u00e4re, der Meinungsg\u00e4ngelung und -lenkung, der engen Denkkorridore, die sich pestilenzartig in den letzten Jahren breit gemacht hat, sie muss mit allen Mitteln aufgebrochen werden. Wann werden die endlich begreifen, dass nur im Dialog, nur im Austausch unterschiedlicher Meinungen der beste Weg gefunden und echter Fortschritt erzielt werden kann?<br \/>\nGut, dass man mal von einem Mainstreammedienschaffenden andere T\u00f6ne h\u00f6rt. Man kann nur hoffen, dass Herrn Zajonc noch m\u00f6glichst viele folgen.<br \/>\n4.1.2019, H.C., TO<\/p>\n<p><strong>Gut formuliert, aber Links-Ideologen lassen sich leider nicht mit Argumenten \u00fcberzeugen<\/strong><br \/>\nZutreffend beschrieben, aber folgenlos, solange es nicht gelingt, die Ursachen dieser Intoleranz wirksam auszuschalten. Diese lobenswerte Form der \u201e Aufkl\u00e4rung\u201c wird nat\u00fcrlich nichts erreichen, so wenig wie man Ideologen, Gl\u00e4ubigen und Neurotikern ( \u00dcberschneidungen sind m\u00f6glich ) mit vern\u00fcnftigen Argumenten, Fakten oder Wissenschaft \u00fcberzeugen kann. Der erste und entscheidende Schritt muss fr\u00fcher und vor allem \u201e radikaler\u201c ansetzen. Dass Menschen vor allem hierzulande sich an Ideologien ( als Glaubensersatz ) klammern und um jeden Preis daran festhalten wollen, um Sicherheit und Halt zu gewinnen, d\u00fcrfte mit klugen Hinweisen nicht zu beseitigen sein. Dass es manipulative Ideologen gibt, die den offenkundigen Bedarf der narzisstischen Hedonisten zur Machtergreifung und totalen Herrschaft missbrauchen, ist zu erkennen.<br \/>\nMit klugen Beitr\u00e4gen d\u00fcrfte auch dieses nicht neue Ph\u00e4nomen, das noch dazu \u00fcber die Medien des Mainstreams permanent in \u201e bereite\u201c und aufnahmegierige Gehirne infiltriert wird, nicht eliminiert werden k\u00f6nnen. Ganz offenkundig werden durch fr\u00fche Einfl\u00fcsse -angefangen bei den vor allem verantwortlichen Eltern \u00fcber die folgenden Institutionen \u2013 mentale und psychische Ursachen gesetzt, die zu den bekannten Mustern f\u00fchren. Diese \u00e4u\u00dfern sich ja nicht nur \u00f6ffentlich in Form entsprechender \u201e Aktionen\u201c gegen Befindlichkeitsst\u00f6rer wie Sarrazin, sondern in weiteren Facetten des privaten und beruflichen Lebens. Ein wesentlicher Aspekt, die Infantilisierung, wurde auch bei TE bereits zutreffend beschrieben.Es geht nicht darum, intolerantes Verhalten als ein ( wichtiges )Symptom herauszugreifen, denn der allein wirksame Ansatz m\u00fcsste deutlich ganzheitlicher und grunds\u00e4tzlicher sein. Das wird Utopie bleiben. Die deutlich regressive Entwicklung wird (vorerst) so weitergehen, denn weder die Betroffenen, noch die T\u00e4terInnen werden innehalten ( k\u00f6nnen ) und auch durch alle \u201e Weisen\u201c dieser Welt nicht zu stoppen sein. Die \u201eL\u00f6sung\u201c wird nicht \u00fcber oder durch den ( erfolgreich verp\u00f6nten wie marginalisierten) Verstand erfolgen k\u00f6nnen.<br \/>\n14.1.2019, R.N., TO<br \/>\n.<br \/>\n<strong>Netter Versuch eines weiteren Predigers in der W\u00fcste!<\/strong><br \/>\nWie will man Leuten, welche sich im Besitz der absoluten Wahrheit glauben etwas \u00fcber Meinungsfreiheit erz\u00e4hlen? &#8230;<br \/>\nNun hat Sarrazin nicht nur eine \u201eMeinung\u201c, sondern er hat knallharte empirische Belege. Das ist das schlimmste, was den Geschw\u00e4tzwissenschaften passieren kann, die sich gr\u00f6\u00dftenteils in poststrukturalistischem und kulturrelativistischem Gebabbel ihre \u201eWirklichkeit im Diskurs erschaffen\u201c. Das sind Todeszuckungen des heulenden Elends der maximalen intellektuellen Verwahrlosung \u2013 mittlerweile leider Standardfall an deutschen Universit\u00e4ten.<br \/>\n14.1.2019, K.N., TO<br \/>\n.<\/p>\n<p><strong>Uni Siegen will Sarrazin das Rederecht verweigern<\/strong><br \/>\n<em>Vortrag von Dr. Thilo Sarrazin im Seminar &#8222;Denken und Denken lassen&#8220; am 10. Januar 2019 an der Universit\u00e4t Siegen &#8211; Sarrazin nimmt Stellung<\/em><br \/>\n&#8230; erreichte mich auf dem Handy die Stellungnahme der Universit\u00e4t Siegen vom 6. November. Darin stand: \u201eDie Universit\u00e4t Siegen distanziert sich klar und eindeutig von\u201c der Person \u201eDr. Thilo Sarrazin und den von\u201c ihm \u201evertretenen Positionen und Meinungen.\u201c &#8230;.<br \/>\n&#8222;In meinen B\u00fcchern spreche ich durchweg Fragen und Probleme an, die von den Mainstream-Medien und den \u00fcberwiegenden Einstellungsmustern in der Gesellschaft nicht beachtet werden bzw. bewusst oder unbewusst verdr\u00e4ngt werden. Wiederholte Versuche, den Autor und viele andere, die sich \u00e4hnlich \u00e4u\u00dfern, auszugrenzen, \u00e4ndern aber nichts an den beschriebenen Problemen und Gefahren. Es w\u00e4re ein krasses Missverst\u00e4ndnis, wollte man sagen, dass meine B\u00fccher den Rechtspopulismus f\u00f6rdern. Dieser kann aber dann aufbl\u00fchen, wenn die Probleme und ihre Ursachen, die ich ganz sachlich beschreibe, nicht in den etablierten gesellschaftlichen Strukturen und politischen Parteien aufgegriffen und verarbeitet, sondern quasi ins Kellergeschoss der \u00f6ffentlichen Debatte verbannt werden.&#8220;<br \/>\n&#8230; Alles von Thilo Sarrazin vom 14.1.2019 bitte lesen auf<br \/>\n<a href=\"https:\/\/www.tichyseinblick.de\/meinungen\/ueber-die-grenzen-der-meinungsfreiheit-in-deutschland\/\">https:\/\/www.tichyseinblick.de\/meinungen\/ueber-die-grenzen-der-meinungsfreiheit-in-deutschland\/<\/a><br \/>\n.<br \/>\n<strong>Keine Meinungsfreiheit f\u00fcr kritische Denker<\/strong><br \/>\nWenn eine Gesellschaft kritische Denker vom Format eines Thilo Sarrazin vom Diskurs ausschlie\u00dft spricht das B\u00e4nde. Nicht nur \u00fcber den Zustand der Meinungsfreiheit, sondern auch \u00fcber das intellektuelle Niveau sachlicher Debatten. Eine solche Gesellschaft ist auf dem absteigenden Ast, der geistige Zenit ist l\u00e4ngst \u00fcberschritten. Symptomatisch daf\u00fcr steht auch Sarrazins eigene Partei SPD, die nach Kr\u00e4ften versucht ihn nicht nur mundtot zu machen, sondern mittels Parteiausschluss gleich vollkommen zu verbannen. Ich frage mich wirklich ob wir alle in diesen Zeiten (unfreiwillige) Zeugen des Niedergangs des ehemals \u201eLand der Dichter und Denker\u201c sind. Oder ob diese Entwicklung noch umkehrbar ist.<br \/>\n14.1.2019, C.W., TO<\/p>\n","protected":false},"excerpt":{"rendered":"<p>\u201eEine Vorlesung (an der Universit\u00e4t Siegen) \u00fcber Meinungsfreiheit wird bek\u00e4mpft, weil ein Mensch auftritt, der eine Meinung hat. Die man aber nicht haben darf. Und wer ihn unterst\u00fctzt, ist \u201eNazi\u201c. Geht\u2019s nicht auch `ne Nummer kleiner? Wer legt eigentlich fest, &hellip; <a href=\"https:\/\/www.freiburg-schwarzwald.de\/blog\/keine-meinungsfreiheit-mehr\/\">Weiterlesen <span class=\"meta-nav\">&rarr;<\/span><\/a><\/p>\n","protected":false},"author":2,"featured_media":0,"comment_status":"open","ping_status":"closed","sticky":false,"template":"","format":"standard","meta":{"footnotes":""},"categories":[96,400,267,162,13,80,172],"tags":[633,682,720,504],"class_list":["post-70243","post","type-post","status-publish","format-standard","hentry","category-dichter","category-freiwillig","category-hochschulen","category-internet","category-kultur","category-medien","category-zukunft","tag-demokratie","tag-freiheit","tag-medien","tag-weiterbildung"],"_links":{"self":[{"href":"https:\/\/www.freiburg-schwarzwald.de\/blog\/wp-json\/wp\/v2\/posts\/70243","targetHints":{"allow":["GET"]}}],"collection":[{"href":"https:\/\/www.freiburg-schwarzwald.de\/blog\/wp-json\/wp\/v2\/posts"}],"about":[{"href":"https:\/\/www.freiburg-schwarzwald.de\/blog\/wp-json\/wp\/v2\/types\/post"}],"author":[{"embeddable":true,"href":"https:\/\/www.freiburg-schwarzwald.de\/blog\/wp-json\/wp\/v2\/users\/2"}],"replies":[{"embeddable":true,"href":"https:\/\/www.freiburg-schwarzwald.de\/blog\/wp-json\/wp\/v2\/comments?post=70243"}],"version-history":[{"count":0,"href":"https:\/\/www.freiburg-schwarzwald.de\/blog\/wp-json\/wp\/v2\/posts\/70243\/revisions"}],"wp:attachment":[{"href":"https:\/\/www.freiburg-schwarzwald.de\/blog\/wp-json\/wp\/v2\/media?parent=70243"}],"wp:term":[{"taxonomy":"category","embeddable":true,"href":"https:\/\/www.freiburg-schwarzwald.de\/blog\/wp-json\/wp\/v2\/categories?post=70243"},{"taxonomy":"post_tag","embeddable":true,"href":"https:\/\/www.freiburg-schwarzwald.de\/blog\/wp-json\/wp\/v2\/tags?post=70243"}],"curies":[{"name":"wp","href":"https:\/\/api.w.org\/{rel}","templated":true}]}}