{"id":70219,"date":"2019-01-14T10:33:27","date_gmt":"2019-01-14T09:33:27","guid":{"rendered":"https:\/\/www.freiburg-schwarzwald.de\/blog\/?p=70219"},"modified":"2019-01-14T14:23:41","modified_gmt":"2019-01-14T13:23:41","slug":"christliches-abendland-ade","status":"publish","type":"post","link":"https:\/\/www.freiburg-schwarzwald.de\/blog\/christliches-abendland-ade\/","title":{"rendered":"Christliches Abendland ade"},"content":{"rendered":"<p>Immer wieder war in der j\u00fcngeren Vergangenheit vom &#8222;<a title=\"Christen\" href=\"https:\/\/www.freiburg-schwarzwald.de\/blog\/religion\/christen\/\">christlichen Abendland<\/a>&#8220; und dessen Verteidigung die Rede. <a title=\"Katholisch\" href=\"https:\/\/www.freiburg-schwarzwald.de\/blog\/religion\/katholisch\/\">Kardinal<\/a> Reinhard Marx h\u00e4lt von dem Begriff \u00fcberhaupt nichts und begr\u00fcndet das auch.\u00a0Kardinal Reinhard Marx hat sich gegen die Rede vom &#8222;<a title=\"Orientchristen\" href=\"https:\/\/www.freiburg-schwarzwald.de\/blog\/religion\/christen\/orientchristen\/\">christlichen<\/a> Abendland&#8220; gewandt. &#8222;Davon halte ich nicht viel, weil der <a title=\"Christenverfolgung durch Islam\" href=\"https:\/\/www.freiburg-schwarzwald.de\/blog\/christenverfolgung-durch-islam\/\">Begriff<\/a> vor allem <a title=\"Christentums-Paradox\" href=\"https:\/\/www.freiburg-schwarzwald.de\/blog\/christentums-paradox\/\">ausgrenzend<\/a> ist&#8220;, sagte der Vorsitzende der Deutschen Bischofskonferenz am Donnerstagabend in Berlin.<!--more--> Dies verkenne die &#8222;gro\u00dfe Herausforderung, in <a title=\"Europa\" href=\"https:\/\/www.freiburg-schwarzwald.de\/blog\/global\/eu\/europa\/\">Europa<\/a> daf\u00fcr zu sorgen, dass verschiedene <a title=\"Christen im Orient \u2013 verfolgt\" href=\"https:\/\/www.freiburg-schwarzwald.de\/blog\/christen-im-orient-verfolgt\/\">Religionen<\/a> mit jeweils eigenen Wahrheitsanspr\u00fcchen <a title=\"Fauler Friede: Christen Muslime\" href=\"https:\/\/www.freiburg-schwarzwald.de\/blog\/fauler-friede-christen-muslime\/\">friedlich zusammenleben<\/a>&#8220;<br \/>\n&#8230; Alles vom 11.1.2019 bitte lesen auf<br \/>\n<a href=\"https:\/\/www.katholisch.de\/aktuelles\/aktuelle-artikel\/kardinal-marx-kritisiert-begriff-christliches-abendland\">https:\/\/www.katholisch.de\/aktuelles\/aktuelle-artikel\/kardinal-marx-kritisiert-begriff-christliches-abendland<\/a><\/p>\n<p>&nbsp;<\/p>\n<p><strong>Priester f\u00fcrs &#8222;Christliches Abendland&#8220; und gegen Kardinal Marx<\/strong><br \/>\nDer M\u00fcnchener Kardinal Reinhard Marx trifft mit seiner linken Ausrichtung der katholische Kirche in Deutschland auf zunehmenden Widerstand. Nun fordert der Priesterkreis \u201eCommunio veritatis\u201c aus Paderborn in einem Offeen Brief an Marx sogar den R\u00fccktritt des Kardinals. Hier der Wortlaut:<br \/>\n.<br \/>\n&#8222;<em>Herr Kardinal Marx!<\/em><br \/>\n<em>Wir fordern Sie auf, den Vorsitz der Deutschen Bischofskonferenz aufzugeben, weil dieser Begriff eine Ausgrenzung Ihrer Amtsbr\u00fcder ist!<\/em><br \/>\n<em>Wir stellen heraus, dass in Jesus Christus, dem Sohn Gottes, die Wahrheit in Person unter uns erschienen ist. Sie stehen mit ihrer soziologischen Sichtweise im Irrtum des Synkretismus und des Relativismus.<\/em><br \/>\n<em>Wir werfen Ihnen vor, Ihr geistliches Amt zu missbrauchen, indem Sie die Sakramente der Kirche offenkundig als Ihren Privatbesitz ansehen, den Sie beliebig auf dem Altar des Zeitgeistes opfern.<\/em><br \/>\n<em>Wir weisen die Instrumentalisierung unserer Religion zur\u00fcck! Sie benutzen diese in verf\u00e4lschender Verweltlichung zur Verbreitung der linksliberalen politischen Ideologie des Mainstreams.<\/em><br \/>\n<em>Wir erinnern daran, dass die Kardinalsfarbe Rot nicht die Flagge eines Neo-Marxismus meint, sondern die Verteidigung des katholischen Glaubens bis zum Blutvergie\u00dfen. Dabei ist der Katechismus nicht Name einer Insel in der S\u00fcdsee, sondern die verbindliche Auslegung der Lehre der Kirche.<\/em><br \/>\n<em>Wir k\u00fcndigen Ihnen an, dass wir Jesus Christus als den einzigen Erl\u00f6ser und wahren Retter bekennen werden, w\u00e4hrend Sie das Kreuz des Herrn in skandal\u00f6sem Verrat abgelegt haben.<\/em><br \/>\n<em>Wir beten daf\u00fcr, dass unser Abendland zum Glauben an den dreifaltigen Gott zur\u00fcckkehrt,<\/em><br \/>\n<em>in dem allein das Leben und das ewige Heil zu finden ist.&#8220;<\/em><br \/>\nPaderborn, am Fest der Taufe des Herrn 2019<br \/>\nPriesterkreis Communio veritatis<br \/>\n<a href=\"https:\/\/communioveritatis.de\/aufforderung-zum-ruecktritt-an-kardinal-marx\">https:\/\/communioveritatis.de\/aufforderung-zum-ruecktritt-an-kardinal-marx<\/a><br \/>\n.<br \/>\n<strong>Pfarrer sollten zur Vorsicht sich vernetzen<\/strong><br \/>\nVor vielen Jahren sagte mir mein alter Pastor: &#8222;Wenn ich die Evangelische Kirche betrachte, dann wei\u00df ich, was uns in der Katholischen Kirche noch bevorsteht&#8220;. Zum Gl\u00fcck hat er nicht mehr miterleben m\u00fcssen, wie sein eigener Nachfolger heute genau das tut und nun auch im &#8222;Kampf gegen das B\u00f6se&#8220; agitiert &#8211; w\u00e4hrend man z. B. zur Abtreibung kein W\u00f6rtchen von ihm h\u00f6rt.<br \/>\nZugegeben, der Name des Priesterkreises sagte mir bis eben nichts, er scheint noch neu zu sein und wieviele Mitglieder er hat, wissen wir auch nicht. Immerhin: der Vorsitzende, der Briloner Priester Frank Unterhalt, hatte den Mumm, gegen den Widerstand der \u00fcblichen Verd\u00e4chtigen, den AfD-Politiker Dr. Malte Kaufmann zu einem Vortrag \u00fcber &#8222;Christliche Politik&#8220; ins Pfarrheim in Brilon einzuladen. Ob solche Priester wie die um Pfr. Unterhalt noch eine Chance haben, wei\u00df ich nicht, wobei die &#8222;Vernetzung&#8220; in solchen Zusammenschl\u00fcssen grunds\u00e4tzlich gut ist, denn als &#8222;Einzelk\u00e4mpfer&#8220; hat man keine Chance. Aber grunds\u00e4tzlich gilt: &#8222;Auch die kleinste M\u00fccke sticht&#8220;.<br \/>\n14.1.2019, Jacobs, PPO<br \/>\n.<br \/>\n<strong>Anbiederung zum Islam<\/strong><br \/>\nEs h\u00e4tte auch sehr verwundert wenn alle Priester die linksgr\u00fcnen Verhaltensweisen des Marx mit seiner Anbiederung zum Islam mit tragen w\u00fcrden. Viele Gl\u00e4ubige sind gestorben in der Verteidigung des Christentums &#8211; auch gegen den Islam &#8211; und nun biedert sich dieser Marx genau bei diesen an.<br \/>\nEs besteht noch Hoffnung f\u00fcr die katholische Kirche, bei den Evangelen ist ohnehin alles vorbei, die werden die letzte Kirche freiwillig zur Moschee umwidmen.<br \/>\n14.1.2019, Peter Zollo, PPO<\/p>\n<p>&nbsp;<\/p>\n<p><strong>Kardinal Marx gegen Begriff &#8222;christliches Abendland&#8220;<\/strong><br \/>\nDer Vorsitzende der Deutschen Bischofskonferenz und Erzbischof von M\u00fcnchen kritisiert auch, dass es derzeit seiner Meinung nach eine weltweite \u201e<a title=\"Instrumentalisierung\" href=\"https:\/\/www.freiburg-schwarzwald.de\/blog\/kultur\/medien\/instrumentalisierung\/\">Instrumentalisierung<\/a> der Religion&#8220; g\u00e4be, was ihn sehr beunruhige. Marx hoffe, dass <a title=\"Juden\" href=\"https:\/\/www.freiburg-schwarzwald.de\/blog\/religion\/juden\/\">Juden<\/a>, Christen und <a title=\"Muslime\" href=\"https:\/\/www.freiburg-schwarzwald.de\/blog\/global\/integration\/muslime\/\">Muslime<\/a> so stark seien, dass sie ihren Glauben an einen Gott nicht missbrauchen lassen.<br \/>\n&#8230; Alles vom 12.1.2019 bitte lesen auf<br \/>\n<a href=\"https:\/\/kath.net\/news\/66535\">https:\/\/kath.net\/news\/66535<\/a><br \/>\n.<br \/>\n<strong>Wahrheit ist immer ausgrenzend<\/strong><br \/>\nHerr Kardinal Marx, der Begriff &#8222;katholisch&#8220; kann, je nach ideologischer Ausrichtung, durchaus als ausgrenzend verstanden werden. Offensichtlich ist Ihnen nicht bekannt, dass die Wahrheit immer ausgrenzend ist und zwar grenzt sie das Wahre vom Falschen respektive der L\u00fcge ab. Wo hingegen alles Begrenzende=Bestimmende als Ausgrenzung verstanden wird, hebt sich Wahrheit und L\u00fcge gegeneinander auf, dann wird eben die L\u00fcge zur alles bestimmenden Realit\u00e4t. Wir sehen das derzeit in unserer Kirche, insbesondere den dem Relativismus huldigenden Kirchenfunktion\u00e4ren. Mir schwante bez\u00fcglich Ihrer theologischen Kompetenz schon B\u00f6ses, als Sie Herr Kardinal, das Kreuz am Tempelberg ablegten. Im Grund haben Sie da ganz offen den katholischen Glauben abgelegt. Der katholischen Glauben l\u00e4sst sich nicht wie ein Kleidungsst\u00fcck an- und ablegen, das w\u00e4re ja eine Absurdit\u00e4t. Entweder man ist katholisch, dann eben auch auf dem Tempelberg oder eben nicht, trotz sp\u00e4terem Wiederanlegens des Kreuzes.<br \/>\n12.1.2019, Bernhard Joseph, KO<br \/>\n.<br \/>\n<strong>Utopische Einheit in Vielfalt<\/strong><br \/>\nHatte nicht Papst Franziskus .vor ein paar Jahren in Stra\u00dfburg vor dem Europ\u00e4ischen Parlament das christliche Abendland mit einer alten, unfruchtbar gewordenen Frau verglichen? Wenn dem so ist, dann hat die Kirche des Abendlandes eine ganz erhebliche Mitschuld an dieser Unfruchtbarkeit. Einfach deshalb, weil sie ihre Lehre nicht mehr mit Entschiedenheit, Kraft und Festigkeit lehrt und ihre Verk\u00fcndigung dem paralysierenden Zeitgeist bereits weitgehend geopfert hat. Reinhard Marx ist offensichtlich einer der f\u00fchrenden Vertreter von \u201eEinheit in der Vielfalt\u201c, einer utopischen Einheit, die alle Religionen und Weltanschauungen, auch den Marxismus inclusive Atheismus als gleichwertig\/gleichberechtigt mit einbeziehen will. Im Sinne des Stifters der Kirche, n\u00e4mlich Jesus Christus selbst, ist dies gewiss nicht. Vielleicht aber im Sinne von p.Franziskus \u2013 wer wei\u00df?<br \/>\n12.1.2019, Friderico, KO<\/p>\n<p><strong>Marx ist selbst nur Politiker<\/strong><br \/>\nMarx ist einzig politisch orientiert, seine Freunde sind die, die den Glauben reduzieren und umdeuten: Bedfordt-Strohm, Merkel, Nahles et al.<\/p>\n<p><strong>Marx opfert die Eucharistie<\/strong><br \/>\nf\u00fcr billige Effekthascherei, verbreitet Falschmeldungen \u00fcber bayerische Politiker, \u00e4u\u00dfert sich gegen Kreuze und jetzt gegen das Abendland. Dabei ist er es, der das Kreuz missbraucht: f\u00fcr billige SPD-Politik, f\u00fcr die Unterdr\u00fcckung der Wahrheit, gegen die normalen Leute. Im Prinzip handelt er wie ein Kirchenf\u00fcrst der Absolution oder wie ein Pfarrer der Revolution in Itlien in den 1850ern: er f\u00fchrt den Kampf gegen alles Tradierte, Gewachsene, gegen die normale LAndbev\u00f6lkerung, um eine Utopie umzusetzen, die \u00fcberall kleine Leute ausbaden m\u00fcssen. Nur, um Genderisten, Atheisten und Islamvertretern zu gefallen. Da paktiert man sogar mit Missbrauchst\u00e4tern und Abtreibungsideologen. Der Kampf gegen die &#8222;Ausgrenzung&#8220; ist ein Vorwand der Kr\u00e4fte, die die freie christliche Kultur Europas und das globale Christentum.<br \/>\n&#8230;<br \/>\nMarx reiht sich in die Gruppe der Extremisten ein: len hat seit mehr als 1000 Jahren davon gelebt, christlich zu sein. Man hat das christliche Abendland verteidigt gegen alle Ideologien, man ist daf\u00fcr gestorben und hat gegen Islam, Nationalsozialismus und Kommunismus ausgehalten. Das Land hat f\u00fcr das christliche Abendland gelitten. Kardinal Marx w\u00fcrde das christliche Abendland aufgeben, nur um mit den Lauen und Feinden des Christentums v\u00f6llern und jaulen zu k\u00f6nnen. Und dabei spricht er noch die Sprache der Feinde Christi und der Christen. Marx ist Sozialist oder Nachfolger der nationaldeutschen oder sozialistischen protestantischen Kirche: ideologischer Polit-Pseudochrist. Dabei ist da christliche ABendland in der Tat unter Beschuss.<br \/>\nWer wollte denn das christliche Abendland abschaffen? Die Jakobiner, die Antiklerikalisten des 19.Jh., die Kommunisten und die Nazis. Seither sind es GR\u00dcNE und LINKE. Und weil jetzt die Migration das Projekt links-gr\u00fcnes Europa unm\u00f6glich macht, jault Marx auf und verdreht die Wirklichkeit.<br \/>\n12.1.2019 , Wedlerg, KO<br \/>\n.<br \/>\n<strong>Verrat an Glaube und Kirche<\/strong><br \/>\nBin froh und stolz \u00fcber die Mitkommentatoren. Wenige Worte vom Kardinal Marx gen\u00fcgen, um massenhaft Widerspruch zu erzeugen. Zu recht ! Immerhin ist er rangh\u00f6chster Katholik in Deutschland. Es ist gut, wenn man diesen Verrat an Glaube und Kirche nicht durchgehen l\u00e4\u00dft. Inhaltlich m\u00f6chte ich anmerken, da\u00df Kardinal Marx offensichtlich bem\u00fcht ist, an die radikaleren ( und d\u00fcmmeren ) linksgr\u00fcnen Stimmen anzudocken. So kann er sich unterhaken bei der fr\u00fcheren Integrationsbeauftragten der Bundesregierung, Aydan \u00d6zoguz (SPD) wonach jenseits der Sprache gar keine deutsche Kultur auszumachen sei. Dieses Anbiedern an linke, gr\u00fcne und islamophile Kreise ist f\u00fcr mich doppelt schrecklich. Nicht nur der Glaubensverrat macht mir Not, sondern auch diese kranke Haltung, ausgerechnet bei den Kirchenfeinden um Anerkennung zu buhlen.<br \/>\n12.1.2\u00df19, Hrbert Klupp<br \/>\n.<br \/>\n<strong>Leere Bezeichnungen ohne Glaubensbezug<\/strong><br \/>\nAls Papst Benedikt XVI. an der &#8222;Berliner Erkl\u00e4rung&#8220; wegen des fehlenden Bezugs auf das j\u00fcdisch-christliche Erbe Kritik \u00fcbte, \u00e4u\u00dferten sowohl die EU-Ratspr\u00e4sidenten und Bundeskanzlerin Angela Merkel als auch Bundesau\u00dfenminister Frank-Walter Steinmeier Verst\u00e4ndnis. [105 Quelle: https:\/\/ratzinger-papst-benedikt-stiftung.de<br \/>\n12.1.2019, Zeitblick, KO<br \/>\n&#8211;<br \/>\n<strong>&#8222;Christliches Abendland&#8220; &#8211; was ist daran ausgrenzend?<\/strong><br \/>\nAber keine Sorge, wenn die Entwicklung so weitergeht, wird es bald kein &#8222;christliches Abendland&#8220; mehr geben. Dieser Begriff wird der Vergangenheit angeh\u00f6ren und Kardinal Marx kann erleichtert aufatmen.<\/p>\n<p><strong>Friedliches Zusammenleben garantiert das \u00f6ffentliche Tragen des Kreuzes<\/strong><br \/>\nIm Osten unseres Planeten herrscht \u00fcberwiegend der Buddhismus und Hinduismus vor. Dies m\u00fcsste er folgerichtig doch dann ebenso als ausgrenzend empfinden. Wenn Kardinal davon spricht, &#8222;da\u00df verschiedene Religionen mit jeweils eigenen Wahrheitsanspr\u00fcchen friedlich zusammenleben&#8220; sollen, dann frage ich mich, warum er dann seinerzeit, zusammen mit seinem protestantischen Kollegen Bedford-Strohm auf dem Tempelberg sein Bischofskreuz abgelegt hat. Ein friedliches Zusammenleben garantiert doch gerade die M\u00f6glichkeit, ein Kreuz sichtbar tragen zu d\u00fcrfen, ohne Schwierigkeiten bef\u00fcrchten zu m\u00fcssen, oder etwa nicht?<br \/>\n12.1.2019, Herbstlicht, KO<br \/>\n.<br \/>\n<strong>Aber auch Zwangs-Kirchensteuer ist Ausgrenzung<\/strong><br \/>\nAuch ein &#8222;m\u00e4chtiger&#8220; Kardinal Marx kann die Geshichte nicht \u00e4ndern. Der Begriff &#8222;christliches Abendland&#8220; ist sehr genau und historisch richtig. Ohne das Christentum h\u00e4tte sich dieses Abendland mit seinen Werten und Wissenschaften nie so entwickeln k\u00f6nnen. Werte, die heute auch Atheisten sch\u00e4tzen. Nebenbei, selbst die &#8222;Sozialw Marktwirtschaft,wenn diese auch leider immer mehr verdr\u00e4ngt wird, fu\u00dft auf der katholischen Soziallehre. Das hat Herr Marx wohl auch vergessen&#8230;. \u00dcbrigens, ceterum censeo: Zwangs-Kirchensteuer ist Ausgrenzung und geh\u00f6rt abgeschafft!<br \/>\n12.1.2019, Dismas, KO<br \/>\n<strong>Wes Brot ich e\u00df, des Lied ich sing.<\/strong><br \/>\nDie christlichen W\u00fcrdentr\u00e4ger werden nicht aus der Kirchensteuer, sondern von allen Steuerzahlern finanziert \u2013 was in einem angeblich s\u00e4kularen Staat ein absolutes Unding ist. Deswegen stehen sie in einem besonderen Abh\u00e4ngigkeitsverh\u00e4ltnis zur Staatsmacht. Solange der Westen Deutschland noch weitgehend christlich orientiert war, fiel das nicht auf. Jetzt aber steigt der Dampf an den N\u00e4hten zwischen Staat und Christentum auf \u2013 und die Bisch\u00f6fe bzw. Kadinale Marx, Betford-Strohm, Woelki etc. stehen eindeutig nicht auf der Seite des Christentums.<br \/>\n11.1.2019, J.R., FO<br \/>\n.<br \/>\nSobald eine Institution mit dem Staat finanziell verbandelt ist, singt sie dessen Lieder, wenn dieser ideologisiert ist. Da dieser Staat bRD tief durchsogen von den Heilslehren der Frankfurter Schule ist, singen alle vom Staat abh\u00e4ngigen Akteure dessen Lied. Das zieht sich von durch die Gleichstrommedien bekannt gemachten Personen in Kunst und Sport eben auch bis zur Institution Kirche. Mit Jesus haben die alle nichts am Hut, ihr Oberhaupt in Rom, der diese Lehre auch verinnerlich zu haben scheint, macht es ja vor.<br \/>\n13.1.2019, K.W., FO<\/p>\n<p><strong>Antoine de Saint-Exup\u00e9ry lesen<\/strong><br \/>\n&#8222;Er hoffe, da\u00df Moslems, Juden und Christen so stark seien, ihren Glauben an einen Gott nicht mi\u00dfbrauchen zu lassen.&#8220; Es ist unertr\u00e4glich, auf welchem Niveau sich Menschen in F\u00fchrungspositionen, in Politik, Kirche, Wirtschaft aber auch in der Medienwelt in diesem Land heute bewegen. Man hat den Eindruck, da\u00df zu viele den Wert und die Gr\u00f6\u00dfe unserer vom christlichen Glauben tief gepr\u00e4gten Kultur nie verstanden haben. Sie sollten einmal von Antoine de Saint-Exup\u00e9ry \u201eFlug nach Arras\u201c (im Original \u201ePilote de Guerre\u201c) lesen, vielleicht w\u00fcrde ihnen dann bewu\u00dft werden was sie im Begriff sind so leichtfertig zu verspielen. Das gilt nicht nur f\u00fcr Kardinal Marx, das gilt ebenso f\u00fcr Angela Merkel und viel zu viele andere Funktionstr\u00e4ger in der sog. westlichen Welt. Sie wissen alle nicht mehr woher sie gekommen sind und deshalb wissen sie auch nicht mehr wohin sie gehen. An die Stelle einer Ordnung der Freiheit und der Achtung des Menschen durch den Menschen als Ebenbild Gottes tritt das zerst\u00f6rerische Chaos. Ein Hirtenjunge zur Zeit Luthers wu\u00dfte mehr als die versammelte Intelligenz dieses Landes heute wei\u00df. Und es ist keine Abhilfe in Sicht.<br \/>\n13.1.2019, F.L.<br \/>\n.<br \/>\n<strong>Einem arabischen Land das &#8222;islamisch&#8220; absprechen?<\/strong><br \/>\nDazu habe ich eine Frage: Darf ich dann ein islamisches Land auch nicht mehr so benennen, weil man doch dann nach der Logik des Herrn Kardinals ebenfalls andere Menschen \u2013 wenn auch &#8222;nur&#8220; Minderheiten \u2013 ebenfalls ausschlie\u00dfen w\u00fcrde?<br \/>\nUnd wie w\u00fcrde wohl ein islamisches Land reagieren, wenn man ihm die Bezeichnung \u201eislamisch\u201c absprechen w\u00fcrde?<br \/>\n12.1.2019, Christophoros<\/p>\n<p>Mit allem was dieser Kreuzableger hier \u00e4u\u00dfert, bekennt er explizit, da\u00df er ein vom christlichen Glauben Abgefallener ist, wenn er beispielsweise vom \u201eGlauben an einen Gott\u201c bei Christen und Muslimen spricht. Allah ist keineswegs der Himmlische Vater. Jesus sagt: \u201eNiemand kennt den Vater, au\u00dfer der Sohn\u201c(Mt 11,27) und \u201eIch bin der Weg und die Wahrheit und das Leben. Niemand kommt zum Vater au\u00dfer durch mich\u201c (Joh 14,6). Diese beiden Texte aus dem NT widerlegen eindeutig den Glauben von dem Einen Gott beider Religionen, denn der von Jesus Christus verk\u00fcndete Himmliche Vater ist nicht zugleich derselbe wie der von Mohamed verk\u00fcndete Allah. Und was die Verk\u00fcndigung und Verbreitung der christlichen Botschaft betrifft, so hei\u00dft es bei Matth\u00e4us 10, 5\u201314:<br \/>\n12.1.2019, A.L.<br \/>\n<strong>Trennung von Kirche und Staat<\/strong><br \/>\nNat\u00fcrlich geht es Kardinal Marx nur darum, die Verteidiger unserer Kultur und Gesellschaft zu inkriminieren, welche Grundlagen diese auch immer haben m\u00f6gen. Warum tun das etliche deutsche Bisch\u00f6fe, w\u00e4hrend man von franz\u00f6sischen dergleichen nicht h\u00f6rt? Die Antwort ist einfach: Deutsche Bisch\u00f6fe erhalten ihr Gehalt vom Staat! Bei Kardinal Marx handelt es sich dabei um einen f\u00fcnfstelligen Betrag. Da wundert man sich nicht mehr: Wes Brot ich ess, des Lied ich sing! Au\u00dferdem wird er f\u00fcr sowas von der Mainstreampresse gelobt und die Kritik wegen des Kindesmissbrauchs durch Priester f\u00e4llt daraufhin verhaltener aus.<br \/>\nDes weiteren werden er und seine Gesinnungsgenossen von der Regierung wieder mehr an der Macht beteiligt, indem man sie z. B. an Ethik-Kommissionen beteiligt. Aber nicht zuletzt kann sich Marx dadurch als guter Mensch darstellen, der andere eben nicht ausgrenzen will. Franz\u00f6sische Bisch\u00f6fe und die Kirchen dagegen bekommen seit der Einf\u00fchrung des Laizismus&#8216; in Frankreich 1905 fast keine Unterst\u00fctzung durch den Staat. Sie sind von den Spenden der Gl\u00e4ubigen abh\u00e4ngig. Das macht den Unterschied. Deshalb fordere ich schon lange die vollst\u00e4ndige Trennung von Kirche und Staat.<br \/>\n12.1.2019, Aventinus<br \/>\n.<br \/>\n<strong>&#8222;Christlich&#8220; st\u00f6rt<\/strong><br \/>\n&#8222;Die Hirten sind zu NARREN geworden, denn sie fragen nach dem HERRN nicht, darum k\u00f6nnen sie auch nichts Rechtes lehren und ihre ganze Herde ist zerstreut&#8220;.<br \/>\nJeremia, 10.21<br \/>\n&#8230;<br \/>\nWas unseren lieben Kardinal wohl mehr st\u00f6rt: der Begriff &#8222;christlich&#8220; oder der Begriff &#8222;Abendland&#8220;. Ich m\u00f6chte fast auf Ersteres tippen! Aber in gewisser Weise gebe ich ihm sogar recht: Europa und seine Werte haben sich bereits in der vorchristlichen Antike entwickelt. Griechische und r\u00f6mische Philosophen haben die Grundlagen f\u00fcr unser Denken und unsere Kultur gelegt. Die Christen haben das vielfach nur gekapert. Wenn man sich auch das Christentum des Mittelalters und der fr\u00fchen Neuzeit anschaut, m\u00f6chte sicher niemand mehr von uns in einem solchen &#8222;christlichen Abendland&#8220; leben. Verfolgung Andersgl\u00e4ubiger, Hexenverbrennungen, dunkler Aberglaube, die Kirche als allzeit bereiter Helfer der Unterdr\u00fcckung durch den Adel, Protzleben auf Kosten der Armen. Auch wenn das nicht die ganze Wahrheit ist, so ist sie doch ein gro\u00dfes St\u00fcck davon. Dass sich die Kirche davon fast vollkommen abgewandt hat und wir heute in Freiheit lebe, verdanken wir der Aufkl\u00e4rung, die ihr St\u00fcck um St\u00fcck ihre Macht entwunden hat. Griechisch-r\u00f6mische Grundlagen und die Aufkl\u00e4rung \u2013 das macht unser Europa heute vor allem aus. Die heuchlerischen christlichen Kirchen k\u00f6nnen mir dabei ehrlich gesagt gestohlen bleiben.<br \/>\n12.1.2019, W.L.<br \/>\n.<br \/>\n<strong>Christentum kennt keine Gleichg\u00fcltigkeit<\/strong><br \/>\nEin alter Jesuit, der Jahre lang in Japan als Dozent gelehrt hatte, sagte mir vor Jahren: Wir m\u00fcssen uns unseres Durchschnittschristentums nicht sch\u00e4men. Die Gleichg\u00fcltigkeit mit der in Asien auf die Not von Mitmenschen gesehen wird ist sehr gro\u00df. Das Christentum hat uns gute Pr\u00e4gungen geschenkt. Peter Scholl-Latour, so schrieb jemand k\u00fcrzlich, habe China von seiner Reiseliste gestrichen. Die gnadenlose Gleichg\u00fcltigkeit gegen\u00fcber allem, was nicht zur Familie geh\u00f6rte, sei extrem. Erst wenn die Gesundheit fehlt merkt man, wie wichtig sie war. So mit dem Christentum.<br \/>\n12.1.2019, K.T.<br \/>\n.<br \/>\n<strong>\u201eChristliches Abendland\u201c: Der Begriff sei vor allem ausgrenzend<br \/>\n<\/strong>Ein Kreuz am Tempelberg grenzt Muslime aus, deshalb weg damit! Verschiedene Religionen mit jeweils eigenen Wahrheitsanspr\u00fcchen m\u00fcssen friedlich zusammenleben, so seine Hauptsorge. Diese Sorge ist so berechtigt wie die eines Hochstaplers, der wei\u00df, dass er auffliegt. Diese Merkelkirche schafft uns doch t\u00e4glich tausend neue Problemtr\u00e4ger an! Er ist der typische Vertreter eines aktiven Konkursverursachers, der sich als Konkursverwalter ein neues Ansehen sucht. Hirt ohne Stallgeruch, ohne Treue zu seiner Herde. Er h\u00f6rt allm\u00e4hlich das Heulen der W\u00f6lfe und macht f\u00fcr die gerissenen Schafe die wahren Hirten verantwortlich: Wenn diese die W\u00f6lfe nicht gereizt h\u00e4tten! Er ist er wahrlich nicht allein. Solche Kr\u00e4utlein wuchern in allen G\u00e4rten der abendl\u00e4ndischen Gro\u00dfkirchen bis zur Zeit der Ernte.<br \/>\n12.1.2019, Twiel<\/p>\n<p>.<strong>Das &#8222;christliche Abendland&#8220; st\u00f6rt also den Herrn Kardinal?<\/strong><br \/>\nSoll er doch ins &#8222;Morgenland&#8220; gehen und dort \u2013 unter den Muslimen den Glauben an Jesus Christus verbreiten. Mal sehen, wie lange er das durchh\u00e4lt!<br \/>\n12.1.2019, Anne-Petra K.<br \/>\n.<br \/>\n<strong>Katholischer Imam?<\/strong><br \/>\nDen Begriff &#8222;christliches Abendland&#8220; hat die r\u00f6mische Kirche nicht gepachtet und kann schon lange nicht mehr allein dar\u00fcber verf\u00fcgen, auch wenn sie das noch immer glauben machen will. Der Kardinal steht nun mal auf Islamisierung. Glaubt er vielleicht, er k\u00f6nne seine Haut und sein luxuri\u00f6ses Leben als &#8222;katholischer Iman&#8220; retten?<br \/>\n12.1.2019, Wald<\/p>\n","protected":false},"excerpt":{"rendered":"<p>Immer wieder war in der j\u00fcngeren Vergangenheit vom &#8222;christlichen Abendland&#8220; und dessen Verteidigung die Rede. Kardinal Reinhard Marx h\u00e4lt von dem Begriff \u00fcberhaupt nichts und begr\u00fcndet das auch.\u00a0Kardinal Reinhard Marx hat sich gegen die Rede vom &#8222;christlichen Abendland&#8220; gewandt. &#8222;Davon &hellip; <a href=\"https:\/\/www.freiburg-schwarzwald.de\/blog\/christliches-abendland-ade\/\">Weiterlesen <span class=\"meta-nav\">&rarr;<\/span><\/a><\/p>\n","protected":false},"author":2,"featured_media":0,"comment_status":"open","ping_status":"closed","sticky":false,"template":"","format":"standard","meta":{"footnotes":""},"categories":[52,261,13,19,172],"tags":[730,520,421],"class_list":["post-70219","post","type-post","status-publish","format-standard","hentry","category-einewelt","category-katholisch","category-kultur","category-religion","category-zukunft","tag-caritas","tag-frieden","tag-islam"],"_links":{"self":[{"href":"https:\/\/www.freiburg-schwarzwald.de\/blog\/wp-json\/wp\/v2\/posts\/70219","targetHints":{"allow":["GET"]}}],"collection":[{"href":"https:\/\/www.freiburg-schwarzwald.de\/blog\/wp-json\/wp\/v2\/posts"}],"about":[{"href":"https:\/\/www.freiburg-schwarzwald.de\/blog\/wp-json\/wp\/v2\/types\/post"}],"author":[{"embeddable":true,"href":"https:\/\/www.freiburg-schwarzwald.de\/blog\/wp-json\/wp\/v2\/users\/2"}],"replies":[{"embeddable":true,"href":"https:\/\/www.freiburg-schwarzwald.de\/blog\/wp-json\/wp\/v2\/comments?post=70219"}],"version-history":[{"count":0,"href":"https:\/\/www.freiburg-schwarzwald.de\/blog\/wp-json\/wp\/v2\/posts\/70219\/revisions"}],"wp:attachment":[{"href":"https:\/\/www.freiburg-schwarzwald.de\/blog\/wp-json\/wp\/v2\/media?parent=70219"}],"wp:term":[{"taxonomy":"category","embeddable":true,"href":"https:\/\/www.freiburg-schwarzwald.de\/blog\/wp-json\/wp\/v2\/categories?post=70219"},{"taxonomy":"post_tag","embeddable":true,"href":"https:\/\/www.freiburg-schwarzwald.de\/blog\/wp-json\/wp\/v2\/tags?post=70219"}],"curies":[{"name":"wp","href":"https:\/\/api.w.org\/{rel}","templated":true}]}}