{"id":70210,"date":"2019-01-13T15:51:47","date_gmt":"2019-01-13T14:51:47","guid":{"rendered":"https:\/\/www.freiburg-schwarzwald.de\/blog\/?p=70210"},"modified":"2019-01-15T16:22:41","modified_gmt":"2019-01-15T15:22:41","slug":"nazis-raus-aber-wohin","status":"publish","type":"post","link":"https:\/\/www.freiburg-schwarzwald.de\/blog\/nazis-raus-aber-wohin\/","title":{"rendered":"Nazis raus &#8211; aber wohin?"},"content":{"rendered":"<p><em>&#8222;Wer die heutigen <a title=\"Rechts\" href=\"https:\/\/www.freiburg-schwarzwald.de\/blog\/engagement\/zukunft\/demokratie\/rechts\/\">Rechtsradikalen<\/a> als <a title=\"Nazi\" href=\"https:\/\/www.freiburg-schwarzwald.de\/blog\/religion\/juden\/nazi\/\">Nazis<\/a> bezeichnet, <a title=\"Relativierung\" href=\"https:\/\/www.freiburg-schwarzwald.de\/blog\/kultur\/medien\/relativierung\/\">relativiert<\/a> die Verbrechen der <a title=\"Oradur Nazi-Massaker \u2013 Gauck\" href=\"https:\/\/www.freiburg-schwarzwald.de\/blog\/oradur-nazi-massaker-gauck\/\">Nationalsozialisten<\/a> und beleidigt die Verbrechen des <a title=\"Israel 70 Jahre \u2013 deutsche Luege\" href=\"https:\/\/www.freiburg-schwarzwald.de\/blog\/israel-70-jahre-deutsche-luege\/\">Holocaust<\/a>&#8222;<\/em> &#8211; diese Aussage von <a title=\"Holocaust-Education\" href=\"https:\/\/www.freiburg-schwarzwald.de\/blog\/bildung\/holocaust-education\/\">Ignaz Bubis<\/a> aus den 1990er Jahren ist auch 2019 g\u00fcltig. Zumal seit <a title=\"Budapest-Dublin2015\" href=\"https:\/\/www.freiburg-schwarzwald.de\/blog\/global\/eu\/budapest-dublin2015\/\">Budapest 9\/2015<\/a> als <a title=\"Nazi-Keule Islamophobie-Keule\" href=\"https:\/\/www.freiburg-schwarzwald.de\/blog\/nazi-keule-islamophobie-keule\/\">Nazi<\/a> gilt, wer &#8211; rechts der politischen Mitte verortet &#8211; die Politik von <a title=\"Merkelismus\" href=\"https:\/\/www.freiburg-schwarzwald.de\/blog\/engagement\/zukunft\/demokratie\/merkelismus\/\">Kanzlerin Merkel<\/a> offen kritisiert: <a title=\"Target\" href=\"https:\/\/www.freiburg-schwarzwald.de\/blog\/global\/eu\/target\/\">Target-Haftung<\/a>, <a title=\"Willkommenskultur\" href=\"https:\/\/www.freiburg-schwarzwald.de\/blog\/global\/integration\/willkommenskultur\/\">Willkommenskultur<\/a>, <a title=\"Kontrollierte-Grenzen\" href=\"https:\/\/www.freiburg-schwarzwald.de\/blog\/global\/migration\/kontrollierte-grenzen\/\">offene Grenzen<\/a>, <a title=\"Global-Migration\" href=\"https:\/\/www.freiburg-schwarzwald.de\/blog\/global\/globalisierung\/global-migration\/\">Migrationspakt<\/a>, <a title=\"Pulse Of Europe \u2013 EU first\" href=\"https:\/\/www.freiburg-schwarzwald.de\/blog\/pulse-of-europe-eu-first\/\">Euro-Zinspolitik<\/a>, <a title=\"EU-Banken\" href=\"https:\/\/www.freiburg-schwarzwald.de\/blog\/global\/eu\/eu-banken\/\">EU-Bankenrettun<\/a>g, <!--more-->Sicherheitspolitik. Der <a title=\"Linke malen Nazi auf Tafel-Pkw\" href=\"https:\/\/www.freiburg-schwarzwald.de\/blog\/linke-malen-nazi-auf-tafel-pkw\/\">Nazi<\/a>-Begriff erlebt eine Inflation, <strong>&#8222;Nazis raus&#8220; trifft jeden ernsthaften<a title=\"Diskussionskultur\" href=\"https:\/\/www.freiburg-schwarzwald.de\/blog\/kultur\/medien\/diskussionskultur\/\"> Kritiker<\/a>\u00a0hierzulande.<\/strong><\/p>\n<p>Seit 2017 wird die Aktion <a title=\"Kampf-gegen-Rechts\" href=\"https:\/\/www.freiburg-schwarzwald.de\/blog\/kultur\/medien\/kampf-gegen-rechts\/\">&#8222;Kampf gegen Rechts&#8220;<\/a> vom Staat subventioniert, nicht zu verwechseln mit dem &#8222;Kampf gegen den Rechtsradikalismus&#8220;, Letzterer ist seit Verabschiedung des Grundgesetzes im Jahr 1949 so erfolgreich, dass Deutschland im europa-weiten Ranking zum Rechtsradikalismus (Neo-Nazis, Dumpf-Braune, V\u00f6lkische, Rechts-<a title=\"Antisemitismus\" href=\"https:\/\/www.freiburg-schwarzwald.de\/blog\/religion\/juden\/antisemitismus\/\">Antisemiten<\/a>) erfreulicherweise ganz weit unten platziert ist. Es gibt kaum einen Staat in der EU, bei dem der &#8222;braune Rest&#8220; so klein ist wie in Deutschland.<br \/>\nF\u00fcr die Aktion &#8222;Kampf gegen Rechts&#8220; beginnt &#8222;Rechts&#8220; direkt neben der politischen &#8222;Mitte&#8220; &#8211; und deshalb sind &#8222;Rechte&#8220;, die sich als Andersdenkende, Kritiker outen, letztendlich allesamt &#8222;Nazis&#8220;. Konkret:<br \/>\nBef\u00fcrworter des bis Mitte 2002 g\u00fcltigen <a title=\"CDU-Brief von Angelika Barbe\" href=\"https:\/\/www.freiburg-schwarzwald.de\/blog\/cdu-brief-von-angelika-barbe\/\">Migrationsprogramms der CDU<\/a> sind als Rechtsabweichler genauso zu bek\u00e4mpfen wie besorgte B\u00fcrger, die sich gegen die das stete Wachsen der <a title=\"Target\" href=\"https:\/\/www.freiburg-schwarzwald.de\/blog\/global\/eu\/target\/\">Target-Salden<\/a> wenden, in deren H\u00f6he (in K\u00fcrze wird die eine Billion Euro = 1000 Milliarden Euro geknackt) der deutsche Steuerzahler f\u00fcr die Schulden der EU-S\u00fcdl\u00e4nder haftet.\u00a0<a href=\"https:\/\/www.hanswernersinn.de\/de\/themen\/TargetSalden\">https:\/\/www.hanswernersinn.de\/de\/themen\/TargetSalden<\/a><br \/>\nKritiker der Energiewende oder des <a title=\"Diesel\" href=\"https:\/\/www.freiburg-schwarzwald.de\/blog\/regio\/verkehr\/diesel\/\">Diesel-Bashings<\/a> sind als rechte Klimawandel-Leugner zu bek\u00e4mpfen.<br \/>\n.<br \/>\n<em><strong>&#8222;Nazis raus&#8220; &#8211; aber woher und wohin sollen sie raus?<\/strong><\/em><br \/>\nDie einen als &#8222;Nazis&#8220; diffamierten kritischen B\u00fcrger wandern aus.<br \/>\nDie anderen &#8222;Nazis&#8220; begeben sich in die Verschwiegenheit, um im Berufsleben, Karriere und sozialem Umfeld keine Nachteile zu erleiden.<br \/>\nAndere Nazis wiederum \u00e4u\u00dfern ihre\u00a0aufrichtige Kritik nur im engen Kreis von Freunden und Verwandten.<br \/>\n.<br \/>\n<em><strong>&#8222;Nazis raus&#8220; &#8211; aus Deutschland<\/strong> <\/em><br \/>\nAllein im Jahr 2016 kehrten <a title=\"Auswandern aus Deutschland\" href=\"https:\/\/www.freiburg-schwarzwald.de\/blog\/auswandern-aus-deutschland\/\">\u00fcber 280.000 Deutsche<\/a> dem Land, in dem &#8222;wir gut und gerne leben&#8220; den R\u00fccken; zumeist gut qualifizierte, junge, gebildete und wohlhabende Deutsche. Viele, um der <a title=\"Gesinnungsdiktatur\" href=\"https:\/\/www.freiburg-schwarzwald.de\/blog\/kultur\/medien\/gesinnungsdiktatur\/\">Gesinnungsdiktatur<\/a> zu entfliehen, der <a title=\"Bevormundung\" href=\"https:\/\/www.freiburg-schwarzwald.de\/blog\/engagement\/zukunft\/demokratie\/bevormundung\/\">Bevormundung<\/a>, dem st\u00e4ndigen <a title=\"Nudging\" href=\"https:\/\/www.freiburg-schwarzwald.de\/blog\/engagement\/zukunft\/demokratie\/nudging\/\">Nudging<\/a>. Und viele, weil sie den <a title=\"Gesinnungsethik\" href=\"https:\/\/www.freiburg-schwarzwald.de\/blog\/engagement\/zukunft\/demokratie\/gesinnungsethik\/\">gesinnungsethisch<\/a> verbr\u00e4mten Kurs der GroKo-Regierung(en) kritisieren und als &#8222;Nazis&#8220; verleumdet werden.<br \/>\n.<br \/>\n<strong><em>&#8222;Nazis raus&#8220; &#8211; aus Karriereplanung, Job, Arbeitsvertrag, Berufsleben<\/em> <\/strong><br \/>\nEin junger Lehrer m\u00f6chte den Text <a title=\"Fremd im eigenen Land\" href=\"https:\/\/www.freiburg-schwarzwald.de\/blog\/fremd-im-eigenen-land\/\">&#8222;Blick zur\u00fcck auf 47 Jahre Deutschlanderfahrung&#8220;<\/a>, in dem ein gut integrierter Deutscher seine eigene <a title=\"Fremd im eigenen Land\" href=\"https:\/\/www.freiburg-schwarzwald.de\/blog\/fremd-im-eigenen-land\/\">Migrationsgeschichte erz\u00e4hlt<\/a>, in seinem Unterricht diskutieren. Um seine Karriere nicht zu gef\u00e4hrden, wird er davon <a title=\"Schweigespirale zur Migration\" href=\"https:\/\/www.freiburg-schwarzwald.de\/blog\/schweigespirale-zur-migration\/\">Abstand nehmen<\/a> &#8211; zu recht: R\u00fcckfragen bei Schulleitung, Schulbeh\u00f6rde wie auch Kollegen k\u00f6nnten ihn mit der <a title=\"Nazi-Keule Islamophobie-Keule\" href=\"https:\/\/www.freiburg-schwarzwald.de\/blog\/nazi-keule-islamophobie-keule\/\">Nazi-Keule<\/a> bedrohen (der Text wurde mehrfach als &#8222;Nazi&#8220; abgelehnt). Bitte <a title=\"Fremd im eigenen Land\" href=\"https:\/\/www.freiburg-schwarzwald.de\/blog\/fremd-im-eigenen-land\/\">lesen Sie diesen Text <\/a>doch einmal und bilden Sie Ihre Meinung: &#8222;Nazi&#8220; oder nicht?<br \/>\n.<br \/>\n<em><strong>&#8222;Nazis raus&#8220; &#8211; Muslimische Antisemiten<\/strong><\/em><br \/>\nAngenommen, &#8222;Nazis raus&#8220; ist vollzogen und alle vermeintlichen &#8222;Nazis&#8220; sind weg &#8211; entweder aus dem Land oder aus dem \u00f6ffentlichen Raum. Was dann? Bricht dann f\u00fcr die linksgr\u00fcnen Gesinnungsguten mangels Feindbild die gro\u00dfe Langeweile aus?<br \/>\nNein, denn dann sind die vielen Nazis unter den muslimischen Migranten an der Reihe, schlie\u00dflich ist <a title=\"Islam-Antisemitismus\" href=\"https:\/\/www.freiburg-schwarzwald.de\/blog\/religion\/islam\/islam-antisemitismus\/\">Antisemitismus im Islam<\/a> als religi\u00f6ses Dogma fest verankert. Aber dies wird schwierig werden, da Linke und Islam seit sp\u00e4testens <a title=\"Budapest-Dublin2015\" href=\"https:\/\/www.freiburg-schwarzwald.de\/blog\/global\/eu\/budapest-dublin2015\/\">Budapest 9\/2015<\/a> feste Verb\u00fcndete sind<\/p>\n<p>Th\u00fcringens Ministerpr\u00e4sident Bodo Ramelow (Linke) twittert dutzendfach und immer wieder &#8222;Nazis raus&#8220;:<br \/>\n<em>@bodoramelow<\/em><br \/>\n<em>#Nazis raus #Nazis raus #Nazis raus #Nazis raus #Nazis raus #Nazis raus #Nazis raus #Nazis raus #Nazis raus #Nazis raus #Nazis raus #Nazis raus #Nazis raus #Nazis raus #Nazis raus#Nazis raus #Nazis raus #Nazis raus #Nazis raus #Nazis raus #Nazis raus #Nazis raus #Nazis raus<\/em><br \/>\n<em> 4.116 &#8211; 20:54 &#8211; 7. Jan. 2019<\/em><br \/>\nNun ja &#8211; dieses linke Posting zur &#8222;Gewalt gegen Rechts&#8220; wirkt eher als verzweifelter\u00a0<a title=\"Infantil\" href=\"https:\/\/www.freiburg-schwarzwald.de\/blog\/bildung\/infantil\/\">Hilfeschrei<\/a> denn als politisches Statement.<br \/>\n13.1.2019<\/p>\n<p>.<br \/>\n<strong>BdZV-Pr\u00e4sident D\u00f6pfner: &#8222;Nazis raus&#8220; als intellektuelle Unf\u00e4higkeit von Journalisten<\/strong><br \/>\nW\u00f6rtlich genommen ist der Gedanke des Satzes \u201eNazis raus\u201c nat\u00fcrlich richtig. Aber das, was jetzt viele im Netz damit meinen, und die Haltung, die dem zugrunde liegt, finde ich h\u00f6chst problematisch. Gewalt als Mittel der politischen Auseinandersetzung ist immer falsch. Wer das verharmlost oder daf\u00fcr Verst\u00e4ndnis weckt, verl\u00e4sst den rechtsstaatlichen Raum. Das ist in jedem Fall vollkommen inakzeptabel und ein Zeichen f\u00fcr die zunehmende Unf\u00e4higkeit, durch gute Argumente eine Partei zu entzaubern, die au\u00dfer Zorn und Ressentiment nicht viel zu bieten hat. Journalisten sollten daf\u00fcr besonders sensibilisiert sein.<br \/>\nDurch solche Aktionen kristallisiert sich ein zunehmend intolerantes Meinungsklima und <strong><em>eine intellektuelle Unf\u00e4higkeit, mit anderen Meinungen sowie unterschiedlichen Auffassungen weltoffen und zivilisiert umzugehen<\/em><\/strong>.<br \/>\nEs ist traurig, wenn sich ausgerechnet <a title=\"Journalismus\" href=\"https:\/\/www.freiburg-schwarzwald.de\/blog\/kultur\/medien\/journalismus\/\">Journalisten<\/a> so eine <a title=\"Haltungsjournalismus\" href=\"https:\/\/www.freiburg-schwarzwald.de\/blog\/kultur\/medien\/journalismus\/haltungsjournalismus\/\">Haltung<\/a> zu eigen machen und mit einem solchen Spruch obendrein den Nationalsozialismus verharmlosen, damit den Holocaust minimieren und ahistorisch kontextualisieren. Im \u00fcbrigen: Nazis m\u00fcssen nicht raus, also woanders hin, sondern ganz verschwinden. <strong><em>Aber nicht jeder, der eine andere Meinung hat, ist ein Nazi.<\/em><\/strong><br \/>\n&#8230; Komplettes Interview mit BDZV-Chef Mathias D\u00f6pfner vom 14.1.2019 bitte lesen auf<br \/>\n<a href=\"https:\/\/www.welt.de\/kultur\/medien\/article187009630\/Mathias-Doepfner-Luftgewehr-der-Fantasie.html\">https:\/\/www.welt.de\/kultur\/medien\/article187009630\/Mathias-Doepfner-Luftgewehr-der-Fantasie.html<\/a><br \/>\n.<br \/>\n<em>Mathias D\u00f6pfner (DIE WELT) ist Pr\u00e4sident des Bundesverbands Deutscher Zeitungsverleger (BDZV<\/em><\/p>\n<p>.<\/p>\n<p><strong>\u00dcberall Nazis raus, aber wo sind sie denn nur?<\/strong><br \/>\n<em>\u00dcberall sollen Nazis rausgeworfen werden. Woher kommen pl\u00f6tzlich die vielen Nazis, die niedergeschlagen, rausgeworfen oder deportiert werden sollen? Eine fiebrige Aktion ausgehend von \u00f6ffentlich-rechtlichen Sendern greift um sich.<\/em><br \/>\n&#8230;<br \/>\nNoch nie gab es so viele \u201eNazis\u201c in Deutschland.<br \/>\nSie sind \u00fcberall, weswegen sie \u00fcberall rausgeworfen werden m\u00fcssen&#8230;.. Seltsam.<br \/>\nWo kommen die pl\u00f6tzlich \u00fcberall her?<br \/>\nUnd wo ist dieser nazi-beherrschte Gewaltstaat, der die Bev\u00f6lkerung unterdr\u00fcckt?<br \/>\n&#8230;<br \/>\nWo sind in diesem Land Nazis, wenn man von ein paar echten Spinnern absieht, die es immer und \u00fcberall gibt, aber von denen kaum jemand einen Einzigen kennt oder gewahr wird? Die inflation\u00e4re Verwendung des Begriffs \u201eNazi\u201c zeigt nur, dass trotz \u2013 oder besser wegen \u2013 Abiturientenschwemme und \u00fcberf\u00fcllter Hochschulen die Bildung auf den Hund gekommen ist. Der Begriff \u201eNazi\u201c wird von infantilen Erwachsenen benutzt, in Sendern, in Redaktionen, in politischen Parteien, die gar nicht mehr merken, wie sie die Verbrechen der echten Nationalsozialisten und ihrer willigen Helfer verharmlosen.<br \/>\n&#8230;<br \/>\nLange hatte man geglaubt: Wir sind doch nicht die Ukraine, Berlin nicht Moskau, wo Oppositionelle mit offener Gewalt bis zum Mord eingesch\u00fcchtert werden. In Polen haben sie sich damals noch dar\u00fcber erregt, dass die Warschauer Regierung alte Kader entfernt, die den demokratischen Verfassungsrichter mimen \u2013 und mittlerweile schickt der Bundestag mit gro\u00dfer Mehrheit einen Kanzlerinnenvertrauten ins Amt des Bundesverfassungsgerichtspr\u00e4sidenten \u2013 f\u00fcr seine treuen Dienste beim UN-Migrationspakt, wie fr\u00fcher im alten Feudalismus treue Gef\u00e4hrten ein Rittergut als Lehen erhielten, nun im neuen Feudalismus eine Sinekure in Karlsruhe.<br \/>\nSo wird eine demokratische Institution nach der anderen zerst\u00f6rt. Der Bundestag, l\u00e4ngst wegen seiner mangelnden Ernsthaftigkeit fragw\u00fcrdig, von Andrea Nahles und ihren Kinderliedchen der L\u00e4cherlichkeit preisgegeben und wegen der sklavischen Feigheit seiner Abgeordneten im Wesenskern angekr\u00e4nkelt: \u201eIch mach mir die Welt, wide-wide wie sie mir gef\u00e4llt\u2026\u201c.<br \/>\nSo schafft sich der Parteienstaat einen politischen \u00dcberbau, der den Bezug zur Realti\u00e4t, zur Physik und Wirtschaft verloren hat \u2013 und \u00fcberall \u201eNazis\u201c sieht, weil seine wide-wide Erfundenwelt sich an den Ecken der Wirklichkeit st\u00f6\u00dft. Drinnen muss die Lautst\u00e4rke zunehmen, weil die Kluft zu den B\u00fcrgern drau\u00dfen und der Zukunft sich immer weiter auftut.<br \/>\nIst das noch unser Deutschland oder wird es l\u00e4ngst im omin\u00f6sen Kampf gegen Nazis wie in einer Zeitmaschine zur\u00fcckverwandelt?<br \/>\n&#8230;. Alles vom 10.1.2019 bitte lesen auf<br \/>\n<a href=\"https:\/\/www.tichyseinblick.de\/tichys-einblick\/ueberall-nazisraus-aber-wo-sind-sie-denn-nur\/\">https:\/\/www.tichyseinblick.de\/tichys-einblick\/ueberall-nazisraus-aber-wo-sind-sie-denn-nur\/<\/a><br \/>\n.<br \/>\n<strong>DDR (negative Kr\u00e4fte), Erdogen (Terroristen) und D (Nazis)<\/strong><br \/>\nDas hat die DDR genau so gemacht und Erdogan macht es heute so: Die DDR hat alle, die nicht auf Parteilinie waren, zu \u201efeindlich negativen Kr\u00e4ften\u201c erkl\u00e4rt, die man dann \u201emit allen Mitteln\u201c bek\u00e4mpfte. Erdo\u011fan macht alle, die nicht auf sein aller Linie sind, zu \u201eTerroristen\u201c um sie dann mit allen Mitteln zu bek\u00e4mpfen. In der UdSSR passierte dasselbe, heute in Russland.<br \/>\nUnd jetzt beginnt diese Welle von undemokratischer Intoleranz, die wir schon seit Jahren erleben, in Gewalt umzuschlagen. Aber nicht in irgendwelchen Diktaturen, sondern in Deutschland. Oder haben wir schon eine Diktatur, und ich habe es noch nicht gemerkt?<br \/>\n10.1.2019, Macforever, TO<\/p>\n","protected":false},"excerpt":{"rendered":"<p>&#8222;Wer die heutigen Rechtsradikalen als Nazis bezeichnet, relativiert die Verbrechen der Nationalsozialisten und beleidigt die Verbrechen des Holocaust&#8222; &#8211; diese Aussage von Ignaz Bubis aus den 1990er Jahren ist auch 2019 g\u00fcltig. Zumal seit Budapest 9\/2015 als Nazi gilt, wer &hellip; <a href=\"https:\/\/www.freiburg-schwarzwald.de\/blog\/nazis-raus-aber-wohin\/\">Weiterlesen <span class=\"meta-nav\">&rarr;<\/span><\/a><\/p>\n","protected":false},"author":2,"featured_media":0,"comment_status":"open","ping_status":"closed","sticky":false,"template":"","format":"standard","meta":{"footnotes":""},"categories":[181,155,172],"tags":[420,301,670,525],"class_list":["post-70210","post","type-post","status-publish","format-standard","hentry","category-buergerbeteiligung","category-integration","category-zukunft","tag-juden","tag-culture","tag-nazi","tag-politik"],"_links":{"self":[{"href":"https:\/\/www.freiburg-schwarzwald.de\/blog\/wp-json\/wp\/v2\/posts\/70210","targetHints":{"allow":["GET"]}}],"collection":[{"href":"https:\/\/www.freiburg-schwarzwald.de\/blog\/wp-json\/wp\/v2\/posts"}],"about":[{"href":"https:\/\/www.freiburg-schwarzwald.de\/blog\/wp-json\/wp\/v2\/types\/post"}],"author":[{"embeddable":true,"href":"https:\/\/www.freiburg-schwarzwald.de\/blog\/wp-json\/wp\/v2\/users\/2"}],"replies":[{"embeddable":true,"href":"https:\/\/www.freiburg-schwarzwald.de\/blog\/wp-json\/wp\/v2\/comments?post=70210"}],"version-history":[{"count":0,"href":"https:\/\/www.freiburg-schwarzwald.de\/blog\/wp-json\/wp\/v2\/posts\/70210\/revisions"}],"wp:attachment":[{"href":"https:\/\/www.freiburg-schwarzwald.de\/blog\/wp-json\/wp\/v2\/media?parent=70210"}],"wp:term":[{"taxonomy":"category","embeddable":true,"href":"https:\/\/www.freiburg-schwarzwald.de\/blog\/wp-json\/wp\/v2\/categories?post=70210"},{"taxonomy":"post_tag","embeddable":true,"href":"https:\/\/www.freiburg-schwarzwald.de\/blog\/wp-json\/wp\/v2\/tags?post=70210"}],"curies":[{"name":"wp","href":"https:\/\/api.w.org\/{rel}","templated":true}]}}