{"id":69864,"date":"2018-12-28T17:37:53","date_gmt":"2018-12-28T16:37:53","guid":{"rendered":"https:\/\/www.freiburg-schwarzwald.de\/blog\/?p=69864"},"modified":"2018-12-28T18:07:40","modified_gmt":"2018-12-28T17:07:40","slug":"fake-news-18-hetzjagd-handy","status":"publish","type":"post","link":"https:\/\/www.freiburg-schwarzwald.de\/blog\/fake-news-18-hetzjagd-handy\/","title":{"rendered":"Fake News 18: Hetzjagd Handy"},"content":{"rendered":"<p>Die <a title=\"Fake-News\" href=\"https:\/\/www.freiburg-schwarzwald.de\/blog\/kultur\/medien\/fake-news\/\">Fake-News<\/a> des Jahres 2018: Erstens &#8222;<a title=\"Chemnitz: Hetzjagd war L\u00fcge\" href=\"https:\/\/www.freiburg-schwarzwald.de\/blog\/chemnitz-hetzjagd-war-luege\/\">Hetzjagden<\/a> <a title=\"Chemnitz-Messermord26-08-2018\" href=\"https:\/\/www.freiburg-schwarzwald.de\/blog\/engagement\/zukunft\/demokratie\/chemnitz-messermord26-08-2018\/\">Chemnitzer<\/a> B\u00fcrger&#8220; &#8211; ein von Antifa gef\u00e4lschtes &#8222;<a title=\"Chemnitz-Video war F\u00e4lschung\" href=\"https:\/\/www.freiburg-schwarzwald.de\/blog\/chemnitz-video-war-faelschung\/\">Hase, du bleibst hier<\/a>&#8222;-<a title=\"Youtube\" href=\"https:\/\/www.freiburg-schwarzwald.de\/blog\/kultur\/medien\/youtube\/\">Video<\/a> wurde sogar per <a title=\"Chemnitz: Hetzjagd war L\u00fcge\" href=\"https:\/\/www.freiburg-schwarzwald.de\/blog\/chemnitz-hetzjagd-war-luege\/\">Regierungserkl\u00e4rung<\/a> verbreitet. Und zweitens &#8222;<a title=\"Smartphone versus Integration\" href=\"https:\/\/www.freiburg-schwarzwald.de\/blog\/smartphone-versus-integration\/\">Migranten-Handys<\/a> verheimlichen nichts&#8220;, das die S\u00fcddeutsche <a title=\"Medienvielfalt\" href=\"https:\/\/www.freiburg-schwarzwald.de\/blog\/kultur\/medien\/medienvielfalt\/\">SZ<\/a> am 8.7.2018 meldet. Leider gilt wie bei allen <a title=\"Fake-News und Faker\" href=\"https:\/\/www.freiburg-schwarzwald.de\/blog\/fake-news-und-faker\/\">Fake-News<\/a> auch hier: Je l\u00e4nger in der medialen Welt, desto mehr glaubt man dem <a title=\"Islamintegration: Fake zur Wahl\" href=\"https:\/\/www.freiburg-schwarzwald.de\/blog\/islamintegration-fake-zur-wahl\/\">Fake<\/a>, auch nachdem er l\u00e4ngst als <a title=\"Luegenpresse\" href=\"https:\/\/www.freiburg-schwarzwald.de\/blog\/kultur\/medien\/luegenpresse\/\">L\u00fcge <\/a>enttarnt worden ist.<br \/>\n.<br \/>\n<!--more--><br \/>\nDer Hetzjagden-Fake ist enttarnt, Die B\u00fcrger von\u00a0 Chemnitz haben nach dem <a title=\"Chemnitz-Messermord26-08-2018\" href=\"https:\/\/www.freiburg-schwarzwald.de\/blog\/engagement\/zukunft\/demokratie\/chemnitz-messermord26-08-2018\/\">Messermord<\/a> an Daniel Hillig am 26.8.2018 wirklich keine Hetzjagden auf Fl\u00fcchtlinge in ihrer Strassen durchgef\u00fchrt.. Mehrere Zeitungen &#8211; vor allem in der Schweiz wie NZZ, BAZ\u00a0und\u00a0 Weltwoche &#8211; haben sich\u00a0f\u00fcr die Verbreitung dieser L\u00fcge\u00a0sogar bei ihrer Leserschaft entschuldigt.<br \/>\nDer Handydaten-Fake von den auskunftsunwilligen, aber\u00a0ehrlichen <a title=\"Migration-Maenner\" href=\"https:\/\/www.freiburg-schwarzwald.de\/blog\/global\/migration\/migration-maenner\/\">Schutzsuchenden<\/a> ist zwar auch enttarnt, lebt aber dank <a title=\"Mainstream\" href=\"https:\/\/www.freiburg-schwarzwald.de\/blog\/kultur\/medien\/mainstream\/\">Mainstream-Medien<\/a> weiter.<br \/>\n.<br \/>\nT\u00e4glich kommen <a title=\"Sozialstaat oder Migration\" href=\"https:\/\/www.freiburg-schwarzwald.de\/blog\/sozialstaat-oder-migration\/\">500 Migranten<\/a> ins Land, zumeist <a title=\"Migranten-Armee\" href=\"https:\/\/www.freiburg-schwarzwald.de\/blog\/global\/migration\/migranten-armee\/\">ohne Ausweise<\/a> und ohne Zustimmung zur erbetenen Einsichtnahme der Handydaten. Am 8.7.2018 meldet die SZ \u201eAuswertung von Handys bringt kaum Nutzen\u201c, da\u00df &#8222;ein verbreitetes Vorurteil widerlegt\u201c sei: \u201eDie Auswertung der Handydaten belegt auch nicht den verbreiteten Verdacht, dass Fl\u00fcchtlinge in gr\u00f6\u00dferem Ausma\u00df versuchen zu tricksen oder zu l\u00fcgen bei ihren Angaben zu Identit\u00e4t, Herkunft und Staatsangeh\u00f6rigkeit.\u201c<br \/>\nMehr zu den <a title=\"Fake-News\" href=\"https:\/\/www.freiburg-schwarzwald.de\/blog\/kultur\/medien\/fake-news\/\">echten Fakten<\/a> lesen Sie <a title=\"Fake-News\" href=\"https:\/\/www.freiburg-schwarzwald.de\/blog\/kultur\/medien\/fake-news\/\">hier<\/a>.- <a title=\"Ehrlichkeit\" href=\"https:\/\/www.freiburg-schwarzwald.de\/blog\/engagement\/zukunft\/ehrlichkeit\/\">ehrlich<\/a>.<br \/>\n&#8222;8.12.2018<\/p>\n<p>.<\/p>\n<p><strong>L\u00fcgen?-L\u00fccken?presse<\/strong><br \/>\n\u201cIch wei\u00df nicht, wie es Ihnen geht. Je mehr ich dar\u00fcber nachdenke, desto ungeheuerlicher erscheint mir dieses scheinbar so unbedeutende Beispiel, das ich Ihnen hier geschildert habe. <strong><em>Ungeheuerlich auch und gerade deswegen, weil es so einfach zu entlarven war und es trotzdem keiner getan hat<\/em><\/strong>. Im Gegenteil, die hauptberuflichen Kollegen haben es in gro\u00dfer Zahl besinnungslos weiterverbreitet. Die Frage dr\u00e4ngt sich auf, was die hauptberuflichen Kollegen eigentlich hauptberuflich machen. \u201d<br \/>\nWas die hauptberuflichen Kollegen hauptberuflich machen?? Ich wei\u00df es nicht und ich will es nicht wissen, denn seit Jahren habe ich ganz bestimmte Zeitungen ad acta gelegt und anschlie\u00dfend zum Papierm\u00fcll gebracht. Seit ich die alternativen Medien, ab und zu auch die Schweizer und \u00d6sterreichischen lese, werde ich, so wie mit diesem Artikel, immer \u00fcber den neuesten Stand informiert. Das spart nicht nur viel Zeit, sondern ich mu\u00df mich nicht mehr \u00e4rgern \u00fcber die L\u00fcgen?-L\u00fccken?presse. Wer au\u00dferdem mit offenen Augen und Ohren durchs Leben geht und sich mit fremden Menschen unterh\u00e4lt, so wie ich, wird staunend merken, wie oft man auf einer Linie liegt. Gerade heute ist mir das wieder passiert. Ich freue mich diebisch, wenn ich Menschen treffe, die so denken wie ich und es auch wie ich offen aussprechen. Die meisten reden auch nicht mehr nur hinter vorgehaltener Hand sonder reden oft zornig laut und deutlich \u00fcber diese Mi\u00dfst\u00e4nde. Ihr Beispiel ist ja geradezu ein Paradebeispiel, wie viele die Menschen desinformiert werden. Der Zorn aber leider auch der Ha\u00df wird immer gr\u00f6\u00dfer, in Frankreich entl\u00e4dt er sich \u00fcber die gelben Westen, auch wir in Deutschland sollten uns endlich aufraffen- so wie es Frau Wagenknecht (wahrscheinlich aus linken Motiven) vorgemacht hat. In dem Fall gebe ihr recht. Ihre Aktion sollte Fr\u00fcchte tragen.<br \/>\n27.12.2018, Karla Kuhn, AO<br \/>\n.<br \/>\n<strong>Lieber Herr von Loewenstern, das ist Medienkritik par excellence<br \/>\n<\/strong>F\u00fcrwahr es ist der Alltag der L\u00fcge, nicht ihre Erhebung, nicht Relotius, sondern der allt\u00e4gliche Qualit\u00e4tsjournalismus, der uns mit Kulleraugen das Blaue vom Himmel erz\u00e4hlt. Und das mit voller Absicht<br \/>\n&#8230;<br \/>\nIch lese keinen Mainstraem mehr seit 2015 mit einer Ausnahme: Ich schaue noch alle 2 Tage bei \u201cPresse\u00fcberblick\u201d rein und checke den Mainstream, um auch die Gegenseite im Original zu pr\u00fcfen. Das tue ich aber nicht in der entspannten Konsumhaltung, mit der gemeinhin Fernhen und Zeitungen konsumiert werden, sondern sehr wach und vergleichend. Anders geht es nicht mehr und zwar genau aus dem Grund, der in ihrem Artikel Thema ist. Sie haben v\u00f6llig Recht, Herr L\u00f6wenstern. Diese furchtbare Propagandaberieselung der Mainstreamjournalisten ist im feinsten Detail zu suchen und deshalb leider nicht f\u00fcr die meisten Menschen erkennbar. Mir f\u00e4llt vor allem auf, wenn ich &#8211; was ich noch tue &#8211; Netflix schaue, dass in den deutschen \u00dcbersetzungen der amerikanischen Serien die Helden sehr oft \u201cwir schaffen das\u201d und \u00e4hnliche Wendungen benutzen, selbst in Wikingerserien. Fr\u00fcher m\u00f6gen die Maintream-Fake-News hinnehmbar gewesen sein, doch mit der massiv betriebenen Unterwerfung Deutschlands unter den Islam wird mit diesen Mainstream-Fake-News der gr\u00f6\u00dfte anzunehmende Schaden angerichtet,<br \/>\n27.12.2018, Klaas Meyer<\/p>\n<p><strong>Mangelndes Text-\/Sprachverst\u00e4ndnis &#8211; L\u00fcgen bleiben unbemerkt<\/strong><br \/>\nEin sehr interessanter Artikel, danke daf\u00fcr! Was man hier mMn auch noch bedenken muss, ist folgendes: Vielen Menschen mangelt es mittlerweile an Text- und Sprachverst\u00e4ndnis. Das habe ich in meiner Ausbildung gemerkt und ich merke es auch im beruflichen Alltag. Und auch hauptberufliche Journalisten kann ich davon nicht ausnehmen, denn sie sind ebenfalls ein Produkt dieses Bildungssystems. Hinzu kommt, dass die Glaubw\u00fcrdigkeit einer Nachrichtenmeldung heutzutage an der ideologischen Zugeh\u00f6rigkeit des Nachrichten\u00fcberbringers gemessen wird. Geh\u00f6rt der \u00dcberbringer zu \u201crichtigen Seite\u201d, ist man eher bereit, seinen Aussagen glauben &#8211; selbst wenn die Kernmessage, die man herauszulesen glaubt, durch manipulative Sprache in den Kopf des Lesers gebracht wird. Deswegen treffen die \u201cL\u00fcgenpresse\u201d-Vorw\u00fcrfe die Relotius\u2019 dieses Landes nicht. Sie bemerken ihre handwerklichen Schw\u00e4chen wahrscheinlich gar nicht (da sie sich in guter Gesellschaft befinden) oder reden sich halt ein, dass sie f\u00fcr ein \u201ch\u00f6heres Ziel\u201d schreiben &#8211; und deswegen alles erlaubt ist.<br \/>\n27.12.2018, Sabine Schuster, AO<br \/>\n.<br \/>\n<strong>Manipulation<\/strong><br \/>\nDanke, Herr von Loewenstein, f\u00fcr diese sorgf\u00e4ltige Analyse einer Nachricht, \u00fcber die ich auch gestolpert war, sie nicht geglaubt habe, jedoch auch nicht n\u00e4her eingestiegen bin. Ich habe tats\u00e4chlich \u00fcber das Wort \u201cgebeten\u201d hinweg gelesen. Mir geht es so, dass ich bei Themen, \u00fcber die ich selbst recht gut Bescheid wei\u00df, genau auf diese &#8211; ich m\u00f6chte es mal wie folgt beschreiben: Verschiebungen in der Darstellung der Fakten, die einseitige Auswahl der Themen, die Manipulation durch Verwendung ausgew\u00e4hlter Adjektive, die Weglassungen &#8211; sto\u00dfe. Sie haben also v\u00f6llig Recht, wenn Sie darauf hinweisen, dass es nicht eines Relotius bedarf, der ist die Spitze des Eisbergs, sondern dass es die kleinen t\u00e4glichen Verdrehungen sind, die ein erschreckendes Gesamtbild ergeben.<br \/>\nIch frage mich also, welches Berufsethos haben diese Journalisten, und f\u00fcr wie dumm halten sie ihre Leser? Was wird in der Journalistenausbildung heute vermittelt? Dabei sind es ja nicht nur die Nachwuchsjournalisten, die ihre politische Meinung in jeden Artikel einbauen und uns Lesern aufdr\u00fccken wollen. Ein Herr Prantl wei\u00df doch, was er tut. Er und niemand anderes von der Zunft des betreuten Denkens ist jedoch demokratisch f\u00fcr sein Tun legitimiert. Wenn sie f\u00fcr Millionen Menschen Politik machen wollen, dann m\u00f6gen sie sich bitte zur Wahl stellen. Es bedarf wohl noch vieler Abo-K\u00fcndigungen bevor ein Umdenken beginnen kann.<br \/>\n27.12.2018, Dana Winter<\/p>\n<p><strong>Deutschland soll doch baden gehen<\/strong><br \/>\nGestern war ich eingeladen bei Freunden (bitte keine H\u00e4me, sie sind auch Verwandte) und die \u00e4lteste in der Runde, eine Dame von ca. 74 in gut situierten (!) intellektuellen (!) Verh\u00e4ltnissen \u00e4u\u00dferte mir gegen\u00fcber, sie h\u00e4tte \u201cabsolut nichts dagegen, wenn Deutschland baden geht. Deutschland hat so viel Dreck am Stecken, es kommt mir geradezu hoch\u201d. Auf meine betroffene aber noch recht gefasste Entgegnung, dass mich eine solche Bemerkung traurig mache, zumal gerade sie doch auch zwei S\u00f6hne und 3 Enkelkinder habe, die in diesem Lande (Berlin) leben bzw. aufwachsen, reagierte sie leicht verunsichert abschw\u00e4chend, machte aber keinen R\u00fcckzieher. &#8211; Da ist wohl nichts mehr zu machen. Streiflichter aus dieser Familie: 1. Man ist froh, dass der \u00e4lteste Enkelsohn 2019 dort eingeschult wird, wo \u201cnicht nur arabisch gesprochen\u201d wird. 2. Es ist in Deutschland genug Platz f\u00fcr die Fl\u00fcchtlinge 3. Ist Relotius wirklich kein Einzelfall? Gibt\u00b4s da noch mehr? 4. \u201cWir haben uns genug vers\u00fcndigt in der Welt.\u201d Facit: Bei vielen Menschen ist es also v\u00f6llig hoffnungslos.<br \/>\n287.12.2018, Peter Groepper<\/p>\n<p><strong>&#8230; die \u201eReligi\u00f6sen\u201c des Gutmenschentums<\/strong><br \/>\nNun befinden sich ja viele der linksgr\u00fcnen Glaubensbr\u00fcder und Glaubensschwestern in einem Glaubenskrieg. Sie befinden sich inmitten eines Kreuzzuges gegen das B\u00f6se, gegen den Teufel. Und der Teufel hei\u00dft mit Vornamen \u201eRechts\u201c, mit Nachnamen \u201eNationalismus\u201c. Manchmal hei\u00dft er auch anders. Und in diesem Kampf sind alle Mittel erlaubt. Auch das Mittel der L\u00fcge. Oder sagen wir, der Besch\u00f6nigung, das Mittel der richtigen Interpretation. Insofern passt Ihr Vergleich mit der christlichen Religion. Sicher wurden auch gewisse Textstellen in der Bibel \u201ebesch\u00f6nigt\u201c, um die Menschen \u201ezu ihrem eigenen Wohle\u201c vom \u201eGuten\u201c zu \u00fcberzeugen. Das nennt sich dann, \u00dcberzeugungsarbeit leisten. Die Kirche war in dieser Disziplin ein Spezialist. Man argumentierte nicht unbedingt wahrheitsgem\u00e4\u00df sondern taktisch. Angesichts des teuflischen Gegenspielers und des auf dem Spiel stehenden Seelenheils scheint diese Vorgehensweise auch nur gerecht zu sein, ja unumg\u00e4nglich und sozusagen \u201evon oben\u201c gebilligt. Dass eine Glaubensgemeinschaft ihren eigenen Glauben damit diskreditiert, ist dieser nicht bewusst bzw. m\u00f6glicherweise gleichg\u00fcltig. Und so reiht sich in der Folge L\u00fcge an L\u00fcge. L\u00fcgen f\u00fcr das Gute. Doch L\u00fcgen f\u00fcr das Gute f\u00fchrt stets zum Schlechten. Das Schlechte wohnt der L\u00fcge inne, und die L\u00fcge bildet des Schlechten Lebenselixier. Die Kirche hat \u201eihrer\u201c Religion einen B\u00e4rendienst erwiesen, genauso machen es die \u201eReligi\u00f6sen\u201c des Gutmenschentums. Eine L\u00fcge wird fr\u00fcher oder sp\u00e4ter entlarvt und sie macht unglaubw\u00fcrdig. Eine m\u00f6glicherweise positive und wahre Grundidee wird beschmutzt. Denn h\u00e4lt diese Idee die Wahrheit nicht aus, ist sie eine Totgeburt und kann nur durch weitere L\u00fcgen \u201eam Leben\u201c erhalten werden. Dann wird ein Leichnam \u201eam Leben erhalten\u201c. Das wahrhaft Gute braucht kein L\u00fcgenkonstrukt. \u00dcberzeugungsarbeit leisten f\u00fcr etwas Erfundenes, bleibt Betrug.<br \/>\n27.12.2018, Werner Arning, AO<br \/>\n.<br \/>\n<strong>Wie viele Leute fallen doch auf die SZ rein<\/strong><br \/>\nGratulation! Sie haben ein sch\u00f6nes Beispiel genannt. Ich lese regelm\u00e4\u00dfig online SZ und bin ersch\u00fcttert, wie dreist diese Zeitung seine Leserschaft zu manipulieren versucht. Es sind immer dieselben hinterh\u00e4ltigen Methoden. Erstaunlich ist, wieviele darauf reinfallen. Selbst in meinem Bekanntenkreis gilt die SZ als seri\u00f6se Zeitung. Das ist sie bei weitem nicht!<br \/>\n27.12.2018, Stefan Schultz, AO<\/p>\n<p>d<strong>ie deutsche Wahrheitspresse?<\/strong><br \/>\nVielen Dank f\u00fcr den wirklich sehr aufschlussreichen und gut recherchierten Artikel. Ich frage mich, wie jemand, der die Wahrheit liebt, in Deutschland guten Gewissens \u201cMainstream-Journalist\u201d sein kann. Die \u201cHaltung\u201d ersetzt wohl alle journalistischen Tugenden und F\u00e4higkeiten.<br \/>\nDie \u201chauptberuflichen Kollegen\u201d sind an der Aufdeckung solcher Fakes nicht im mindesten interessiert. Denn diese helfen ihnen doch, ihre schwere volksp\u00e4dagogische t\u00e4gliche Arbeit zu verrichten. Darauf kommt es ihnen an, nicht auf pedantische Korrektheit. Die \u201cinnere Wahrheit\u201d muss ja r\u00fcberkommen. Denn Fakten sind doch grossenteils \u201csoziale Konstrukte\u201d, wie unsere Geschlechter, nicht wahr? Wie die Mentalit\u00e4t der hauptberuflichen Kollegen in Deutschland aussieht, haben wir doch im Fall der ber\u00fchmten \u201cKZ-Passage\u201d in Akif Pirinccis \u201cPegida-Rede\u201d gesehen. Pirincci hatte ironisch \u00fcber einen CDU-Lokalpolitiker gesagt, der w\u00fcrde es wohl am liebsten sehen, wenn Kritiker der Fl\u00fcchtlingspolitik im KZ verschw\u00e4nden. Ein sehr grosser Teil der deutschen Wahrheitspresse machte daraus: \u201cPirincci will Fl\u00fcchtlinge ins KZ stecken\u201d. Das w\u00e4re sehr einfach anhand des Originaltexts der Rede zu korrigieren gewesen &#8211; aber nur einige Medien taten das, viele mussten per Gericht dazu gezwungen werden. Obwohl die Sachlage v\u00f6llig eindeutig war. Fazit: Die Fakten sind f\u00fcr viele \u201chauptberufliche Kollegen\u201d schlicht und einfach \u201csachfremde Erw\u00e4gungen\u201d, wie es Juristen- und Verwaltungsdeutsch so sch\u00f6n heisst. \u201cHaltung\u201d z\u00e4hlt.<br \/>\n27.12.2018, Maria Blaeser, AO<br \/>\n.<br \/>\n<strong>Wie \u00fcblich ein gro\u00dfartiger, erhellender Artikel aus Ihrer Feder, lieber Herr von Loewenstern<br \/>\n<\/strong>Ich habe mich zwar dar\u00fcber ge\u00e4rgert, dass die Fl\u00fcchtlinge um die Herausgabe ihrer Handys \u201cgebeten\u201d werden, bin aber nicht auf die Idee gekommen. dass dies das von Ihnen gesuchte Schl\u00fcsselwort war. Nun wundert uns doch gar nichts mehr. was den Umgang mit diesen sogenannten \u201cSchutzsuchenden\u201d anbelangt. Sie werden, im Gegensatz zum deutschen Otto Normalverbraucher, \u00fcberall mit Samthandschuhen angefasst. Wenn sie in den \u00f6ffentlichen Verkehrsmitteln ohne Fahrschein angetroffen werden, erfolgt im allgemeinen au\u00dfer einem leichten Kopfsch\u00fctteln gar nichts. Wohingegen Autochthone sofort zur Kasse gebeten werden. Falschnachrichten &#8211; auf neudeutsch fake news &#8211; Verdrehungen und Beschwichtigungen sind in der Mainstreampresse doch nicht erst seit gestern an der Tagesordnung. Blo\u00df diese werden t\u00e4glich schlimmer.<br \/>\nEine Formulierung, die mir st\u00e4ndig ins Auge sticht, ist die des \u201cmutma\u00dflichen\u201d T\u00e4ters. Selbst wenn der Delinquent mit dem blutigen Messer oder dem rauchenden Kolt &#8211; the smoking gun &#8211; in der Hand auf frischer Tat ertappt wird, kommt stets das Wort mutma\u00dflich ins Spiel. Nat\u00fcrlich nur dann, wenn es sich bei der Person um einen unserer Kulturbereicherer handelt. Mit denen geht man immer \u00e4u\u00dferst \u201ckultursensibel\u201d um. Da macht man einen gro\u00dfen Bogen um die Nationalit\u00e4t des T\u00e4ters, w\u00e4hrend ein deutscher T\u00e4ter &#8211; hurra endlich mal einer von uns &#8211; \u00fcberdeutlich als solcher kenntlich gemacht wird. Lieber Autor, auch wenn Sie den Fall Claas R. weitr\u00e4umig umgehen, hoffe ich, dass dieser weite Kreise ziehen und auch den d\u00fcmmsten Klatschhasen endlich die Augen dar\u00fcber \u00f6ffnen wird, wie sie tagt\u00e4glich per ordre de mufti hinter die Fichte gef\u00fchrt oder &#8211; im Volkston &#8211; verarscht &#8211; werden. Mein Dank gilt der Achse und den Foristen, die so engagierte und intelligente Kommentare schreiben. Ihnen allen und der Redaktion einen guten Rutsch &#8211; und bleiben Sie dran!<br \/>\n27.12.2018, Uta Buhr, AO<\/p>\n","protected":false},"excerpt":{"rendered":"<p>Die Fake-News des Jahres 2018: Erstens &#8222;Hetzjagden Chemnitzer B\u00fcrger&#8220; &#8211; ein von Antifa gef\u00e4lschtes &#8222;Hase, du bleibst hier&#8222;-Video wurde sogar per Regierungserkl\u00e4rung verbreitet. Und zweitens &#8222;Migranten-Handys verheimlichen nichts&#8220;, das die S\u00fcddeutsche SZ am 8.7.2018 meldet. Leider gilt wie bei allen &hellip; <a href=\"https:\/\/www.freiburg-schwarzwald.de\/blog\/fake-news-18-hetzjagd-handy\/\">Weiterlesen <span class=\"meta-nav\">&rarr;<\/span><\/a><\/p>\n","protected":false},"author":2,"featured_media":0,"comment_status":"open","ping_status":"closed","sticky":false,"template":"","format":"standard","meta":{"footnotes":""},"categories":[210,155,162,60,80,219,9],"tags":[602,481,208,672,667,622,438],"class_list":["post-69864","post","type-post","status-publish","format-standard","hentry","category-gewalt","category-integration","category-internet","category-jugend","category-medien","category-schweiz","category-soziales","tag-afrika","tag-asyl","tag-ehrlichkeit","tag-fluechtling","tag-krieg","tag-migration","tag-zeitung"],"_links":{"self":[{"href":"https:\/\/www.freiburg-schwarzwald.de\/blog\/wp-json\/wp\/v2\/posts\/69864","targetHints":{"allow":["GET"]}}],"collection":[{"href":"https:\/\/www.freiburg-schwarzwald.de\/blog\/wp-json\/wp\/v2\/posts"}],"about":[{"href":"https:\/\/www.freiburg-schwarzwald.de\/blog\/wp-json\/wp\/v2\/types\/post"}],"author":[{"embeddable":true,"href":"https:\/\/www.freiburg-schwarzwald.de\/blog\/wp-json\/wp\/v2\/users\/2"}],"replies":[{"embeddable":true,"href":"https:\/\/www.freiburg-schwarzwald.de\/blog\/wp-json\/wp\/v2\/comments?post=69864"}],"version-history":[{"count":0,"href":"https:\/\/www.freiburg-schwarzwald.de\/blog\/wp-json\/wp\/v2\/posts\/69864\/revisions"}],"wp:attachment":[{"href":"https:\/\/www.freiburg-schwarzwald.de\/blog\/wp-json\/wp\/v2\/media?parent=69864"}],"wp:term":[{"taxonomy":"category","embeddable":true,"href":"https:\/\/www.freiburg-schwarzwald.de\/blog\/wp-json\/wp\/v2\/categories?post=69864"},{"taxonomy":"post_tag","embeddable":true,"href":"https:\/\/www.freiburg-schwarzwald.de\/blog\/wp-json\/wp\/v2\/tags?post=69864"}],"curies":[{"name":"wp","href":"https:\/\/api.w.org\/{rel}","templated":true}]}}