{"id":69826,"date":"2018-12-26T15:23:21","date_gmt":"2018-12-26T14:23:21","guid":{"rendered":"https:\/\/www.freiburg-schwarzwald.de\/blog\/?p=69826"},"modified":"2019-02-08T12:56:28","modified_gmt":"2019-02-08T11:56:28","slug":"steinmeier-miteinander-reden","status":"publish","type":"post","link":"https:\/\/www.freiburg-schwarzwald.de\/blog\/steinmeier-miteinander-reden\/","title":{"rendered":"Steinmeier: Miteinander reden"},"content":{"rendered":"<p>Seit der Grenz\u00f6ffnung <a title=\"Budapest-Dublin2015\" href=\"https:\/\/www.freiburg-schwarzwald.de\/blog\/global\/eu\/budapest-dublin2015\/\">Budapest 9\/2015<\/a> wird Kritik und <a title=\"Opposition\" href=\"https:\/\/www.freiburg-schwarzwald.de\/blog\/engagement\/zukunft\/demokratie\/opposition\/\">Opposition<\/a> von Politik. <a title=\"NGO\" href=\"https:\/\/www.freiburg-schwarzwald.de\/blog\/vereine\/ngo\/\">NGO<\/a>&#8217;s wie auch <a title=\"Journalismus\" href=\"https:\/\/www.freiburg-schwarzwald.de\/blog\/kultur\/medien\/journalismus\/\">Medien<\/a> sofort mit dem <a title=\"Kampf-gegen-Rechts\" href=\"https:\/\/www.freiburg-schwarzwald.de\/blog\/kultur\/medien\/kampf-gegen-rechts\/\">&#8222;Kampf gegen Rechts&#8220;<\/a>\u00a0erstickt, nicht aber diskutiert. Unsere <a title=\"Diskussionskultur\" href=\"https:\/\/www.freiburg-schwarzwald.de\/blog\/kultur\/medien\/diskussionskultur\/\">Diskussionskultur<\/a> ist\u00a0 leider tot. Da kommt Frank-Walter Steinmeier&#8217;s ausgezeichnete Weihnachtsansprache mit der Aufforderung zum <em><a title=\"Demokratie\" href=\"https:\/\/www.freiburg-schwarzwald.de\/blog\/engagement\/zukunft\/demokratie\/\">&#8222;Miteinander reden&#8220;<\/a><\/em> genau richtig &#8211; und alle B\u00fcrger sollten sie sich zu Herzen nehmen:\u00a0<em><!--more-->.<br \/>\n&#8222;Liebe Mitb\u00fcrgerinnen und Mitb\u00fcrger, wir haben es, Sie haben es in der Hand: Sprechen Sie mit Menschen, die nicht Ihrer Meinung sind! Sprechen Sie ganz bewusst mal mit jemandem, \u00fcber den Sie vielleicht schon eine Meinung haben, mit dem Sie aber sonst kein Wort gewechselt h\u00e4tten. Ein Versuch ist das wert. Das ist mein <a title=\"Weihnachten\" href=\"https:\/\/www.freiburg-schwarzwald.de\/blog\/religion\/kirchen\/weihnachten\/\">Weihnachtswunsch<\/a> an Sie. Und das ist auch mein eigener Vorsatz f\u00fcr das n\u00e4chste Jahr. Lassen Sie uns daf\u00fcr sorgen, dass unsere Gesellschaft mit sich im Gespr\u00e4ch bleibt!&#8220;<\/em><br \/>\n.<br \/>\nOb der <a title=\"Deutschland\" href=\"https:\/\/www.freiburg-schwarzwald.de\/blog\/global\/deutschland\/\">Bundespr\u00e4sident<\/a>\u00a0im Fernsehen gesehen hat, was das ZDF aus seiner so l\u00f6blichen Initiative zum &#8222;Miteinander reden&#8220; (die er mit <em>&#8222;auch mein eigener Vorsatz&#8220;<\/em>\u00a0f\u00fcr sich selbst versprochen hat) gemacht hat?<\/p>\n<p>Nachrichtensendung ZDF-Heute um 19 Uhr am 25.12.2018 im Dreier-Schritt:<br \/>\n(1) <a title=\"Staatsbuergerschaft\" href=\"https:\/\/www.freiburg-schwarzwald.de\/blog\/engagement\/zukunft\/demokratie\/staatsbuergerschaft\/\">Bundespr\u00e4sident Frank-Walter Steinmeier<\/a>\u00a0beginnt seine Ansprache zu <a title=\"Weihnachten\" href=\"https:\/\/www.freiburg-schwarzwald.de\/blog\/religion\/kirchen\/weihnachten\/\">Weihnachten<\/a>: <em>&#8222;Ich habe den Eindruck, wir <a title=\"Deutsche\" href=\"https:\/\/www.freiburg-schwarzwald.de\/blog\/global\/deutschland\/deutsche\/\">Deutsche<\/a> <a title=\"Diskussionskultur\" href=\"https:\/\/www.freiburg-schwarzwald.de\/blog\/kultur\/medien\/diskussionskultur\/\">sprechen immer seltener<\/a> miteinander. Und noch seltener h\u00f6ren wir einander zu. Wo immer man hinschaut, erst recht in den <a title=\"Social-Networking\" href=\"https:\/\/www.freiburg-schwarzwald.de\/blog\/kultur\/internet\/social-networking\/\">Sozialen Medien<\/a>: Da wird gegiftet, da ist L\u00e4rm und t\u00e4gliche Emp\u00f6rung<\/em>.&#8220;<br \/>\n(2) Einspieler: Facebook-Titel bzw. -Logos, &#8222;<a title=\"Fake-News und Faker\" href=\"https:\/\/www.freiburg-schwarzwald.de\/blog\/fake-news-und-faker\/\">Hass\/Fake<\/a>&#8222;-Plakate sowie Alexander Gauland (<a title=\"Diskussionskultur im Bundestag\" href=\"https:\/\/www.freiburg-schwarzwald.de\/blog\/diskussionskultur-im-bundestag\/\">AfD<\/a>)\u00a0auf\u00a0 einer\u00a0Sitzung\u00a0des Deutschen <a title=\"Bundestag\" href=\"https:\/\/www.freiburg-schwarzwald.de\/blog\/engagement\/zukunft\/demokratie\/bundestag\/\">Bundestags<\/a>.<br \/>\n(3) Fortf\u00fchrung der Weihnachtsansprache von Steinmeier:\u00a0<em>&#8222;Und mehr noch als der L\u00e4rm von manchen besorgt mich das Schweigen von vielen anderen. Immer mehr Menschen ziehen sich zur\u00fcck unter ihresgleichen, &#8230; Wie gut, dass wir diskutieren; wie gut, dass wir miteinander reden! Wenn ich mir f\u00fcr unser Land eins w\u00fcnschen darf, dann: mehr davon!<\/em>&#8220; .<\/p>\n<p>In diesem Dreier-Schritt (1) &#8211; (2) &#8211; (3) informiert das ZDF-Heute dem B\u00fcrger am Fernseher also wie folgt: Zum einen fordert der Bundespr\u00e4sident die deutschen <a title=\"Der dumme deutsche Buerger\" href=\"https:\/\/www.freiburg-schwarzwald.de\/blog\/der-dumme-deutsche-buerger\/\">B\u00fcrger<\/a> auf, endlich wieder mehr und offen miteinander zu diskutieren &#8211; gut so! Zum anderen jedoch suggeriert der dazwischengeschaltete Einspieler (2), dass f\u00fcr die vergiftete Diskussionskultur neben den sozialen Medien die <a title=\"AfD\" href=\"https:\/\/www.freiburg-schwarzwald.de\/blog\/vereine\/partei\/afd\/\">AfD<\/a> verantwortlich\u00a0sei. W<em>enn dem so w\u00e4re, dann sollte man doch einfach\u00a0die &#8222;AfD verbieten und alles w\u00e4re gut&#8220;<\/em>. Nein, so einfach ist es leider nicht. Denn verantwortlich f\u00fcr die sich ausbreitende Sprachlosigkeit\u00a0 und Spaltung der deutschen Zivilgesellschaft ist eher die Groko-Politik mit ihren vielen offenen Baustellen: Unkontrollierte Grenzen seit <a title=\"Budapest-Dublin2015\" href=\"https:\/\/www.freiburg-schwarzwald.de\/blog\/global\/eu\/budapest-dublin2015\/\">Budapest 9\/2015<\/a>, <a title=\"Finanzsystem\" href=\"https:\/\/www.freiburg-schwarzwald.de\/blog\/global\/finanzsystem\/\">Euro<\/a>, <a title=\"EU-Banken\" href=\"https:\/\/www.freiburg-schwarzwald.de\/blog\/global\/eu\/eu-banken\/\">EU-Haftung<\/a>, <a title=\"Target\" href=\"https:\/\/www.freiburg-schwarzwald.de\/blog\/global\/eu\/target\/\">Targetsalden<\/a>, <a title=\"EU bittet die Sparer zur Kasse\" href=\"https:\/\/www.freiburg-schwarzwald.de\/blog\/eu-bittet-die-sparer-zur-kasse\/\">Sparer-Enteignung<\/a>, <a title=\"Brexit\" href=\"https:\/\/www.freiburg-schwarzwald.de\/blog\/global\/eu\/brexit\/\">Brexit<\/a>, <a title=\"EU-Reform\" href=\"https:\/\/www.freiburg-schwarzwald.de\/blog\/global\/eu\/eu-reform\/\">EU-Spaltung<\/a>, &#8230;<br \/>\n.<br \/>\nDie o.a. ZDF-Heute-Sendung offenbart miesen <a title=\"Journalismus\" href=\"https:\/\/www.freiburg-schwarzwald.de\/blog\/kultur\/medien\/journalismus\/\">Journalismus<\/a> (ohne Recherche) sowie\u00a0<a title=\"Gesinnungsdiktatur\" href=\"https:\/\/www.freiburg-schwarzwald.de\/blog\/kultur\/medien\/gesinnungsdiktatur\/\">Meinungsmanipulation<\/a> pur (AfD-Bashing). Das ZDF <em><strong><a title=\"Instrumentalisierung\" href=\"https:\/\/www.freiburg-schwarzwald.de\/blog\/kultur\/medien\/instrumentalisierung\/\">instrumentalisiert<\/a> die ausgezeichnete Weihnachtsansprache des Bundespr\u00e4sidenten<\/strong><\/em> und sein ehrliches Anliegen zum &#8222;Miteinander reden&#8220;, um die AfD als den Schuldigen der zivilgesellschaftlichen Sprachlosigkeit bzw. Sprachverrohung hinzustellen. Wie billig &#8211; wie will man denn mit jemand reden, den man zuvor f\u00fcr redeunf\u00e4hig bzw. redeunw\u00fcrdig\u00a0 erkl\u00e4rt hat? Diskussion in der Demokratie funktioniert so nicht.<br \/>\n.<br \/>\nMag sein, da\u00df sich Bundespr\u00e4sident Steinmeier z.B. mit seiner Werbung f\u00fcr die linke undeutsche Band &#8222;Feine Sahne Fischfilet&#8220; in <a title=\"Chemnitz-Messermord26-08-2018\" href=\"https:\/\/www.freiburg-schwarzwald.de\/blog\/engagement\/zukunft\/demokratie\/chemnitz-messermord26-08-2018\/\">Chemnitz<\/a> im Anspruch nach &#8222;Parteiunabh\u00e4ngig des Staatsoberhauptes&#8220; (Pr\u00e4sident f\u00fcr ALLE Deutschen) vergriffen hat, aber seine Weihnachtsansprache bietet ein doch starkes Signal zur Auss\u00f6hnung der gespaltenen Nation. Ich hatte das Gef\u00fchl, dass sich Steinmeier selbst in die Aufforderung zum Reden statt Spalten mit einschlo\u00df.<br \/>\n.<br \/>\nZur Erinnerung: Das ZDF als Teil des \u00f6ffentlich-rechtlichen Rundfunks wird von den steuerzahlenden B\u00fcrgern \u00fcber die GEZ zwangsweise finanziert. Da darf man eine objektive Berichterstattung erwarten mit einer strengen Trennung von Fakten (Nachricht) und Meinung (Kommentar) anstelle von solch plattem\u00a0<a title=\"Bevormundung\" href=\"https:\/\/www.freiburg-schwarzwald.de\/blog\/engagement\/zukunft\/demokratie\/bevormundung\/\">erzieherischen<\/a>\u00a0<a title=\"Nudging\" href=\"https:\/\/www.freiburg-schwarzwald.de\/blog\/engagement\/zukunft\/demokratie\/nudging\/\">Nudging<\/a>, in dem Nachricht (Steinmeier&#8217;s Redetext (1) und (3)) und Kommentar (Bashing des ZDF (2)) zu einem Narrativ gemischt werden, das dem Anliegen von Steinmeier nach Miteinander, Vers\u00f6hnung und Diskussion\u00a0zuwiderl\u00e4uft.<br \/>\n25.12.2018<br \/>\n.<br \/>\n.<br \/>\n<strong>Steinmeier: Wir m\u00fcssen wieder lernen, zu streiten<\/strong><br \/>\n\u201eDas ist das Sch\u00f6ne und das Anstrengende an der Demokratie zugleich. Wir m\u00fcssen wieder lernen, zu streiten, ohne Schaum vorm Mund, und lernen, unsere Unterschiede auszuhalten. Wer Streit hat, kann sich auch wieder zusammenraufen. Das kennen wir von Weihnachten mit der Familie. Aber wer gar nicht spricht und erst recht nicht zuh\u00f6rt, kommt L\u00f6sungen kein St\u00fcck n\u00e4her. Sprachlosigkeit hei\u00dft Stillstand.\u201c<br \/>\nLesen Sie die komplette Wihnachtsansprache 2018 von Frank-Walter Steinmeier hier:<br \/>\n<a href=\"https:\/\/www.bundespraesident.de\/SharedDocs\/Reden\/DE\/Frank-Walter-Steinmeier\/Reden\/2018\/12\/181225-Weihnachtsansprache-2018.html\">https:\/\/www.bundespraesident.de\/SharedDocs\/Reden\/DE\/Frank-Walter-Steinmeier\/Reden\/2018\/12\/181225-Weihnachtsansprache-2018.html<\/a><br \/>\n&#8230;<br \/>\n<strong>Gespr\u00e4chsverweigerer Steinmeier bittet seine B\u00fcrger ums Gespr\u00e4ch<\/strong><br \/>\nDer Pr\u00e4sident als erster Gespr\u00e4chsverweigerer im Lande bittet uns, den Versuch zu unternehmen, an Weihnachten jene Debatten unterm Tannenbau zu f\u00fchren, den seinesgleichen seit Jahren verweigert? Es klingt nach Rechthaberei unterm Tannenbaum. &#8230;<br \/>\nSteinmeier outet sich hier erneut als politisches Leichtgewicht, wenn er als Resultat der Gespr\u00e4chsverweigerung der Menschen untereinander ausgerechnet erkl\u00e4rt:<em> \u201eWas passiert, wenn Gesellschaften auseinanderdriften, wenn eine Seite mit der anderen kaum noch reden kann, ohne dass die Fetzen fliegen \u2013 das sehen wir in der Welt um uns herum. Wir haben brennende Barrikaden in Paris erlebt.\u201c<\/em> Was f\u00fcr eine Denkverweigerung, denn <a title=\"Gelbwesten\" href=\"https:\/\/www.freiburg-schwarzwald.de\/blog\/global\/eu\/gelbwesten\/\">hier wie in Paris<\/a> geht es nicht um einen un\u00fcberwindbaren Dissens \u00fcber den Gartenzaun hinweg, der Dissens , der gro\u00dfe Graben verl\u00e4uft zwischen den Leuten und jenen, die sie regieren, zwischen den B\u00fcrgern und einer politischen Kaste, der hier Steinmeier in seiner Weihnachtsansprache erneut auf entlarvende Weise eine Stimme gegeben hat.<br \/>\n<em>\u201eAuch bei uns im Land gibt es Ungewissheit, gibt es \u00c4ngste, gibt es Wut.\u201c<\/em> Ach was, aber was hindert den Bundespr\u00e4sidenten daran, die Ursachen einmal ungeschminkt zu benennen? Was auf den Stra\u00dfen und in den \u00c4mtern <a title=\"Staatsversagen\" href=\"https:\/\/www.freiburg-schwarzwald.de\/blog\/engagement\/zukunft\/demokratie\/staatsversagen\/\">passiert<\/a>, ist doch l\u00e4ngst bekannt!<br \/>\nDer Pr\u00e4sident als erster Gespr\u00e4chsverweigerer im Lande, bittet uns das Gespr\u00e4ch nicht l\u00e4nger zu verweigern. Wir sollen ausgerechnet an Weihnachten die Kartoffeln aus dem Feuer holen? Der Bundespr\u00e4sident erdreistet sich allen Ernstes uns zu bitten, den Versuch zu unternehmen, an Weihnachten jene Debatten unterm Tannenbaum zu f\u00fchren, den seinesgleichen uns seit Jahren verweigert? Sein Wunsch: \u201eUnd vielleicht ist all das auch ein Thema bei Ihnen heute Abend zuhause.\u201c<br \/>\n&#8230;. Alles vom 25.12.2018 von Alexander Wallasch bitte lesen auf<br \/>\n<a href=\"https:\/\/www.tichyseinblick.de\/kolumnen\/alexander-wallasch-heute\/die-qual-zum-fest-weihnachtsansprache-von-frank-walter-steinmeier\/\">https:\/\/www.tichyseinblick.de\/kolumnen\/alexander-wallasch-heute\/die-qual-zum-fest-weihnachtsansprache-von-frank-walter-steinmeier\/<\/a><br \/>\n.<br \/>\n<strong>Nur noch Schweigen der B\u00fcrger &#8230;<\/strong><br \/>\nHat man vor 1 oder 2 Jahren noch diskutiert und gestritten, ist diese Streitkultur in zunehmendem Ma\u00dfe dem Schweigen gewichen. Man geht den politischen Themen aus dem Weg, umso mehr, wenn man die Einstellung der anderen Person kennt. Weil es sinnlos geworden ist, weil man m\u00fcde geworden ist, weil man nur noch w\u00fctend ist, weil man dennoch resigniert aufgibt, dem Gegen\u00fcber zu erkl\u00e4ren, was Sache ist. Die Fronten sind so verh\u00e4rtet, dass man lieber schweigt anstatt zu reden. Aber auch unter Gleichgesinnten wird es ruhiger, man wird einfach nur noch sprachlos. Das ist kein gutes Omen,\u00a0&#8230;<br \/>\nW\u00e4hrend der Gespr\u00e4chsverweigerer und Linksradikalenunterst\u00fctzer Steinmeier davon redet, dass man wieder mehr miteinander streiten und mit Andersdenkenden reden solle, geben Parteimitglieder der SPD Anleitungen heraus, wie man den kritischen Diskurs mit Andersdenkenden ideologisch hin- und abbiegt und nicht auf die Wortwahl und Argumente Andersdenkender eingeht. Das nennt man Heuchelei! Diese Mann ist einer der Unw\u00fcrdigsten, die das Amt des BuPr\u00e4 je bekleidet haben. Parteig\u00e4nger durch und durch, seine vom Amt gebotene Neutralit\u00e4tspflicht mit F\u00fc\u00dfen tretend, SPD-Politik aus seiner Position heraus propagierend und unterst\u00fctzend, linksradikale Rockbands (Feine Sahne Fischfilet in Chemnitz) trotz menschen- und frauenverachtender Texte lobhudelnd uvam. \u2013 dieser Mann Steinmeier ist eine Schande f\u00fcr unser Land und f\u00fcr sein Amt!<br \/>\n&#8230;<br \/>\nEin nicht vom Volk gew\u00e4hlter \u201ePr\u00e4sident\u201c erkl\u00e4rt uns die Welt, Moral, Wahrheit, aber es hat nicht geklappt. Ihre Rede, Herr \u201eBundespr\u00e4sident\u201c, wurde als das entlarvt was es ist: als orwellisch getarnte Gehirnw\u00e4sche unter Mi\u00dfbrauch der christlichen Fests.<br \/>\n25.12.2018, Gerro Medicus, TO<br \/>\n.<br \/>\nHerr Wallasch, herzlichen Dank f\u00fcr Ihre ausgezeichnete Replik auf Frank-Walter Steinmeier und seine vollst\u00e4ndige Entlarvung. So lange sich Frank-Walter Steinmeier nicht \u00f6ffentlich bei <a title=\"Maa\u00dfen: Abschiedsrede am BfV\" href=\"https:\/\/www.freiburg-schwarzwald.de\/blog\/maassen-abschiedsrede-am-bfv\/\">Georg Maa\u00dfen<\/a> f\u00fcr das ihm angetane Unrecht entschuldigt und diesen auch vollst\u00e4ndig rehabilitiert, ist Frank-Walter Steinmeier nicht einmal meiner Kritik w\u00fcrdig<br \/>\n\u2026<br \/>\nSie haben absolut recht. Siehe im offiziellen Parteiblatt: \u201eIm Kampf gegen rechts braucht die SPD auch die Antifa\u201c <a href=\"https:\/\/www.vorwaerts.de\/artikel\/Kampf-gegen-rechts-braucht-SPD-Antifa\">https:\/\/www.vorwaerts.de\/artikel\/Kampf-gegen-rechts-braucht-SPD-Antifa<\/a>. Abgesondert von der Autor*in Angela Marquardt, der Gesch\u00e4ftsf\u00fchrerin der Denkfabrik der SPD \u2026<br \/>\n25.12.2018, B.<br \/>\n.<br \/>\n<strong>Miteinander reden<\/strong><br \/>\nWieder miteinander reden. Sch\u00f6n gesagt, Herr Pr\u00e4sident. Wir wissen, was Sie meinen. Die Leute da drau\u00dfen, die hellen, erleuchteten sollen denen im dunklen Land, jenen unterbelichteten und renitenten, noch besser erkl\u00e4ren, wie sich dieses Land zu ver\u00e4ndern hat. Nach g\u00f6ttlichem Plan. Wir haben schon verstanden, Herr Pr\u00e4sident.<br \/>\n&#8230;<br \/>\nSteinmeiers Rede wurde wohl von Feine Sahne Fischfilet (siehe <a title=\"Chemnitz: Hetzjagd war L\u00fcge\" href=\"https:\/\/www.freiburg-schwarzwald.de\/blog\/chemnitz-hetzjagd-war-luege\/\">Chemnitz<\/a>) getextet und bekam dann nur noch etwa pr\u00e4sidialen Feinschliff im Sprachstil. Wie die Waschweiber fabuliert er \u00fcber die mutma\u00dfliche \u201eganz besonderen\u201c Verwandten der B\u00fcrger. Was kommt dann nach der Empfehlung an die Bev\u00f6lkerung, (zu falschen Haltungen und Meinungen) nicht zu schweigen?<br \/>\n25.12.2018, G.Kr,<\/p>\n<p>.<br \/>\n<strong>Steinmeier beklagt &#8222;vergiftet&#8220; &#8211; das gilt auch f\u00fcr SPD-MdB Claudia Molla<\/strong><br \/>\n<em>\u00bb &#8230; da wird gegiftet, da ist L\u00e4rm und t\u00e4gliche Emp\u00f6rung. Wir m\u00fcssen wieder lernen zu streiten ohne Schaum vorm Mund, und lernen, unsere Unterschiede auszuhalten &#8230;\u00ab<\/em><br \/>\nSoll der Bundespr\u00e4sident doch mal den Schaum vom Mund seiner SPD-Genossin Claudia Moll abputzen, die in der Bundestagsdebatte \u00fcber einen AfD-Antrag gegen den Migrationspakt giftete wie ein Fischweib und den politischen Gegnern justiziable Beleidigungen androhte. Die SPD pr\u00e4sentiert die einmin\u00fctige Szene selbst als Video auf ihrem Twitterkanal.<br \/>\n\u00bb<em>Zum fremdsch\u00e4men\u00ab<\/em> keift Claudia Moll in Richtung AfD und nennt deren Antrag einen<br \/>\n<em>\u00bbL\u00fcgenantrag\u00ab<\/em>, mit dem der Bundestag<br \/>\n<em>\u00bbZeit verschwenden\u00ab m\u00fcsse &#8211;<\/em><br \/>\nso Moll, ohne ein einziges Argument gegen den AfD-Antrag anf\u00fchren zu k\u00f6nnen. Ob Steinmeier diese Art von Debattenkultur meint, wenn er in seiner salbungsvollen Weihnachtsansprache sagt:<br \/>\n<em>\u00bbIch finde: Wie gut, dass wir diskutieren; wie gut, dass wir miteinander reden! Wenn ich mir f\u00fcr unser Land eins w\u00fcnschen darf, dann: mehr davon!\u00ab<\/em><br \/>\n30.12.2018, Limes<\/p>\n","protected":false},"excerpt":{"rendered":"<p>Seit der Grenz\u00f6ffnung Budapest 9\/2015 wird Kritik und Opposition von Politik. NGO&#8217;s wie auch Medien sofort mit dem &#8222;Kampf gegen Rechts&#8220;\u00a0erstickt, nicht aber diskutiert. Unsere Diskussionskultur ist\u00a0 leider tot. Da kommt Frank-Walter Steinmeier&#8217;s ausgezeichnete Weihnachtsansprache mit der Aufforderung zum &#8222;Miteinander &hellip; <a href=\"https:\/\/www.freiburg-schwarzwald.de\/blog\/steinmeier-miteinander-reden\/\">Weiterlesen <span class=\"meta-nav\">&rarr;<\/span><\/a><\/p>\n","protected":false},"author":2,"featured_media":0,"comment_status":"open","ping_status":"closed","sticky":false,"template":"","format":"standard","meta":{"footnotes":""},"categories":[18,181,13,80,171],"tags":[633,94,492,301,626,545,438],"class_list":["post-69826","post","type-post","status-publish","format-standard","hentry","category-bildung","category-buergerbeteiligung","category-kultur","category-medien","category-verbraucher","tag-demokratie","tag-gemeinnuetzig","tag-korrupt","tag-culture","tag-partei","tag-www","tag-zeitung"],"_links":{"self":[{"href":"https:\/\/www.freiburg-schwarzwald.de\/blog\/wp-json\/wp\/v2\/posts\/69826","targetHints":{"allow":["GET"]}}],"collection":[{"href":"https:\/\/www.freiburg-schwarzwald.de\/blog\/wp-json\/wp\/v2\/posts"}],"about":[{"href":"https:\/\/www.freiburg-schwarzwald.de\/blog\/wp-json\/wp\/v2\/types\/post"}],"author":[{"embeddable":true,"href":"https:\/\/www.freiburg-schwarzwald.de\/blog\/wp-json\/wp\/v2\/users\/2"}],"replies":[{"embeddable":true,"href":"https:\/\/www.freiburg-schwarzwald.de\/blog\/wp-json\/wp\/v2\/comments?post=69826"}],"version-history":[{"count":0,"href":"https:\/\/www.freiburg-schwarzwald.de\/blog\/wp-json\/wp\/v2\/posts\/69826\/revisions"}],"wp:attachment":[{"href":"https:\/\/www.freiburg-schwarzwald.de\/blog\/wp-json\/wp\/v2\/media?parent=69826"}],"wp:term":[{"taxonomy":"category","embeddable":true,"href":"https:\/\/www.freiburg-schwarzwald.de\/blog\/wp-json\/wp\/v2\/categories?post=69826"},{"taxonomy":"post_tag","embeddable":true,"href":"https:\/\/www.freiburg-schwarzwald.de\/blog\/wp-json\/wp\/v2\/tags?post=69826"}],"curies":[{"name":"wp","href":"https:\/\/api.w.org\/{rel}","templated":true}]}}