{"id":69716,"date":"2018-12-23T14:23:59","date_gmt":"2018-12-23T13:23:59","guid":{"rendered":"https:\/\/www.freiburg-schwarzwald.de\/blog\/?p=69716"},"modified":"2018-12-24T16:45:10","modified_gmt":"2018-12-24T15:45:10","slug":"sippenhaft-waldorf-schulkind","status":"publish","type":"post","link":"https:\/\/www.freiburg-schwarzwald.de\/blog\/sippenhaft-waldorf-schulkind\/","title":{"rendered":"Sippenhaft &#8211; Waldorf-Schulkind"},"content":{"rendered":"<p>Eine <a title=\"Privatschulen\" href=\"https:\/\/www.freiburg-schwarzwald.de\/blog\/bildung\/schulen\/privatschulen\/\">Waldorfschule<\/a> lehnt ein <a title=\"Kinder\" href=\"https:\/\/www.freiburg-schwarzwald.de\/blog\/selbsthilfe\/kinder\/\">Kind<\/a> ab, weil sein Vater f\u00fcr die <a title=\"AfD: Abgrenzung zu Neo-Nazis\" href=\"https:\/\/www.freiburg-schwarzwald.de\/blog\/afd-abgrenzung-zu-neo-nazis\/\">AfD<\/a> im <a title=\"Berlin\" href=\"https:\/\/www.freiburg-schwarzwald.de\/blog\/global\/deutschland\/berlin\/\">Berliner<\/a> Abgeordnetenhaus sitzt. Drei Probleme: 1) Dem <a title=\"Praegung\" href=\"https:\/\/www.freiburg-schwarzwald.de\/blog\/selbsthilfe\/kinder\/praegung\/\">Kind<\/a> die Haltung der <a title=\"Familie\" href=\"https:\/\/www.freiburg-schwarzwald.de\/blog\/selbsthilfe\/familie\/\">Eltern<\/a> zuschreiben und es somit in <a title=\"Diffamierung\" href=\"https:\/\/www.freiburg-schwarzwald.de\/blog\/kultur\/medien\/diffamierung\/\">Sippenhaft<\/a> nehmen. 2) Mitglieder einer <a title=\"Rechtsstaat\" href=\"https:\/\/www.freiburg-schwarzwald.de\/blog\/selbsthilfe\/soziales\/justiz\/rechtsstaat\/\">rechtsstaatlich<\/a> <a title=\"Demokratie\" href=\"https:\/\/www.freiburg-schwarzwald.de\/blog\/engagement\/zukunft\/demokratie\/\">legalen<\/a> Partei diskriminieren. 3) <a title=\"Privatschulen in FR im Aufwind\" href=\"https:\/\/www.freiburg-schwarzwald.de\/blog\/privatschulen-in-fr-im-aufwind\/\">Waldorfschule<\/a> hinterfragen: Aus der Gr\u00fcndung des <a title=\"Rassismus\" href=\"https:\/\/www.freiburg-schwarzwald.de\/blog\/engagement\/rassismus\/\">Rassisten<\/a> Rudolf Steiner wird eine <a title=\"In welche Schule geht Ihr Kind?\" href=\"https:\/\/www.freiburg-schwarzwald.de\/blog\/in-welche-schule-geht-ihr-kind\/\">Privatschule f\u00fcrs linksgr\u00fcne Estabishment<\/a>.<br \/>\n<!--more-->.<br \/>\n1) Das Kind ging in eine Walddorf-<a title=\"Kindergarten\" href=\"https:\/\/www.freiburg-schwarzwald.de\/blog\/bildung\/kindergarten\/\">Kita<\/a> und sollte nun nach dem Wunsch der Eltern in eine weiterf\u00fchrende Waldorf-Grundschule wechseln.<em> \u201eIch vertraue darauf, dass der Vorstand der Waldorfschule daf\u00fcr Sorge tr\u00e4gt, dass meine Kinder die <a title=\"Bildung\" href=\"https:\/\/www.freiburg-schwarzwald.de\/blog\/bildung\/\">gleiche Chance<\/a> erhalten, auf die Waldorf-Schule zu wechseln wie andere Waldorf-Kindergartenkinder auch\u201c<\/em>, sagte der AfD-Abgeordnete der Berliner Zeitung.<\/p>\n<p>2) Die AfD ist als legale <a title=\"Demokratische Parteien\" href=\"https:\/\/www.freiburg-schwarzwald.de\/blog\/demokratische-parteien\/\">demokratische Partei<\/a> in den Parlamenten aller Bundesl\u00e4nder wie auch im Deutschen Bundestag vertreten. Dennoch lehnte die Schule ab, nachdem sich der Vater einer Art Kreuzverh\u00f6r vor zwanzig Waldorf-Lehrern hatte stellen m\u00fcssen. Die Begr\u00fcndung des Gesch\u00e4ftsf\u00fchrers des Tr\u00e4gervereins: <em>\u201eUm eine einvernehmliche L\u00f6sung des Konfliktes wurde gerungen \u2013 sie konnte aber nicht erreicht werden. Angesichts dieses Konfliktes sehe die Schule keine M\u00f6glichkeit, das Kind mit der n\u00f6tigen Unvoreingenommenheit und Unbefangenheit aufzunehmen&#8220;<\/em> &#8211; so der Gesch\u00e4ftsf\u00fchrer des Schultr\u00e4gers. Diese Begr\u00fcndung hat es in sich &#8211; bitte mehrmals langsam lesen.<\/p>\n<p>3) Dass der Gr\u00fcnder der anthroposophischen Waldorfschulbewegung ein Rassist war (der &#8222;Neger&#8220; mit Mittelhirn&#8220;), ist nichts Neues. Gleichwohl hat sich ie Schulbewegung seit 1920 zu einem anerkannten und, modernen Privatschultyp (Anthroposophie,\u00a0Erziehung zu Individualismus, Freiheit) entwickelt.<br \/>\n21.12.2018<\/p>\n<p><strong>Berliner Waldorfschule lehnt Kind eines AfD-Abgeordneten ab<\/strong><br \/>\nDer Pr\u00e4sident des Deutschen Lehrerverbandes (DL), Heinz-Peter Meidinger h\u00e4lt fest, dass die betreffende Schule hier ganz klar ihre Grenzen \u00fcberschreite und ihren Bildungsauftrag verletze. Dass sich der Vater einer Art Kreuzverh\u00f6r vor zwanzig Lehrern habe stellen m\u00fcssen, ist f\u00fcr Meidinger die Vorstufe zur Gesinnungspolizei.<br \/>\n&#8230; Meidinger lehnt auch mit aller Entschiedenheit die \u201eSchn\u00fcffel-Fibel\u201c der Amadeu-Antonio-Stiftung mit dem Titel \u201eEne, mene, muh \u2013 und raus bist du! Ungleichwertigkeit und fr\u00fchkindliche Erziehung\u201c als \u201eGesinnungsradar\u201c ab. Darin bekommen Kita-Erzieher Anleitungen, die Gesinnung der Eltern quasi zu \u201eerschn\u00fcffeln\u201c.<br \/>\n&#8230;<br \/>\nApropos \u201eWaldorf\u201c: Der S\u00e4ulenheilige dieser Schulen ist der Anthroposoph Rudolf Steiner (1861 \u2013 1925). Viele Waldorfschulen weltweit sind nach ihm benannt, sie gelten in bestimmten, gutsituierten Kreisen als das Nonplusultra angeblich kindgem\u00e4\u00dfer Erziehung. Was die Fans dieser Art von P\u00e4dagogik aber nicht wissen oder gerne vergessen: Rudolf Steiner war ein Hardcore-Rassist, w\u00fcrde man heute sagen. Mitte der 1990er Jahre wurde dies l\u00e4ngst aufgedeckt und am Steiner-Denkmal gekratzt. Steiner katalogisierte n\u00e4mlich die Rassen in Schwarze mit \u201eHinterhirn\u201c und \u201eTriebleben\u201c, in Gelbe mit \u201eMittelhirn\u201c und \u201eGef\u00fchlsleben\u201c und in Wei\u00dfe mit \u201eVorderhirn\u201c und \u201eDenkleben\u201c. W\u00f6rtlich: \u201eDiese Schwarzen in Afrika haben die Eigent\u00fcmlichkeit, dass sie alles Licht und alle W\u00e4rme vom Weltenraum aufsaugen \u2026 Dadurch, dass er das tut, wirken \u00fcber den ganzen Menschen hin die Kr\u00e4fte des Weltenalls \u2026 Der Neger hat also ein starkes Triebleben.\u201c Nach Rudolf Steiner ist die Rassengliederung kosmologisch begr\u00fcndet und von den Atlantis-Mysterienf\u00fchrern ins Werk gesetzt&#8230;<br \/>\n&#8230;. Alles von <a title=\"Forschung ist Zukunft: 17 zu 50\" href=\"https:\/\/www.freiburg-schwarzwald.de\/blog\/forschung-ist-zukunft-17-zu-50\/\">Josef Kraus<\/a> vom 18.12.2018 bitte lesen auf<br \/>\n<a href=\"https:\/\/www.tichyseinblick.de\/kolumnen\/josef-kraus-lernen-und-bildung\/sippenhaft-an-einer-waldorfschule\/\">https:\/\/www.tichyseinblick.de\/kolumnen\/josef-kraus-lernen-und-bildung\/sippenhaft-an-einer-waldorfschule\/<\/a><br \/>\n.<br \/>\n<strong>So erzieht man Untertan<\/strong><br \/>\nDen Ruf, den die Waldorfp\u00e4dagogik bei erkl\u00e4rten Linken genie\u00dft, ist wohl nur mit der Unkenntnis der Erg\u00fcsse des Stifters der Anthroposophie zu erkl\u00e4ren, Zweifellos ist es eine Zumutung, sich durch die fabulierenden Erg\u00fcsse eines Rudolf Steiners zu k\u00e4mpfen. Seine Doktrin geh\u00f6rt in die Traditionslinie \u201eKulturpessimismus als politische Gefahr\u201c (Fritz Stern). Aber es gilt hier wohl der Satz: Was ich nicht wei\u00df, macht mich nicht hei\u00df. Andererseits ist das Niveau in den Erziehungswissenschaften mittlerweile soweit abgesunken, das man eine kritische Auseinandersetzung mit den groteskesten Theoremen der Bildungsgeschichte nicht mehr erwarten kann. Herr Kraus hat eine kleine Bl\u00fctensammlung aus der Abteilung \u201eMenschenkunde\u201c vorgelegt. Die ebenso viel gelobten Thesen zur \u201eDreigliedrigkeit des sozialen K\u00f6rpers\u201c passen exakt in die Tradition faschistischer und autorit\u00e4rer Soziallehren, wie z.B. die des Theoretikers des Austrofaschismus Othmar Spann. Angesichts dieses verdr\u00e4ngten Erbes wirkt das Verhalten der Berliner Antifa-P\u00e4dagogen nur noch peinlich. Vielen Eltern ist gar nicht bewusst, dass sie ihre Kinder einer P\u00e4dagogik mit Weltanschauungscharakter ausliefern, die im Geschichtsunterricht z.B. mit \u201eAtlantis\u201c so souver\u00e4n operiert wie D\u00e4niken mit den Ausserirdischen. Zu dieser Weltanschauung passt das geschilderte Verh\u00f6r wie die Scheiterhaufen zur spanischen Inquisition. So erzieht man Untertanen.<br \/>\n18.12.2018, Zaungast, TO<br \/>\n.<br \/>\n<strong>Zwei Probleme: a) Sippenhaft und b) Angeh\u00f6rige legaler Parteien diskriminieren<\/strong><br \/>\nKommentator Alan Posener (\u201eHut ab vor dieser Waldorfschule!\u201c, Die Welt 18.12.) findet die Sache toll. \u201eDas Recht privater Schulen, Privatschulen zu sein, das hei\u00dft auch, sich ihre Klientel selbst auszusuchen. \u2026 Privatschulen haben ganz eigene Auffassungen auch dar\u00fcber, wer unterrichten darf. \u2026 Wenn n\u00e4mlich mit dem Antidiskriminierungsargument private Kitas und Schulen gezwungen werden k\u00f6nnten, jedes Kind aufzunehmen, ohne R\u00fccksicht auf die Einstellungen der Eltern, w\u00e4re das Konzept der Privatschule erledigt.\u201c Ob wohl auch Kinder von Migranten oder Linksabgeordneten oder Alkoholikern oder EU-Skeptikern von Privatschulen (die mit von unseren Steuergeldern leben und deren Abschl\u00fcsse ja wohl auch staatlicherseits anerkannt werden) abgelehnt werden k\u00f6nnten nach einem umfassenden Eltern-Gespr\u00e4ch? Das Thema ist m. E. schwierig, weil es Diskriminierung den Anstrich von Legalit\u00e4t und Legitimit\u00e4t verleiht. Das Ganze hat ja zwei Aspekte: Es geht 1. um Sippenhaft (dem Kind wird die Haltung der Eltern zugeschrieben), es geht 2. ebenso darum, ob man Menschen diskriminieren darf, die legal in Parlamenten sitzen oder Mitglied in einer nicht verbotenen Partei sind. Das Prinzip weitergedacht, k\u00f6nnten auch B\u00e4cker oder Nagelstudios oder Diskotheken sich weigern, Personen mit bestimmter parteipolitischer Pr\u00e4ferenz zu bedienen ( und die w\u00e4ren nicht mal staatlich gef\u00f6rdert). Das w\u00fcrde aber nicht so gut ankommen.<br \/>\n18.12.2018, HP,TO<\/p>\n<p><strong>Der neue linke Faschismus?<\/strong><br \/>\n\u201eDer neue Faschismus wird nicht sagen: Ich bin der Faschismus. Er wird sagen: Ich bin der Antifaschismus.\u201c (Ignazio Silone) Und das sagte ein Mann, der als Mitglied der Kommunistischen Partei Italiens in der Komintern in den 20ern die Entstehung des Stalinismus als Insider miterlebte. &#8230;<br \/>\nOrtega y Gasset schrieb im \u201eAufstand der Massen\u201c vor ca. 100 Jahren sinngem\u00e4\u00df \u201e\u2026anders sein ist unanst\u00e4ndig, wer nicht wie alle ist, nicht wie alle denkt, der wird (mindestens) ausgegrenzt=exkommuniziert \u2026 oder exterminiert \u2026\u201c, eine Eigenheit der s\u00e4kularen \u201eAufkl\u00e4rer\u201c, die mangels Glauben an den einen Gott an jeden Unsinn glauben, insbesondere den \u201ewissenschaftlichen\u201c, wie Rassenkunde, Eugenik, man made climate change und gender \u201escience\u201c \u2026<br \/>\n18.12.2018, A.J. Mazurek, TO<\/p>\n<p><strong>Hardcore?<\/strong><br \/>\n\u201eRudolf Steiner war ein Hardcore-Rassist, w\u00fcrde man heute sagen.\u201c Viele der Gutsituierten, die ihre Kinder auf Waldorfschulen, schicken sind auch Hardcore-Rassisten und zwar in Form von Autorassisten gegen das eigene Volk.<br \/>\n18.12.2018, StefanB,<\/p>\n<p><strong>Nobelpreistr\u00e4ger vom Waldorf-Gymnasium!<\/strong><br \/>\nZu der von einigen Lesern ge\u00e4u\u00dferten Meinung, Waldorfsch\u00fcler w\u00e4ren minderbemittelt und lebensunf\u00e4hig, folgende Erg\u00e4nzung: Der vorl\u00e4ufig letzte deutsche Nobelpreis in einer wissenschaftlichen Disziplin ging 2013 an Thomas S\u00fcdhof, 13 Jahre Waldorfschule Hannover, Abitur dort 1975.<br \/>\nWaldorfschule verriet ihre eigenen Grunds\u00e4tze<br \/>\nZu der vom Autor ge\u00e4u\u00dferten Meinung, Steiners Lehre sei \u201erassistisch\u201c, ein Zitat von Rudolf Steiner: \u201eDer Unterschied in Bezug auf Rassen wird in der Zukunft aufh\u00f6ren, je mehr das individuelle Element die Oberhand gewinnt.\u201c Nicht zuletzt wegen dieser freiheitlichen Sichtweise wurden die Waldorfschulen im Dritten Reich verboten. Obergruppenf\u00fchrer Reinhard Heydrich erkannte richtig: \u201eDie auf der P\u00e4dagogik des Gr\u00fcnders Steiner aufgebauten und in den heute noch bestehenden anthroposophischen Schulen angewandten Unterrichtsmethoden verfolgen eine individualistische, nach dem Einzelmenschen ausgerichtete Erziehung, die nichts mit den nationalsozialistischen Erziehungsgrunds\u00e4tzen gemein hat\u201c.<br \/>\nDaraus wird auch ersichtlich, dass das Lehrer-Kollegium mit der Entscheidung gegen die Einschulung eines Kindes aufgrund der politischen Position der Eltern, seine eigenen Grunds\u00e4tze verr\u00e4t. Nicht die Blutsbindung, sondern die Pers\u00f6nlichkeit des Kindes sollte im Vordergrund stehen.<br \/>\n18.12.2018, David Leukert, TO<\/p>\n<p><strong>&#8222;Am deutschen Wesen soll die Welt genesen\u201c<\/strong><br \/>\nDas wirklich Schlimme ist, dass diese Linken sich tats\u00e4chlich als wahre Demokraten und Freiheitsliebende d\u00fcnken. Sie merken \u00fcberhaupt nicht, dass sie in den Fu\u00dfstapfen der Nazis treten, die ausgrenzten, sp\u00e4ter t\u00f6teten. Wenn Linke l\u00e4ngst denunzieren, Fenster mit Parolen zuschmieren, wie dem M\u00fcnchner Wirt, auffordern, woanders zu trinken und zu essen, wenn Linke in Kinderg\u00e4rten schon zur Denunziation auffordern, nicht bez. Gesetzeswidrigkeiten oder gar Verbrechen, sondern bez\u00fcglich der freien Meinung, die f\u00fcr sie des Teufels ist, wenn sie gegen das Grundgesetz handeln, eben auch zum Verbrechen der Denunziation auffordern, dann haben wir schon den Anfang eines neuen Faschismus, inkl. \u201eam deutschen Wesen soll die Welt genesen\u201c, bereits hinter uns. Dann fragt man sich nur, wie weit dieses Sauspiel noch gehen kann, bis es zum b\u00f6sen Crash kommt. Die Autoindustrie macht bereits Anstalten, zu emigrieren, s. Investitionen in den USA (f\u00fcr Export) und China im Vergleich zu Investitionen in D. Weitere Industriefirmen wandern ebenfalls peu \u00e0 peu aus. Ein Mischvolk von wenig Gebildeten, Deindustrialisierten bleibt \u00fcbrig. Hach, was werden sich die Gr\u00fcn-Linken freuen, dass dieses erfolgreiche Volk verschwunden ist.<br \/>\n8.12.2018, BfWied, TO<br \/>\n.<br \/>\n<strong>Gesinnungsgepr\u00fcfte Lehrer<\/strong><br \/>\n20 Lehrer dieser Schule, gesinnungsgepr\u00fcft und stramm regimetreu, spielen sich selbstgerecht als Richter \u00fcber selbstgemachtes Recht auf. Und klopfen sich auch noch gegenseitig ausdauernd die Schulter daf\u00fcr. Ich mag gar nicht daran denken, welchen katastrophalen Einfluss die auf die anderen Kinder dieser Schule aus\u00fcben, die sie grossz\u00fcgigerweise aufgenommen haben.<br \/>\n18.12.2018, Knipser, TO<\/p>\n<p>Das Vorgehen dieser Berliner Waldorfschule gegen\u00fcber dem AfD\u2013 Politiker ist skandal\u00f6s, unertr\u00e4glich und geh\u00f6rt von staatlichen Instanzen gema\u00dfregelt. Berlins Schulsenatorin (SPD) m\u00fcsste dagegen hart durchgreifen, das tut sie aber nicht!<\/p>\n<p><strong>Tip: Schule mit christlichem Tr\u00e4ger<\/strong><br \/>\nDer AfD\u2013 Abgeordnete und Vater des Kindes sollte es als ein \u201eZeichen von oben\u201c ansehen und froh sein, dass sein Kind aus dieser esoterisch ausgerichteten Waldorfschule herauskommt. Schickt er sein Kind in eine \u201enormale\u201c staatliche Schule, sind gerade in Berlin evtl. Probleme bei der kulturellen Durchmischung zu erwarten, au\u00dferdem w\u00fcrde es gendergem\u00e4\u00df indoktriniert werden. Daher w\u00fcrde ich empfehlen, das Kind in eine Schule mit christlichem Tr\u00e4ger zu schicken, falls es f\u00fcr die betreffende Familie finanziell tragbar ist und es eine christl. Schule in erreichbarer N\u00e4he gibt. Die christl. Konfession w\u00fcrde ich als zweitrangig betrachten.<br \/>\nInsbesondere den gr\u00fcn\u2013links anh\u00e4ngenden Eltern m\u00fcsste es eigentlich eine Herzensangelegenheit sein, ihren Nachwuchs in die staatlichen Schulen zu schicken (das tun sie aber zumeist nicht), damit sie durch \u201emultikulti\u201c sowie auf \u201eGender\u201c getrimmt, sp\u00e4ter einmal optimal auf das Leben vorbereitet werden. Die Kinder k\u00f6nnen nat\u00fcrlich nichts daf\u00fcr, welche Weltanschauung, welchen Glauben oder politische Ausrichtung ihre Eltern haben!<br \/>\nDie \u00f6ffentlichen Schulen sollten politisch m\u00f6glichst ideologiefrei sein, eine Erziehung im christlichen Sinne muss nach meiner Ansicht auf jeden Fall in Deutschland grundlegend sein. Ob sich das Schulkind sp\u00e4ter einmal einer Kirche anschlie\u00dfen wird, bleibt ihm nat\u00fcrlich selbst \u00fcberlassen. Eine gemeinsame christliche und ebenso islamische Ausrichtung einer \u00f6ffentlichen Schule ist unm\u00f6glich, weil der Islam gleichzeitig eine Ideologie mit machtpolitischen Anspr\u00fcchen ist. Kreis und Quadrat z.B. sind halt auch stark unterschiedlich, sie werden niemals deckungsgleich werden, daran kann niemand etwas \u00e4ndern.<br \/>\n18.12.2018, H.Gregor, TO<\/p>\n<p><strong>Grotesk<\/strong><br \/>\nWas f\u00fcr ein grotesker Vorgang. Da wird ein \u201erechter\u201c AFDler vorgef\u00fchrt, von einem Kollegium einer Schule, die sich einen \u201erechtsextremen Verschw\u00f6rungstheoretiker\u201c (Schulgr\u00fcnder Steiner) zum Vorbild nimmt.<br \/>\nUnd das dann auch noch, weil die AFD von den Lehrk\u00f6rpern dieses Landes erwartet, die geforderte Neutralit\u00e4t des Lehrerberufes auch in die Tat umzusetzen.<br \/>\n18.12.2018, R.P., TO<\/p>\n<p><strong>Man stelle sich einmal vor<\/strong>,<br \/>\nwelchen Aufstand und Geschrei insbesondere bei den \u00f6.R. es gegeben h\u00e4tte, wenn die Waldorf Schule das Kind eines Moslems nicht aufgenommen h\u00e4tte, von Rassismus bis Nazi w\u00e4re die gesamte Palette der Beschimpfungen \u00fcber die Schule nieder gegangen.<br \/>\n18.12.2018, Eliane, TO<br \/>\n.<br \/>\n<strong>Anthroposophie heute hat mit Steiner nix mehr zu tun?<\/strong><br \/>\nWaldorfsch\u00fcler war ich nicht, aber ich habe 20 Jahre mit Anthroposophen gelebt und mit ihnen gearbeitet (nicht in der P\u00e4dagogik oder mit den \u201eFundamentalisten\u201c in Dornach). Ich habe dabei bedeutende Pers\u00f6nlichkeiten kennengelernt, die im \u00f6ffentlichen Leben und im ganz \u201eweltlichen\u201c universit\u00e4ren Bereich Gro\u00dfes geleistet haben. Als Grundlage der Pers\u00f6nlichkeitsentwicklung halte ich die Anthroposophie besonders in der P\u00e4dagogik f\u00fcr geeignet. Dieser Teilbereich der Steiner\u2019schen \u201ePhilosophie\u201c ist aber nicht identisch mit seinem nie anerkannten Gesamtwerk, das massenhaft Merkw\u00fcrdigkeiten und Ungereimtheiten beinhaltet. Ich selbst bin so nie Anthroposoph geworden. Was etwa die heutige P\u00e4dagogen-Generation aus der A. entnommen und ver\u00e4ndert hat, hat mit Steiner\u2019schen Dogmen kaum mehr etwas zu tun. Sie haben da mit Pragmatismus etwas sehr Eigenes entwickelt.<br \/>\n18.12.2018, Diogenes, TO<br \/>\n.<br \/>\n<strong>Es gibt bessere als Waldorfschulen<\/strong><br \/>\nDas entspricht auch dem, was ich so geh\u00f6rt habe. Waldorfschulen sind f\u00fcr Kinder reicher Eltern geeignet (darunter immer mehr Gr\u00fcne), die dort ein Musikinstrument zu spielen lernen, ihren sonstigen Freizeitbet\u00e4tigungen nachgehen k\u00f6nnen und sp\u00e4ter das Gesch\u00e4ft, Kanzlei oder den Betrieb der Eltern \u00fcbernehmen, sich nicht erst durch Leistung durchsetzen m\u00fcssen. Wer seinen Kindern Gutes tuen will und es sich leisten kann, sollte diese zwar von den staatlichen Schulen fernhalten, aber f\u00fcr eine Vorbereitung auf das wirkliche Leben gibt es geeignetere Privatschulen. Und au\u00dferdem ist die beschriebene Unversch\u00e4mtheit allein schon ein Grund. die Waldorfschule zu meiden.<br \/>\n18.12.2018, Schwarzseher, TO<br \/>\n.<br \/>\n<strong>Unsere Gesinnungsdiktatur<\/strong><br \/>\nT\u00e4glich pl\u00e4rren die Altparteien mir damit die Ohren voll, dass wir im \u201eErsten freiheitlich-demokratischen Rechtsstaat auf deutschem Boden\u201c leben. Aber ich muss leider feststellen, dass sich dieses Land mehr und mehr in eine ganz \u00fcble Gesinnungsdiktatur verwandelt hat, das eindeutig mehr und mehr \u00c4hnlichkeiten mit dem System vergangener Zeit aufweist, welches sie angeblich so sehr bek\u00e4mpfen. Die ganzen \u00fcblen Methoden, die auch in diesem geschilderten Fall zutage treten, lassen diese \u00c4hnlichkeiten erkennen. Wer sich heutzutage f\u00fcr einen Job bewirbt und zu erkennen gibt, dass er mit der Opposition sympathisiert (AfD), bekommt garantiert keine Anstellung und diejenigen, die einen Job haben und sich regimekritisch \u00e4u\u00dfern, m\u00fcssen schon mit dem Arbeitsplatzverlust rechnen. Und die Antifa, sinnigerweise von der Regierung unterst\u00fctzt, ist schlie\u00dflich nichts anderes, als eine systemtreue Schl\u00e4gerbande und \u00e4hnelt sehr einer Organisation vergangener Zeiten. Und \u00fcber die Zust\u00e4nde im Parlament \u00e4u\u00dfert man sich besser nicht.<br \/>\n18.12.2018, Alt-Badener, TO<br \/>\n.<br \/>\n<strong>Die emp\u00f6rend-menschenverachtende Entscheidung<\/strong>,<br \/>\nein Kind von einer Schule auszuschlie\u00dfen aufgrund der politischen \u00dcberzeugung seines Vaters (die voll auf dem Boden der freiheitlich-demokratischen Grundordnung steht und die er mit immer mehr Leuten in diesem Land teilt, mindestens aber mit ca. 13%) belegt einmal mehr wie sehr Kinder zum Spielball in diesem ideologisierten Schulsystem geworden sind. Hier werden die Menschenrechte dieses Kindes in fundamentaler Weise verletzt.<br \/>\n&#8230;<br \/>\nEin guter, erhellender Beitrag. Nur in einem Punkt gehe ich nicht konform: Bei ideologisierenden Lehrern, die die Schule als linke Indoktrinationsplattform missbrauchen gen\u00fcgt es nicht, den Dienstweg zu gehen. Denn da die Schulbeh\u00f6rden auf demselben linksgr\u00fcnen Trip sind wird das Ganze dort nur unter den Teppich gekehrt. Der Schule als Multiplikator kommt aber eine gesellschaftliche Schl\u00fcsselfunktion zu. Wir werden unser Land nur retten k\u00f6nnen, wenn man diesen Teufelskreis \u201eIndoktrination Jugendlicher, die diese dann irgendwann weiter geben und damit immer weiter multiplizieren\u201c durchbricht.<br \/>\nInsgesamt kann man sagen: es muss neue politische Mehrheiten und dann eine konsequente Reform des Schulsystems, weg von der Linksverkippung, geben.<br \/>\n18.12.2018, H.C., TO<\/p>\n<p><strong>Sippenhaft: Kind wegen Afd-Abgeordnetem als Vater aus Schule abgewiesen<\/strong><br \/>\n&#8222;Die AfD ist in ihrem Auftreten und ihrer Wortwahl nicht zimperlich. (&#8230;) Das kann aber nicht bedeuten, dass man AfD-Politiker wie Auss\u00e4tzige behandelt. Besonders perfide ist es, wenn deren Familienangeh\u00f6rige in Sippenhaft genommen werden. So geschehen jetzt in Berlin, wo eine Waldorfschule das Kind eines AfD-Abgeordneten zur\u00fcckgewiesen hat.&#8220;<br \/>\n15.12.2018, Passauer Neue Presse&#8220;<\/p>\n<p>&nbsp;<\/p>\n<p><strong>\u00d6ffentliches Erschrecken: Kind von AfD-Abgeordnetem darf nicht auf Waldorfschule<\/strong><br \/>\nDem Kind eines Berliner AfD-Abgeordneten wird die Einschulung in eine Waldorfschule verweigert. F\u00fcr den Erstkl\u00e4\u00dfler ist das besonders schmerzhaft, weil er bereits eine Waldorf-Kita besucht hat und durch den Mehrheitsbeschlu\u00df der Lehrer und Elternvertreter von seinen Spielkameraden getrennt wird. Die Entscheidung kam ohne \u00e4u\u00dferen Druck und basisdemokratisch zustande. Zuf\u00e4llig ist sie trotzdem nicht. Mit ihr wird die Konsequenz aus dem \u201eKampf gegen Rechts\u201c gezogen, den Politik, Medien, Gewerkschaften und Kirchen unabl\u00e4ssig predigen.<br \/>\nIn seiner Erz\u00e4hlung \u201eDie verlorene Ehre der Katharina Blum\u201c l\u00e4\u00dft <em><strong>Heinrich B\u00f6ll<\/strong><\/em> die Zeitung als das Zentralorgan des gesunden Volksempfindens die Frage stellen: \u201eMu\u00df man gegen\u00fcber Unmenschen menschlich bleiben?\u201c Das war vor dem Hintergrund des RAF-Terrors in den 1970er Jahren. <strong><em>Wer heute irgendwie als \u201erechts\u201c gilt, wird zum \u00dcber-Unmenschen stilisiert, der nicht einmal die Schonung seiner Kinder erwarten darf.<\/em><\/strong><br \/>\nDoch in diesem Fall wird ein \u00f6ffentliches Erschrecken laut. Die Berliner Lokalpresse kommentiert den Beschlu\u00df klar ablehnend. Der Vorsitzende des Deutschen Lehrerverbandes hat die Diskriminierung des Kindes \u201eganz unmi\u00dfverst\u00e4ndlich\u201c verurteilt. Sogar die Schulsenatorin im rot-rot-gr\u00fcnen Senat sch\u00e4tzt den Vorgang als \u201e\u00e4u\u00dferst kritisch\u201c ein. Das sind Hoffnungsschimmer. Nicht mehr. Aber immerhin.<br \/>\n21.12.2018, Thorsten Hinz, Junge Freiheit, S. 2<\/p>\n<p>&nbsp;<\/p>\n","protected":false},"excerpt":{"rendered":"<p>Eine Waldorfschule lehnt ein Kind ab, weil sein Vater f\u00fcr die AfD im Berliner Abgeordnetenhaus sitzt. Drei Probleme: 1) Dem Kind die Haltung der Eltern zuschreiben und es somit in Sippenhaft nehmen. 2) Mitglieder einer rechtsstaatlich legalen Partei diskriminieren. 3) &hellip; <a href=\"https:\/\/www.freiburg-schwarzwald.de\/blog\/sippenhaft-waldorf-schulkind\/\">Weiterlesen <span class=\"meta-nav\">&rarr;<\/span><\/a><\/p>\n","protected":false},"author":2,"featured_media":0,"comment_status":"open","ping_status":"closed","sticky":false,"template":"","format":"standard","meta":{"footnotes":""},"categories":[18,36,58,61,93,95,6],"tags":[488,721,363,626,525,585],"class_list":["post-69716","post","type-post","status-publish","format-standard","hentry","category-bildung","category-engagement","category-familie","category-kinder","category-kindergarten","category-schulen","category-vereine","tag-child","tag-kindergarten","tag-lernen","tag-partei","tag-politik","tag-schule"],"_links":{"self":[{"href":"https:\/\/www.freiburg-schwarzwald.de\/blog\/wp-json\/wp\/v2\/posts\/69716","targetHints":{"allow":["GET"]}}],"collection":[{"href":"https:\/\/www.freiburg-schwarzwald.de\/blog\/wp-json\/wp\/v2\/posts"}],"about":[{"href":"https:\/\/www.freiburg-schwarzwald.de\/blog\/wp-json\/wp\/v2\/types\/post"}],"author":[{"embeddable":true,"href":"https:\/\/www.freiburg-schwarzwald.de\/blog\/wp-json\/wp\/v2\/users\/2"}],"replies":[{"embeddable":true,"href":"https:\/\/www.freiburg-schwarzwald.de\/blog\/wp-json\/wp\/v2\/comments?post=69716"}],"version-history":[{"count":0,"href":"https:\/\/www.freiburg-schwarzwald.de\/blog\/wp-json\/wp\/v2\/posts\/69716\/revisions"}],"wp:attachment":[{"href":"https:\/\/www.freiburg-schwarzwald.de\/blog\/wp-json\/wp\/v2\/media?parent=69716"}],"wp:term":[{"taxonomy":"category","embeddable":true,"href":"https:\/\/www.freiburg-schwarzwald.de\/blog\/wp-json\/wp\/v2\/categories?post=69716"},{"taxonomy":"post_tag","embeddable":true,"href":"https:\/\/www.freiburg-schwarzwald.de\/blog\/wp-json\/wp\/v2\/tags?post=69716"}],"curies":[{"name":"wp","href":"https:\/\/api.w.org\/{rel}","templated":true}]}}