{"id":69647,"date":"2018-12-20T14:31:38","date_gmt":"2018-12-20T13:31:38","guid":{"rendered":"https:\/\/www.freiburg-schwarzwald.de\/blog\/?p=69647"},"modified":"2018-12-20T14:31:38","modified_gmt":"2018-12-20T13:31:38","slug":"gcm-pro-diktatur-geburtenrate","status":"publish","type":"post","link":"https:\/\/www.freiburg-schwarzwald.de\/blog\/gcm-pro-diktatur-geburtenrate\/","title":{"rendered":"GCM pro Diktatur Geburtenrate"},"content":{"rendered":"<p>Das Versagen der politischen <a title=\"Eliten\" href=\"https:\/\/www.freiburg-schwarzwald.de\/blog\/engagement\/zukunft\/demokratie\/eliten\/\">Eliten<\/a> und die <a title=\"Afrika-Geburten\" href=\"https:\/\/www.freiburg-schwarzwald.de\/blog\/global\/afrika\/afrika-geburten\/\">Bev\u00f6lkerungsexplosion<\/a> macht immer mehr Staaten <a title=\"Afrika-Exodus\" href=\"https:\/\/www.freiburg-schwarzwald.de\/blog\/global\/afrika\/afrika-exodus\/\">Afrikas<\/a> zu &#8222;Failing States&#8220;, die ihre Bewohner zur <a title=\"Migration-Maenner\" href=\"https:\/\/www.freiburg-schwarzwald.de\/blog\/global\/migration\/migration-maenner\/\">Emigration<\/a> zwingen. GCM (<a title=\"Global-Migration\" href=\"https:\/\/www.freiburg-schwarzwald.de\/blog\/global\/globalisierung\/global-migration\/\">Global Compact for Migration<\/a> &#8211; UN-Migrationspakt) wie auch <a title=\"UN-Fl\u00fcchtlingspakt\" href=\"https:\/\/www.freiburg-schwarzwald.de\/blog\/global\/migration\/un-fluechtlingspakt\/\">UN-Fl\u00fcchtlingspakt<\/a> ignorieren dies wie auch das Problem der <a title=\"Bevoelkerungswachstum\" href=\"https:\/\/www.freiburg-schwarzwald.de\/blog\/engagement\/zukunft\/demografie\/bevoelkerungswachstum\/\">Geburtenkontrolle<\/a> und beziehen sich einseitig auf die <a title=\"Fluechtlinge-Islam\" href=\"https:\/\/www.freiburg-schwarzwald.de\/blog\/global\/integration\/fluechtlinge-islam\/\">Migration<\/a> &#8211; damit werden Unrechtsregime stabilisiert <!--more-->und bitter notwendige Reformen bzw. Revolutionen behindert.<br \/>\n.<br \/>\nAfrika ist gro\u00df, reich und d\u00fcnn besiedelt. Diesem Kontinent gilt es zu helfen &#8211; direkt, vorort, nicht in Europa. T\u00e4glich kommen 500 junge <a title=\"One-World\" href=\"https:\/\/www.freiburg-schwarzwald.de\/blog\/global\/globalisierung\/one-world\/\">Migranten<\/a> neu zu uns, zumeist ohne Ausweis, ohne Bildung, ohne <a title=\"Frieden\" href=\"https:\/\/www.freiburg-schwarzwald.de\/blog\/engagement\/zukunft\/frieden\/\">Friedens<\/a>&#8211;<a title=\"Sozialisation\" href=\"https:\/\/www.freiburg-schwarzwald.de\/blog\/selbsthilfe\/jugend\/sozialisation\/\">Sozialisation<\/a>, ohne Perspektive. Sie schicken <a title=\"One-World\" href=\"https:\/\/www.freiburg-schwarzwald.de\/blog\/global\/globalisierung\/one-world\/\">Geld nach Hause<\/a>\u00a0(<a title=\"Bargeld verschicken weltweit\" href=\"https:\/\/www.freiburg-schwarzwald.de\/blog\/bargeld-verschicken-weltweit\/\">Western Union<\/a>) und geben Geld hier aus. Jeder Euro hier hat im Herkunftsland die \u00fcber 100-fache Wirkung: Muhammad&#8217;s neue Edel-Bluejeans f\u00fcr 80 Euro k\u00f6nnte in Afrika also ein reale Hilfe von 8.000 Euro entfalten &#8211; darf es aber nicht dank <a title=\"Groessenwahn\" href=\"https:\/\/www.freiburg-schwarzwald.de\/blog\/engagement\/zukunft\/groessenwahn\/\">Gr\u00f6\u00dfenwahn<\/a>, <a title=\"Schuld\" href=\"https:\/\/www.freiburg-schwarzwald.de\/blog\/engagement\/zukunft\/schuld\/\">Schuld<\/a>. <a title=\"Humanismus\" href=\"https:\/\/www.freiburg-schwarzwald.de\/blog\/kultur\/aufklaerung\/humanismus\/\">Humanit\u00e4t<\/a> und <a title=\"Gesinnungsethik\" href=\"https:\/\/www.freiburg-schwarzwald.de\/blog\/engagement\/zukunft\/demokratie\/gesinnungsethik\/\">Gesinnungsethik<\/a> der <a title=\"Gutmenschen\" href=\"https:\/\/www.freiburg-schwarzwald.de\/blog\/engagement\/gutmenschen\/\">guten<\/a> Deutschen.<\/p>\n<p><strong>Migrationspakt beg\u00fcnstigt Auswanderung und negiert Bev\u00f6lkerungsexplosion<\/strong><br \/>\n<em>Nur ein UN-Pakt gegen \u00abVersagerstaaten\u00bb (failing states) w\u00e4re eine angemessene politische Antwort auf die Dramatik der Migration \u2013 zugunsten all der Menschen, die ihr Leben allzu gerne in ihrer sozio-kulturellen Sph\u00e4re verbringen m\u00f6chten &#8211; die Allermeisten.<\/em><br \/>\n&#8230;<br \/>\nDer problematische und deshalb allein politisch relevante Teil der Migration betrifft nur das Segment der aus sozio-\u00f6konomischen und politischen Gr\u00fcnden ern\u00f6tigten und erzwungenen Migration: Es sind grob gesagt die als \u00abfailed states\u00bb (oder vulg\u00e4ramerikanisch als \u00abshithole states\u00bb) bezeichneten L\u00e4nder, die als reine Emigrationsl\u00e4nder in solchen Unverh\u00e4ltnissen befangen sind, dass sie ihre B\u00fcrger zur Auswanderung in eben jene L\u00e4nder treiben, die keine solchen sind. Daher der einsinnige Zug der Migrationsdrift aus den politischen Versagerstaaten in die erfolgreichen, vor allem. die westlichen Demokratien.<br \/>\n<strong><em>Die Analytik der Migrationsproblematik hat es deshalb in erster Linie<br \/>\nmit diesen politischen Unverh\u00e4ltnissen zu tun;<br \/>\nihr erster Adressat ist deshalb auch nicht der \u00abMigrant\u00bb,<br \/>\nsondern der Staat, der aufgrund des Versagens seiner politischen Klasse<br \/>\nzum \u00abEmigrationsstaat\u00bb \u2013 man k\u00f6nnte fast sagen: \u00abVertreibungsstaat\u00bb \u2013 wird.<\/em><\/strong><br \/>\n.<br \/>\nDenn der Mensch ist gerne bei sich \u2013 er geht auf in seiner Landschaft, seinen Br\u00e4uchen und Gewohnheiten, zusammen mit seinen sprachlich und kul\u00adtu\u00adrell verwandten Landsleuten, mit denen er zu feiern und sich zu streiten wei\u00df. Man kundschaftet gerne auch mal etwas anderes aus \u2013 und kehrt dann umso lieber zur\u00fcck.<br \/>\nVon dem quantitativ geringf\u00fcgigen Anteil an freiwilliger interkultureller Migration abgesehen (Facharbeiter, Intellektuelle, K\u00fcnstler, &#8230;) ist die weltweite Migration ein Zwangsakt menschlicher Gewalt gegen die Freiheit, das Gl\u00fcck und Wohlergehen des Einzelnen, der die kulturelle Zerrissenheit mit seiner Ursprungsgemeinschaft als den Fluch seiner in Fremdwelten versto\u00dfenen isolierten Existenz auszutragen hat.<br \/>\nDem Migrationspakt fehlt nun nicht nur jedes Verst\u00e4ndnis f\u00fcr die existentielle Dramatik ern\u00f6tigter Migration, sondern auch jedes Bewusstsein der politischen Verantwortung von \u00abEmigrationsstaaten\u00bb f\u00fcr das rechtsstaatlich zu gew\u00e4hrleistende Allgemeinwohl ihrer B\u00fcrger. Keine Spur von einer politischen Verurteilung der zur Emigration n\u00f6tigenden Staaten. Wenig erstaunlich ist deshalb, wenn es gerade Emigrationsl\u00e4nder sind, die den Pakt bef\u00fcrworten: Er garantiert ihnen die Aufrechterhaltung ihrer Unverh\u00e4ltnisse (Korruption, Diktatur, Rechtlosigkeit).<br \/>\n&#8230; Alles vom 15.12.2018 von Rudolf Brandner<br \/>\nzu &#8222;Der UN-Migrationspakt und die Verkehrung politischer Vernunft&#8220; bitte lesen auf<br \/>\n<a href=\"https:\/\/www.tichyseinblick.de\/gastbeitrag\/der-un-migrationspakt-und-die-verkehrung-politischer-vernunft\/\">https:\/\/www.tichyseinblick.de\/gastbeitrag\/der-un-migrationspakt-und-die-verkehrung-politischer-vernunft\/<\/a><br \/>\n.<br \/>\nMehr zum Thema:<br \/>\n<em>Roland Tichy (Herausgeber), Der UN-Migrationspakt und seine Auswirkungen.<\/em><br \/>\n<em>Mit Beitr\u00e4gen von Norbert H\u00e4ring, Krisztina Koenen, Tomas Spahn, Christopher Walter und Alexander Wendt<\/em><br \/>\n<em>September 2018, 12 Euro<\/em><\/p>\n","protected":false},"excerpt":{"rendered":"<p>Das Versagen der politischen Eliten und die Bev\u00f6lkerungsexplosion macht immer mehr Staaten Afrikas zu &#8222;Failing States&#8220;, die ihre Bewohner zur Emigration zwingen. GCM (Global Compact for Migration &#8211; UN-Migrationspakt) wie auch UN-Fl\u00fcchtlingspakt ignorieren dies wie auch das Problem der Geburtenkontrolle &hellip; <a href=\"https:\/\/www.freiburg-schwarzwald.de\/blog\/gcm-pro-diktatur-geburtenrate\/\">Weiterlesen <span class=\"meta-nav\">&rarr;<\/span><\/a><\/p>\n","protected":false},"author":2,"featured_media":0,"comment_status":"open","ping_status":"closed","sticky":false,"template":"","format":"standard","meta":{"footnotes":""},"categories":[18,14,155,162,60,19,172],"tags":[602,672,725,426,488,622,681],"class_list":["post-69647","post","type-post","status-publish","format-standard","hentry","category-bildung","category-global","category-integration","category-internet","category-jugend","category-religion","category-zukunft","tag-afrika","tag-fluechtling","tag-integration","tag-job","tag-child","tag-migration","tag-one"],"_links":{"self":[{"href":"https:\/\/www.freiburg-schwarzwald.de\/blog\/wp-json\/wp\/v2\/posts\/69647","targetHints":{"allow":["GET"]}}],"collection":[{"href":"https:\/\/www.freiburg-schwarzwald.de\/blog\/wp-json\/wp\/v2\/posts"}],"about":[{"href":"https:\/\/www.freiburg-schwarzwald.de\/blog\/wp-json\/wp\/v2\/types\/post"}],"author":[{"embeddable":true,"href":"https:\/\/www.freiburg-schwarzwald.de\/blog\/wp-json\/wp\/v2\/users\/2"}],"replies":[{"embeddable":true,"href":"https:\/\/www.freiburg-schwarzwald.de\/blog\/wp-json\/wp\/v2\/comments?post=69647"}],"version-history":[{"count":0,"href":"https:\/\/www.freiburg-schwarzwald.de\/blog\/wp-json\/wp\/v2\/posts\/69647\/revisions"}],"wp:attachment":[{"href":"https:\/\/www.freiburg-schwarzwald.de\/blog\/wp-json\/wp\/v2\/media?parent=69647"}],"wp:term":[{"taxonomy":"category","embeddable":true,"href":"https:\/\/www.freiburg-schwarzwald.de\/blog\/wp-json\/wp\/v2\/categories?post=69647"},{"taxonomy":"post_tag","embeddable":true,"href":"https:\/\/www.freiburg-schwarzwald.de\/blog\/wp-json\/wp\/v2\/tags?post=69647"}],"curies":[{"name":"wp","href":"https:\/\/api.w.org\/{rel}","templated":true}]}}