{"id":69630,"date":"2018-12-18T08:52:24","date_gmt":"2018-12-18T07:52:24","guid":{"rendered":"https:\/\/www.freiburg-schwarzwald.de\/blog\/?p=69630"},"modified":"2018-12-19T16:26:20","modified_gmt":"2018-12-19T15:26:20","slug":"babyboomer-in-politik-medien","status":"publish","type":"post","link":"https:\/\/www.freiburg-schwarzwald.de\/blog\/babyboomer-in-politik-medien\/","title":{"rendered":"Babyboomer in Politik Medien"},"content":{"rendered":"<p><em>&#8222;Unser Land wird sich \u00e4ndern, und zwar drastisch. Und ich freue mich drauf<\/em>&#8220; &#8211; so die <a title=\"Gruene\" href=\"https:\/\/www.freiburg-schwarzwald.de\/blog\/vereine\/partei\/gruene\/\">Gr\u00fcnen<\/a>-Vorsitzende <a title=\"Gutmenschen\" href=\"https:\/\/www.freiburg-schwarzwald.de\/blog\/engagement\/gutmenschen\/\">Katrin G\u00f6ring-Eckardt (KGE)<\/a> im November 2015 also kurz nach <a title=\"Merkel-muss-weg\" href=\"https:\/\/www.freiburg-schwarzwald.de\/blog\/engagement\/zukunft\/demokratie\/merkel-muss-weg\/\">Merkels<\/a> historischer <a title=\"Kontrollierte-Grenzen\" href=\"https:\/\/www.freiburg-schwarzwald.de\/blog\/global\/migration\/kontrollierte-grenzen\/\">Grenz\u00f6ffnung<\/a>\u00a0\u00a0<a title=\"Budapest-Dublin2015\" href=\"https:\/\/www.freiburg-schwarzwald.de\/blog\/global\/eu\/budapest-dublin2015\/\">Budapest 9\/2015<\/a>. Statt die <a title=\"Kontrollverlust\" href=\"https:\/\/www.freiburg-schwarzwald.de\/blog\/engagement\/zukunft\/demokratie\/kontrollverlust\/\">katastrophalen Folgen<\/a> dieser vom <a title=\"Parlament\" href=\"https:\/\/www.freiburg-schwarzwald.de\/blog\/engagement\/zukunft\/demokratie\/parlament\/\">Parlament<\/a> nicht<a title=\"Demokratie\" href=\"https:\/\/www.freiburg-schwarzwald.de\/blog\/engagement\/zukunft\/demokratie\/\"> legitimierten<\/a> Entscheidung der Bundeskanzlerin zu hinterfragen, verk\u00fcndete KGE ihren <a title=\"Naivitaet\" href=\"https:\/\/www.freiburg-schwarzwald.de\/blog\/engagement\/zukunft\/demokratie\/naivitaet\/\">pers\u00f6nlichen<\/a> <a title=\"Infantil\" href=\"https:\/\/www.freiburg-schwarzwald.de\/blog\/bildung\/infantil\/\">Lustgewinn<\/a>. <!--more-->Solch kindlicher Narzismus wirkt bei einem 5-j\u00e4hrigen M\u00e4del s\u00fc\u00df und drollig, bei einer \u00fcber 50-j\u00e4hrigen Politikerin hingegen als Zeichen fehlender geistiger und charakterlicher Reife.<br \/>\nKGE geh\u00f6rt der Alterskohorte der Babyboomer an, die &#8211; zwischen 1958 und <a title=\"68er feiern 50 Jahre 1968-2018\" href=\"https:\/\/www.freiburg-schwarzwald.de\/blog\/68er-feiern-50-jahre-1968-2018\/\">1968<\/a> geboren &#8211; heute als 50-60-J\u00e4hrige die Politik und die Medien bestimmen. In seinem Buch &#8222;Die Wiedergutmacher&#8220; stellt Raymond Unger f\u00fcr diese Kriegsenkel eine tiefgreifende &#8222;moralische <a title=\"Infantil\" href=\"https:\/\/www.freiburg-schwarzwald.de\/blog\/bildung\/infantil\/\">Infantilisierung<\/a>&#8220; fest.<br \/>\n19.12.2018<br \/>\n.<br \/>\n<em>Raymond Unger: Die Wiedergutmacher &#8211; <\/em><br \/>\n<em>Das Nachkriegstrauma und die Fl\u00fcchtlingsdebatte,<\/em><br \/>\n<em>Europa erlag 2018, 24,90 Euro<\/em><br \/>\n<em>ISBN 978-3-95890-234-3<\/em><br \/>\n<em><a href=\"https:\/\/www.raymond-unger.de\/\">https:\/\/www.raymond-unger.de\/<br \/>\n<\/a>.<\/em><\/p>\n<p><strong>Psychosen im gef\u00fchlsgeleiteten Hippiestaat<\/strong><br \/>\n<em>\u201eMoralische Infantilisierung\u201c: Raymond Unger \u00fcber die von transgenerationellen Traumata<br \/>\nbeeinflu\u00dfte Babyboomer-Generation<br \/>\n<\/em>\u00a0.<br \/>\n&#8230; Es handelt sich um die Generation der Babyboomer, die ungef\u00e4hr von 1957 bis 1967 reicht, um die Kriegsenkel, die in der Literatur auch als \u201eNebelkinder\u201c bezeichnet werden, weil sie ein nebul\u00f6ses, stets pr\u00e4sentes Schuldgef\u00fchl in sich tragen. Einerseits fanden sie \u2013 soweit im Westen lebend \u2013 Aufstiegschancen und materiellen Wohlstand vor, vermi\u00dften allerdings die emotionale Sicherheit. Sie sind die S\u00f6hne und T\u00f6chter von Kriegskindern, deren fr\u00fche Jahre von Bombenn\u00e4chten, Vertreibung, Entbehrung gepr\u00e4gt und deren V\u00e4ter entweder im Krieg geblieben oder aus ihm besch\u00e4digt zur\u00fcckgekehrt waren.<br \/>\nUnger arbeitet mit dem Instrumentarium der Psychoanalyse und Psychotherapie. Das fehlende Vorbild des Vaters wirkt neben den anderen transgenerationellen Traumata so einschneidend, weil die V\u00e4ter die Br\u00fccke zur Erwachsenenwelt bilden. Zudem ist die Armee als ein Ort der Initiation, wo junge M\u00e4nner sich von der Mutterbindung l\u00f6sen, ausgefallen. Unger gibt damit eine Antwort auf die Frage: \u201eWas sind das also f\u00fcr M\u00e4nner, die eine kinderlose Frau zur \u2018Mutti\u2019 der Nation stilisierten \u2013 eine regressiv, kollektive Projektion sondergleichen?\u201c<br \/>\n.<br \/>\nIch-Schw\u00e4che, Schuldkomplexe, die Unf\u00e4higkeit zur Abgrenzung, das Schwanken zwischen manischer Depression und auftrumpfendem Optimismus lassen ein erwachsenes, abgekl\u00e4rtes Verh\u00e4ltnis zur Au\u00dfenwelt nicht zu und bereiten das Feld f\u00fcr Helfersyndrome und f\u00fcr die Hypermoral. Zudem verhindert die verbreitete Kinderlosigkeit die Entlastung und blockiert ein Abflauen der Konflikte in der generativen Abfolge. Die Betroffenen befinden sich in der \u201egenetischen Sackgasse\u201c, in der die toxischen Beimischungen der Familiengeschichte kulminieren und die \u201epers\u00f6nliche Selbstablehnung im politischen Handeln kollektiviert wird\u201c. Es gibt heute unter den etablierten Politikern und Journalisten kaum einen, der ein positives Verh\u00e4ltnis zum eigenen Land hat.<br \/>\nAuf diese Kollektivpsychologie traf 2015 die Fl\u00fcchtlingskrise. Es schlug die Stunde der \u201eWiedergutmacher\u201c, die ihr angeknackstes Selbstwertgef\u00fchl reparierten, indem sie t\u00e4tige Reue f\u00fcr \u201edeutsche Schuld\u201c leisteten und sich von \u201eAusl\u00e4nderfeinden\u201c, von den \u201eAbgeh\u00e4ngten\u201c und hinterw\u00e4ldlerischen \u201eOssis\u201c demonstrativ abhoben. Doch in Wahrheit, so Unger, achtet dieser Typus sehr genau auf die Wahrung seiner Besitzst\u00e4nde. Er nennt unter anderem die sogenannten Fl\u00fcchtlingsb\u00fcrgen, die sich anboten, die Kosten f\u00fcr Zuwanderer mit ungekl\u00e4rtem Status zu \u00fcbernehmen und daf\u00fcr moralischen Mehrwert und soziale Reputation einstrichen. Wie gro\u00df war ihr Erstaunen, als das Sozialamt ihnen tats\u00e4chlich die Rechnung ins Haus schickte.<br \/>\nDiese <a title=\"In welche Schule geht Ihr Kind?\" href=\"https:\/\/www.freiburg-schwarzwald.de\/blog\/in-welche-schule-geht-ihr-kind\/\">Gutsituierten<\/a> mit hohen Bildungsabschl\u00fcssen hatten nicht gelernt, was zum Erwachsenwerden geh\u00f6rt: die Konsequenzen des eigenen Handelns zu tragen. Weltrettungsattit\u00fcde, Pharis\u00e4ertum und Infantilit\u00e4t gehen bei diesen vermeintlich m\u00fcndigen Bundesb\u00fcrgern Hand in Hand.<br \/>\nExemplarisch ist die Niederlage von Innenminister Horst Seehofer, der nichts anderes wollte, als dem Gesetz wieder Respekt und Geltung zu verschaffen und an der \u00dcbermacht der Medien, die sich umgehend mit der Kanzlerin verb\u00fcndeten, scheiterte. Auch aus der Union erhielt er wenig Unterst\u00fctzung. Seehofers Degradation ist mehr als eine pers\u00f6nliche Schlappe. Sie markiert die endg\u00fcltige Abl\u00f6sung der alten wei\u00dfen M\u00e4nner in der deutschen Politik durch die Infantilisierten der G\u00f6ring-Eckardt-Generation.<br \/>\n&#8230; Alles vom 14.12.2018 von Thorsten Hinz zu: &#8222;Psychosen im gef\u00fchlsgeleiteten Hippiestaat<br \/>\n&#8211; \u201eMoralische Infantilisierung\u201c: Raymond Unger \u00fcber die von transgenerationellen Traumata beeinflu\u00dfte Babyboomer-Generation&#8220; bitte lesen in: Junge Freiheit, 51\/18, Seite 21, www.jungeFreiheit.de<br \/>\n.<br \/>\nRaymond Unger: Die Wiedergutmacher. Das Nachkriegstrauma und die Fl\u00fcchtlingsdebatte. Europa Verlag, M\u00fcnchen 2018, gebunden, 416 Seiten, 24,90 Euro<br \/>\n.<br \/>\n.<br \/>\n<strong>Die Babyyboomer als Wiedergutmacher \u2013 Das Nachkriegstrauma und die Fl\u00fcchtlingskrise<\/strong><br \/>\nDie \u201em\u00e4chtigste Frau der Welt\u201c hatte ihre Macht nur, so Unger, \u201eweil sie ihr von einem ganz bestimmten Babyboomer-Typus in Medien, Politik und Kultur\u201c verliehen wurde. Dieser Typus wird auch die Zeit nach Merkel noch lange pr\u00e4gen. &#8230;.<br \/>\nDie von Merkel und ihrem Anhang verfolgten Leitprinzipien bringt Unger richtig auf den Punkt:<br \/>\n\u201eMoral vor Recht,<br \/>\nLegende vor Wahrheit,<br \/>\n<a title=\"Feminismus\" href=\"https:\/\/www.freiburg-schwarzwald.de\/blog\/selbsthilfe\/frauen\/feminismus\/\">Feminismus<\/a> vor Maskulinit\u00e4t,<br \/>\nKonformit\u00e4t vor Charakter,<br \/>\n<a title=\"Gesinnungsdiktatur\" href=\"https:\/\/www.freiburg-schwarzwald.de\/blog\/kultur\/medien\/gesinnungsdiktatur\/\">Gesinnung<\/a> vor Verantwortung,<br \/>\nBekenntnis vor Handlung,<br \/>\nSelbstverleugnung vor Selbstbehauptung,<br \/>\nGef\u00fchl vor Ratio,<br \/>\nFeigheit vor Mut\u201c.<br \/>\nDas schreibt ein Autor, der bis 2015 ein bekennender Linker war, der Gr\u00fcne, SPD und PDS-Linke in den unterschiedlichsten Kombinationen gew\u00e4hlt hat und seitdem sich immer mehr den Positionen seiner ehemaligen Gegner, bis hin zur AfD angen\u00e4hert hat. \u201eEine Zeit lang habe ich mich schon aus Prinzip gegen eine Zustimmung aus diesem Lager gewehrt, doch \u2026 je l\u00e4nger ich dem geradezu be\u00e4ngstigenden Gleichklang der etablierten Medien gelauscht habe, desto mehr musste ich den kritischen, alternativen Stimmen recht geben.\u201c Ein weiterer Grund f\u00fcr sein Buch sei sein Erschrecken \u00fcber die sich selbst zensierende Kunst- und Medienwelt gewesen. \u201eSystemtreue K\u00fcnstler sind wie systemtreue Medien ein Zeichen daf\u00fcr, dass der Kontrollmechanismus freier Gesellschaften versagt\u201c.<br \/>\n&#8230;.<br \/>\n\u201eDeutsche Babyboomer sind Kinder von Eltern, die ohne V\u00e4ter aufwuchsen oder deren V\u00e4ter k\u00f6rperlich oder seelisch so verwundet waren, dass sie ihren Kindern niemals nahe kommen konnten. Babyboomer sind Kinder von Kindern, die von kalten, verbitterten M\u00fcttern erzogen wurden, die alles verloren hatten, oftmals auch die Liebe zu ihrem eigenen K\u00f6rper.\u201c<br \/>\nAufgrund der emotionalen Verk\u00fcmmerung ihrer Eltern haben viele Babyboomer gelernt, sich anzupassen, nicht aufzufallen. Der Mechanismus der transgenerationalen Weitergabe von Kriegstraumata wird erst langsam begriffen. <em><strong>Viele Psychologen halten die Generation der Babyboomer f\u00fcr \u201emangelhaft trianguliert\u201c, was bedeutet, sie sind nie richtig erwachsen geworden.<\/strong><\/em> Sie sehen die Welt nicht, wie sie ist, sondern wie sie sein sollte, n\u00e4mlich friedlich um jeden Preis. Das f\u00fchrt nicht nur zu einer falschen Toleranz gegen\u00fcber Aggressoren, sondern auch zu einer Neigung, sich mit Meinungen, die herrisch vorgetragen werden, zu identifizieren. Merkels \u201ealternativlos\u201c fiel so auf fruchtbaren Boden.<br \/>\nBabyboomer haben weder die richtigen Konsequenzen aus der gescheiterten Appeasement-Politik gegen\u00fcber den Nazis gezogen, noch anerkannt, dass der Kalte Krieg und seine Gefahr der atomaren Konfrontation nicht durch Friedensdemos gel\u00f6st wurde, sondern durch den Nato-Doppelbeschluss. Oder mit anderen Worten, nicht Moral und Utopien, sondern <a title=\"Verantwortung\" href=\"https:\/\/www.freiburg-schwarzwald.de\/blog\/engagement\/verantwortung\/\">Verantwortungsethik<\/a> und Realismus waren erfolgreich. Sie tr\u00e4umen weiter von einem One-World-Imperium ohne nat\u00fcrliche und gewachsene Unterschiede.<br \/>\n&#8230; Alles von Vera Lengsfeld vom 31. Oktober 2018 bitte lesen auf<br \/>\n<a href=\"https:\/\/vera-lengsfeld.de\/2018\/10\/31\/die-wiedergutmacher-das-nachkriegstrauma-und-die-fluechtlingskrise\/\">https:\/\/vera-lengsfeld.de\/2018\/10\/31\/die-wiedergutmacher-das-nachkriegstrauma-und-die-fluechtlingskrise\/<\/a><\/p>\n","protected":false},"excerpt":{"rendered":"<p>&#8222;Unser Land wird sich \u00e4ndern, und zwar drastisch. Und ich freue mich drauf&#8220; &#8211; so die Gr\u00fcnen-Vorsitzende Katrin G\u00f6ring-Eckardt (KGE) im November 2015 also kurz nach Merkels historischer Grenz\u00f6ffnung\u00a0\u00a0Budapest 9\/2015. Statt die katastrophalen Folgen dieser vom Parlament nicht legitimierten Entscheidung &hellip; <a href=\"https:\/\/www.freiburg-schwarzwald.de\/blog\/babyboomer-in-politik-medien\/\">Weiterlesen <span class=\"meta-nav\">&rarr;<\/span><\/a><\/p>\n","protected":false},"author":2,"featured_media":0,"comment_status":"open","ping_status":"closed","sticky":false,"template":"","format":"standard","meta":{"footnotes":""},"categories":[58,158,61,80,64,303,172],"tags":[521,667,626,525,399,388,631],"class_list":["post-69630","post","type-post","status-publish","format-standard","hentry","category-familie","category-gesund","category-kinder","category-medien","category-psyche","category-single","category-zukunft","tag-family","tag-krieg","tag-partei","tag-politik","tag-psychology","tag-social","tag-staat"],"_links":{"self":[{"href":"https:\/\/www.freiburg-schwarzwald.de\/blog\/wp-json\/wp\/v2\/posts\/69630","targetHints":{"allow":["GET"]}}],"collection":[{"href":"https:\/\/www.freiburg-schwarzwald.de\/blog\/wp-json\/wp\/v2\/posts"}],"about":[{"href":"https:\/\/www.freiburg-schwarzwald.de\/blog\/wp-json\/wp\/v2\/types\/post"}],"author":[{"embeddable":true,"href":"https:\/\/www.freiburg-schwarzwald.de\/blog\/wp-json\/wp\/v2\/users\/2"}],"replies":[{"embeddable":true,"href":"https:\/\/www.freiburg-schwarzwald.de\/blog\/wp-json\/wp\/v2\/comments?post=69630"}],"version-history":[{"count":0,"href":"https:\/\/www.freiburg-schwarzwald.de\/blog\/wp-json\/wp\/v2\/posts\/69630\/revisions"}],"wp:attachment":[{"href":"https:\/\/www.freiburg-schwarzwald.de\/blog\/wp-json\/wp\/v2\/media?parent=69630"}],"wp:term":[{"taxonomy":"category","embeddable":true,"href":"https:\/\/www.freiburg-schwarzwald.de\/blog\/wp-json\/wp\/v2\/categories?post=69630"},{"taxonomy":"post_tag","embeddable":true,"href":"https:\/\/www.freiburg-schwarzwald.de\/blog\/wp-json\/wp\/v2\/tags?post=69630"}],"curies":[{"name":"wp","href":"https:\/\/api.w.org\/{rel}","templated":true}]}}