{"id":69405,"date":"2018-12-07T12:29:46","date_gmt":"2018-12-07T11:29:46","guid":{"rendered":"https:\/\/www.freiburg-schwarzwald.de\/blog\/?p=69405"},"modified":"2018-12-07T12:31:59","modified_gmt":"2018-12-07T11:31:59","slug":"in-welche-schule-geht-ihr-kind","status":"publish","type":"post","link":"https:\/\/www.freiburg-schwarzwald.de\/blog\/in-welche-schule-geht-ihr-kind\/","title":{"rendered":"In welche Schule geht Ihr Kind?"},"content":{"rendered":"<p>&#8222;In welche <a title=\"Schulen-deutsch\" href=\"https:\/\/www.freiburg-schwarzwald.de\/blog\/bildung\/schulen\/schulen-deutsch\/\">Schule<\/a>, in welche <a title=\"Kindergarten\" href=\"https:\/\/www.freiburg-schwarzwald.de\/blog\/bildung\/kindergarten\/\">Kita<\/a> schicken Sie Ihre Kinder?&#8220; Richten Sie diese Frage an einen Kommunalpolitker, an einen Abgeordneten von CDU, FDP, SPD, <a title=\"Gruene\" href=\"https:\/\/www.freiburg-schwarzwald.de\/blog\/vereine\/partei\/gruene\/\">Gr\u00fcne<\/a> oder Linke &#8211; als Lackmustest, ob die Vertreter des <a title=\"Mainstream\" href=\"https:\/\/www.freiburg-schwarzwald.de\/blog\/kultur\/medien\/mainstream\/\">Mainstreams<\/a> selbst an das glauben, was sie <a title=\"Bildung\" href=\"https:\/\/www.freiburg-schwarzwald.de\/blog\/bildung\/\">\u00f6ffentlich bekunden<\/a>, oder ob daran nur der kleine <a title=\"Deutsche\" href=\"https:\/\/www.freiburg-schwarzwald.de\/blog\/global\/deutschland\/deutsche\/\">B\u00fcrger<\/a> mitsamt <a title=\"Deutsche-Kultur\" href=\"https:\/\/www.freiburg-schwarzwald.de\/blog\/global\/deutschland\/deutsche-kultur\/\">Mittelschicht<\/a> glauben soll. Es gibt leider immer neue Beispiele f\u00fcr das Nichtbestehen des Lackmustests. <!--more-->Das bislang extremste lieferte Andreas Stoch (SPD), der seine vier Kinder auf die von ihm <a title=\"Schulen\" href=\"https:\/\/www.freiburg-schwarzwald.de\/blog\/bildung\/schulen\/\">bildungspolitisch<\/a> so heftig bek\u00e4mpfte Waldorfschule schickte.<br \/>\n7.12.2018<br \/>\n.<br \/>\n.<br \/>\n<strong>Vier Kinder von Ex-Kultusminister Andreas Stoch (SPD) gehen auf Waldorf-Schule<\/strong><br \/>\nViele Politiker, die soziale <a title=\"Schulen-digital\" href=\"https:\/\/www.freiburg-schwarzwald.de\/blog\/bildung\/schulen\/schulen-digital\/\">Bildungsexperimente<\/a> im gro\u00dfen Stil planen, wurden dabei \u201eerwischt\u201c, dass sie ihre eigenen Kinder ganz konservativ in <a title=\"Privatschulen\" href=\"https:\/\/www.freiburg-schwarzwald.de\/blog\/bildung\/schulen\/privatschulen\/\">Privatschulen<\/a> oder herk\u00f6mmlichen Gymnasien anmelden&#8230; Ja, ein wunderbarer Pr\u00fcfstein, ob die Prediger an die eigene Lehre glauben. Die (vier) Kinder des Stuttgarter Kultusministers Andreas Stoch gehen auf eine private Waldorf-Schule.<br \/>\n&#8230; Alles vom 7.1.2013 zu &#8222;die L\u00fcge von der Chancengleicheit&#8220; bitte lesen auf<br \/>\n<a href=\"https:\/\/www.wiwo.de\/politik\/deutschland\/gemeinschaftsschulen-kinder-des-kultusministers-gehen-auf-eine-privatschule\/13055472-2.html\">https:\/\/www.wiwo.de\/politik\/deutschland\/gemeinschaftsschulen-kinder-des-kultusministers-gehen-auf-eine-privatschule\/13055472-2.html<\/a>,<br \/>\n.<br \/>\n<strong>Mit gespaltener Zunge &#8211; Zwiedenken<\/strong><br \/>\nJa, so ist es mit so manchen \u201eunserer\u201c Politiker: Wasser predigen und Wein trinken. \u201eZwiedenken\u201c praktizieren \u2013 mal so f\u00fcr sich, mal anders f\u00fcr die Masse denken. Mit gespaltener Zunge reden. Eine Willkommenskultur herbeisehnen, aber in Beverly-Hills-Lagen wohnen. Von <a title=\"Schulen-Migration\" href=\"https:\/\/www.freiburg-schwarzwald.de\/blog\/bildung\/schulen\/schulen-migration\/\">Willkommensklassen<\/a> schw\u00e4rmen, aber die Kinder auf Schulen mit geringsten <a title=\"Muslimisches Mobbing Schulen\" href=\"https:\/\/www.freiburg-schwarzwald.de\/blog\/muslimisches-mobbing-schulen\/\">Migrantenanteilen<\/a> entsenden. Von der angeblichen <a title=\"Schulen \u2013 Unruhe statt Bildung\" href=\"https:\/\/www.freiburg-schwarzwald.de\/blog\/schulen-unruhe-statt-bildung\/\">sozialen Selektivit\u00e4t<\/a> des Igittigitt-Gymnasiums schwadronieren, selbst aber ein Beispiel an sozialer Selektivit\u00e4t abgeben. Einheitsschule (im Gewande der Gesamt- oder Gemeinschaftsschule oder des \u201el\u00e4ngeren gemeinsamen\u201c Lernens) propagieren, aber die empirisch nachgewiesene durchschlagende Erfolglosigkeit dieser Schulformen nur f\u00fcr sich selbst und f\u00fcr die Schulwahl der eigenen Kinder zur Kenntnis zu nehmen.<br \/>\n\u00c4hnliches gilt f\u00fcr das Ausweichen auf Privatschulen (etwa Gymnasien freier Tr\u00e4gerschaft oder Waldorfschulen). Dort ist man hinsichtlich sozialer Provenienz der Eltern- und Sch\u00fclerschaft unter sich. Willkommensklassen oder 50-prozentige Migrantenanteile gibt es dort nicht. Denn das Leistungsverm\u00f6gen dieser Schulen kann das Motiv eher nicht sein. Privatschulen schneiden bei Schulleistungstests schlie\u00dflich nicht besser ab \u2013 trotz einer sozial recht homogenen Sch\u00fclerschaft. Sofern man die Testergebnisse dieser Schulen \u00fcberhaupt zu Gesicht bekommt. Von den Waldorfschulen etwa ist bislang kein Pisa-Ergebnis bekannt geworden, wiewohl angeblich welche an diesem Test beteiligt waren.<br \/>\n&#8230; Alles von Josef Kraus vom 7.9.2018 bitte lesen auf<br \/>\n<a href=\"https:\/\/www.tichyseinblick.de\/kolumnen\/josef-kraus-lernen-und-bildung\/wenn-politiker-ihre-kinder-nicht-in-schulen-schicken-die-sie-fuers-gemeine-volk-wollen\/\">https:\/\/www.tichyseinblick.de\/kolumnen\/josef-kraus-lernen-und-bildung\/wenn-politiker-ihre-kinder-nicht-in-schulen-schicken-die-sie-fuers-gemeine-volk-wollen\/<\/a><br \/>\n.<br \/>\n<em>Josef Kraus war Oberstudiendirektor, Pr\u00e4sident des deutschen Lehrerverbands, wurde mit dem Bundesverdienstkreuz ausgezeichnet und als \u201eTitan der Bildungspolitik\u201c bezeichnet. Er hat Bestseller zu Bildungsthemen verfasst und sein j\u00fcngstes Werk &#8222;Wie man eine Bildungsnation an die Wand f\u00e4hrt<\/em>&#8222;.<br \/>\n.<br \/>\n<strong>Politikerkinder: Wasser predigen und Wein trinken<\/strong><br \/>\nDas alte Sprichwort erf\u00e4hrt einmal mehr eine Best\u00e4tigung: Die ehemalige Bundesfamilienministerin, jetzige Ministerin von Meck-Vorpomm, die Sozialdemokratin und Mutter, Manuela Schwesig, ist in die \u00f6ffentliche Kritik geraten. Sie ist eine der Politiker, die das deutsche Schulwesen aufgrund gr\u00fcn-linker Ideologie-Grunds\u00e4tze in Grund und Boden reformiert haben, aber ihre eigenen Kinder auf diese furchtbaren Schulen nicht schicken, sondern auf Privatschulen oder Gymnasien. Denn die M\u00e4ngel und Unzul\u00e4nglichkeiten, die sozialen und ethnischen Probleme und das Mobbing an den staatlichen Schulen sind allseits bekannt. Jeder, der Kinder und Enkel hat, kennt das Trauerspiel. Nur die wenigsten Familien k\u00f6nnen sich finanziell Privatschulen, Internate oder Gymnasien leisten, um ihrem Nachwuchs die staatliche Kinderh\u00f6lle mit gewaltt\u00e4tigen Mitsch\u00fclern, \u00fcberforderten Lehrern und oft wertlosem Abschluss zu ersparen. Die auf Steuerzahlerkosten gut bezahlten Politiker k\u00f6nnen es. Manuela Schwesig steht zwar aktuell im Kreuzfeuer, ist aber nicht die erste \u2013 und auch noch linke \u2013 Politikerin, die den Wahlspruch ihrer eigenen Partei aktiv sabotiert, Bildung d\u00fcrfe nicht den Kindern der wirtschaftlich besser Gestellten vorbehalten sein und alle m\u00fcssen die gleichen Chancen haben. Das ist unter SPD-Politikern aber Usus.<br \/>\nEin paar Beispiele:<br \/>\nProminentester dabei ist Ex Bundespr\u00e4sident Johannes Rau (SPD). Seine Kinder mussten nicht auf die von ihm vehement vertretene Gesamtschule, sondern gingen auf\u2019s Gymnasium.<br \/>\n.<br \/>\nSPD-Spitzenkandidatin Andrea Ypsilanti schickte ihr Kind trotz Kritik aus den eigenen Reihen auf eine private Schule.<br \/>\n.<br \/>\nHannelore Kraft (SPD), bis vor Kurzem Ministerpr\u00e4sidentin in NRW, ersparte ihrem Nachwuchs auch den Besuch der Schulen, die sie h\u00f6chstpers\u00f6nlich vom dreistufigen Schulsystem zusammen mit den Gr\u00fcnen auf einen Tr\u00fcmmerhaufen namens Gesamtschule zusammenreduzierte. Ihr Spr\u00f6ssling durfte nat\u00fcrlich auf ein Gymnasium.<br \/>\n.<br \/>\nBaden-W\u00fcrttembergs Ex-Kultusminister Andreas Stoch (SPD) befand ebenfalls, dass er seine Kinder dem Schulwesen, das er durchzusetzen mitgeholfen hatte, nicht aussetzen wollte, und erm\u00f6glichte ihnen eine sch\u00f6ne und harmonische Kindheit in der Waldorfschule.<br \/>\n.<br \/>\nBetrachtet man die h\u00f6herrangigen Politiker in der SPD, den Gr\u00fcnen, ja, sogar der Linken, findet man kaum einen Politiker, dessen Kind auf die Gesamtschule geht oder ging.<br \/>\n<strong><em>\u201eIm Parteivorstand der Linkspartei, in den ersten zehn Pl\u00e4tzen die linken Landesliste und im Parteivorstand der Gr\u00fcnen gibt es kein einziges Mitglied, das Kinder auf der Gesamtschule hat oder fr\u00fcher hatte. Im gr\u00fcnen Fraktionsvorstand geben zwei von drei Eltern an, ihre Kinder auf dem Gymnasium lernen zu lassen, der dritte will keine Auskunft geben\u201c<\/em><\/strong><br \/>\nDie Schulwahl f\u00fcr das eigene Kind ist offensichtlich der Pr\u00fcfstein, ob die Prediger der Inklusions-Gesamt-Integrations-Schulen an die eigene Lehre glauben. Sie tun es nicht, denn sie wissen Bescheid.<br \/>\nUm es klar zu sagen: Als Eltern haben diese Politiker ja recht. Sie w\u00e4ren sogar schlechte Eltern, wenn sie, wohl wissend, wie miserabel und l\u00fcckenhaft die Ausbildung an diesen integrierten Gesamtschulen heute ist, ihr eigenes Kind diesem Schulsystem opfern w\u00fcrden. Nur w\u00e4re es dann ihre verdammte Pflicht und Schuldigkeit, diese himmelschreienden Missst\u00e4nde zu beseitigen, und auch anderen Kindern und Familien diesen Leidensweg zu ersparen und er Allgemeinheit endlich ideologiefrei einfach gute Schulen zur Verf\u00fcgung zu stellen.<br \/>\n&#8230; Alles vom 9.9.2017 bitte lesen auf<br \/>\n<a href=\"https:\/\/dieunbestechlichen.com\/2017\/09\/politikerkinder-und-schulwahl-wasser-predigen-und-wein-saufen\/\">https:\/\/dieunbestechlichen.com\/2017\/09\/politikerkinder-und-schulwahl-wasser-predigen-und-wein-saufen\/<\/a><\/p>\n","protected":false},"excerpt":{"rendered":"<p>&#8222;In welche Schule, in welche Kita schicken Sie Ihre Kinder?&#8220; Richten Sie diese Frage an einen Kommunalpolitker, an einen Abgeordneten von CDU, FDP, SPD, Gr\u00fcne oder Linke &#8211; als Lackmustest, ob die Vertreter des Mainstreams selbst an das glauben, was &hellip; <a href=\"https:\/\/www.freiburg-schwarzwald.de\/blog\/in-welche-schule-geht-ihr-kind\/\">Weiterlesen <span class=\"meta-nav\">&rarr;<\/span><\/a><\/p>\n","protected":false},"author":2,"featured_media":0,"comment_status":"open","ping_status":"closed","sticky":false,"template":"","format":"standard","meta":{"footnotes":""},"categories":[18,61,93,13,95],"tags":[488,721,152,585,504],"class_list":["post-69405","post","type-post","status-publish","format-standard","hentry","category-bildung","category-kinder","category-kindergarten","category-kultur","category-schulen","tag-child","tag-kindergarten","tag-kita","tag-schule","tag-weiterbildung"],"_links":{"self":[{"href":"https:\/\/www.freiburg-schwarzwald.de\/blog\/wp-json\/wp\/v2\/posts\/69405","targetHints":{"allow":["GET"]}}],"collection":[{"href":"https:\/\/www.freiburg-schwarzwald.de\/blog\/wp-json\/wp\/v2\/posts"}],"about":[{"href":"https:\/\/www.freiburg-schwarzwald.de\/blog\/wp-json\/wp\/v2\/types\/post"}],"author":[{"embeddable":true,"href":"https:\/\/www.freiburg-schwarzwald.de\/blog\/wp-json\/wp\/v2\/users\/2"}],"replies":[{"embeddable":true,"href":"https:\/\/www.freiburg-schwarzwald.de\/blog\/wp-json\/wp\/v2\/comments?post=69405"}],"version-history":[{"count":0,"href":"https:\/\/www.freiburg-schwarzwald.de\/blog\/wp-json\/wp\/v2\/posts\/69405\/revisions"}],"wp:attachment":[{"href":"https:\/\/www.freiburg-schwarzwald.de\/blog\/wp-json\/wp\/v2\/media?parent=69405"}],"wp:term":[{"taxonomy":"category","embeddable":true,"href":"https:\/\/www.freiburg-schwarzwald.de\/blog\/wp-json\/wp\/v2\/categories?post=69405"},{"taxonomy":"post_tag","embeddable":true,"href":"https:\/\/www.freiburg-schwarzwald.de\/blog\/wp-json\/wp\/v2\/tags?post=69405"}],"curies":[{"name":"wp","href":"https:\/\/api.w.org\/{rel}","templated":true}]}}