{"id":69302,"date":"2018-12-02T18:40:44","date_gmt":"2018-12-02T17:40:44","guid":{"rendered":"https:\/\/www.freiburg-schwarzwald.de\/blog\/?p=69302"},"modified":"2018-12-03T14:22:20","modified_gmt":"2018-12-03T13:22:20","slug":"kreuze-in-syrien-kreuze-in-d","status":"publish","type":"post","link":"https:\/\/www.freiburg-schwarzwald.de\/blog\/kreuze-in-syrien-kreuze-in-d\/","title":{"rendered":"Kreuze in Syrien &#8211; Kreuze in D"},"content":{"rendered":"<p>Vielleicht ist dieser <a title=\"Weihnachten\" href=\"https:\/\/www.freiburg-schwarzwald.de\/blog\/religion\/kirchen\/weihnachten\/\">Advent<\/a> die geeignete <a title=\"Ehrlichkeit\" href=\"https:\/\/www.freiburg-schwarzwald.de\/blog\/engagement\/zukunft\/ehrlichkeit\/\">Zeit<\/a>, an die <a title=\"Orientchristen\" href=\"https:\/\/www.freiburg-schwarzwald.de\/blog\/religion\/christen\/orientchristen\/\">Christen<\/a> in <a title=\"Syrien\" href=\"https:\/\/www.freiburg-schwarzwald.de\/blog\/global\/syrien\/\">Syrien<\/a> zu erinnern und an das Schicksal, das sie erlitten. W\u00e4hrend in <a title=\"Islam-Deutschland\" href=\"https:\/\/www.freiburg-schwarzwald.de\/blog\/religion\/islam\/islam-deutschland\/\">Deutschland <\/a>straff\u00e4llig gewordene <a title=\"Fluechtlinge-Kriminalitaet\" href=\"https:\/\/www.freiburg-schwarzwald.de\/blog\/global\/integration\/fluechtlinge-kriminalitaet\/\">Syrer<\/a> nicht abgeschoben werden d\u00fcrfen, kommt von dort der Aufruf: \u201eIch m\u00f6chte unsere <a title=\"Christenverfolgung\" href=\"https:\/\/www.freiburg-schwarzwald.de\/blog\/religion\/christen\/christenverfolgung\/\">syrischen Schwestern<\/a> und <a title=\"Migration-Maenner\" href=\"https:\/\/www.freiburg-schwarzwald.de\/blog\/global\/migration\/migration-maenner\/\">Br\u00fcder<\/a> auffordern, zur\u00fcckzukommen, und sich am <a title=\"Syrien Afghanistan \u2013 zwei Kriege\" href=\"https:\/\/www.freiburg-schwarzwald.de\/blog\/syrien-afghanistan-zwei-kriege\/\">Wieder-Aufbau<\/a> unseres Landes zu beteiligen.\u201c<br \/>\n.<br \/>\n<!--more-->\u201eWozu brauchen wir \u00fcberhaupt <a title=\"Glottertal Rundwege Wegkreuze\" href=\"https:\/\/www.freiburg-schwarzwald.de\/blog\/glottertal-rundwege-wegkreuze\/\">Gipfelkreuze<\/a>\u201c, fragte die SZ h\u00f6hnisch. Die <a title=\"Kreuze\" href=\"https:\/\/www.freiburg-schwarzwald.de\/blog\/religion\/kreuze\/\">Kreuzfrage<\/a> stellt sich in Syrien, in Deutschland auch, aber anders.<br \/>\n\u201eWozu <a title=\"Wangler-Kreuz\" href=\"https:\/\/www.freiburg-schwarzwald.de\/blog\/religion\/kreuze\/wangler-kreuz\/\">Kreuze<\/a>\u201c fragte sich eigentlich die ganze <a title=\"Christlich-deutscher Unglaube\" href=\"https:\/\/www.freiburg-schwarzwald.de\/blog\/christlich-deutscher-unglaube\/\">deutsche Amtskirche<\/a>, deren Kardinal Marx sein <a title=\"Kreuze von Franz Gutmann\" href=\"https:\/\/www.freiburg-schwarzwald.de\/blog\/kreuze-von-franz-gutmann\/\">Kreuz<\/a> versteckte, um die muslimischen Gastgeber auf dem Tempelberg in <a title=\"Jerusalem\" href=\"https:\/\/www.freiburg-schwarzwald.de\/blog\/religion\/jerusalem\/\">Jerusalem<\/a> nicht zu verst\u00f6ren. Das <a title=\"Kreuze\" href=\"https:\/\/www.freiburg-schwarzwald.de\/blog\/religion\/kreuze\/\">Kreuz der Christen<\/a> und ihre Qual kam in den Jahren des islamischen Gemetzels an ihnen eher selten in den Predigten bei uns vor. Wohl aber, paradoxerweise, das Leiden der Fl\u00fcchtlinge im <a title=\"Sozialstaat\" href=\"https:\/\/www.freiburg-schwarzwald.de\/blog\/selbsthilfe\/soziales\/sozialstaat\/\">deutschen Wohlfahrtsstaat<\/a>, unter die sich nicht wenige IS-K\u00e4mper gemischt hatten.<\/p>\n<p>Lieber stellte sich Kardinal Woelki in ein Fl\u00fcchtlingsboot, um in einem theatralischen Jesus-Stunt wie auf dem <a title=\"Genezareth\" href=\"https:\/\/www.freiburg-schwarzwald.de\/blog\/global\/israel\/israel2013\/genezareth\/\">See Genezareth<\/a> Sanftheit und Verst\u00e4ndnis zu predigen, besonders im Umgang mit jenen islamischen Bodybuildern, die in der Silvesternacht auf seiner Domplatte Jagd auf Frauen machten.<br \/>\n.<br \/>\nNun, die <a title=\"Katholisch\" href=\"https:\/\/www.freiburg-schwarzwald.de\/blog\/religion\/katholisch\/\">deutsche Kirche<\/a> hat ohnehin ausgespielt als moralische und bekennende Autorit\u00e4t, sie ist ein ideologischer, staatlich gef\u00fctterter Karneval-Verein, der gerade dabei ist, in seinem Missbrauchssumpf zu versinken, nicht ohne \u00fcber seinen \u00c4ltestenrat, den sogenannten Zentralrat der Katholiken (ZdK), die erprobten Warnungen vor der AfD auszusprechen, kaum noch brauchbar, auch nicht als Entlastung f\u00fcr <a title=\"Merkelismus\" href=\"https:\/\/www.freiburg-schwarzwald.de\/blog\/engagement\/zukunft\/demokratie\/merkelismus\/\">Kanzlerin Merkel<\/a> und ihre autorit\u00e4re Entgrenzungspolitik, die auf zunehmende Widerst\u00e4nde bei den W\u00e4hlern st\u00f6\u00dft.<br \/>\nIch meine, wer nimmt noch eine Kirche mit einem immerhin 2000-j\u00e4hrigen Kult ernst, wenn es die Priester selber nicht mehr tun, wie jener im Ruhrgebiet, der aus Protest gegen diese Oppositionspartei am Altar im Kopftuch zelebrierte?<br \/>\n&#8230; Alles vom 2.12.2018 von Matthias Matussek bitte lesen auf<br \/>\n<a href=\"https:\/\/www.tichyseinblick.de\/kolumnen\/aus-aller-welt\/die-syrien-katastrophe-und-die-christen\/\">https:\/\/www.tichyseinblick.de\/kolumnen\/aus-aller-welt\/die-syrien-katastrophe-und-die-christen\/<br \/>\n<\/a>.<br \/>\nMatthias Matussek, geb. 1954 in M\u00fcnster, ist Journalist, Publizist und Autorvon rund zwei Dutzend B\u00fcchern, darunter einige Bestseller. Von 1987 bis 2013 arbeitete er f\u00fcr den \u201eSpiegel\u201c, u.a. als Korrespondent jn New York, Rio de Janeiro und London, sowie als Leiter des Kulturressorts. Ab 2013 bis 2015 arbeitete er als Kolumnist der Tageszeitung \u201eDie Welt\u201c, danach freier Autor u.a. f\u00fcr die \u201eWeltwoche\u201c und den \u201eFocus\u201c.<br \/>\n<a href=\"https:\/\/www.matthias-matussek.de\/\">https:\/\/www.matthias-matussek.de\/<\/a><br \/>\n.<\/p>\n<p><strong>Toleranz?<\/strong><br \/>\n\u201eIhr m\u00fcsst feste und mutige Entscheidungen treffen, auch um den Preis, Euren Prinzipien zu widersprechen.\u201c Nein, wir m\u00fcssten daf\u00fcr nicht einmal unseren \u201ePrinzipen\u201c widersprechen: \u201eIm Namen der Toleranz sollten wir uns das Recht vorbehalten, die Intoleranz nicht zu tolerieren.\u201c \u2013 Sir Karl Popper<br \/>\n2.12.2018, Jens Fritsch, TO<\/p>\n","protected":false},"excerpt":{"rendered":"<p>Vielleicht ist dieser Advent die geeignete Zeit, an die Christen in Syrien zu erinnern und an das Schicksal, das sie erlitten. W\u00e4hrend in Deutschland straff\u00e4llig gewordene Syrer nicht abgeschoben werden d\u00fcrfen, kommt von dort der Aufruf: \u201eIch m\u00f6chte unsere syrischen &hellip; <a href=\"https:\/\/www.freiburg-schwarzwald.de\/blog\/kreuze-in-syrien-kreuze-in-d\/\">Weiterlesen <span class=\"meta-nav\">&rarr;<\/span><\/a><\/p>\n","protected":false},"author":2,"featured_media":0,"comment_status":"open","ping_status":"closed","sticky":false,"template":"","format":"standard","meta":{"footnotes":""},"categories":[14,155,261,13,19,172],"tags":[421,503,622],"class_list":["post-69302","post","type-post","status-publish","format-standard","hentry","category-global","category-integration","category-katholisch","category-kultur","category-religion","category-zukunft","tag-islam","tag-church","tag-migration"],"_links":{"self":[{"href":"https:\/\/www.freiburg-schwarzwald.de\/blog\/wp-json\/wp\/v2\/posts\/69302","targetHints":{"allow":["GET"]}}],"collection":[{"href":"https:\/\/www.freiburg-schwarzwald.de\/blog\/wp-json\/wp\/v2\/posts"}],"about":[{"href":"https:\/\/www.freiburg-schwarzwald.de\/blog\/wp-json\/wp\/v2\/types\/post"}],"author":[{"embeddable":true,"href":"https:\/\/www.freiburg-schwarzwald.de\/blog\/wp-json\/wp\/v2\/users\/2"}],"replies":[{"embeddable":true,"href":"https:\/\/www.freiburg-schwarzwald.de\/blog\/wp-json\/wp\/v2\/comments?post=69302"}],"version-history":[{"count":0,"href":"https:\/\/www.freiburg-schwarzwald.de\/blog\/wp-json\/wp\/v2\/posts\/69302\/revisions"}],"wp:attachment":[{"href":"https:\/\/www.freiburg-schwarzwald.de\/blog\/wp-json\/wp\/v2\/media?parent=69302"}],"wp:term":[{"taxonomy":"category","embeddable":true,"href":"https:\/\/www.freiburg-schwarzwald.de\/blog\/wp-json\/wp\/v2\/categories?post=69302"},{"taxonomy":"post_tag","embeddable":true,"href":"https:\/\/www.freiburg-schwarzwald.de\/blog\/wp-json\/wp\/v2\/tags?post=69302"}],"curies":[{"name":"wp","href":"https:\/\/api.w.org\/{rel}","templated":true}]}}