{"id":69146,"date":"2018-11-27T13:39:38","date_gmt":"2018-11-27T12:39:38","guid":{"rendered":"https:\/\/www.freiburg-schwarzwald.de\/blog\/?p=69146"},"modified":"2018-12-10T11:14:03","modified_gmt":"2018-12-10T10:14:03","slug":"fessenheim-abschaltung-2020","status":"publish","type":"post","link":"https:\/\/www.freiburg-schwarzwald.de\/blog\/fessenheim-abschaltung-2020\/","title":{"rendered":"Fessenheim-Abschaltung 2020"},"content":{"rendered":"<div class=\"moz-forward-container\">\n<div class=\"moz-forward-container\">\n<div class=\"moz-forward-container\">\n<p>Das alte franz\u00f6sische <a title=\"Atomkraftwerk Fessenheim bleibt\" href=\"https:\/\/www.freiburg-schwarzwald.de\/blog\/atomkraftwerk-fessenheim-bleibt\/\">Atomkraftwerk Fessenheim<\/a> wird nach Angaben von <a title=\"France\" href=\"https:\/\/www.freiburg-schwarzwald.de\/blog\/global\/france\/\">Frankreichs<\/a> Staatspr\u00e4sident Macron im Jahr 2020 abgeschaltet. F\u00fcr die <a title=\"Buergerinitiativen\" href=\"https:\/\/www.freiburg-schwarzwald.de\/blog\/engagement\/buergerinitiativen\/\">Bev\u00f6lkerung<\/a> und den <a title=\"BUND\" href=\"https:\/\/www.freiburg-schwarzwald.de\/blog\/natur\/umwelt\/bund\/\">BUND<\/a> am Oberrhein ist das nun die <a title=\"Fessenheim AKW-Unfall no info\" href=\"https:\/\/www.freiburg-schwarzwald.de\/blog\/fessenheim-akw-unfall-no-info\/\">neunte Ank\u00fcndigung<\/a> eines Abschalttermins f\u00fcr das \u00e4lteste <a title=\"AKW Fessenheim Bedrohung FR\" href=\"https:\/\/www.freiburg-schwarzwald.de\/blog\/akw-fessenheim-bedrohung-fr\/\">AKW Frankreichs<\/a>. Bei der vorletzten Ank\u00fcndigung hatten wir &#8222;ein neues, rechtlich wasserdichtes Dekret&#8220; von Herrn Macron verlangt.<br \/>\n.<br \/>\nDie Ank\u00fcndigung des franz\u00f6sischen Pr\u00e4sidenten (die hoffentlich f\u00fcr beide <a title=\"AKW\" href=\"https:\/\/www.freiburg-schwarzwald.de\/blog\/energie\/akw\/\">Reaktoren<\/a> gilt)\u00a0 nehmen wir zwischenzeitlich erfreut-hoffnungsfroh-illusionslos zu Kenntnis. Wir halten einen Abschalttermin 2020 f\u00fcr m\u00f6glich und wir hoffen, dass die beiden alten Reaktoren so lange durchhalten. Die Gefahr eines extrem schweren Unfalls ist aber erst gebannt, wenn die Reaktordruckbeh\u00e4lter und die extrem unsicheren Zwischenlagerbecken entleert sind. Es freut uns, dass auch andere franz\u00f6sische\u00a0 Reaktoren abgeschaltet werden sollen.<br \/>\nWir w\u00fcrden uns auch sehr freuen, Sie zuk\u00fcnftig nicht mehr mit Presseerkl\u00e4rungen zu diesem Thema qu\u00e4len zu m\u00fcssen.<br \/>\nAxel Mayer, BUND-Gesch\u00e4ftsf\u00fchrer<br \/>\n<a class=\"moz-txt-link-freetext\" href=\"https:\/\/www.bund-rvso.de\/fessenheim-abschaltung.html\">https:\/\/www.bund-rvso.de\/fessenheim-abschaltung.html<br \/>\n<\/a>27.11.2018<\/p>\n<p>&nbsp;<\/p>\n<p>&nbsp;<\/p>\n<p><strong>Freude erst wenn kein Strom mehr erzeigt wird<\/strong><br \/>\nDie Medienberichte \u00fcbertrafen sich und auch die Politiker meldeten sich wieder reihenweise zu Wort: Es lebe die Schlagzeile. Doch was ist die Ank\u00fcndigung aus Paris, das Akw Fessenheim zu schlie\u00dfen, wert? War da nicht ein franz\u00f6sischer Pr\u00e4sident, der 2012 mit felsenfester \u00dcberzeugung die endg\u00fcltige Schlie\u00dfung f\u00fcr 2016 versprochen hatte? War da nicht ein Brief aus Paris, der als Abschalttermin Dezember 2018 \/ Januar 2019 anvisiert hatte?<br \/>\nIst da nicht die Auflage der ASN von 2012, ohne wichtige Nachr\u00fcstungen kein Weiterbetrieb \u00fcber 2018 hinaus? Ist da nicht immer noch eine EDF, die all das ignoriert und nur ihre eigenen Interessen verfolgt?<br \/>\nUnd eine ASN, die willig nachgibt, wenn eigens von ihr aufgestellte Nachr\u00fcstungsziele und Sicherheitsvorschriften nicht eingehalten werden? Ist da nicht eine Bundesregierung, die sich ziert, die Lieferungen von Brennelementen aus Lingen ins Akw Fessenheim zu stoppen?<br \/>\nIst da nicht ein Bundesumweltministerium, bei dem in dieser Legislaturperiode das Akw Fessenheim kein Thema gewesen ist?<br \/>\nFakt ist: Das Akw Fessenheim soll unsere Region und damit das Herz Europas noch ein paar Jahre l\u00e4nger bedrohen. Fakt ist, dass nach zwei Tagen Aufhorchen gleich wieder der normale Alltag eingekehrt ist. Darum, liebe Medien und Politiker: Hebt eure Schlagzeilen f\u00fcr sp\u00e4ter auf. Erst wenn beide Meiler im Akw Fessenheim keinen Strom mehr produzieren und f\u00fcr die endg\u00fcltige Stilllegung vorbereitet werden, ist Zeit zur Freude. Bis es nicht so weit ist, darf der Druck nicht nachlassen.<br \/>\n10.12.2018, Gustav Rosa, Breisach, BZ<\/p>\n<p>&nbsp;<\/p>\n<\/div>\n<\/div>\n<\/div>\n<p><!--more--><\/p>\n<p><!--more--><\/p>\n<p><!--more--><\/p>\n<p><!--more--><\/p>\n<p><!--more--><\/p>\n<p><!--more--><\/p>\n<p><!--more--><\/p>\n","protected":false},"excerpt":{"rendered":"<p>Das alte franz\u00f6sische Atomkraftwerk Fessenheim wird nach Angaben von Frankreichs Staatspr\u00e4sident Macron im Jahr 2020 abgeschaltet. F\u00fcr die Bev\u00f6lkerung und den BUND am Oberrhein ist das nun die neunte Ank\u00fcndigung eines Abschalttermins f\u00fcr das \u00e4lteste AKW Frankreichs. Bei der vorletzten &hellip; <a href=\"https:\/\/www.freiburg-schwarzwald.de\/blog\/fessenheim-abschaltung-2020\/\">Weiterlesen <span class=\"meta-nav\">&rarr;<\/span><\/a><\/p>\n","protected":false},"author":2,"featured_media":0,"comment_status":"open","ping_status":"closed","sticky":false,"template":"","format":"standard","meta":{"footnotes":""},"categories":[164,355,191,5,11,132,68],"tags":[640,163,151,432,723],"class_list":["post-69146","post","type-post","status-publish","format-standard","hentry","category-akw","category-buergerinitiativen","category-elsass","category-energie","category-regio","category-strom","category-umwelt","tag-akw-2","tag-atomkraft","tag-erneuerbare-energien","tag-regional","tag-strom"],"_links":{"self":[{"href":"https:\/\/www.freiburg-schwarzwald.de\/blog\/wp-json\/wp\/v2\/posts\/69146","targetHints":{"allow":["GET"]}}],"collection":[{"href":"https:\/\/www.freiburg-schwarzwald.de\/blog\/wp-json\/wp\/v2\/posts"}],"about":[{"href":"https:\/\/www.freiburg-schwarzwald.de\/blog\/wp-json\/wp\/v2\/types\/post"}],"author":[{"embeddable":true,"href":"https:\/\/www.freiburg-schwarzwald.de\/blog\/wp-json\/wp\/v2\/users\/2"}],"replies":[{"embeddable":true,"href":"https:\/\/www.freiburg-schwarzwald.de\/blog\/wp-json\/wp\/v2\/comments?post=69146"}],"version-history":[{"count":0,"href":"https:\/\/www.freiburg-schwarzwald.de\/blog\/wp-json\/wp\/v2\/posts\/69146\/revisions"}],"wp:attachment":[{"href":"https:\/\/www.freiburg-schwarzwald.de\/blog\/wp-json\/wp\/v2\/media?parent=69146"}],"wp:term":[{"taxonomy":"category","embeddable":true,"href":"https:\/\/www.freiburg-schwarzwald.de\/blog\/wp-json\/wp\/v2\/categories?post=69146"},{"taxonomy":"post_tag","embeddable":true,"href":"https:\/\/www.freiburg-schwarzwald.de\/blog\/wp-json\/wp\/v2\/tags?post=69146"}],"curies":[{"name":"wp","href":"https:\/\/api.w.org\/{rel}","templated":true}]}}