{"id":69117,"date":"2018-11-26T20:42:41","date_gmt":"2018-11-26T19:42:41","guid":{"rendered":"https:\/\/www.freiburg-schwarzwald.de\/blog\/?p=69117"},"modified":"2018-11-27T13:26:00","modified_gmt":"2018-11-27T12:26:00","slug":"eine-einladung-an-alle-der-gcm","status":"publish","type":"post","link":"https:\/\/www.freiburg-schwarzwald.de\/blog\/eine-einladung-an-alle-der-gcm\/","title":{"rendered":"Eine Einladung an alle: der GCM"},"content":{"rendered":"<p>Der Migrationspakt \u2013 eine <a title=\"Migration-Maenner\" href=\"https:\/\/www.freiburg-schwarzwald.de\/blog\/global\/migration\/migration-maenner\/\">Einladung<\/a> an alle: \u201eWenn die <a title=\"Merkel u. EU gegen Rechtsstaat\" href=\"https:\/\/www.freiburg-schwarzwald.de\/blog\/merkel-u-eu-gegen-rechtsstaat\/\">Kanzlerin<\/a> klug ist, wird sie sich danach so schnell wie m\u00f6glich aus der aktiven Politik zur\u00fcckziehen, um die Folgen des <a title=\"Global-Migration\" href=\"https:\/\/www.freiburg-schwarzwald.de\/blog\/global\/globalisierung\/global-migration\/\">Migrationspaktes<\/a> nicht mehr in Amt und W\u00fcrden miterleben zu m\u00fcssen. Denn nach dem &#8222;<a title=\"Fluechtlinge\" href=\"https:\/\/www.freiburg-schwarzwald.de\/blog\/global\/integration\/fluechtlinge\/\">Strom der Asylbewerber<\/a> d\u00fcrfte es jetzt zu einem <a title=\"V\u00f6lkerrechtliche Wirkungen\" href=\"https:\/\/www.freiburg-schwarzwald.de\/blog\/voelkerrechtliche-wirkungen\/\">weiteren Strom<\/a> kommen, dem der <a title=\"Fluechtlinge-Arbeit\" href=\"https:\/\/www.freiburg-schwarzwald.de\/blog\/global\/integration\/fluechtlinge-arbeit\/\">Migranten<\/a> aus <a title=\"Armutszuwanderung\" href=\"https:\/\/www.freiburg-schwarzwald.de\/blog\/global\/integration\/armutszuwanderung\/\">wirtschaftlichen Gr\u00fcnden<\/a>\u201c.<br \/>\n.<br \/>\n<!--more--><br \/>\nDiesen deutlichen Rat geben der \u201eWelt\u201c-Herausgeber Stefan Aust und der Investigativjournalist Helmar B\u00fcchel der <a title=\"Merkelismus\" href=\"https:\/\/www.freiburg-schwarzwald.de\/blog\/engagement\/zukunft\/demokratie\/merkelismus\/\">Bundeskanzlerin<\/a> <a title=\"Merkel-muss-weg\" href=\"https:\/\/www.freiburg-schwarzwald.de\/blog\/engagement\/zukunft\/demokratie\/merkel-muss-weg\/\">Angela Merkel<\/a> in ihrer detaillierten Analyse des <a title=\"\u00d6sterreich ist frei \u2013 gegen GCM\" href=\"https:\/\/www.freiburg-schwarzwald.de\/blog\/oesterreich-ist-frei-gegen-gcm\/\">UN-Migrationspakts<\/a> bzw. &#8222;Global Compact for Migration&#8220; (GCM). Hier einige Zitate aus der Analyse:<\/p>\n<p>Der <a title=\"Palmer: Migrationspakt so nicht\" href=\"https:\/\/www.freiburg-schwarzwald.de\/blog\/palmer-migrationspakt-so-nicht\/\">UN-Migrationspakt<\/a> mache die Unterscheidung von Asyl- und Armutsmigration hinf\u00e4llig, denn er weite &#8222;de facto die Rechte von Asylsuchenden und Kriegsfl\u00fcchtlingen auf all jene aus, die aus \u2013 nachvollziehbaren \u2013 wirtschaftlichen Gr\u00fcnden ihre Heimatl\u00e4nder verlassen und ihr Wohl in den reichen Regionen der Welt, vornehmlich in Europa suchen\u201c.<\/p>\n<p>\u201eDas sogenannte <a title=\"Kontrollierte-Grenzen\" href=\"https:\/\/www.freiburg-schwarzwald.de\/blog\/global\/migration\/kontrollierte-grenzen\/\">\u201aSelbsteintrittsrecht\u2018<\/a> eines EU-Staates, als Ausnahmeregelung konzipiert, wurde zur Regel\u201c, d.h. an der Grenze gebe es keine Abweisung mehr. &#8222;Zwar wurden schon vorher keine Asylbewerber aufgehalten, die unerlaubt nach Deutschland weiterreisten. Doch Merkel erteilte dieser illegalen Masseneinwanderung den regierungsamtlichen Segen.\u201c<br \/>\nDie <a title=\"Medienvielfalt\" href=\"https:\/\/www.freiburg-schwarzwald.de\/blog\/kultur\/medien\/medienvielfalt\/\">Medien<\/a> sollen offensichtlich gelenkt berichten: &#8222;Unter voller Achtung der Medienfreiheit\u201c sollten diese gesteuert werden \u201edurch Sensibilisierung und Aufkl\u00e4rung von Medienschaffenden hinsichtlich Migrationsfragen\u201c, durch \u201eInvestitionen in ethische Standards der Berichterstattung\u201c und durch \u201eEinstellung der \u00f6ffentlichen Finanzierung oder materiellen Unterst\u00fctzung von Medien, die systematisch Intoleranz, Fremdenfeindlichkeit, Rassismus und andere Formen der Diskriminierung gegen\u00fcber Migranten f\u00f6rdern\u201c.<\/p>\n<p>Die Welt-Autoren Aust und B\u00fcchel verweisen auf die im <a title=\"UN-Fl\u00fcchtlingspakt\" href=\"https:\/\/www.freiburg-schwarzwald.de\/blog\/global\/migration\/un-fluechtlingspakt\/\">GCM<\/a> vorgegebenen Verpflichtungen von Deutschland als Zielland: &#8222;Die Regelungen beschreiben \u00fcberwiegend eine Bringschuld des Ziellandes, das den Migranten einen Status einr\u00e4umen soll, der sich kaum von dem eines anerkannten Asylbewerbers oder eines Kriegsfl\u00fcchtlings unterscheidet. Er erweckt in weiten Teilen den Eindruck, als sei Migration ein allgemeines Menschenrecht, er listet so viele Schutzregeln und Hilfsversprechen f\u00fcr regul\u00e4re und illegale Migranten auf, dass die Zielstaaten praktisch jeden Ankommenden rundum versorgen, sch\u00fctzen und unterhalten m\u00fcssen.\u201c<br \/>\n.<br \/>\nAuf Gr\u00fcnde zur Migration wie Korruption, <a title=\"Religionskrieg\" href=\"https:\/\/www.freiburg-schwarzwald.de\/blog\/religion\/religionskrieg\/\">Religionsverfolgung<\/a>, B\u00fcrgerkrieg, Y<a title=\"Youth-Bulges\" href=\"https:\/\/www.freiburg-schwarzwald.de\/blog\/engagement\/zukunft\/krieg\/youth-bulges\/\">outh Bulges<\/a> und Regime-Changes geht der GCM nicht ein: &#8222;Der Pakt geht von einer Gleichrangigkeit der Sitten, Gebr\u00e4uche, Rechtsformen, von Demokratieverst\u00e4ndnis und kulturellen und gesellschaftlichen Verhaltensformen in den gastgebenden L\u00e4ndern und denen der Migranten aus. Er unterschl\u00e4gt in seinem gut gemeinten Regelungswahn die Realit\u00e4t der gegenw\u00e4rtigen Migration und ihrer Schattenseiten.\u201c<br \/>\n.<br \/>\nDer UN-Migrationspakt sei &#8222;<strong><em>eine Einladung an die Herkunftsstaaten, ihre internen Probleme wie Arbeitslosigkeit, Wohnungsnot, Menschenrechte, Bev\u00f6lkerungswachstum, Korruption, Devisenknappheit et cetera durch den Export von Teilen ihrer Bev\u00f6lkerung zu l\u00f6sen\u201c<\/em><\/strong>.<br \/>\n.<br \/>\nDie Bed\u00fcrfnisse des Ziellandes bleiben im GCM unerw\u00e4hnt &#8222;auch nicht die Gesamtzahl der Zuwanderer oder der Einreisenden aus bestimmten Regionen oder der Stand der Integration, die M\u00f6glichkeiten f\u00fcr Berufsausbildung oder Besch\u00e4ftigung oder die Ber\u00fccksichtigung des zur Verf\u00fcgung stehenden Umfanges an Sozialleistungen oder Wohnraum. Es ist ein beispielloses Einwanderungsprogramm ohne Grenzen, eine Einladung an alle.\u201c<\/p>\n<p>In dieser Deutlichkeit wurde der geplante UN-Migrationspakt von noch keiner Zeitung der sog. Leitmedien bzw. <a title=\"Mainstream\" href=\"https:\/\/www.freiburg-schwarzwald.de\/blog\/kultur\/medien\/mainstream\/\">Mainstream-Medien<\/a> nach fundierter Analyse abgelehnt.<br \/>\n&#8230; Alles von Stefan Aust und Helmar B\u00fcchel zu &#8222;Der Migrationspakt \u2013 eine Einladung an alle&#8220; vom 26.11.2018 bitte lesen auf<br \/>\n<a href=\"https:\/\/www.welt.de\/politik\/deutschland\/plus184409944\/Stefan-Aust-Der-Migrationspakt-eine-Einladung-an-alle.html\">https:\/\/www.welt.de\/politik\/deutschland\/plus184409944\/Stefan-Aust-Der-Migrationspakt-eine-Einladung-an-alle.html<\/a><\/p>\n<p>&nbsp;<\/p>\n<p><strong>Anti-AfD-Reflex verhindert Debatte zum Migrationspakt im Bundestag<\/strong><br \/>\nDie auf Antrag der AfD im Bundestag einberufene Diskussion\u00a0zum Migrationspakt entlarvte die gewohnte<a title=\"Dummheit\" href=\"https:\/\/www.freiburg-schwarzwald.de\/blog\/engagement\/zukunft\/dummheit\/\">\u00a0intellektuelle Bequemlichkeit<\/a>\u00a0im Deutschen Parlament, bei der\u00a0die\u00a0<a title=\"Eliten\" href=\"https:\/\/www.freiburg-schwarzwald.de\/blog\/engagement\/zukunft\/demokratie\/eliten\/\">Parlamentarier<\/a>\u00a0von CDUGR\u00dcNESPDLINKEFDP glauben, mit einem\u00a0<a title=\"Bundestag\" href=\"https:\/\/www.freiburg-schwarzwald.de\/blog\/engagement\/zukunft\/demokratie\/bundestag\/\">Anti-AfD-Reflex<\/a>\u00a0seien sie f\u00fcr solche Debatten hinreichend ger\u00fcstet. Der Reflex:<br \/>\n<em>Da ich NICHT auf der Seite der AfD stehe, <\/em><br \/>\n<em>stehe ich auf der richtigen Seite.<\/em><br \/>\n<em>Deshalb ist es nicht notwendig, <\/em><br \/>\n<em>mich mit dem Sachinhalt genauer zu befassen.<\/em><\/p>\n<p>Dementsprechend langweilig verlief die einst\u00fcndige\u00a0<a title=\"Diskussionskultur\" href=\"https:\/\/www.freiburg-schwarzwald.de\/blog\/kultur\/medien\/diskussionskultur\/\">Debatte<\/a>\u00a0zum Migrationspakt im Bundestag. AfD dagegen, deshalb alle anderen daf\u00fcr. Als AfD-Chef Alexander Gauland\u00a0zum UN-Migrationspakt sprach, wurde ostentativ weggeh\u00f6rt, telefoniert, geschrieben, usw. Dabei war seine Rede durchaus sachlich fundiert. Und die anschlie\u00dfenden Redebeitr\u00e4ge der Blockparteien offenbarten\u00a0eine erschreckende Argumentationsarmut der Gegner der AfD.<br \/>\nBeispiel Frank Steffel (CDU): &#8222;Wer zustimmt, dient Deutschland, und wer plump ablehnt, schadet Deutschland&#8220;.<br \/>\nBeispiel Claudia Moll (SPD): &#8222;Ich <a title=\"Naivitaet\" href=\"https:\/\/www.freiburg-schwarzwald.de\/blog\/engagement\/zukunft\/demokratie\/naivitaet\/\">sch\u00e4me mich<\/a> so etwas von fremd, dass wir diesen Antrag in diesem Haus besprechen m\u00fcssen.&#8220;<br \/>\nBeispiel Katarina Barley (SPD): &#8222;Wer den Pakt\u00a0nicht verabschiedet, sucht die N\u00e4he zu AfD, Trump, Orban und Kurz.&#8220;<br \/>\nMan stelle sich vor: Nur weil die AfD die Fragestunde zum Migrationspakt eingebracht hat, mu\u00df man sich im Deutschen Bundestag sch\u00e4men, \u00fcber den &#8222;Global Compact for Migration&#8220; zu diskutieren!<\/p>\n<p>25.11.2018, K.Baumann<\/p>\n<p>.<\/p>\n","protected":false},"excerpt":{"rendered":"<p>Der Migrationspakt \u2013 eine Einladung an alle: \u201eWenn die Kanzlerin klug ist, wird sie sich danach so schnell wie m\u00f6glich aus der aktiven Politik zur\u00fcckziehen, um die Folgen des Migrationspaktes nicht mehr in Amt und W\u00fcrden miterleben zu m\u00fcssen. Denn &hellip; <a href=\"https:\/\/www.freiburg-schwarzwald.de\/blog\/eine-einladung-an-alle-der-gcm\/\">Weiterlesen <span class=\"meta-nav\">&rarr;<\/span><\/a><\/p>\n","protected":false},"author":2,"featured_media":0,"comment_status":"open","ping_status":"closed","sticky":false,"template":"","format":"standard","meta":{"footnotes":""},"categories":[79,14,155,162,60,80,9],"tags":[327,633,672,622,525],"class_list":["post-69117","post","type-post","status-publish","format-standard","hentry","category-arbeit","category-global","category-integration","category-internet","category-jugend","category-medien","category-soziales","tag-demografie","tag-demokratie","tag-fluechtling","tag-migration","tag-politik"],"_links":{"self":[{"href":"https:\/\/www.freiburg-schwarzwald.de\/blog\/wp-json\/wp\/v2\/posts\/69117","targetHints":{"allow":["GET"]}}],"collection":[{"href":"https:\/\/www.freiburg-schwarzwald.de\/blog\/wp-json\/wp\/v2\/posts"}],"about":[{"href":"https:\/\/www.freiburg-schwarzwald.de\/blog\/wp-json\/wp\/v2\/types\/post"}],"author":[{"embeddable":true,"href":"https:\/\/www.freiburg-schwarzwald.de\/blog\/wp-json\/wp\/v2\/users\/2"}],"replies":[{"embeddable":true,"href":"https:\/\/www.freiburg-schwarzwald.de\/blog\/wp-json\/wp\/v2\/comments?post=69117"}],"version-history":[{"count":0,"href":"https:\/\/www.freiburg-schwarzwald.de\/blog\/wp-json\/wp\/v2\/posts\/69117\/revisions"}],"wp:attachment":[{"href":"https:\/\/www.freiburg-schwarzwald.de\/blog\/wp-json\/wp\/v2\/media?parent=69117"}],"wp:term":[{"taxonomy":"category","embeddable":true,"href":"https:\/\/www.freiburg-schwarzwald.de\/blog\/wp-json\/wp\/v2\/categories?post=69117"},{"taxonomy":"post_tag","embeddable":true,"href":"https:\/\/www.freiburg-schwarzwald.de\/blog\/wp-json\/wp\/v2\/tags?post=69117"}],"curies":[{"name":"wp","href":"https:\/\/api.w.org\/{rel}","templated":true}]}}