{"id":69024,"date":"2018-11-21T15:00:08","date_gmt":"2018-11-21T14:00:08","guid":{"rendered":"https:\/\/www.freiburg-schwarzwald.de\/blog\/?p=69024"},"modified":"2018-11-24T21:14:52","modified_gmt":"2018-11-24T20:14:52","slug":"der-stolz-der-freiburger","status":"publish","type":"post","link":"https:\/\/www.freiburg-schwarzwald.de\/blog\/der-stolz-der-freiburger\/","title":{"rendered":"Der Stolz der Freiburger"},"content":{"rendered":"<p>&#8222;<em>Wissen Sie, es passieren viele schlimme Sachen. Die <a title=\"Freiburg\" href=\"https:\/\/www.freiburg-schwarzwald.de\/blog\/regio\/freiburg\/\">Freiburger<\/a> haben sich nach den Vorf\u00e4llen doch auch nicht den Stolz nehmen lassen. Das sollte doch ein Vorbild f\u00fcr die <a title=\"Chemnitz-Messermord26-08-2018\" href=\"https:\/\/www.freiburg-schwarzwald.de\/blog\/engagement\/zukunft\/demokratie\/chemnitz-messermord26-08-2018\/\">Chemnitzer<\/a> sein.&#8220;<\/em>\u00a0Dies sagte Bundeskanzlerin Angela Merkel am 16.11.2018 bei ihrem Besuch in Chemnitz zur <a title=\"Migration-Maenner\" href=\"https:\/\/www.freiburg-schwarzwald.de\/blog\/global\/migration\/migration-maenner\/\">Migrantenkriminalit\u00e4t<\/a> &#8211; ein gutes Vierteljahr nach dem <a title=\"Chemnitz: Hetzjagd war L\u00fcge\" href=\"https:\/\/www.freiburg-schwarzwald.de\/blog\/chemnitz-hetzjagd-war-luege\/\">Messermord<\/a> an Daniel Hillig.<!--more--><\/p>\n<p>&#8222;Vorf\u00e4lle&#8220; und &#8222;Stolz&#8220; im Zusammenhang mit so unvorstellbar grausamen Straftaten, diese Wortwahl der <a title=\"Merkelismus\" href=\"https:\/\/www.freiburg-schwarzwald.de\/blog\/engagement\/zukunft\/demokratie\/merkelismus\/\">Kanzlerin<\/a> macht einfach sprachlos.<br \/>\n.<br \/>\n<em><strong>Vorf\u00e4lle passieren:<\/strong><\/em> \u00dcber 10 (wieviele?) Migranten <a title=\"Gruppenvergewaltigung\" href=\"https:\/\/www.freiburg-schwarzwald.de\/blog\/selbsthilfe\/krise\/sexuellermissbrauch\/gruppenvergewaltigung\/\">vergewaltigen<\/a> \u00fcber 4 Stunden hinweg eine wehrlose 18-j\u00e4hrige Frau. In Freiburg im Geb\u00fcsch neben einer Disco. Zwei (oder mehr?) Migranten. schlachten den <a title=\"Chemnitz-Messermord26-08-2018\" href=\"https:\/\/www.freiburg-schwarzwald.de\/blog\/engagement\/zukunft\/demokratie\/chemnitz-messermord26-08-2018\/\">35-j\u00e4hrigen Daniel Hillig<\/a> mit ca 20 (wieviele genau?) <a title=\"Messerstecher\" href=\"https:\/\/www.freiburg-schwarzwald.de\/blog\/selbsthilfe\/soziales\/justiz\/messerstecher\/\">Messerstichen<\/a> regelrecht ab. In Chemnitz auf offener Strasse. F\u00fcr die Kanzlerin sind das Vorf\u00e4lle, nichts als Vorf\u00e4lle?<br \/>\nDie Bundeskanzlerin verliert kein Wort dar\u00fcber, wer diese Vorf\u00e4lle hat passieren lassen. \u00dcber die <a title=\"Opfer und Taeter Gleichstellung\" href=\"https:\/\/www.freiburg-schwarzwald.de\/blog\/opfer-und-taeter-gleichstellung\/\">T\u00e4ter<\/a> wird\u00a0 bewu\u00dft geschwiegen. Aus Angst vor <a title=\"Vorverurteilung\" href=\"https:\/\/www.freiburg-schwarzwald.de\/blog\/kultur\/medien\/vorverurteilung\/\">Vorverurteilung<\/a>, <a title=\"Instrumentalisierung\" href=\"https:\/\/www.freiburg-schwarzwald.de\/blog\/kultur\/medien\/instrumentalisierung\/\">Instrumentalisierung<\/a>, <a title=\"Pauschalisierung und Einzelfall\" href=\"https:\/\/www.freiburg-schwarzwald.de\/blog\/pauschalisierung-und-einzelfall\/\">Pauschalisierung<\/a> und <a title=\"Rassismus\" href=\"https:\/\/www.freiburg-schwarzwald.de\/blog\/engagement\/rassismus\/\">Rassismus<\/a>? Oder weil sie wei\u00df, dass nach <a title=\"Budapest-Dublin2015\" href=\"https:\/\/www.freiburg-schwarzwald.de\/blog\/global\/eu\/budapest-dublin2015\/\">Budapest 9\/2015<\/a> noch viele weitere Vergewaltiger und Messerstecher lauern, d.h. noch viele Vorf\u00e4lle passieren werden?<br \/>\nVorf\u00e4lle sind vorhersehbar, etwa bei den Bundesligaspielen. Es kommt zu heftigen Vorf\u00e4llen, wenn die Fans von <a title=\"SCfreiburg\" href=\"https:\/\/www.freiburg-schwarzwald.de\/blog\/sport\/sportvereine\/scfreiburg\/\">SC Freiburg<\/a> und VfB Stuttgart aufeinandertreffen &#8211; also Baden gegen Schwaben.<br \/>\nVorf\u00e4lle sind etwas allt\u00e4gliches: Ein Fahrgast stolpert beim Aussteigen aus der Bahn. Schlimm wird der Vorfall, wenn er sich dabei den Fu\u00df bricht. Ein tragischer Vorfall, wenn der Haltegriff just beim Aussteigen abrei\u00dft.<br \/>\nAber brutale Vorf\u00e4lle gibt es nicht &#8211; ein Widerspruch in sich. Wenn Angela Merkel Messermord und Gruppenvergewaltigung als solche Vorf\u00e4lle bezeichnet, dann ist dies eine \u00fcble Verniedlichung solch grausamer Verbrechen bzw. eine empahielose Verh\u00f6hnung der Opfer. Der Kanzlerin geht es um die Schonung der T\u00e4ter &#8211; allesamt Migranten aus islam-gepr\u00e4gten Kulturkreisen.<br \/>\nMan stelle sich vor: Eine Gruppe Freiburger vergewaltigt eine 18-j\u00e4hrige Migrantin aus Syrien &#8211; die Bundeskanzlerin w\u00fcrde umgehend einfliegen zu einer Beileidskundgebung in Freiburg. Gibt es richtige und falsche T\u00e4ter, genauso wie richtige und falsche <a title=\"Trauer\" href=\"https:\/\/www.freiburg-schwarzwald.de\/blog\/selbsthilfe\/psyche\/trauer\/\">Trauer<\/a>?<br \/>\n.<br \/>\n<em><strong>Stolz nehmen lassen:<\/strong><\/em> Wessen Stolz &#8211; den der Eltern und Freunde, den des Ehemannes und Vaters? Oder der kollektive Stolz der Freiburger &#8222;Bobbele&#8220; und der Chemnitzer &#8222;Nischelst\u00e4dter&#8220;. Warum \u00fcberhaupt Stolz? Frau Merkel geht mit keinem Wort darauf ein, wer den von ihr angesprochenen Stolz den B\u00fcrgern von Freiburg bzw. Chemnitz weggenommen hat.<br \/>\nFreiburger sind stolz auf ihre <a title=\"Baechle\" href=\"https:\/\/www.freiburg-schwarzwald.de\/blog\/regio\/freiburg\/baechle\/\">B\u00e4chle<\/a>, den <a title=\"Muenstermarkt\" href=\"https:\/\/www.freiburg-schwarzwald.de\/blog\/business\/markt\/muenstermarkt\/\">M\u00fcnstermarkt<\/a>, den Blick vom <a title=\"Schlossberg\" href=\"https:\/\/www.freiburg-schwarzwald.de\/blog\/regio\/freiburg\/schlossberg\/\">Schlossberg<\/a>\u00a0\u00fcber die Stadt, den Rosenmontagsumzug, die Arkaden der Z\u00e4hringerstadt, &#8230; Was meint die Kanzlerin mit <em>&#8222;Die Freiburger haben sich nach den Vorf\u00e4llen doch auch nicht den Stolz nehmen lassen&#8220;?<\/em><br \/>\n<em><strong>Sollen die Freiburger stolz darauf sein, da\u00df sie ohne Protest oder gar Aufschrei schweigend erdulden, wenn Migranten in ihrer Stadt Frauen vergewaltigen<\/strong><\/em> und sodann in <a title=\"Dreisam-Mord\" href=\"https:\/\/www.freiburg-schwarzwald.de\/blog\/global\/integration\/dreisam-mord\/\">&#8222;der Dreisam ablegen&#8220;<\/a> bzw. im <a title=\"Sie s\u00e4gten die \u00c4ste ab\" href=\"https:\/\/www.freiburg-schwarzwald.de\/blog\/sie-saegten-die-aeste-ab\/\">Geb\u00fcsch liegenlassen<\/a> &#8211; Frauen, die der Islamwissenschaftler <a title=\"Ourghi\" href=\"https:\/\/www.freiburg-schwarzwald.de\/blog\/religion\/islam\/ourghi\/\">Abdel-Hakim Ourghi<\/a> so einordnet: &#8222;Neben Dingen und Tieren werden sie als komplement\u00e4rer sexueller Genuss behandelt, denn als Werkzeug erf\u00fcllen sie die Funktion, das m\u00e4nnliche Gem\u00fct zu befriedigen.&#8220;<br \/>\n.<br \/>\nAls die Kanzlerin den Chemnitzer B\u00fcrgern die Freiburger als Vorbild empfahl, war ihr schon bekannt, dass das <a title=\"Chemnitz: Hetzjagd war L\u00fcge\" href=\"https:\/\/www.freiburg-schwarzwald.de\/blog\/chemnitz-hetzjagd-war-luege\/\">Antifa-Zeckenbiss-Video<\/a> alias &#8222;<a title=\"Chemnitz-Video war F\u00e4lschung\" href=\"https:\/\/www.freiburg-schwarzwald.de\/blog\/chemnitz-video-war-faelschung\/\">Hase. Du bleibst hier&#8220;-Video<\/a> definitiv eine F\u00e4lschung ist. Sie ging mit keinem Wort darauf ein &#8211; keine Entschuldigung in Chemnitz, nichts. Auch den 85-j\u00e4hrigen Rentner, dem tags zuvor in Wittenburg\/MV ein afghanischer Asylbewerber im Schlaf die Kehle durchschnitten hat, erw\u00e4hnte sie nicht &#8211; kein Mitgef\u00fchl f\u00fcr diesen Einzelfall.<br \/>\nSo werden weiter neue Opfer von Messerstecherei, Vergewaltigung und Mord durch Migranten zu beklagen sein &#8211; <a title=\"Einzelfall\" href=\"https:\/\/www.freiburg-schwarzwald.de\/blog\/selbsthilfe\/soziales\/justiz\/einzelfall\/\">Einzelfall f\u00fcr Einzelfall<\/a>. Dabei wird die <a title=\"GroKo\" href=\"https:\/\/www.freiburg-schwarzwald.de\/blog\/engagement\/zukunft\/demokratie\/groko\/\">Politik unter ihrer Kanzlerschaft<\/a> den B\u00fcrgern in unmittelbarer N\u00e4he oder Nachbarschaft absprechen, f\u00fcr das Opfer \u00f6ffentlich zu <a title=\"Trauer\" href=\"https:\/\/www.freiburg-schwarzwald.de\/blog\/selbsthilfe\/psyche\/trauer\/\">trauern<\/a>. Denn schon die Anteilnahme und Trauer gilt als<a title=\"Instrumentalisierung\" href=\"https:\/\/www.freiburg-schwarzwald.de\/blog\/kultur\/medien\/instrumentalisierung\/\"> Instrumentalisierung<\/a> &#8211; in Freiburg, Chemnitz, <a title=\"Offenburg-Arztmord16Aug2018\" href=\"https:\/\/www.freiburg-schwarzwald.de\/blog\/global\/integration\/offenburg-arztmord16aug2018\/\">Offenburg<\/a>, <a title=\"Kandel-Bluttat27-12-2017\" href=\"https:\/\/www.freiburg-schwarzwald.de\/blog\/engagement\/zukunft\/demokratie\/kandel-bluttat27-12-2017\/\">Kandel<\/a>, Hamburg, Mainz, K\u00f6ln, M\u00fcnchen, Wittenburg\/MV und anderswo.<br \/>\n.<br \/>\n&#8222;<em>Wissen Sie, es passieren viele schlimme Sachen. Die\u00a0Freiburger\u00a0haben sich nach den Vorf\u00e4llen doch auch nicht den Stolz nehmen lassen. Das sollte doch ein Vorbild f\u00fcr die\u00a0Chemnitze<a title=\"Chemnitz-Messermord26-08-2018\" href=\"https:\/\/www.freiburg-schwarzwald.de\/blog\/engagement\/zukunft\/demokratie\/chemnitz-messermord26-08-2018\/\">r<\/a>\u00a0sein.&#8220;<\/em><br \/>\nMit solch einer Aussage der <a title=\"Merkel-muss-weg\" href=\"https:\/\/www.freiburg-schwarzwald.de\/blog\/engagement\/zukunft\/demokratie\/merkel-muss-weg\/\">Kanzlerin<\/a>, die abscheulichsten Verbrechen zu &#8222;Vorf\u00e4llen&#8220; zu reduzieren, der komme ich nicht klar, sie ist mir unverst\u00e4ndlich.<br \/>\nBin ich, wie &#8222;die Freiburger&#8220;, nun so cool, dass ich die <em>&#8222;Vorf\u00e4lle&#8220;<\/em> wegstecken konnte &#8211; einfach so?<br \/>\nOder anders herum: Habe ich, wie &#8222;die Freiburger&#8220;, einen neuen, zus\u00e4tzlichen Stolz entwickelt, n\u00e4mlich den, ohne Trauerbezeugungen und Mahnwachen auszukommen?<br \/>\nAber \u00fcber all dies darf man ja gar nicht sprechen &#8230;.<br \/>\n21.11.2018<\/p>\n<p>&nbsp;<\/p>\n<p><strong>Traditioneller Islam geh\u00f6rt nicht zu Deutschland<\/strong><br \/>\nDa mag <a title=\"Ourghi\" href=\"https:\/\/www.freiburg-schwarzwald.de\/blog\/religion\/islam\/ourghi\/\">Ourghi<\/a> recht haben: Aus derart grausamen Vergewaltigungen, die Angela Merkel zu &#8222;Vorf\u00e4llen&#8220; herunterspielt, spricht die frauenfeindliche Pr\u00e4gung des fundamental-traditionellen <a title=\"Islam-Deutschland\" href=\"https:\/\/www.freiburg-schwarzwald.de\/blog\/religion\/islam\/islam-deutschland\/\">Islam<\/a>, der nicht zu Deutschland geh\u00f6rt. .<br \/>\n24.11.2018, K. Baumann<\/p>\n","protected":false},"excerpt":{"rendered":"<p>&#8222;Wissen Sie, es passieren viele schlimme Sachen. Die Freiburger haben sich nach den Vorf\u00e4llen doch auch nicht den Stolz nehmen lassen. Das sollte doch ein Vorbild f\u00fcr die Chemnitzer sein.&#8220;\u00a0Dies sagte Bundeskanzlerin Angela Merkel am 16.11.2018 bei ihrem Besuch in &hellip; <a href=\"https:\/\/www.freiburg-schwarzwald.de\/blog\/der-stolz-der-freiburger\/\">Weiterlesen <span class=\"meta-nav\">&rarr;<\/span><\/a><\/p>\n","protected":false},"author":2,"featured_media":0,"comment_status":"open","ping_status":"closed","sticky":false,"template":"","format":"standard","meta":{"footnotes":""},"categories":[59,49,155,162,80,157],"tags":[672,732,622,656,525],"class_list":["post-69024","post","type-post","status-publish","format-standard","hentry","category-frauen","category-freiburg","category-integration","category-internet","category-medien","category-oeffentlicher-raum","tag-fluechtling","tag-gewalt","tag-migration","tag-mord","tag-politik"],"_links":{"self":[{"href":"https:\/\/www.freiburg-schwarzwald.de\/blog\/wp-json\/wp\/v2\/posts\/69024","targetHints":{"allow":["GET"]}}],"collection":[{"href":"https:\/\/www.freiburg-schwarzwald.de\/blog\/wp-json\/wp\/v2\/posts"}],"about":[{"href":"https:\/\/www.freiburg-schwarzwald.de\/blog\/wp-json\/wp\/v2\/types\/post"}],"author":[{"embeddable":true,"href":"https:\/\/www.freiburg-schwarzwald.de\/blog\/wp-json\/wp\/v2\/users\/2"}],"replies":[{"embeddable":true,"href":"https:\/\/www.freiburg-schwarzwald.de\/blog\/wp-json\/wp\/v2\/comments?post=69024"}],"version-history":[{"count":0,"href":"https:\/\/www.freiburg-schwarzwald.de\/blog\/wp-json\/wp\/v2\/posts\/69024\/revisions"}],"wp:attachment":[{"href":"https:\/\/www.freiburg-schwarzwald.de\/blog\/wp-json\/wp\/v2\/media?parent=69024"}],"wp:term":[{"taxonomy":"category","embeddable":true,"href":"https:\/\/www.freiburg-schwarzwald.de\/blog\/wp-json\/wp\/v2\/categories?post=69024"},{"taxonomy":"post_tag","embeddable":true,"href":"https:\/\/www.freiburg-schwarzwald.de\/blog\/wp-json\/wp\/v2\/tags?post=69024"}],"curies":[{"name":"wp","href":"https:\/\/api.w.org\/{rel}","templated":true}]}}