{"id":69020,"date":"2018-11-21T15:17:52","date_gmt":"2018-11-21T14:17:52","guid":{"rendered":"https:\/\/www.freiburg-schwarzwald.de\/blog\/?p=69020"},"modified":"2018-11-21T15:17:52","modified_gmt":"2018-11-21T14:17:52","slug":"fsm-fahrradfreundlichste-firma","status":"publish","type":"post","link":"https:\/\/www.freiburg-schwarzwald.de\/blog\/fsm-fahrradfreundlichste-firma\/","title":{"rendered":"FSM fahrradfreundlichste Firma"},"content":{"rendered":"<p>Die<a title=\"FSM\" href=\"https:\/\/www.freiburg-schwarzwald.de\/blog\/business\/industrie\/fsm\/\"> FSM AG<\/a> aus <a title=\"Kirchzarten\" href=\"https:\/\/www.freiburg-schwarzwald.de\/blog\/regio\/orte\/kirchzarten\/\">Kirchzarten<\/a> erhielt als erstes deutsches Unternehmen das Gold-Siegel des Allgemeinen Deutschen Fahrrad-Club (<a title=\"ADFC RIG gegen 2m-Regelung\" href=\"https:\/\/www.freiburg-schwarzwald.de\/blog\/adfc-rig-gegen-2m-regelung\/\">ADFC<\/a>) als zertifizierter <a title=\"JobRad FSM \u2013 zur Arbeit fahren\" href=\"https:\/\/www.freiburg-schwarzwald.de\/blog\/jobrad-fsm-zur-arbeit-fahren\/\">Fahrradfreundlicher<\/a> <a title=\"JobRad FSM \u2013 zur Arbeit fahren\" href=\"https:\/\/www.freiburg-schwarzwald.de\/blog\/jobrad-fsm-zur-arbeit-fahren\/\">Arbeitgebe<\/a>r. Klar, dass das f\u00fcr <a title=\"FSM AG Neubau Kirchzarten\" href=\"https:\/\/www.freiburg-schwarzwald.de\/blog\/fsm-ag-neubau-kirchzarten\/\">FSM<\/a> ein Grund zu einer gro\u00dfen Betriebsfeier bei strahlendem Sonnenschein auf der Kantinen\u00ad-Terrasse war. Vorstand Andreas Schlegel konnte dazu Reinhold Pix, MdL der Gr\u00fcnen, <!--more-->B\u00fcrgermeister Andreas Hall mit zahlreichen Gemeinder\u00e4ten, die ADFC \u00adLandesvorsitzende Gudrun Z\u00fclke und besonders die <a title=\"Benefiz fuer Benny bei FSM AG\" href=\"https:\/\/www.freiburg-schwarzwald.de\/blog\/benefiz-fuer-benny-bei-fsm-ag\/\">FSM\u00ad Mitarbeitenden<\/a> begr\u00fc\u00dfen.<br \/>\n.<br \/>\nDer FSM\u00ad Vorstand war sichtlich stolz, dass das Kirchzartener Unternehmen beim 66\u00adseitigen Ma\u00dfnahmenpaket des ADFC so gut abgeschnitten hatte: \u201eWir sind das erste Unternehmen in Deutschland, das das Gold\u00ad-Siegel erreicht hat.\u201c Er z\u00e4hlte manche Leistung auf, die dazu gef\u00fchrt hatte und gab schmunzelnd einige statistische Zahlen bekannt: \u201eAlle FSMler fahren im Jahr zusammen 130.000 Kilometer mit dem Fahrrad, sie essen 423 Power-Riegel beim Radsport, verbrauchen auf dem <a title=\"Biken\" href=\"https:\/\/www.freiburg-schwarzwald.de\/blog\/sport\/sportlern\/biken\/\">Bike<\/a> 35,7 Millionen Kalorien, besitzen 1,5 Fahrr\u00e4der \u2013 au\u00dfer Moritz Milatz, der zehn als ehemaliger MTB-Profi hat \u2013 und sparen zusammen im Jahr 28 Tonnen CO2 ein.\u201c Klar, dass Reinhold Pix MdL stolz auf diese doch so andere Firma ist: \u201eMir zeigt Ihr Unternehmen, dass man mit gr\u00fcnen Ideen schwarze Zahlen schreiben kann.\u201c Die FSM AG sei f\u00fcr Kirchzarten ein \u201eLeuchtturm\u201c.<br \/>\n.<br \/>\nDem konnte B\u00fcrgermeister Andreas Hall nur zustimmen: \u201eDass FSM Gold bekommt, entspricht voll unserem Selbstverst\u00e4ndnis.\u201c Erg\u00e4nzend zum <a title=\"Fahrrad\" href=\"https:\/\/www.freiburg-schwarzwald.de\/blog\/business\/handel\/fahrrad\/\">Rad<\/a> als Transportmittel zur Arbeit, sei die Gemeinde gerade in Verhandlungen, wie das Gewerbegebiet Fischerrain nach optimaler an den \u00d6PNV angeschlossen werden k\u00f6nne. Ulrich Prediger von JobRad freute sich, dass bereits \u00fcber 30 Prozent der FSM\u00ad-Mitarbeitenden mit einem \u201eJobRad\u201c unterwegs sei. Der ADFC\u00ad-Landesvorsitzende Gudrun Z\u00fclke oblag es dann, die Auszeichnung zum zertifizierten fahrradfreundlichen Arbeitgeber in Gold \u2013 bisher einmalig in Deutschland \u2013 zu \u00fcberreichen. \u201eWir setzen uns daf\u00fcr ein\u201c, sagte sie, \u201edass viele Menschen vom Auto aufs <a title=\"Fahrrad \u2013 besser unterwegs in FR\" href=\"https:\/\/www.freiburg-schwarzwald.de\/blog\/fahrrad-besser-unterwegs-in-fr\/\">Fahrrad umsteigen<\/a> und den KFZ\u00ad Verkehr reduzieren.\u201c Es sei allerdings notwendig, dass die Kommunen mit Radwegen einen tollen Weg ebnen und die Arbeitgeber ihren Mitarbeitenden mit Radschuppen und Duschen die Nutzung erleichtern. Mehr Gesundheit und Motivation k\u00e4men dabei zur\u00fcck. Dass die FSM AG die Gold-\u00adAuszeichnung verdient habe, brachte Z\u00fclke so auf den Punkt: \u201eHier wird das Fahrrad gelebt.\u201c<br \/>\n..<br \/>\nSeit 2017 vergibt der Allgemeine Deutsche Fahrrad\u00adClub (ADFC) die neue europaweite Zertifizierung \u201eFahrradfreundlicher Arbeitgeber\u201c. Punkte f\u00fcrs Gold brachten FSM beispielsweise die Teilnahme an der Kampagne \u201eMit dem Rad zur Arbeit\u201c, regelm\u00e4\u00dfige Aktionen wie Radler\u00ad Stammtische, individuelle Streckenberatung oder Betriebsausfl\u00fcge mit dem Rad. Aber auch das Angebot eines w\u00f6chentlichen Mountainbike\u00ad Trainings mit Ex-Profi Markus Bauer (Deutscher MTB\u00ad Marathon Meister 2017), bei dem sich interessierte Mitarbeiter f\u00fcr den Black Forest ULTRA Bike Marathon in Kirchzarten fit machen konnten, trug zur Fahrradbegeisterung bei. Begleitend dazu wurden Fahrtechniktrainings angeboten oder eine FSM\u00ad-Teambekleidung angeschafft. F\u00fcr die Infrastruktur entstand eine \u00fcber 100 Quadratmeter gro\u00dfe, beleuchtete und abschlie\u00dfbare Fahrradgarage.<br \/>\n.<br \/>\nDer Freiburger Dienstrad\u00ad-Pionier <a title=\"JobRad FSM \u2013 zur Arbeit fahren\" href=\"https:\/\/www.freiburg-schwarzwald.de\/blog\/jobrad-fsm-zur-arbeit-fahren\/\">JobRad<\/a> ist bereits viele Jahre Partner von FSM. Mitarbeiter k\u00f6nnen ein Jobrad zu g\u00fcnstigen Konditionen \u00fcber den Arbeitgeber beziehen. Alle Fahrrad\u00ad und E\u00adBike\u00ad Modelle sind m\u00f6glich. Die Jobr\u00e4der d\u00fcrfen auch privat und von Familienmitgliedern genutzt werden. Zur gro\u00dfen Beliebtheit des Angebots tr\u00e4gt au\u00dferdem bei, dass FSM die Kosten f\u00fcr die Vollkasko\u00ad-Versicherung der R\u00e4der \u00fcbernimmt. So richtig zur Gold-Zertifizierung passte die Trial\u00adShow von Patrick Schechinger, der vor dem geselligen Teil auf unterschiedlich hohen Paletten\u00adT\u00fcrmen sein Kunstst\u00fccke mit seinem Trialrad vorf\u00fchrte. Seit fast drei Monaten ist er FSM\u00ad-Mitarbeiter. Er m\u00f6chte gerne im Dreisamtal seine Kunstst\u00fccke an andere weitergeben und sucht daf\u00fcr ein ad\u00e4quates Trainingsgel\u00e4nde. Beim Interview schmunzelte er: \u201eDas sieht gef\u00e4hrlicher aus als es ist!\u201c<br \/>\n21.11.2018, Gerhard L\u00fcck, Der Dreisamt\u00e4ler<\/p>\n","protected":false},"excerpt":{"rendered":"<p>Die FSM AG aus Kirchzarten erhielt als erstes deutsches Unternehmen das Gold-Siegel des Allgemeinen Deutschen Fahrrad-Club (ADFC) als zertifizierter Fahrradfreundlicher Arbeitgeber. Klar, dass das f\u00fcr FSM ein Grund zu einer gro\u00dfen Betriebsfeier bei strahlendem Sonnenschein auf der Kantinen\u00ad-Terrasse war. Vorstand &hellip; <a href=\"https:\/\/www.freiburg-schwarzwald.de\/blog\/fsm-fahrradfreundlichste-firma\/\">Weiterlesen <span class=\"meta-nav\">&rarr;<\/span><\/a><\/p>\n","protected":false},"author":2,"featured_media":0,"comment_status":"open","ping_status":"closed","sticky":false,"template":"","format":"standard","meta":{"footnotes":""},"categories":[75,50,134,36,24],"tags":[113,713,70,252],"class_list":["post-69020","post","type-post","status-publish","format-standard","hentry","category-biken","category-dreisamtal","category-e-bike","category-engagement","category-industrie","tag-fahrrad","tag-industrie","tag-jugendsport","tag-ultra-bike"],"_links":{"self":[{"href":"https:\/\/www.freiburg-schwarzwald.de\/blog\/wp-json\/wp\/v2\/posts\/69020","targetHints":{"allow":["GET"]}}],"collection":[{"href":"https:\/\/www.freiburg-schwarzwald.de\/blog\/wp-json\/wp\/v2\/posts"}],"about":[{"href":"https:\/\/www.freiburg-schwarzwald.de\/blog\/wp-json\/wp\/v2\/types\/post"}],"author":[{"embeddable":true,"href":"https:\/\/www.freiburg-schwarzwald.de\/blog\/wp-json\/wp\/v2\/users\/2"}],"replies":[{"embeddable":true,"href":"https:\/\/www.freiburg-schwarzwald.de\/blog\/wp-json\/wp\/v2\/comments?post=69020"}],"version-history":[{"count":0,"href":"https:\/\/www.freiburg-schwarzwald.de\/blog\/wp-json\/wp\/v2\/posts\/69020\/revisions"}],"wp:attachment":[{"href":"https:\/\/www.freiburg-schwarzwald.de\/blog\/wp-json\/wp\/v2\/media?parent=69020"}],"wp:term":[{"taxonomy":"category","embeddable":true,"href":"https:\/\/www.freiburg-schwarzwald.de\/blog\/wp-json\/wp\/v2\/categories?post=69020"},{"taxonomy":"post_tag","embeddable":true,"href":"https:\/\/www.freiburg-schwarzwald.de\/blog\/wp-json\/wp\/v2\/tags?post=69020"}],"curies":[{"name":"wp","href":"https:\/\/api.w.org\/{rel}","templated":true}]}}