{"id":68561,"date":"2018-10-29T10:18:10","date_gmt":"2018-10-29T09:18:10","guid":{"rendered":"https:\/\/www.freiburg-schwarzwald.de\/blog\/?p=68561"},"modified":"2018-10-29T10:32:01","modified_gmt":"2018-10-29T09:32:01","slug":"auswandern-aus-deutschland","status":"publish","type":"post","link":"https:\/\/www.freiburg-schwarzwald.de\/blog\/auswandern-aus-deutschland\/","title":{"rendered":"Auswandern aus Deutschland"},"content":{"rendered":"<p>In 2016 kehrten \u00fcber 4.000 Million\u00e4re <a title=\"Deutschland\" href=\"https:\/\/www.freiburg-schwarzwald.de\/blog\/global\/deutschland\/\">Deutschland<\/a> <a title=\"Einwanderung \u2013 Auswanderung\" href=\"https:\/\/www.freiburg-schwarzwald.de\/blog\/einwanderung-auswanderung\/\">den R\u00fccken<\/a>. \u00dcber 2.000 \u00c4rzte wanderten 2016 aus, Tendenz stark steigend. 281.000 Deutsche (<a title=\"Eliten\" href=\"https:\/\/www.freiburg-schwarzwald.de\/blog\/engagement\/zukunft\/demokratie\/eliten\/\">Akademiker<\/a>, <a title=\"Facharbeiter\" href=\"https:\/\/www.freiburg-schwarzwald.de\/blog\/bildung\/duale-bildung\/facharbeiter\/\">Facharbeiter<\/a>, Ingenieure, Jungunternehmer, Spezialisten mit gutem Job, Selbst\u00e4ndige) haben 2016 das <a title=\"Auswanderung\" href=\"https:\/\/www.freiburg-schwarzwald.de\/blog\/global\/migration\/auswanderung\/\">Land verlassen<\/a>, nicht um Arbeitslosigkeit, <a title=\"Hartz\" href=\"https:\/\/www.freiburg-schwarzwald.de\/blog\/selbsthilfe\/soziales\/arbeit\/hartz\/\">Hartz4<\/a> oder prek\u00e4rer Besch\u00e4ftigung zu <a title=\"Global-Migration\" href=\"https:\/\/www.freiburg-schwarzwald.de\/blog\/global\/globalisierung\/global-migration\/\">entfliehen<\/a>, sondern &#8230;<br \/>\n.<br \/>\n<!--more-->Um ihren Kindern den Niedergang des <a title=\"Bildung ist Zukunft \u2013 auch 2017\" href=\"https:\/\/www.freiburg-schwarzwald.de\/blog\/bildung-ist-zukunft-auch-2017\/\">deutschen Schulwesens<\/a> zu ersparen.<br \/>\nUm im <a title=\"Diskussionskultur\" href=\"https:\/\/www.freiburg-schwarzwald.de\/blog\/kultur\/medien\/diskussionskultur\/\">demokratischen Diskurs<\/a> ohne Rassismus-Vorwurf und Nazi-Keule frei Kritik \u00fcben zu d\u00fcrfen.<br \/>\nUm der staatlichen \u00dcberreglementierung zu entgehen.<br \/>\nUm sich als Frau frei und unbegrapscht im <a title=\"Oeffentlicher-Raum\" href=\"https:\/\/www.freiburg-schwarzwald.de\/blog\/kultur\/oeffentlicher-raum\/\">\u00f6ffentlichen Raum<\/a> bewegen zu k\u00f6nnen.<br \/>\nUm nicht \u00fcber die H\u00e4lfte des Lohns an Steuern und Sozialabgaben abf\u00fchren zu m\u00fcssen.<br \/>\nUm den Verfall deutscher Kultur nicht mitzuerleben.<br \/>\nUm dem st\u00e4ndigen Nudging der Politik ein eigenverantwortliches Entscheiden entgegenzusetzen.<br \/>\n.<br \/>\nNach einer Umfrage von YouGov von 2018 k\u00f6nnen sich 55% der sozialversicherungspflichtig Arbeitenden vorstellen, <a title=\"Aussichtslosigkeit Deutschland\" href=\"https:\/\/www.freiburg-schwarzwald.de\/blog\/aussichtslosigkeit-deutschland\/\">im Ausland zu leben<\/a> &#8211; vor zwei Jahren waren es nur 29 %, ein dramatischer Anstieg.<br \/>\nEs geht hier nicht um <a title=\"Migration\" href=\"https:\/\/www.freiburg-schwarzwald.de\/blog\/global\/migration\/\">Migration<\/a> an sich. Es geht um das Ungleichgewicht\u00a0&#8211; bez\u00fcglich Anzahl wie Bildung &#8211; von Ein- und Auswanderung. \u00dcberspitzt formuliert und so sogar in der altehrw\u00fcrdigen FAZ zu lesen: &#8222;Funktionale Analphabeten rein &#8211; Akademiker und Facharbeiter raus&#8220;.<br \/>\nWie lange ein Staat einen solchen Aderla\u00df verkraften ohne da\u00df die sozialen Systeme kollabieren?<br \/>\n29.10.2018<\/p>\n<p><strong>Immer mehr Deutsche verlassen das Land<\/strong><br \/>\nW\u00e4hrend sich die Bundesregierung bem\u00fcht, mehr Arbeitskr\u00e4fte zur Einwanderung zu bewegen, <a title=\"Deutschtuerken Auswanderung\" href=\"https:\/\/www.freiburg-schwarzwald.de\/blog\/deutschtuerken-auswanderung\/\">verlassen<\/a> Deutsche in gro\u00dfer Zahl das Land. Allein im Jahr 2016 verlegten 281.000 Bundesb\u00fcrger ihren Wohnsitz ins Ausland. Einen h\u00f6heren Verlust wies die amtliche Statistik noch nie aus. Nachdem im Jahr 1991 rund 99.000 Deutsche abwanderten, stiegen die Zahlen seither tendenziell an und lagen in den vergangenen Jahren auf einem Niveau von etwa 140.000 abwandernden Deutschen pro Jahr. &#8230;<br \/>\nAlls vom 13.3.2018 bitte lesen auf<br \/>\n<a href=\"https:\/\/www.welt.de\/politik\/deutschland\/article174502114\/Zu-und-Abwanderungen-Immer-mehr-Deutsche-verlassen-das-Land.html\">https:\/\/www.welt.de\/politik\/deutschland\/article174502114\/Zu-und-Abwanderungen-Immer-mehr-Deutsche-verlassen-das-Land.html<\/a><br \/>\n.<br \/>\n<strong>Die Leistungstr\u00e4ger der Gesellschaft gehen und Leistungsbezieher kommen.<\/strong><br \/>\nSuper. &#8222;Wir schaffen das.&#8220; &#8230; Zwei dieser Auswanderer waren mein \u00e4ltester Sohn und meine Schwiegertochter. Sie haben sehr gute Arbeitsstellen gefunden, und es bleibt nach Abzug der Steuern genug Geld \u00fcbrig. Mein j\u00fcngerer Sohn ist auf dem Absprung. Selbst bin ich leider nicht mehr jung genug, um mich beruflich neu zu orientieren. Meine Arztpraxis werde ich allerdings eher fr\u00fcher als sp\u00e4ter schlie\u00dfen. Im Ruhestand bin ich dann auch mal weg&#8230;<br \/>\n14.3.2018, Thomas S., WO<\/p>\n<p><strong>Migration st\u00f6rt sozialen Frieden und innere Sicherheit<\/strong><br \/>\nIch (bald fertig studierter Informatiker) habe auch vor, in ein paar Jahren das Land zu verlassen, wenn es mit der Wirtschaft und damit auch automatisch mit dem sozialen Frieden bergab geht. Meine teure Ausbildung wurden nebenbei mit den Steuern meiner Eltern gut abgezahlt. Meine Schwester (Medizinstudentin) denkt allm\u00e4hlich genau so, wenn sie erlebt, was es beim Ausgehen in der Stadt so f\u00fcr Ver\u00e4nderungen f\u00fcr sie (Sicherheit) auf den Stra\u00dfen gegeben hat.<br \/>\n14.3.2018, Peter M., WO<\/p>\n<p><strong>Politik-Dauerparteifunktion\u00e4ren ohne Berufserfahrung ist Abwanderung egal<\/strong><br \/>\nDauerparteifunktion\u00e4re ohne Berufserfahrung auf dem freien Markt k\u00f6nnen Leistungstr\u00e4ger einfach nicht als Wert f\u00fcr die Gesellschaft erkennen und mergeln diese hier finanziell aus. Es ist zwangsl\u00e4ufig so, dass diese weggehen wollen, wenn man hier sieht, dass man immer mehr Abstriche machen muss, kien Verm\u00f6gen mehr aufbauen kann wie die fr\u00fcheren Generationen usw.<br \/>\nIch rate Bekannten und Verwandten, die u. a. in die Schweiz gegangen sind, dort zu bleiben. Die Sicherheit, die sie dort haben, werden sie hier einfach nicht mehr finden. Es denkt aber auch kaum jemand daran zur\u00fcckzukommen, h\u00f6here Lebenszufriedenheit als ihr. Eine Physiotherapeutin f\u00fchlt sich z. B. viele mehr wertgesch\u00e4tzt und viel besser bezahlt, kann man hier nicht bekommen. Den Akademikern geht es da eh gut.<br \/>\n14.3.2018, Berlinerin, WO<\/p>\n<p><strong>Rentenbankrott sp\u00e4testens ab 2015<\/strong><br \/>\nMeine Pflegetochter mit Partner (beide Akademiker, beide in lukrativen Festanstellungen in D gewesen. 29 J.,33 J.) haben D ebenfalls verlassen. Warum wohl? Im Jahre 2025 gehen die Babyboomer in Rente. Beiden war klar, dass diese Rentenpolitik und Einwanderungspolitik keine Zukunft hat. Zuviele Leistungsbezieher (Migranten) und zu wenig Beitragszahler stehen sich 2025 gegen\u00fcber. Nun leben beide gl\u00fccklich in einem Land, welches nur gut ausgebildete Einwanderer aufnimmt.<br \/>\n14.3.2018, Birgt L., WO<\/p>\n<p><strong>Hoffnung vergebens<\/strong><br \/>\nWer die M\u00f6glichkeit hat verl\u00e4sst das Land. In der Regel hochqualifizierte junge Deutsche. Sch\u00f6n, dass die Bev\u00f6lkerung trotzdem um 500000 gestiegen ist. Ich hoffe, wahrscheinlich vergebens, das die ebenso qualifiziert sind.<br \/>\n14.3.2018, Uwe B., WO<\/p>\n<p><strong>Leitungstr\u00e4ger gehen, migrantische Leistungsempf\u00e4nger kommen<\/strong><br \/>\nWenn diejenigen, die etwas erreichen wollen, weggehen, wer bleibt dann noch zur\u00fcck?<br \/>\nWer geht, ist oft Leistungstr\u00e4ger \u2013 das zeigen auch die Einwanderungsbestimmungen anderer L\u00e4nder. Da wir keine vergleichbare gesteuerte Einwanderungspolitik haben, kommen krethi und plethi dorthin, was bald einst Deutschland gewesen sein wird, weil sie in die Sozialsichererungssysteme einwander. Iirgendwann wird es zuwenige Leistungstr\u00e4ger geben, denen immer mehr aufgeb\u00fcrdert werden wird, so wird die Erosion fortschreiten.<br \/>\nEs ist ein Jammerspiel. &#8230;<br \/>\nH\u00e4tten wir ein striktes Einwanderungsystem wie Kanada und w\u00fcrden nicht als eine Art Weltarmuts-Versorger alle T\u00fcren und Tore \u00f6ffnen bzw. der Staat seine arbeitende Schicht nicht durch Steuern und Abgaben drangsalieren, br\u00e4uchte man solche Statistiken nicht oder m\u00fcsste sie publizieren. Ein Land schafft sich ab&#8230;.<br \/>\n14.3.2018, Sigi, WO<\/p>\n<p>Bin seit 2014 weg und es war die richtige Entscheidung. Nun bekomme ich f\u00fcr meine Arbeit auch den angemessen Lohn und kann meiner Familie auch etwas bieten. Vom den Zust\u00e4nden an deutschen Schulen ganz zu schweigen, das muss ich meinen Kindern zum Gl\u00fcck nun nicht antun.<br \/>\n14.3.2018, Norbert G. WO<\/p>\n<p>Das soziale Sprengstoffpotential erh\u00f6ht sich weiter. Denn jetzt bereits \u201egeben die Kl\u00fcgeren nach\u201c und verlassen aus Resignation und Entt\u00e4uschung (und gleichzeitig Weitblick) das Land. Ich kann jeden Einzelnen so gut verstehen. Das sind die Menschen mit Blick f\u00fcr die Zukunft. Das hatten wir schonmal, dass Viele eine absehbare Entwicklung schlicht nicht wahrhaben wollten und den rechtzeitigen Absprung verpasst hatten&#8230; Die Spannung steigt! Und das nicht im positiven Sinn. Und trotzdem geht es noch mindestens dreieinhalb Jahre \u201eweiter so\u201c. Bravo!<br \/>\n14.3.2018, Zaungast, WO<br \/>\n.<\/p>\n<p><strong>Facharbeiter wandern aus<\/strong><br \/>\nExtrem hohe Abwanderung aus Deutschland von deutschen Facharbeitern<br \/>\nDem Statistischem Bundesamt zufolge haben 2016 281.000 Deutsche das Land verlassen<br \/>\n5.2.2018<br \/>\n<a href=\"https:\/\/politikstube.com\/extrem-hohe-abwanderung-aus-deutschland-von-deutschen-facharbeitern\/\">https:\/\/politikstube.com\/extrem-hohe-abwanderung-aus-deutschland-von-deutschen-facharbeitern\/<\/a><\/p>\n<p><strong>Bev\u00f6lkerungsaustausch destabilisiert Deutschland wie auch Dritte Welt-L\u00e4nder<\/strong><br \/>\nDer k\u00fcnstlich herbeigef\u00fchrte Mechanismus zum Bev\u00f6lkerungsaustausch l\u00e4ngst in Gang gesetzt. Er zeigt sich zum einen durch eine unkontrollierte Einwanderung von Menschen aus mehrheitlich islamischen L\u00e4ndern und zum anderen in der zum Teil daraus resultierenden Abwanderung deutscher Fachkr\u00e4fte und Million\u00e4re, die in L\u00e4nder wie Kanada, USA, Australien oder Neuseeland fl\u00fcchten, um den ungewollten Vorg\u00e4ngen in Deutschland zu entkommen.<br \/>\nKanada und Australien beispielsweise haben ein klassisches Einwanderungssystem, wonach diese sehr genau selektieren, wer einwandern darf und wer nicht. In erster Linie sollte man entweder einen passenden Beruf haben oder gen\u00fcgend Geld. Also wenn man dem Land \u00f6konomischer Weise n\u00fctzlich sein kann, darf man kommen. Logischerweise verlassen Deutschland dann eben auch diese Leute, die Deutschland einst n\u00fctzlich waren und hinterlassen hier ein Loch, dass gestopft werden muss.<br \/>\nAndersherum wirbt man den L\u00e4ndern au\u00dferhalb der EU die Fachkr\u00e4fte ab, so dass auch dort ein Loch entsteht, das gestopft werden muss. Aber wie? Diejenigen die auswandern, wandern kaum in Dritte Welt-L\u00e4nder aus. Wie sollen diese L\u00e4nder je auf eigenen Beinen stehen? Der Kreislauf, der damit entstanden ist, destabilisiert nicht nur Deutschland und Europa, sondern die ganze Welt. Und er scheint unaufhaltsam zu sein.<br \/>\n&#8230; Alles vom 16.8.2018 bitte lesen auf<\/p>\n<blockquote class=\"wp-embedded-content\" data-secret=\"Xm8iFBlnPh\"><p><a href=\"https:\/\/www.eva-herman.net\/auswandern-verrat-an-der-heimat\/\">Eva Herman: Auswandern &#8211; Verrat an der Heimat?<\/a><\/p><\/blockquote>\n<p><iframe loading=\"lazy\" class=\"wp-embedded-content\" sandbox=\"allow-scripts\" security=\"restricted\" style=\"position: absolute; clip: rect(1px, 1px, 1px, 1px);\" title=\"&#8222;Eva Herman: Auswandern &#8211; Verrat an der Heimat?&#8220; &#8212; Eva Herman - Die offizielle Webseite\" src=\"https:\/\/www.eva-herman.net\/auswandern-verrat-an-der-heimat\/embed\/#?secret=XYCrFs8Oer#?secret=Xm8iFBlnPh\" data-secret=\"Xm8iFBlnPh\" width=\"600\" height=\"338\" frameborder=\"0\" marginwidth=\"0\" marginheight=\"0\" scrolling=\"no\"><\/iframe><br \/>\nDie Reichen wandern aus Deutschland aus<br \/>\nIm M\u00e4rz 2017 berichtete das Manager-Magazin, dass im Jahr 2016 die j\u00e4hrliche Zahl der aus Deutschland ausgewanderten Million\u00e4re auf 4000 nach oben geschnellt sei. Vor der Grenz\u00f6ffnung im Jahr 2014 sollen es pro Jahr immer nur wenige hundert gewesen sein, doch bereits ab 2015 sei die Zahl in die tausende gestiegen.<\/p>\n<p>Die Reichen und Superreichen sind durch die hohen Steuern, die sie Zahlen, wichtige St\u00fctzen der Gesellschaft. Doch nun werden sie ausgetauscht gegen zum Teil jene, die sehr stark oder gar umfassend auf Transferleistungen angewiesen sind. Wenn man das f\u00fcr die n\u00e4chsten Jahrzehnte hochrechnet, kann man erahnen, wie es 2050 um Deutschland bestellt sein wird.<br \/>\n&#8230; Alles vom 12.10.2018 bitte lesen auf<br \/>\nhttps:\/\/www.epochtimes.de\/politik\/deutschland\/bye-bye-deutschland-zahl-der-auswanderungswilligen-nimmt-zu-a2671857.html<\/p>\n<p>Die Menschen in Deutschland zahlen die h\u00f6chsten Steuern weit und breit und mucken nicht auf, die Eigentumsquote liegt am unteren Ende eine Skala mit eurip\u00e4ischen L\u00e4ndern. die Eigentumf\u00f6derung wurde abgschafft und die MWSt und die Grunderwerbsteuern erh\u00f6ht, der Strompreis hat Rekordniveau und die d\u00e4mlichen Deutschen haben noch 09-2017 die Altparteien gew\u00e4hlt.<br \/>\nMindestens 50% sind inzwischen voll verbl\u00f6det. Wollen Sie gegen Windm\u00fchlen k\u00e4mpfen? Jetzt wollen die Deutschlandverr\u00e4ter noch den UN-Migrationspakt unterzeichnen wobei die USA und Australien da nicht mitziehen.<br \/>\n12.10.2018, PattoLogo, ETO<\/p>\n<p>Deutschland wird durch diese muslimisch-afrikanische Masseninvsion (Umvolkung), bei gleichzeitiger Auswanderung deutscher Fachkr\u00e4fte, finanzstarker Investoren, Unternehmer und Million\u00e4re ins Mittelalter zur\u00fcckkehren und sich nie mehr davon erholen! &#8222;Wer halb Kalkutta aufnimmt, rettet nicht Kalkutta, sondern der wird selbst zu Kalkutta.&#8220; &#8230;.<br \/>\nPeter Scholl-Latour.<br \/>\nMan mu\u00df davon ausgehen, da\u00df Deutschland auf das Niveau eines &#8222;Dritte-Welt Landes&#8220; herabgew\u00fcrgt werden soll. Damit ist es unsinnig, f\u00fcr Leistungstr\u00e4ger, die D. verlassen wollen, Anreize zum Bleiben zu schaffen.<br \/>\n12.10.2018, Kai R\u00fcckert, ETO<br \/>\n.<br \/>\n<strong>Auswanderung &#8211; kein Verrat an der Heimat<\/strong><br \/>\nMit jedem Tag w\u00e4chst zudem die Einsicht, dass das Rad nicht mehr zur\u00fcckzudrehen ist, weil niemand \u00bbda oben\u00ab es zur\u00fcckdrehen will: Deutschland wird mit Einwanderern geflutet, ob die B\u00fcrger es wollen oder nicht.. &#8230; Kein Wunder, dass so mancher, der sich angesichts dieser verheerenden Entwicklung ungerecht behandelt und sich immer fremder im eigenen Lande f\u00fchlt, sich nun mit dem Gedanken zu besch\u00e4ftigen beginnt, auszuwandern. &#8230;<br \/>\nIst es verwerflich, wenn sich manche gut gebildeten B\u00fcrger nun damit besch\u00e4ftigen, ihre Heimat zu verlassen? Weil sie von ihrem Umfeld nicht mehr verstanden werden? Nein, es ist nat\u00fcrlich nicht verwerflich, im Gegenteil, es ist nur allzu logisch. Wozu noch k\u00e4mpfen, wenn der Kampf doch schon verloren ist? Warum noch diskutieren, wenn doch kaum jemand zuh\u00f6ren will? Wieso noch die Heimat bewahren wollen, wenn der Gro\u00dfteil des Volkes die Katastrophe schulterzuckend akzeptiert? Ist dies wirklich noch mein Land?<br \/>\n&#8230; Alles vom 16.8.2018 bitte lesen auf<br \/>\n<a href=\"https:\/\/www.eva-herman.net\/auswandern-verrat-an-der-heimat\/\">https:\/\/www.eva-herman.net\/auswandern-verrat-an-der-heimat\/<\/a><\/p>\n<p>22.8.2018<br \/>\n<a href=\"https:\/\/www.wissensmanufaktur.net\/einwanderungs-chaos\">https:\/\/www.wissensmanufaktur.net\/einwanderungs-chaos<\/a><\/p>\n","protected":false},"excerpt":{"rendered":"<p>In 2016 kehrten \u00fcber 4.000 Million\u00e4re Deutschland den R\u00fccken. \u00dcber 2.000 \u00c4rzte wanderten 2016 aus, Tendenz stark steigend. 281.000 Deutsche (Akademiker, Facharbeiter, Ingenieure, Jungunternehmer, Spezialisten mit gutem Job, Selbst\u00e4ndige) haben 2016 das Land verlassen, nicht um Arbeitslosigkeit, Hartz4 oder prek\u00e4rer &hellip; <a href=\"https:\/\/www.freiburg-schwarzwald.de\/blog\/auswandern-aus-deutschland\/\">Weiterlesen <span class=\"meta-nav\">&rarr;<\/span><\/a><\/p>\n","protected":false},"author":2,"featured_media":0,"comment_status":"open","ping_status":"closed","sticky":false,"template":"","format":"standard","meta":{"footnotes":""},"categories":[79,18,4,14,267,155,9],"tags":[382,418,327,426,504],"class_list":["post-68561","post","type-post","status-publish","format-standard","hentry","category-arbeit","category-bildung","category-branchen","category-global","category-hochschulen","category-integration","category-soziales","tag-arbeit-working","tag-beruf","tag-demografie","tag-job","tag-weiterbildung"],"_links":{"self":[{"href":"https:\/\/www.freiburg-schwarzwald.de\/blog\/wp-json\/wp\/v2\/posts\/68561","targetHints":{"allow":["GET"]}}],"collection":[{"href":"https:\/\/www.freiburg-schwarzwald.de\/blog\/wp-json\/wp\/v2\/posts"}],"about":[{"href":"https:\/\/www.freiburg-schwarzwald.de\/blog\/wp-json\/wp\/v2\/types\/post"}],"author":[{"embeddable":true,"href":"https:\/\/www.freiburg-schwarzwald.de\/blog\/wp-json\/wp\/v2\/users\/2"}],"replies":[{"embeddable":true,"href":"https:\/\/www.freiburg-schwarzwald.de\/blog\/wp-json\/wp\/v2\/comments?post=68561"}],"version-history":[{"count":0,"href":"https:\/\/www.freiburg-schwarzwald.de\/blog\/wp-json\/wp\/v2\/posts\/68561\/revisions"}],"wp:attachment":[{"href":"https:\/\/www.freiburg-schwarzwald.de\/blog\/wp-json\/wp\/v2\/media?parent=68561"}],"wp:term":[{"taxonomy":"category","embeddable":true,"href":"https:\/\/www.freiburg-schwarzwald.de\/blog\/wp-json\/wp\/v2\/categories?post=68561"},{"taxonomy":"post_tag","embeddable":true,"href":"https:\/\/www.freiburg-schwarzwald.de\/blog\/wp-json\/wp\/v2\/tags?post=68561"}],"curies":[{"name":"wp","href":"https:\/\/api.w.org\/{rel}","templated":true}]}}