{"id":68553,"date":"2018-10-28T17:40:15","date_gmt":"2018-10-28T16:40:15","guid":{"rendered":"https:\/\/www.freiburg-schwarzwald.de\/blog\/?p=68553"},"modified":"2018-10-30T20:12:22","modified_gmt":"2018-10-30T19:12:22","slug":"indien-rom-und-freiburg","status":"publish","type":"post","link":"https:\/\/www.freiburg-schwarzwald.de\/blog\/indien-rom-und-freiburg\/","title":{"rendered":"Indien, Rom und Freiburg"},"content":{"rendered":"<p>Eine <a title=\"Gruppenvergewaltigung\" href=\"https:\/\/www.freiburg-schwarzwald.de\/blog\/selbsthilfe\/krise\/sexuellermissbrauch\/gruppenvergewaltigung\/\">Gruppenvergewaltigung<\/a> in Indien wurde in D <a title=\"Diskussionskultur\" href=\"https:\/\/www.freiburg-schwarzwald.de\/blog\/kultur\/medien\/diskussionskultur\/\">heftig diskutiert<\/a>, &#8222;so etwas kann bei uns nicht passieren&#8220; war oftmals zu lesen. Die\u00a0<a title=\"Vergewaltigung\" href=\"https:\/\/www.freiburg-schwarzwald.de\/blog\/selbsthilfe\/krise\/sexuellermissbrauch\/vergewaltigung\/\">Gruppenvergewaltigung<\/a>\u00a0in <a title=\"Italien\" href=\"https:\/\/www.freiburg-schwarzwald.de\/blog\/global\/italien\/\">Italien<\/a> von Desir\u00e9e Mariottini mit &#8222;Todesfolge&#8220; (was f\u00fcr ein Wort) am 18. Oktober 2018 in Rom bewegt das ganze Land zwischen Bozen und Catania immer noch &#8211; und darf in den <a title=\"Medien\" href=\"https:\/\/www.freiburg-schwarzwald.de\/blog\/kultur\/medien\/\">Medien<\/a>\u00a0frei diskutiert werden <!--more-->(einfach mal &#8222;Corriere della Sera&#8220; <a href=\"https:\/\/www.corriere.it\/\">https:\/\/www.corriere.it\/<\/a> lesen (entspricht der FAZ) oder eine TV-Talkshow anschauen (auch auf der staatlichen RAI <a href=\"https:\/\/www.rai.it\">https:\/\/www.rai.it<\/a> oder <a href=\"https:\/\/www.raiplay.it\/\">https:\/\/www.raiplay.it\/<\/a>), Sie werden erstaunt sein \u00fcber die Offenheit, Ausgewogenheit und Verve des Diskurses). In Deutschland hingegen berichten die <a title=\"Mainstream\" href=\"https:\/\/www.freiburg-schwarzwald.de\/blog\/kultur\/medien\/mainstream\/\">Mainstream-Medien<\/a> incl \u00d6R \u00fcber die 16-j\u00e4hrige R\u00f6merin kaum (oder wurden Sie dar\u00fcber informiert?). Umgekehrt ist es anders: \u00dcber die <a title=\"Koeln-Silvester2015\" href=\"https:\/\/www.freiburg-schwarzwald.de\/blog\/global\/integration\/koeln-silvester2015\/\">K\u00f6lner Domplatte<\/a> berichtete RAI sogar <a title=\"Political-Correctness\" href=\"https:\/\/www.freiburg-schwarzwald.de\/blog\/kultur\/medien\/political-correctness\/\">vor<\/a> ZDF und Tagesschau.<br \/>\n.<br \/>\nVon Indien und <a title=\"Rom\" href=\"https:\/\/www.freiburg-schwarzwald.de\/blog\/global\/italien\/rom\/\">Rom<\/a>\u00a0jetzt nach <a title=\"Freiburg\" href=\"https:\/\/www.freiburg-schwarzwald.de\/blog\/regio\/freiburg\/\">Freiburg<\/a> zur <a title=\"3 Demonstrationen \u2013 0 Trauer\" href=\"https:\/\/www.freiburg-schwarzwald.de\/blog\/3-demonstrationen-0-trauer\/\">Gruppenvergewaltigung<\/a> in der Hans-Bunte-Strasse am 13.\/14.10.2018: Einerseits das aufrichtige Statement der Polizei am 26.10.2018:<br \/>\n<em>&#8222;Das Verbrechen sprengt alle bekannten Dimensionen, die wir von dem Standort kennen.&#8220;<\/em><br \/>\nAndererseits die deutschen Medien, die leider wie gewohnt &#8222;verklemmt&#8220; (Roger K\u00f6ppel, Chefredakteur der Z\u00fcricher Weltwoche\u00a0<a href=\"https:\/\/www.weltwoche.ch\/\">https:\/\/www.weltwoche.ch\/<\/a>) informieren. Dies gilt auch f\u00fcr die Kommentierung. Dass die BZ als einzige lokale Zeitung &#8222;Der Kommentarbereich ist geschlossen&#8220; meldet, ist klar\u00a0angesagt und verst\u00e4ndlich. Dass man aber zun\u00e4chst die Leser zum Kommentieren einl\u00e4dt und dann\u00a0\u00fcber 1000 Kommentare auf einen Streich einfach <a title=\"Zensur\" href=\"https:\/\/www.freiburg-schwarzwald.de\/blog\/kultur\/medien\/zensur\/\">l\u00f6scht<\/a>, dieses Vorgehen von &#8222;Die Welt&#8220; ist \u00e4rgerlich\u00a0\u00a0(siehe den Brief einer Welt-Leserin und -Kommentatorin unten).<br \/>\nVielleicht werden die 1000 gel\u00f6schten Kommentare der Welt demn\u00e4chst als Buch ver\u00f6ffentlicht, um zu zeigen, dass nicht jede von B\u00fcrgern gepostete Emp\u00f6rung, Schuldzuweisung, Erregung, Anteilnahme, <a title=\"Wutbuerger\" href=\"https:\/\/www.freiburg-schwarzwald.de\/blog\/engagement\/wutbuerger\/\">Wut<\/a>, Ohnmacht, <a title=\"Trauer\" href=\"https:\/\/www.freiburg-schwarzwald.de\/blog\/selbsthilfe\/psyche\/trauer\/\">Trauer<\/a>, Missfallensbekundung, Anklage, Erregung, Verzweiflung, nicht jedes Mitgef\u00fchl, <a title=\"Dagegen\" href=\"https:\/\/www.freiburg-schwarzwald.de\/blog\/engagement\/dagegen\/\">Dagegensein<\/a> und Bedauern bzw. nicht jeder Protest, Vorwurf und <a title=\"Unf\u00e4higkeit zu trauern\" href=\"https:\/\/www.freiburg-schwarzwald.de\/blog\/unfaehigkeit-zu-trauern\/\">Aufschrei<\/a>\u00a0einfach als Hass abgetan und gel\u00f6scht werden kann.<br \/>\nK\u00f6nnen wir Deutschen in unserem <a title=\"Groessenwahn\" href=\"https:\/\/www.freiburg-schwarzwald.de\/blog\/engagement\/zukunft\/groessenwahn\/\">Gr\u00f6\u00dfenwahn<\/a> denn wirklich\u00a0 alles besser in die anderen <a title=\"EU\" href=\"https:\/\/www.freiburg-schwarzwald.de\/blog\/global\/eu\/\">EU<\/a>-Europ\u00e4er? Nein, angesichts dieses furchtbaren Ereignisses k\u00f6nnten wir doch vom Ausland lernen: Von den Briten\u00a0den\u00a0&#8222;<a title=\"Demokratie\" href=\"https:\/\/www.freiburg-schwarzwald.de\/blog\/engagement\/zukunft\/demokratie\/\">demokratischen<\/a> Diskurs&#8220; (eine Stunde bei einer <a title=\"Parlament\" href=\"https:\/\/www.freiburg-schwarzwald.de\/blog\/engagement\/zukunft\/demokratie\/parlament\/\">Parlamentssitzung<\/a> im Unterhaus in London teilnehmen) und von den Italienern\u00a0die freie offene\u00a0 <a title=\"Diskussionskultur\" href=\"https:\/\/www.freiburg-schwarzwald.de\/blog\/kultur\/medien\/diskussionskultur\/\">Diskussionskultur<\/a> in den Medien (Presse wie TV). <a title=\"Demokratie\" href=\"https:\/\/www.freiburg-schwarzwald.de\/blog\/engagement\/zukunft\/demokratie\/\">Demokratie<\/a> braucht Diskussion, gerade auch\u00a0bei\u00a0unbequemen Themen wie der Gruppenvergewaltigung.<br \/>\nAuch am heutigen Tag kommen \u00fcber 500 (vielleicht auch 879 oder 1044, genaue Zahlen h\u00e4lt die Regierung geheim) junge M\u00e4nner illegal ins Land &#8211; ohne Ausweis, ohne Arbeit, ohne Frau und zu 90% ohne Perspektive auf zeitnahe Integration. Angelockt durch die vielen (auch regierungsoffiziellen) Internetseiten auf ihren Smartphones. Und wir\u00a0stopfen diese armen Migranten voll mit Euros im Wissen, dass jeder Euro im Herkunftsland die 250-fache Wirkung an Hilfe bieten w\u00fcrde, wenn wir nur wollten. Und wir \u00fcberlassen die Jungs einer g\u00e4hnenden Langeweile, die so gef\u00e4hrlich ist wie die von Prof Heinsohn beschriebenen <a title=\"Youth-Bulges\" href=\"https:\/\/www.freiburg-schwarzwald.de\/blog\/engagement\/zukunft\/krieg\/youth-bulges\/\">Youth Bulges<\/a>.<br \/>\n28.10.2018<br \/>\n.<br \/>\n<strong>Gruppenvergewaltigung in Freiburg: L\u00f6schorgie bei Leser-Kommentaren auf Welt-Online<\/strong><br \/>\nDer Fall einer brutalen Gruppenvergewaltigung in Freiburg durch eine Gruppe v.a. polizeibekannter Asylbewerber und die darauf folgenden teils beschwichtigenden, teils das Opfer im \u201e<a title=\"Kampf-gegen-Rechts\" href=\"https:\/\/www.freiburg-schwarzwald.de\/blog\/kultur\/medien\/kampf-gegen-rechts\/\">Kampf gegen Rechts<\/a>\u201c instrumentalisierenden Reaktionen von Politikern und gleichgeschalteten Medien haben eine wahre Wutwelle im Internet ausgel\u00f6st. Politiker und Medienmacher kommen kaum mit dem L\u00f6schen kritischer Kommentare hinterher. Wir ver\u00f6ffentlichen hier den Brief einer PP- und Welt-Leserin, den sie uns vergangene Nacht hat zukommen lassen, Name und Anschrift sind PP bekannt.<\/p>\n<p><em>\u00dcBER 1000 LESERKOMMENTARE BEREITS GESTERN NACHMITTAG NACHMITTAG<\/em><br \/>\n<em> Ich habe bis zum heutigen Tag Welt online gelesen, wohlgemerkt bis zum heutigen Tag. Es geht um den Artikel mit der \u00dcberschrift: \u201eEine abscheuliche Tat, die niemanden kalt l\u00e4sst\u201c.<\/em><br \/>\n<em><a href=\"https:\/\/www.welt.de\/vermischtes\/article182828052\/Freiburg-Eine-abscheuliche-Tat-die-niemanden-kaltlaesst.html\"> https:\/\/www.welt.de\/vermischtes\/article182828052\/Freiburg-Eine-abscheuliche-Tat-die-niemanden-kaltlaesst.html<\/a> (27.10.2018)<\/em><br \/>\n<em> Am fr\u00fchen Nachmittag gab es bereits \u00fcber 1000 Leserkommentare, die sich \u00e4u\u00dferst scharf und sehr kritisch mit der Tat in Freiburg, die es \u2013 oh Wunder \u2013 sogar in die ARD- und ZDF-Nachrichten geschafft hatte, auseinander setzten.<\/em><br \/>\n<em> Welt online hat es fertig gebracht, am sp\u00e4ten Abend alle Kommentare, bis auf 28, jetzt 48, zu l\u00f6schen. Die Verbliebenen sind sieben bis 12 Stunden alt. Welt online gab aber nicht zu erkennen, dass die Kommentarfunktion gesperrt sei. (Anm Red.: derzeit 197 Kommentare)<\/em><\/p>\n<p><em>WAS WURDE AUS DEN STATEMENTS M\u00dcNDIGER B\u00dcRGER?<\/em><br \/>\n<em> Ich habe heute am sp\u00e4ten Abend zwei Kommentare geschrieben, mit der provokanten Frage, wo die \u00fcber 1000 Meinungs\u00e4u\u00dferungen m\u00fcndiger B\u00fcrger seien. Dies wurde nat\u00fcrlich von den kleinen Meinungskapos sofort gel\u00f6scht. Ehrlich gesagt, es war zu erwarten vom Springer Konzern.<\/em><br \/>\n<em> Trotzdem ist es ein Attentat gegen den B\u00fcrger, der bis dato zumindest noch schreiben konnte, was ihn bewegt. Kritik ist ab jetzt unerw\u00fcnscht, sagte die Bundeskanzlerin. Ich bin der DDR aufgewachsen, habe eine gebrochene Biographie durch die Stasi, der ich mich nie gebeugt habe und bin wieder im gleichen System der Unfreiheit und Meinungsdiktatur gelandet. Dies macht einfach nur ohnm\u00e4chtig. Es betrifft ja ebenso die anderen Kommentatoren.<\/em><\/p>\n<p><em>Nimmt das jeder Schreiber und im Korrektsprech, jede Schreiberin, so einfach hin? Ich bin so w\u00fctend \u00fcber solch eine <a title=\"Zensur\" href=\"https:\/\/www.freiburg-schwarzwald.de\/blog\/kultur\/medien\/zensur\/\">Zensur<\/a>, dass ich Ihnen diese Ungeheuerlichkeit zu sp\u00e4ter Stunde mitteilen musste. Es w\u00e4re meiner Ansicht nach einen Artikel auf Ihrer gut gemachten und lesenswerten Plattform wert. Habe beim letzten Versuch, der nur f\u00fcr die kleinen Zensoren bestimmt war, von Stasi- und Gestapomethoden geschrieben und verk\u00fcndet, sie m\u00f6gen mich gern wieder l\u00f6schen, meine Meinung werde ich trotzdem bis zum letzten Tag standhaft aussprechen. Schauen wir mal was passiert.<\/em><br \/>\n<em> Auf diese Weise sollen m\u00fcndige B\u00fcrger, die hinterfragen, an die Zukunft unseres Landes denken und sich nicht dem allgemeinen Diktat unterwerfen, mundtot gemacht werden. Sorry f\u00fcr die lange Mail, ich bin so emp\u00f6rt.<\/em><br \/>\n.<br \/>\n&#8230; Alles vom 28.10.2018 bitte lesen auf<br \/>\n<a href=\"https:\/\/philosophia-perennis.com\/2018\/10\/28\/gruppenvergewaltigung-in-freiburg-loeschorgie-bei-leser-kommentaren-auf-welt-online\/\">https:\/\/philosophia-perennis.com\/2018\/10\/28\/gruppenvergewaltigung-in-freiburg-loeschorgie-bei-leser-kommentaren-auf-welt-online\/<\/a><\/p>\n<p>&nbsp;<\/p>\n<p>&nbsp;<br \/>\n<strong>Die Empathie der Sprechautomaten<\/strong><br \/>\nIn Indien, einem Land, das nicht gerade durch hohe Wertsch\u00e4tzung von Frauen bekannt ist, gingen nach \u00e4hnlichen Verbrechen Massen von Menschen auf die Stra\u00dfe, um gegen das zu protestieren, worum es wirklich geht: Sexuelle Gewalt gegen Frauen.<br \/>\n<a href=\"https:\/\/www.sueddeutsche.de\/thema\/Vergewaltigung_in_Indien\">https:\/\/www.sueddeutsche.de\/thema\/Vergewaltigung_in_Indien<\/a><br \/>\nIn Italien schlug die r\u00f6mische B\u00fcrgermeisterin Virginia Raggi vor, am Tag der Staatsbeerdigung der sechzehnj\u00e4hrigen Desir\u00e9e Mariottini, des Opfers der Gruppenvergewaltigung und Ermordung vom 19. Oktober 2018, einen Trauertag zu verh\u00e4ngen.<br \/>\n<a href=\"https:\/\/www.ilmessaggero.it\/italia\/desiree_raggi_giorno_funerali_lutto_cittadino-4063599.html\">https:\/\/www.ilmessaggero.it\/italia\/desiree_raggi_giorno_funerali_lutto_cittadino-4063599.html<\/a><br \/>\nIn Deutschland hingegen versagte man selbst den Opfern des Terroranschlags vom Breitscheidplatz den Respekt. Von den Opfern krimineller Asylbewerber, wie Maria in Freiburg, Mia in Kandel und etlichen anderen gar nicht erst zu reden.<br \/>\n&#8230; Alles von Antje Sievers vom 30.10.2018 bitte lesen auf<br \/>\n<a href=\"https:\/\/www.achgut.com\/artikel\/freiburg_die_empathie_der_sprechautomaten\">https:\/\/www.achgut.com\/artikel\/freiburg_die_empathie_der_sprechautomaten<\/a><\/p>\n<p><em>Zuletzt von Antje Sievers erschienen: Tanz im Orientexpress \u2013 Eine feministische Islamkritik, mit einem Nachwort von Zana Ramadani, Hardcover\/Klappenbroschur, 21,0 x 14,5 cm, Verlag Achgut Edition, ISBN 978-3-9819755-0-5, 17,00 \u20ac<\/em><\/p>\n<p>&nbsp;<\/p>\n","protected":false},"excerpt":{"rendered":"<p>Eine Gruppenvergewaltigung in Indien wurde in D heftig diskutiert, &#8222;so etwas kann bei uns nicht passieren&#8220; war oftmals zu lesen. Die\u00a0Gruppenvergewaltigung\u00a0in Italien von Desir\u00e9e Mariottini mit &#8222;Todesfolge&#8220; (was f\u00fcr ein Wort) am 18. Oktober 2018 in Rom bewegt das ganze &hellip; <a href=\"https:\/\/www.freiburg-schwarzwald.de\/blog\/indien-rom-und-freiburg\/\">Weiterlesen <span class=\"meta-nav\">&rarr;<\/span><\/a><\/p>\n","protected":false},"author":2,"featured_media":0,"comment_status":"open","ping_status":"closed","sticky":false,"template":"","format":"standard","meta":{"footnotes":""},"categories":[181,195,59,49,210,14,155,162,211,80,65,172],"tags":[672,612,732,725,438],"class_list":["post-68553","post","type-post","status-publish","format-standard","hentry","category-buergerbeteiligung","category-eu","category-frauen","category-freiburg","category-gewalt","category-global","category-integration","category-internet","category-italien","category-medien","category-sexuellermissbrauch","category-zukunft","tag-fluechtling","tag-frau","tag-gewalt","tag-integration","tag-zeitung"],"_links":{"self":[{"href":"https:\/\/www.freiburg-schwarzwald.de\/blog\/wp-json\/wp\/v2\/posts\/68553","targetHints":{"allow":["GET"]}}],"collection":[{"href":"https:\/\/www.freiburg-schwarzwald.de\/blog\/wp-json\/wp\/v2\/posts"}],"about":[{"href":"https:\/\/www.freiburg-schwarzwald.de\/blog\/wp-json\/wp\/v2\/types\/post"}],"author":[{"embeddable":true,"href":"https:\/\/www.freiburg-schwarzwald.de\/blog\/wp-json\/wp\/v2\/users\/2"}],"replies":[{"embeddable":true,"href":"https:\/\/www.freiburg-schwarzwald.de\/blog\/wp-json\/wp\/v2\/comments?post=68553"}],"version-history":[{"count":0,"href":"https:\/\/www.freiburg-schwarzwald.de\/blog\/wp-json\/wp\/v2\/posts\/68553\/revisions"}],"wp:attachment":[{"href":"https:\/\/www.freiburg-schwarzwald.de\/blog\/wp-json\/wp\/v2\/media?parent=68553"}],"wp:term":[{"taxonomy":"category","embeddable":true,"href":"https:\/\/www.freiburg-schwarzwald.de\/blog\/wp-json\/wp\/v2\/categories?post=68553"},{"taxonomy":"post_tag","embeddable":true,"href":"https:\/\/www.freiburg-schwarzwald.de\/blog\/wp-json\/wp\/v2\/tags?post=68553"}],"curies":[{"name":"wp","href":"https:\/\/api.w.org\/{rel}","templated":true}]}}