{"id":68522,"date":"2018-10-26T21:52:27","date_gmt":"2018-10-26T19:52:27","guid":{"rendered":"https:\/\/www.freiburg-schwarzwald.de\/blog\/?p=68522"},"modified":"2018-10-27T12:57:06","modified_gmt":"2018-10-27T10:57:06","slug":"kriminalitaet-nimmt-ab-wirklich","status":"publish","type":"post","link":"https:\/\/www.freiburg-schwarzwald.de\/blog\/kriminalitaet-nimmt-ab-wirklich\/","title":{"rendered":"Kriminalit\u00e4t nimmt ab: wirklich?"},"content":{"rendered":"<p>Die <a title=\"Kriminalitaet\" href=\"https:\/\/www.freiburg-schwarzwald.de\/blog\/selbsthilfe\/krise\/gewalt\/kriminalitaet\/\">Kriminalit\u00e4t<\/a> in Deutschland ist erfreulicherweise weiter r\u00fcckl\u00e4ufig, die <a title=\"Sicherheit\" href=\"https:\/\/www.freiburg-schwarzwald.de\/blog\/selbsthilfe\/soziales\/justiz\/sicherheit\/\">Sicherheit<\/a> im privaten wie im <a title=\"Oeffentlicher-Raum\" href=\"https:\/\/www.freiburg-schwarzwald.de\/blog\/kultur\/oeffentlicher-raum\/\">\u00f6ffentlichen Raum<\/a> ist also gew\u00e4hrleistet. Presse und TV vermelden dies immer wieder. Glaubt man den von den Medien verbreiteten offiziellen Erhebungen und Gutachten, dann ist <a title=\"Ordnungsstaat\" href=\"https:\/\/www.freiburg-schwarzwald.de\/blog\/selbsthilfe\/soziales\/justiz\/ordnungsstaat\/\">erleichtert<\/a> festzustellen:<!--more--><\/p>\n<p>&#8211; <a title=\"Migration\" href=\"https:\/\/www.freiburg-schwarzwald.de\/blog\/global\/migration\/\">Migranten<\/a> sind gar nicht <a title=\"Fluechtlinge-Kriminalitaet\" href=\"https:\/\/www.freiburg-schwarzwald.de\/blog\/global\/integration\/fluechtlinge-kriminalitaet\/\">krimineller<\/a> als Einheimische bzw. <a title=\"Deutsche\" href=\"https:\/\/www.freiburg-schwarzwald.de\/blog\/global\/deutschland\/deutsche\/\">Deutsche<\/a>.<br \/>\n&#8211; <a title=\"Gewalt\" href=\"https:\/\/www.freiburg-schwarzwald.de\/blog\/selbsthilfe\/krise\/gewalt\/\">Strassengewalt<\/a> wird nur deshalb vermehrt wahrgenommen, da das Internet Berichte \u00fcber <a title=\"Ueberfall\" href=\"https:\/\/www.freiburg-schwarzwald.de\/blog\/selbsthilfe\/krise\/gewalt\/ueberfall\/\">\u00dcberf\u00e4lle<\/a>\u00a0aufbauscht.<br \/>\n&#8211; <a title=\"Messerstecher\" href=\"https:\/\/www.freiburg-schwarzwald.de\/blog\/selbsthilfe\/soziales\/justiz\/messerstecher\/\">Messerstechereien<\/a> gab es fr\u00fcher auch schon, vor allem auf Festen.<br \/>\n&#8211; <a title=\"Gruppenvergewaltigung\" href=\"https:\/\/www.freiburg-schwarzwald.de\/blog\/selbsthilfe\/krise\/sexuellermissbrauch\/gruppenvergewaltigung\/\">Gruppenvergewaltigungen<\/a> gibt es nur in Indien, nicht bei uns.<br \/>\n&#8211; <a title=\"Vergewaltigung\" href=\"https:\/\/www.freiburg-schwarzwald.de\/blog\/selbsthilfe\/krise\/sexuellermissbrauch\/vergewaltigung\/\">Vergewaltigungen<\/a> nahmen seit <a title=\"Budapest-Dublin2015\" href=\"https:\/\/www.freiburg-schwarzwald.de\/blog\/global\/eu\/budapest-dublin2015\/\">Budapest 9\/2015<\/a> nur scheinbar zu, da sie &#8211; wenn von Afrikanern bzw. Arabern<br \/>\nausgef\u00fchrt &#8211; von \u00a0 den Opfern vermehrt zur Anzeige gebracht werden.<\/p>\n<p>Hegt man aber Zweifel an derlei Medienberichten, dann mu\u00df dies doch Gr\u00fcnde haben:<br \/>\n&#8211; Rezipieren die <a title=\"Mainstream\" href=\"https:\/\/www.freiburg-schwarzwald.de\/blog\/kultur\/medien\/mainstream\/\">Mainstream-Medien<\/a> etwa kritiklos die regierungsamtlichen Statistiken?<br \/>\n&#8211; Kommen die zwei bis drei Millionen (genaue Zahlen gibt es nicht) <a title=\"Fluechtlinge\" href=\"https:\/\/www.freiburg-schwarzwald.de\/blog\/global\/integration\/fluechtlinge\/\">Immigranten<\/a> seit 9\/2015 aus Kulturkreisen, die<br \/>\n<a title=\"Fluechtlingskriminalitaet 10 %\" href=\"https:\/\/www.freiburg-schwarzwald.de\/blog\/fluechtlingskriminalitaet-10\/\">Gewalt<\/a> gegen\u00fcber <a title=\"Frauenmorde-Migration\" href=\"https:\/\/www.freiburg-schwarzwald.de\/blog\/selbsthilfe\/frauen\/frauenmorde-migration\/\">Frauen<\/a>, Tieren und rechtsstaatlichen Einrichtungen rechtfertigen?<br \/>\n&#8211; Nehmen die Medien als 4. Gewalt im Staat ihr Aufgabe, die Regierungsarbeit zu kontrollieren und kritisch zu<br \/>\nhinterfragen, nicht mehr wahr?<br \/>\n&#8211; Ist das Gesp\u00fcr der B\u00fcrger bzw. deren &#8222;gesunder Menschenverstand&#8220; umideologisiert worden oder gar \u00fcberhaupt nicht<br \/>\nmehr vorhanden?<br \/>\nEs ist zu vermuten, dass die Zweifel so vieler B\u00fcrger an der Glaubw\u00fcrdigkeit der Medien nicht allesamt unberechtigt sind.<\/p>\n<p>Die Medien neigen dazu, zu bagatellisieren und verschweigen &#8211; zwei Beispiele:<br \/>\n1) <a title=\"Gruppenvergewaltigung\" href=\"https:\/\/www.freiburg-schwarzwald.de\/blog\/selbsthilfe\/krise\/sexuellermissbrauch\/gruppenvergewaltigung\/\">Gruppenvergewaltigung<\/a> wird zu &#8222;sexuellem \u00dcbergriff nach Diskobesuch&#8220; kleingeschrieben.<br \/>\n<em>&#8222;In einem Geb\u00fcsch unweit der Disko kam es nach Angaben des Opfers (am 13.10.2018) zu der Vergewaltigung durch den Unbekannten. Danach wiederum sollen weitere, bislang ebenfalls unbekannte T\u00e4ter sich an der zwischenzeitlich wehrlosen Frau vergangen haben&#8220;.<\/em> Dies meldet der Freiburger Wochenbericht am 24.10.2018 unter der lapidaren \u00dcberschrift<em> &#8222;18-j\u00e4hrige Frau vergewaltigt&#8220;<\/em>.<br \/>\n<strong><em>Unvorstellbar: Da wird eine Frau nacheinander von einer Horde junger M\u00e4nner vergewaltigt. Und nur die lokale Presse meldet dies verharmlosend. Noch vor 5 Jahren h\u00e4tte eine solch brutale Gruppenvergewaltigung deutschlandweit zu einem medialen Aufschrei gef\u00fchrt.<\/em><\/strong><br \/>\nAnders in Italien: Da wird eine Gruppenvergewaltigung von den Medien sofort nach der Tat auch als solche gemeldet &#8211; und die Bev\u00f6lkerung nimmt daran schockiert Anteil (s.u.).<\/p>\n<p>2) Ein Syrer nimmt im K\u00f6lner Hauptbahnhof Geiseln und z\u00fcndet ein 14-j\u00e4hriges M\u00e4dchen an. Danach dreht sich in den Medien alles um die ggf. unterlassene Abschiebung des kriminellen Migranten. Kaum ein Journalist fragt mehr nach den schweren Brandverletzungen und nach dem Trauma der angez\u00fcndeten K\u00f6lner Vierzehnj\u00e4hrigen, die wahrscheinlich f\u00fcrs ganze Leben gezeichnet sein wird.<\/p>\n<p>Vor der unorganisierten Gewalt krimineller Migranten im \u00f6ffentlichen Raum kann man sich kaum sch\u00fctzen. Immer mehr &#8222;<a title=\"Merkelismus\" href=\"https:\/\/www.freiburg-schwarzwald.de\/blog\/engagement\/zukunft\/demokratie\/merkelismus\/\">Schon l\u00e4nger hier Lebende<\/a>&#8220; &#8211; \u00fcberwiegend M\u00e4dchen und Frauen &#8211; sind im eigenen Land <em>&#8222;zur falschen Zeit an der falschen Stelle&#8220;<\/em> unterwegs und werden hilflos beleidigt, angep\u00f6belt, begrascht, geschlagen, gemessert, vergewaltigt und umgebracht.<br \/>\nHaben wir uns schleichend an den seit <a title=\"Budapest-Dublin2015\" href=\"https:\/\/www.freiburg-schwarzwald.de\/blog\/global\/eu\/budapest-dublin2015\/\">Budapest 9\/2015<\/a> herrschenden Ausnahmezustand gew\u00f6hnt?<br \/>\nKann man die B\u00fcrger zwingen, sich mit diesem Zustand von Unsicherheit abzufinden?\u00a0 .<br \/>\n26.10.2018<br \/>\n.<\/p>\n<p>I<strong>talien unter Schock: Gruppenvergewaltigung mit Todesfolge<\/strong><br \/>\nDesir\u00e9e Mariottini wurde laut ersten Erkenntnissen der Polizei am Abend des 18. Oktober 2018 in einem verlassenen Geb\u00e4ude unter Drogen gesetzt und in ohnm\u00e4chtigem Zustand von mehreren Personen mehrfach vergewaltigt. Verabreicht wurde der jungen Frau ein Drogencocktail, der ihr im Zusammenhang mit der Vergewaltigung das Leben kostete. Desir\u00e9e Mariottini erwachte nicht mehr aus ihrem Zustand, in den sie versetzt wurde, und starb noch in der gleichen Nacht im Stadtteil San Lorenzo in Rom. Die italienische Polizei hat nun zun\u00e4chst zwei Senegalesen wegen Mordverdachts festgenommen.<br \/>\n&#8230; Alles vom 26.10.2018 bitte lesen auf<br \/>\n<a href=\"https:\/\/philosophia-perennis.com\/2018\/10\/26\/italien-unter-schock-16-jaehrige-stirbt-nach-grausamer-gruppenvergewaltigung\/\">https:\/\/philosophia-perennis.com\/2018\/10\/26\/italien-unter-schock-16-jaehrige-stirbt-nach-grausamer-gruppenvergewaltigung\/<\/a><\/p>\n<p>\u00dcber diese Gruppenvergewaltigung regt sich ganz Italien auf. Schauen Sie sich mal eine TV-Talkshow auf einem italienischen Sender an (auch auf der staatlichen RAI) &#8211; Sie werden staunen \u00fcber Offenheit und Ausgewogenheit. In Deutschland hingegen berichten die Mainstream-Medien incl \u00d6R dar\u00fcber bis dato nicht.<\/p>\n","protected":false},"excerpt":{"rendered":"<p>Die Kriminalit\u00e4t in Deutschland ist erfreulicherweise weiter r\u00fcckl\u00e4ufig, die Sicherheit im privaten wie im \u00f6ffentlichen Raum ist also gew\u00e4hrleistet. Presse und TV vermelden dies immer wieder. Glaubt man den von den Medien verbreiteten offiziellen Erhebungen und Gutachten, dann ist erleichtert &hellip; <a href=\"https:\/\/www.freiburg-schwarzwald.de\/blog\/kriminalitaet-nimmt-ab-wirklich\/\">Weiterlesen <span class=\"meta-nav\">&rarr;<\/span><\/a><\/p>\n","protected":false},"author":2,"featured_media":0,"comment_status":"open","ping_status":"closed","sticky":false,"template":"","format":"standard","meta":{"footnotes":""},"categories":[36,59,210,155,162,211,80,157,172],"tags":[208,732,622,726,438],"class_list":["post-68522","post","type-post","status-publish","format-standard","hentry","category-engagement","category-frauen","category-gewalt","category-integration","category-internet","category-italien","category-medien","category-oeffentlicher-raum","category-zukunft","tag-ehrlichkeit","tag-gewalt","tag-migration","tag-oeffentlicher-raum","tag-zeitung"],"_links":{"self":[{"href":"https:\/\/www.freiburg-schwarzwald.de\/blog\/wp-json\/wp\/v2\/posts\/68522","targetHints":{"allow":["GET"]}}],"collection":[{"href":"https:\/\/www.freiburg-schwarzwald.de\/blog\/wp-json\/wp\/v2\/posts"}],"about":[{"href":"https:\/\/www.freiburg-schwarzwald.de\/blog\/wp-json\/wp\/v2\/types\/post"}],"author":[{"embeddable":true,"href":"https:\/\/www.freiburg-schwarzwald.de\/blog\/wp-json\/wp\/v2\/users\/2"}],"replies":[{"embeddable":true,"href":"https:\/\/www.freiburg-schwarzwald.de\/blog\/wp-json\/wp\/v2\/comments?post=68522"}],"version-history":[{"count":0,"href":"https:\/\/www.freiburg-schwarzwald.de\/blog\/wp-json\/wp\/v2\/posts\/68522\/revisions"}],"wp:attachment":[{"href":"https:\/\/www.freiburg-schwarzwald.de\/blog\/wp-json\/wp\/v2\/media?parent=68522"}],"wp:term":[{"taxonomy":"category","embeddable":true,"href":"https:\/\/www.freiburg-schwarzwald.de\/blog\/wp-json\/wp\/v2\/categories?post=68522"},{"taxonomy":"post_tag","embeddable":true,"href":"https:\/\/www.freiburg-schwarzwald.de\/blog\/wp-json\/wp\/v2\/tags?post=68522"}],"curies":[{"name":"wp","href":"https:\/\/api.w.org\/{rel}","templated":true}]}}