{"id":68505,"date":"2018-10-24T21:17:31","date_gmt":"2018-10-24T19:17:31","guid":{"rendered":"https:\/\/www.freiburg-schwarzwald.de\/blog\/?p=68505"},"modified":"2018-10-24T21:21:59","modified_gmt":"2018-10-24T19:21:59","slug":"freie-meinung-aber-anonym","status":"publish","type":"post","link":"https:\/\/www.freiburg-schwarzwald.de\/blog\/freie-meinung-aber-anonym\/","title":{"rendered":"Freie Meinung &#8211; aber anonym"},"content":{"rendered":"<p>Die <a title=\"Meinungsfreiheit\" href=\"https:\/\/www.freiburg-schwarzwald.de\/blog\/kultur\/medien\/meinungsfreiheit\/\">freie Meinungs\u00e4u\u00dferung<\/a> mit Namen und Gesicht.ist im <a title=\"Grundgesetz\" href=\"https:\/\/www.freiburg-schwarzwald.de\/blog\/engagement\/zukunft\/demokratie\/grundgesetz\/\">Grundgesetz<\/a> garantiert. Dennoch wird in <a title=\"Medien\" href=\"https:\/\/www.freiburg-schwarzwald.de\/blog\/kultur\/medien\/\">Blogs<\/a> bzw. <a title=\"Social-Networking\" href=\"https:\/\/www.freiburg-schwarzwald.de\/blog\/kultur\/internet\/social-networking\/\">sozialen Medien<\/a> mehrheitlich anonymes Posting bevorzugt bzw. eine <a title=\"Demokratie \u2013 Meinungsfreiheit\" href=\"https:\/\/www.freiburg-schwarzwald.de\/blog\/demokratie-meinungsfreiheit\/\">Klarnamenpflicht<\/a> abgelehnt. Die <a title=\"NetzDG und Meinungsfreiheit\" href=\"https:\/\/www.freiburg-schwarzwald.de\/blog\/netzdg-und-meinungsfreiheit\/\">Furcht<\/a> vor Nachteilen in <a title=\"Religion-Privatsache\" href=\"https:\/\/www.freiburg-schwarzwald.de\/blog\/religion\/religion-privatsache\/\">Privatleben<\/a> und <a title=\"Beruf\" href=\"https:\/\/www.freiburg-schwarzwald.de\/blog\/selbsthilfe\/soziales\/arbeit\/beruf\/\">Beruf<\/a> f\u00fchrt dazu, auf die Schutzfunktion der Anonymit\u00e4t zu setzen. Ein erschreckendes <a title=\"Missverstehen\" href=\"https:\/\/www.freiburg-schwarzwald.de\/blog\/kultur\/medien\/missverstehen\/\">Signal<\/a>. In einer <a title=\"Gesellschaft\" href=\"https:\/\/www.freiburg-schwarzwald.de\/blog\/global\/deutschland\/gesellschaft\/\">Diktatur<\/a> mag das Verschleiern der eigenen <a title=\"Identitaet\" href=\"https:\/\/www.freiburg-schwarzwald.de\/blog\/engagement\/zukunft\/demokratie\/identitaet\/\">Identit\u00e4t<\/a> angebracht sein, in einem <a title=\"Demokratie\" href=\"https:\/\/www.freiburg-schwarzwald.de\/blog\/engagement\/zukunft\/demokratie\/\">demokratischen<\/a> <a title=\"Rechtsstaat\" href=\"https:\/\/www.freiburg-schwarzwald.de\/blog\/selbsthilfe\/soziales\/justiz\/rechtsstaat\/\">Rechtsstaat<\/a> wie dem unsrigen dagegen kaum.<br \/>\n.<br \/>\n<!--more-->Oder ist mit dem Rechtsstaat und seinem &#8222;Alle B\u00fcrger sind vor dem Gesetz gleich&#8220; etwas <a title=\"Gesinnungsdiktatur\" href=\"https:\/\/www.freiburg-schwarzwald.de\/blog\/kultur\/medien\/gesinnungsdiktatur\/\">nicht in Ordnung<\/a>? Laufen wir demn\u00e4chst alle mit Masken umher, oder mit per Botox weggespritzter Mimik? Und mit Alias-Namen vor lauter Angst vor <a title=\"Mobbing\" href=\"https:\/\/www.freiburg-schwarzwald.de\/blog\/selbsthilfe\/krise\/mobbing\/\">Mobbing<\/a>? Demokratie braucht <a title=\"Diskussionskultur\" href=\"https:\/\/www.freiburg-schwarzwald.de\/blog\/kultur\/medien\/diskussionskultur\/\">Diskussionskultur<\/a>.<br \/>\n24.10.2018<br \/>\n.<br \/>\n<strong>Klarnamen oder anonym?<\/strong><br \/>\nDas Bezeichnende dabei ist, dass die Opfer der \u00fcblen Ereignisse fast durchwegs aus dem b\u00fcrgerlichen, konservativen oder patriotischen Milieu stammen und kritische Positionen einnehmen, die nicht dem kommunizierten &#8222;moralisch richtigen&#8220; und linkslastigen Mainstream entstammen. Die Zielscheiben der Repressionen sind also Leute, die sich \u00f6ffentlich gegen die Merkel-Politik \u00e4ussern oder solche, die grunds\u00e4tzlich die europ\u00e4ische Migrationspolitik in Frage stellen. &#8230; Alle diese Meinungstr\u00e4ger werden im medialen Klima der linksautorit\u00e4ren Gesinnungsethik, die bereits eine Art religi\u00f6se Funktion \u00fcbernommen hat, von den selbsternannten Inquisitoren der ver\u00f6ffentlichten Meinung fr\u00fcher oder sp\u00e4ter pers\u00f6nlich angegriffen, denunziert, diffamiert, geblockt oder angezeigt. Das besonders \u00dcble und Bedenkliche daran ist, dass bekannte, nach links tendierende Journalisten hier eine Art Vorhut dieses modernen Jakobinertums \u00fcbernommen haben und dass neolinke Politiker diesen &#8222;Opinionleaders&#8220; brav hinterher trotten, weil sie glauben, dabei Stimmen machen zu k\u00f6nnen. &#8230;.<br \/>\nHabet Mut! Wer allerdings den Mut aufbringt oder sich in einer politischen oder medialen Position befindet und daher die M\u00f6glichkeiten dazu hat, sollte alles tun, um der freien Meinungs\u00e4u\u00dferung, hinter der auch eine erkennbare Person steht, zum Durchbruch zu verhelfen. In der Verfassung bzw. im Grundgesetz steht dieses Recht schon seit Jahrzehnten. Und die Demokratie ist erst dann eine reife und brauchbare, wenn die Freiheit der Meinung ungef\u00e4hrdet gelebt werden kann.<br \/>\n&#8230; Alles von Marcus Franz vom 23.10.2018 zu &#8222;Klarnamen oder Anonym&#8220; bitte lesen auf<br \/>\n<a href=\"https:\/\/www.thedailyfranz.at\/\">https:\/\/www.thedailyfranz.at\/<br \/>\n<\/a>\u00a0.<br \/>\n<em>Dr. Marcus Franz praktiziert als Arzt in Wien. Der Katholik war vier Jahre Nationalratsabgeordneter. In seinem Blog hei\u00dft es: &#8222;B\u00fcrgerlich-konservative Leute, die dem urspr\u00fcnglichen, echten Liberalismus und den Haltungen des klassischen Citoyens verpflichtet sind, haben aus meiner Sicht geradezu die Pflicht, in der \u00d6ffentlichkeit Farbe zu bekennen und Stellung zu beziehen.&#8220;<br \/>\n<\/em>\u00a0.<br \/>\n<strong>Fehlt es einfach nur am Mut?<\/strong><br \/>\nOb anonym oder nicht, den meisten Menschen fehlt das hintergr\u00fcndige Wissen, aber auch der Mut zur Wahrheit.<br \/>\n&#8222;Wir sind nicht nur f\u00fcr unser Tun verantwortlich, sondern auch f\u00fcr das, was wir nicht tun.&#8220; (Moliere)<br \/>\nUnd der US-amerikanische B\u00fcrgerrechtler hat uns folgendes auf dem Weg mitgegeben:<br \/>\n&#8222;Unsere Leben beginnen an dem Tag zu enden, an dem wir \u00fcber Dinge schweigen, die wichtig sind.&#8220;<br \/>\n23.10.2018, Wilhelm Scheidl, , TDFO<\/p>\n","protected":false},"excerpt":{"rendered":"<p>Die freie Meinungs\u00e4u\u00dferung mit Namen und Gesicht.ist im Grundgesetz garantiert. Dennoch wird in Blogs bzw. sozialen Medien mehrheitlich anonymes Posting bevorzugt bzw. eine Klarnamenpflicht abgelehnt. Die Furcht vor Nachteilen in Privatleben und Beruf f\u00fchrt dazu, auf die Schutzfunktion der Anonymit\u00e4t &hellip; <a href=\"https:\/\/www.freiburg-schwarzwald.de\/blog\/freie-meinung-aber-anonym\/\">Weiterlesen <span class=\"meta-nav\">&rarr;<\/span><\/a><\/p>\n","protected":false},"author":2,"featured_media":0,"comment_status":"open","ping_status":"closed","sticky":false,"template":"","format":"standard","meta":{"footnotes":""},"categories":[18,181,162,13,80,9],"tags":[281,633,431,631,545],"class_list":["post-68505","post","type-post","status-publish","format-standard","hentry","category-bildung","category-buergerbeteiligung","category-internet","category-kultur","category-medien","category-soziales","tag-burgerinitiativen","tag-demokratie","tag-gerecht","tag-staat","tag-www"],"_links":{"self":[{"href":"https:\/\/www.freiburg-schwarzwald.de\/blog\/wp-json\/wp\/v2\/posts\/68505","targetHints":{"allow":["GET"]}}],"collection":[{"href":"https:\/\/www.freiburg-schwarzwald.de\/blog\/wp-json\/wp\/v2\/posts"}],"about":[{"href":"https:\/\/www.freiburg-schwarzwald.de\/blog\/wp-json\/wp\/v2\/types\/post"}],"author":[{"embeddable":true,"href":"https:\/\/www.freiburg-schwarzwald.de\/blog\/wp-json\/wp\/v2\/users\/2"}],"replies":[{"embeddable":true,"href":"https:\/\/www.freiburg-schwarzwald.de\/blog\/wp-json\/wp\/v2\/comments?post=68505"}],"version-history":[{"count":0,"href":"https:\/\/www.freiburg-schwarzwald.de\/blog\/wp-json\/wp\/v2\/posts\/68505\/revisions"}],"wp:attachment":[{"href":"https:\/\/www.freiburg-schwarzwald.de\/blog\/wp-json\/wp\/v2\/media?parent=68505"}],"wp:term":[{"taxonomy":"category","embeddable":true,"href":"https:\/\/www.freiburg-schwarzwald.de\/blog\/wp-json\/wp\/v2\/categories?post=68505"},{"taxonomy":"post_tag","embeddable":true,"href":"https:\/\/www.freiburg-schwarzwald.de\/blog\/wp-json\/wp\/v2\/tags?post=68505"}],"curies":[{"name":"wp","href":"https:\/\/api.w.org\/{rel}","templated":true}]}}