{"id":68466,"date":"2018-10-20T11:50:55","date_gmt":"2018-10-20T09:50:55","guid":{"rendered":"https:\/\/www.freiburg-schwarzwald.de\/blog\/?p=68466"},"modified":"2018-10-23T17:13:49","modified_gmt":"2018-10-23T15:13:49","slug":"imagine-without-religion","status":"publish","type":"post","link":"https:\/\/www.freiburg-schwarzwald.de\/blog\/imagine-without-religion\/","title":{"rendered":"Imagine &#8211; without Religion"},"content":{"rendered":"<p>Quo vadis, <a title=\"Katholisch\" href=\"https:\/\/www.freiburg-schwarzwald.de\/blog\/religion\/katholisch\/\">katholische Kirche<\/a>, oder was ist aus dir geworden, <a title=\"Katholische Priester fordern Kommunion f\u00fcr wiederverheirat Geschiedene\" href=\"https:\/\/www.freiburg-schwarzwald.de\/blog\/katholische-priester-fordern-kommunion-fur-wiederverheirat-geschiedene\/\">Kirche<\/a>? Was hast du mit der dir anvertrauten Botschaft gemacht? Im <a title=\"Juden\" href=\"https:\/\/www.freiburg-schwarzwald.de\/blog\/religion\/juden\/\">Ghetto<\/a> von Warschau hat ein Rabbi einst einen Schrei an <a title=\"Religion\" href=\"https:\/\/www.freiburg-schwarzwald.de\/blog\/religion\/\">Gott<\/a> gerichtet <em>&#8222;Du mein gro\u00dfer Gott, du hast alles getan, damit ich nicht mehr an dich glauben kann&#8220;<\/em>. Heute k\u00f6nnten viele einen Schrei in \u00e4hnlicher Form an die <a title=\"Religion-Privatsache\" href=\"https:\/\/www.freiburg-schwarzwald.de\/blog\/religion\/religion-privatsache\/\">Amtskirche<\/a> formulieren &#8222;Du <a title=\"Kapellen\" href=\"https:\/\/www.freiburg-schwarzwald.de\/blog\/religion\/kirchen\/kapellen\/\">katholische Kirche<\/a> hast alles getan &#8230;&#8220;. <!--more--><br \/>\nWir werden in jedem Gottesdienst aufgefordert, unseren Glauben mit den Worten zu bekennen: &#8222;Wir glauben an die eine, heilige katholische <a title=\"Kirche-Politik\" href=\"https:\/\/www.freiburg-schwarzwald.de\/blog\/religion\/kirche-politik\/\">Kirche<\/a>.&#8220; Ich bin seit \u00fcber 73 Jahren Mitglied dieser Kirche, habe ihre St\u00e4rken kennengelernt und ihre Schw\u00e4chen mit Geduld ertragen und nun dies: \u00dcber 1600 Amtstr\u00e4ger unserer Kirche haben \u00fcber 3600 Kinder <a title=\"Sexuellermissbrauch\" href=\"https:\/\/www.freiburg-schwarzwald.de\/blog\/selbsthilfe\/krise\/sexuellermissbrauch\/\">missbraucht<\/a> und vergewaltigt. Bisch\u00f6fe, Generalvikare und leitende Verwaltungsangestellte haben aktiv eine Strafverfolgung vereitelt. <a title=\"Angst und Religion\" href=\"https:\/\/www.freiburg-schwarzwald.de\/blog\/angst-und-religion\/\">Wer h\u00e4lt das noch aus?<\/a> Das muss ich mich fragen. Und welcher Wutanfall w\u00fcrde wohl beim Religionsstifter selbst ausbrechen?<br \/>\nLetztendlich f\u00e4llt mir das Lied &#8222;Imagine&#8220; von John Lennon ein. Darin soll man sich eine Welt &#8222;<a title=\"Agnostiker\" href=\"https:\/\/www.freiburg-schwarzwald.de\/blog\/religion\/agnostiker\/\">without Religion<\/a>&#8220; vorstellen, nur f\u00fcr einen kleinen Moment. Missbrauch w\u00fcrde dadurch nicht vermieden, aber auch nicht mehr ausgef\u00fchrt werden k\u00f6nnen von geweihten T\u00e4tern einer Kirche.<br \/>\n19.10.2018, Hans Martin Lud\u00e4scher, Schutterwald<br \/>\n.<\/p>\n<p>28.9.2018<br \/>\n<a href=\"https:\/\/www.badische-zeitung.de\/suedwest-1\/freiburger-erzbischof-kuendigt-konsequenzen-aus-der-missbrauchsstudie-an--157141235.html\">https:\/\/www.badische-zeitung.de\/suedwest-1\/freiburger-erzbischof-kuendigt-konsequenzen-aus-der-missbrauchsstudie-an&#8211;157141235.html<\/a><\/p>\n","protected":false},"excerpt":{"rendered":"<p>Quo vadis, katholische Kirche, oder was ist aus dir geworden, Kirche? Was hast du mit der dir anvertrauten Botschaft gemacht? Im Ghetto von Warschau hat ein Rabbi einst einen Schrei an Gott gerichtet &#8222;Du mein gro\u00dfer Gott, du hast alles &hellip; <a href=\"https:\/\/www.freiburg-schwarzwald.de\/blog\/imagine-without-religion\/\">Weiterlesen <span class=\"meta-nav\">&rarr;<\/span><\/a><\/p>\n","protected":false},"author":2,"featured_media":0,"comment_status":"open","ping_status":"closed","sticky":false,"template":"","format":"standard","meta":{"footnotes":""},"categories":[261,61,64,19],"tags":[488,503,301,399,650],"class_list":["post-68466","post","type-post","status-publish","format-standard","hentry","category-katholisch","category-kinder","category-psyche","category-religion","tag-child","tag-church","tag-culture","tag-psychology","tag-sex"],"_links":{"self":[{"href":"https:\/\/www.freiburg-schwarzwald.de\/blog\/wp-json\/wp\/v2\/posts\/68466","targetHints":{"allow":["GET"]}}],"collection":[{"href":"https:\/\/www.freiburg-schwarzwald.de\/blog\/wp-json\/wp\/v2\/posts"}],"about":[{"href":"https:\/\/www.freiburg-schwarzwald.de\/blog\/wp-json\/wp\/v2\/types\/post"}],"author":[{"embeddable":true,"href":"https:\/\/www.freiburg-schwarzwald.de\/blog\/wp-json\/wp\/v2\/users\/2"}],"replies":[{"embeddable":true,"href":"https:\/\/www.freiburg-schwarzwald.de\/blog\/wp-json\/wp\/v2\/comments?post=68466"}],"version-history":[{"count":0,"href":"https:\/\/www.freiburg-schwarzwald.de\/blog\/wp-json\/wp\/v2\/posts\/68466\/revisions"}],"wp:attachment":[{"href":"https:\/\/www.freiburg-schwarzwald.de\/blog\/wp-json\/wp\/v2\/media?parent=68466"}],"wp:term":[{"taxonomy":"category","embeddable":true,"href":"https:\/\/www.freiburg-schwarzwald.de\/blog\/wp-json\/wp\/v2\/categories?post=68466"},{"taxonomy":"post_tag","embeddable":true,"href":"https:\/\/www.freiburg-schwarzwald.de\/blog\/wp-json\/wp\/v2\/tags?post=68466"}],"curies":[{"name":"wp","href":"https:\/\/api.w.org\/{rel}","templated":true}]}}