{"id":68402,"date":"2018-10-13T10:09:51","date_gmt":"2018-10-13T08:09:51","guid":{"rendered":"https:\/\/www.freiburg-schwarzwald.de\/blog\/?p=68402"},"modified":"2018-10-13T10:09:51","modified_gmt":"2018-10-13T08:09:51","slug":"schwarzwaelder-wiesenvielfalt","status":"publish","type":"post","link":"https:\/\/www.freiburg-schwarzwald.de\/blog\/schwarzwaelder-wiesenvielfalt\/","title":{"rendered":"Schwarzw\u00e4lder Wiesenvielfalt"},"content":{"rendered":"<p>Das Projekt &#8222;Schwarzw\u00e4lder <a title=\"Wiese\" href=\"https:\/\/www.freiburg-schwarzwald.de\/blog\/natur\/landwirt\/wiese\/\">Wiesenvielfalt<\/a>&#8220; will, dass sich einheimische <a title=\"Blumenwiese\" href=\"https:\/\/www.freiburg-schwarzwald.de\/blog\/natur\/garten\/blumenwiese\/\">Wildblumen<\/a> und &#8211;<a title=\"Wiesenmeisterschaft 2015\" href=\"https:\/\/www.freiburg-schwarzwald.de\/blog\/wiesenmeisterschaft-2015\/\">gr\u00e4ser <\/a>wieder verbreiten. Immer <a title=\"Wiesenblumen\" href=\"https:\/\/www.freiburg-schwarzwald.de\/blog\/natur\/flora\/wiesenblumen\/\">blumenbunter<\/a> wird es im <a title=\"Naturpark Suedschwarzwald\" href=\"https:\/\/www.freiburg-schwarzwald.de\/blog\/naturpark-suedschwarzwald\/\">Naturpark S\u00fcdschwarzwald<\/a>, was nicht nur das Auge des Betrachters sondern vor allem die Insekten freut\u00a0(am <a title=\"Thurner\" href=\"https:\/\/www.freiburg-schwarzwald.de\/blog\/tourismus\/gastro\/gasthaus\/thurner\/\">Thurner<\/a>). Seit drei Jahren l\u00e4uft im Naturpark-S\u00fcdschwarzwald das Modellprojekt &#8222;<a title=\"Schwarzwaldbauern\" href=\"https:\/\/www.freiburg-schwarzwald.de\/blog\/natur\/landwirt\/schwarzwaldbauern\/\">Schwarzw\u00e4lde<\/a>r Wiesenvielfalt&#8220;, hinter dem mehr steckt, als nur sch\u00f6ne <a title=\"Blumen\" href=\"https:\/\/www.freiburg-schwarzwald.de\/blog\/natur\/flora\/blumen\/\">Blumen<\/a><!--more--> <a title=\"Wiesenpatenschaft annehmen\" href=\"https:\/\/www.freiburg-schwarzwald.de\/blog\/wiesenpatenschaft-annehmen\/\">zu pflanzen<\/a>.<\/p>\n<p>&#8222;Es geht um mehr <a title=\"GEOtag Artenvielfalt Oekostation\" href=\"https:\/\/www.freiburg-schwarzwald.de\/blog\/geotag-artenvielfalt-oekostation\/\">Artenreichtum<\/a> und Verbesserung der Biodiversit\u00e4t; es geht um die Aufwertung von Naturwiesen mit vor Ort wachsenden \u00d6kotypen&#8220;, fasste der stellvertretende Naturpark-Gesch\u00e4ftsf\u00fchrer Holger Wegner das Ziel des Projekts zusammen.<br \/>\nWas er damit meint, wurde am Schauplatz des Geschehens, auf einem Grundst\u00fcck in 1050 Meter H\u00f6he am Thurner (Gemeinde St. M\u00e4rgen), im Beisein von B\u00fcrgermeister Josef Haberstroh aus <a title=\"Breitnau\" href=\"https:\/\/www.freiburg-schwarzwald.de\/blog\/regio\/orte\/breitnau\/\">Breitna<\/a>u und Vertretern der Jugendhilfe Timeout veranschaulicht: Auf einer rund 1,2 Hektar gro\u00dfen Wiesenfl\u00e4che wurde die bestehende Grasnarbe alle sechs Meter streifenweise entfernt und nach der Bodenbearbeitung die drei Meter breiten Streifen mit einheimischen Wildblumen- und <a title=\"Saatgut\" href=\"https:\/\/www.freiburg-schwarzwald.de\/blog\/natur\/landwirt\/saatgut\/\">Wildgr\u00e4sersamen<\/a> einges\u00e4t. &#8222;Ziel ist es, dass sich B\u00e4rwurz und schwarze Flockenblume wieder etablieren und sich auf der Fl\u00e4che verteilen&#8220;, sagt der Gesch\u00e4ftsf\u00fchrer des Landschaftserhaltungsverbandes, Reinhold Treiber.<br \/>\nDie Suche nach regionalem Saatgut, das im Gegensatz zu standardisierten Handelsmischungen optimal an den Standort angepasst ist, war nach Aussage von Ulrike Stephan vor ein paar Jahren noch sehr schwierig, da bis dahin im Schwarzwald noch keine Fl\u00e4chen beerntet wurden. Inzwischen l\u00e4sst die Biologin aus Ihringen Wiesen im Oberrheingraben, auf der Schw\u00e4bischen Alb und im Schwarzwald dreschen. Nach zehnj\u00e4hriger Erfahrung mit Wiesendrusch am <a title=\"Kaiserstuhl-Badberg\" href=\"https:\/\/www.freiburg-schwarzwald.de\/blog\/regio\/kaiserstuhl\/kaiserstuhl-badberg\/\">Kaiserstuhl<\/a> hat sie au\u00dferdem 2013 ihr eigenes Unternehmen gegr\u00fcndet. In Hinterzarten-Alpersbach, in Schluchsee-Gr\u00fcnwald oder am Kandelgipfel waren die M\u00e4hdrescher schon diesbez\u00fcglich im Einsatz. Die dortigen Wiesen w\u00fcrden sich sehr unterschiedlich gestalten und daher auch unterschiedliche Schwerpunkte haben.<\/p>\n<p>Dank der guten Vernetzung mit dem Landschaftserhaltungsverband, dessen Gesch\u00e4ftsf\u00fchrer ihr Ehemann Reinhold Treiber ist, st\u00fcnden viele Spenderfl\u00e4chen zur Verf\u00fcgung. Er brachte sie auch auf die Idee, gebietsheimisches Wiesendrusch-Saatgut von unterschiedlichsten Gr\u00fcnlandtypen herzustellen. &#8222;Heute sind Wiesen oft Silagefl\u00e4chen, auf denen Heublumen fehlen, so dass der Kreislauf nicht mehr auf die Fl\u00e4che gebracht wird&#8220;, bedauert Treiber. Um dieser Entwicklung entgegenzusteuern, h\u00e4lt er die gezielte Produktion von Heublumen f\u00fcr wichtig.<br \/>\nNicht ganz einfach gestaltet sich nach Aussage von Ulrike Stephan der Wiesendrusch, der logistisch sehr aufw\u00e4ndig sei: &#8222;Da spielen viele Faktoren mit, angefangen vom richtigen Druschzeitpunkt und der Abstimmung mit dem Bewirtschafter, \u00fcber das Wetter bis hin zur Schwierigkeit, einen M\u00e4hdrescher zu bekommen.&#8220; Zuvor werden die Fl\u00e4chen kontrolliert, giftige Pflanzen oder unerw\u00fcnschte Arten entfernt.<\/p>\n<p>Die Landwirte, die die Samenernte m\u00f6glich machen, w\u00fcrden finanziell einen Ausgleich erhalten. Die Wiesenvielfalt im Schwarzwald sei sehr gro\u00df. Typisch seien B\u00e4rwurz und die Schwarze Flockenblume aber auch der Klappertopf, der Hahnenfu\u00df, das Ruchgras oder der gro\u00dfe Wiesenknopf finden sich in der von ihr mitgebrachten standorttypischen Mischung f\u00fcr den Thurner wieder.<\/p>\n<p>\u00dcber so viel Wiesenvielfalt im Naturpark S\u00fcdschwarzwald freute sich auch Manfred Kraft vom Landesverband Badischer Imker, der gemeinsam mit dem Naturpark Schwarzwald Mitte\/Nord im Jahr 2016 das Projekt &#8222;Bl\u00fchender Naturpark&#8220; ins Leben gerufen hat. Inzwischen sei die Kampagne in allen Naturparks sehr erfolgreich angelaufen: &#8222;140 Fl\u00e4chen sind schon anges\u00e4t.&#8220; 2013 hat der Naturpark S\u00fcdschwarzwald die Kampagne &#8222;Bl\u00fchender Naturpark&#8220; gestartet und vorwiegend inner\u00f6rtliche Freifl\u00e4chen, wie Stra\u00dfenrandstreifen und Verkehrsinseln zum Bl\u00fchen gebracht. &#8222;Im Siedlungsbereich war dies einfacher als in der freien Landschaft&#8220;, weist Holger Wegner auf die gesetzlichen Auflagen beim Saatguteinsatz auf den Feldern hin.<\/p>\n<p>Dass der Breitnauer B\u00fcrgermeister Josef Haberstroh und einige Vertreter der Jugendhilfe Timeout beim Vororttermin zugegen waren, hatte seinen Grund: Im Zuge der Gewerbegebietsausweisung \u00d6denbach II, f\u00fcr die eine Magerwiese geopfert wurde, musste eine Ausgleichsfl\u00e4che gefunden werden. Diese fand man in der Wiese an der &#8222;Club Thurnerspur&#8220;, die nach dem Kauf eines Restst\u00fccks von der Gemeinde Breitnau nun komplett der Jugendhilfe geh\u00f6rt. Die M\u00e4hwiese erhalte durch die Einsaat von heimischem Saatgut eine Aufwertung, so dass sie als Ausgleichsfl\u00e4che anerkannt werde. &#8222;Das hat uns die Gewerbegebietsgeschichte erleichtert&#8220;, dankte Haberstroh der Jugendhilfe, die als Auftraggeber einen finanziellen Ausgleich f\u00fcr die Aufwertung der fr\u00fcher intensiv bewirtschafteten Heuwiese erhalte.<\/p>\n<p>&#8222;Bei der Pflege und Bewirtschaftung entsteht kein Nachteil, lediglich wirft die Wiese weniger Ertrag ab&#8220;, sagt Reinhold Treiber, der das Projekt begleitet und dokumentiert. Der zweite Schnitt 2019 sei dann wieder ein ganz normaler Heuwiesenschnitt. F\u00fcr Timeout ist die Wiesenaufwertung und der Verzicht auf G\u00fclleausbringung nach Aussage von Gruppenleiter Michael G\u00f6tte gut &#8222;verkraftbar&#8220;.<br \/>\n29.9.2018, Christa Maier,<br \/>\n<a href=\"https:\/\/www.badische-zeitung.de\/kreis-breisgau-hochschwarzwald\/baerwurz-hahnenfuss-und-klappertopf--157150178.html\">https:\/\/www.badische-zeitung.de\/kreis-breisgau-hochschwarzwald\/baerwurz-hahnenfuss-und-klappertopf&#8211;157150178.html<\/a><br \/>\n.<\/p>\n<p><strong>Modellprojekt &#8222;Schwarzw\u00e4lder Wiesenvielfalt&#8220;<\/strong><br \/>\nDas Problem: B\u00e4rwurz und Schwarze Flockenblume sind typisch f\u00fcr den Schwarzwald, aber ihre Samen sind im Handel nicht erh\u00e4ltlich und k\u00f6nnen so auch nicht f\u00fcr die Neubegr\u00fcnung von Wiesen oder bei der Ausbesserung von Wildschweinsch\u00e4den in Wiesen eingesetzt werden.<br \/>\nDer Naturpark S\u00fcdschwarzwald hat ein Modellprojekt &#8222;Schwarzw\u00e4lder Wiesenvielfalt&#8220; gestartet, bei dem das einzigartige genetische Reservoir alter Schwarzwaldwiesen beerntet und f\u00fcr neue Wiesenanlagen k\u00fcnftig verf\u00fcgbar sein wird.<br \/>\n<a href=\"https:\/\/www.naturpark-suedschwarzwald.de\/eip\/pages\/schwarzwaelder-wiesenvielfalt.php\">https:\/\/www.naturpark-suedschwarzwald.de\/eip\/pages\/schwarzwaelder-wiesenvielfalt.php<\/a><br \/>\n.<br \/>\n<strong>Wiesendruschsaat<\/strong><br \/>\nDie Diplombiologin Ulrike Stephan f\u00fchrt das Projekt &#8222;Schwarzw\u00e4lder Wiesenvielfalt&#8220; durch und hat sich mit ihrem Unternehmen &#8222;Wiesendruschsaat&#8220; in der Region auf die Saaterzeugung spezialisiert.<br \/>\n<a href=\"https:\/\/www.wiesendruschsaat.de\">https:\/\/www.wiesendruschsaat.de<\/a><\/p>\n<p><strong>TimeOut &#8211; Wiese am Thurner<\/strong><br \/>\nIm Rahmen einer Ausgleichsma\u00dfnahme f\u00fcr das Breitnauer Gewerbegebiet \u00d6denbach II wird am <a title=\"Thurner\" href=\"https:\/\/www.freiburg-schwarzwald.de\/blog\/tourismus\/gastro\/gasthaus\/thurner\/\">Thurner<\/a> eine Wiese aufgewertet. Hierzu wird das genannte Wiesendruschsaatgut streifenweise auf der Wiese einges\u00e4t. Die Fl\u00e4che ist Eigentum der <a title=\"Kraftwaermekopplung Timeout\" href=\"https:\/\/www.freiburg-schwarzwald.de\/blog\/kraftwaermekopplung-timeout\/\">Timeout Jugendhilfe gGmbH<\/a> und wird auch von dieser bewirtschaftet. Die Einsaat findet anl\u00e4sslich eines Pressetermines am Mittwoch, 26. September 2018, um 15 Uhr statt. Interessierte Mitb\u00fcrgerinnen und Mitb\u00fcrger sind herzlich eingeladen, daran teilzunehmen. Treffpunkt: Parkplatz des Thurner Wirtshauses in St.M\u00e4rgen<br \/>\n<a href=\"https:\/\/timeout.eu\/aktuelles\/?tx_news_pi1%5Bnews%5D=233&amp;tx_news_pi1%5Bcontroller%5D=News&amp;tx_news_pi1%5Baction%5D=detail&amp;cHash=4f4f31b343abd0bedbc455654345e982\">https:\/\/timeout.eu\/aktuelles\/?tx_news_pi1%5Bnews%5D=233&amp;tx_news_pi1%5Bcontroller%5D=News&amp;tx_news_pi1%5Baction%5D=detail&amp;cHash=4f4f31b343abd0bedbc455654345e982<\/a><\/p>\n","protected":false},"excerpt":{"rendered":"<p>Das Projekt &#8222;Schwarzw\u00e4lder Wiesenvielfalt&#8220; will, dass sich einheimische Wildblumen und &#8211;gr\u00e4ser wieder verbreiten. Immer blumenbunter wird es im Naturpark S\u00fcdschwarzwald, was nicht nur das Auge des Betrachters sondern vor allem die Insekten freut\u00a0(am Thurner). Seit drei Jahren l\u00e4uft im Naturpark-S\u00fcdschwarzwald &hellip; <a href=\"https:\/\/www.freiburg-schwarzwald.de\/blog\/schwarzwaelder-wiesenvielfalt\/\">Weiterlesen <span class=\"meta-nav\">&rarr;<\/span><\/a><\/p>\n","protected":false},"author":2,"featured_media":0,"comment_status":"open","ping_status":"closed","sticky":false,"template":"","format":"standard","meta":{"footnotes":""},"categories":[140,180,60,13,201,12,67,157,6,137],"tags":[277,447,274,675,142,605,331],"class_list":["post-68402","post","type-post","status-publish","format-standard","hentry","category-garten","category-hochschwarzwald","category-jugend","category-kultur","category-landwirt","category-natur","category-naturschutz","category-oeffentlicher-raum","category-vereine","category-wald","tag-bauer","tag-berg","tag-blumen","tag-hoch","tag-renaturierung","tag-saat","tag-tourist"],"_links":{"self":[{"href":"https:\/\/www.freiburg-schwarzwald.de\/blog\/wp-json\/wp\/v2\/posts\/68402","targetHints":{"allow":["GET"]}}],"collection":[{"href":"https:\/\/www.freiburg-schwarzwald.de\/blog\/wp-json\/wp\/v2\/posts"}],"about":[{"href":"https:\/\/www.freiburg-schwarzwald.de\/blog\/wp-json\/wp\/v2\/types\/post"}],"author":[{"embeddable":true,"href":"https:\/\/www.freiburg-schwarzwald.de\/blog\/wp-json\/wp\/v2\/users\/2"}],"replies":[{"embeddable":true,"href":"https:\/\/www.freiburg-schwarzwald.de\/blog\/wp-json\/wp\/v2\/comments?post=68402"}],"version-history":[{"count":0,"href":"https:\/\/www.freiburg-schwarzwald.de\/blog\/wp-json\/wp\/v2\/posts\/68402\/revisions"}],"wp:attachment":[{"href":"https:\/\/www.freiburg-schwarzwald.de\/blog\/wp-json\/wp\/v2\/media?parent=68402"}],"wp:term":[{"taxonomy":"category","embeddable":true,"href":"https:\/\/www.freiburg-schwarzwald.de\/blog\/wp-json\/wp\/v2\/categories?post=68402"},{"taxonomy":"post_tag","embeddable":true,"href":"https:\/\/www.freiburg-schwarzwald.de\/blog\/wp-json\/wp\/v2\/tags?post=68402"}],"curies":[{"name":"wp","href":"https:\/\/api.w.org\/{rel}","templated":true}]}}