{"id":68378,"date":"2018-10-11T08:57:06","date_gmt":"2018-10-11T06:57:06","guid":{"rendered":"https:\/\/www.freiburg-schwarzwald.de\/blog\/?p=68378"},"modified":"2018-10-11T21:23:21","modified_gmt":"2018-10-11T19:23:21","slug":"attacke-auf-pfarrer-gottesdienst","status":"publish","type":"post","link":"https:\/\/www.freiburg-schwarzwald.de\/blog\/attacke-auf-pfarrer-gottesdienst\/","title":{"rendered":"Attacke auf Pfarrer Gottesdienst"},"content":{"rendered":"<p>Der Gottesdienst in der <a title=\"Kirchen\" href=\"https:\/\/www.freiburg-schwarzwald.de\/blog\/religion\/kirchen\/\">Herz-Jesu-Kirche<\/a> im <a title=\"Stuehlinger\" href=\"https:\/\/www.freiburg-schwarzwald.de\/blog\/regio\/freiburg\/stuehlinger\/\">St\u00fchlinger<\/a> wird wiederholt gest\u00f6rt und dabei der Gemeindepfarrer t\u00e4tlich angegriffen. <a title=\"Katholisch\" href=\"https:\/\/www.freiburg-schwarzwald.de\/blog\/religion\/katholisch\/\">Pater Markus Fischer<\/a> wandte sich deshalb an <a title=\"Polizei\" href=\"https:\/\/www.freiburg-schwarzwald.de\/blog\/selbsthilfe\/soziales\/justiz\/polizei\/\">Polizei<\/a> und <a title=\"Stadtfreiburg\" href=\"https:\/\/www.freiburg-schwarzwald.de\/blog\/regio\/freiburg\/stadtfreiburg\/\">Oberb\u00fcrgermeister<\/a>. <a title=\"Ueberfall\" href=\"https:\/\/www.freiburg-schwarzwald.de\/blog\/selbsthilfe\/krise\/gewalt\/ueberfall\/\">Schlimm<\/a>. Noch schlimmer ist, dass es \u00fcber lokale Zeitungsmeldungen hinaus keinerlei <a title=\"Demo\" href=\"https:\/\/www.freiburg-schwarzwald.de\/blog\/engagement\/buergerinitiativen\/demo\/\">Proteste<\/a>\u00a0 bzw. Aufbegehren gibt. Es ist halt so. Man nimmt <a title=\"No-Go-Area Stuehlinger \u2013 Polizei\" href=\"https:\/\/www.freiburg-schwarzwald.de\/blog\/no-go-area-stuehlinger-polizei\/\">das<\/a> stillschweigend hin. Solche <a title=\"Fluechtlinge-Kriminalitaet\" href=\"https:\/\/www.freiburg-schwarzwald.de\/blog\/global\/integration\/fluechtlinge-kriminalitaet\/\">Attacken<\/a> sind heutzutage anscheinend &#8222;gottgegeben&#8220;.<!--more--><\/p>\n<p><strong>Sicher?<\/strong><br \/>\nVor wenigen Jahren h\u00e4tte das noch zu einem gro\u00dfen Aufschrei gef\u00fchrt: Der Leitende Pfarrer der Seelsorgeeinheit Freiburg-Mitte wurde angegriffen, bereits mehrfach der Gottesdienst in der Herz-Jesu-Kirche gest\u00f6rt. Es gibt eine Strafanzeige &#8211; aber auf eine politische Reaktion auf die Zust\u00e4nde wartet man vergebens.<br \/>\nZu den massivsten Freiburger <a title=\"Fake-News und Faker\" href=\"https:\/\/www.freiburg-schwarzwald.de\/blog\/fake-news-und-faker\/\">Fake-News<\/a> der letzten Jahre geh\u00f6rte der Satz, die Lage rund um den St\u00fchlinger <a title=\"Revier\" href=\"https:\/\/www.freiburg-schwarzwald.de\/blog\/global\/integration\/revier\/\">Kirchplatz<\/a> sei befriedet &#8211; wer das behauptet, sollte mal mit den Anwohnern sprechen.<br \/>\nDas, was die \u201eSicherheitspartnerschaft\u201c zwischen Stadt und Land mit ihren personellen Mitteln erreichen kann, sind Tropfen auf den hei\u00dfen Stein &#8211; mehr nicht.<br \/>\nDerweil ist die Sicherheitsdebatte irgendwo in der Selbstverliebtheit des politischen Freiburg versandet.<br \/>\n11.10.2018, Stefan Ummenhofer, <a href=\"https:\/\/www.stadtkurier.de\">https:\/\/www.stadtkurier.de<\/a><\/p>\n<p>.<br \/>\n<strong>Beleidigungen, Dreck, Ruhest\u00f6rungen: Pfarrer bittet um Hilfe<\/strong><br \/>\nDer f\u00fcr die Herz-Jesu-Kirche zust\u00e4ndige Pater Markus Fischer wurde auf dem St\u00fchlinger Kirchplatz am Rande von Gottesdiensten beleidigt und bespuckt. &#8230; Weil das nicht der einzige Vorfall in letzter Zeit war, hat er sich in einem Brief an Oberb\u00fcrgermeister Martin Horn gewandt. Das Rathaus nimmt die Lage ernst und will die Sicherheit auf dem Platz erh\u00f6hen. Noch im Oktober soll mit der Pfarrei und der Polizei \u00fcber Ma\u00dfnahmen gesprochen werden. Die vor Ort auff\u00e4llige Gruppe der <a title=\"Gambia\" href=\"https:\/\/www.freiburg-schwarzwald.de\/blog\/global\/afrika\/gambia\/\">Gambier<\/a> steht dabei nicht alleine im Fokus. &#8230;.<br \/>\nImmer wieder habe es in letzter Zeit punktuell Probleme mit verschiedenen Platznutzern gegeben. Er habe nichts dagegen, wenn die einladenden Kirchenstufen vielfach genutzt w\u00fcrden, aber der Umgang mit einigen Menschen dort verlaufe, etwa f\u00fcr den Messner und Hausmeister der Kirche, nicht wirklich reibungslos. Das fange bei dem M\u00fcll und den Scherben an und h\u00f6re bei Beleidigungen und Ruhest\u00f6rungen von laufenden Gottesdiensten auf. Veranstaltungen in der Kirche nach Einbruch der Dunkelheit, etwa Konzerte, seien derzeit problematisch.<br \/>\n&#8230;. Alles vom 4.10.2018 bitte lesen auf<br \/>\n<a href=\"https:\/\/www.badische-zeitung.de\/beleidigungen-dreck-ruhestoerungen-pfarrer-bittet-um-hilfe\">https:\/\/www.badische-zeitung.de\/beleidigungen-dreck-ruhestoerungen-pfarrer-bittet-um-hilfe<br \/>\n<\/a>\u00a0.<br \/>\n<strong>Pfarrer bespucken &#8211; Es ist halt so<\/strong><br \/>\nMit der Videoanlage f\u00fcr viele Geld, nimmt man dann auf, wie der Pfarrer bespuckt wird, und dann? Dann f\u00fchren wir f\u00fcr viel Geld ein Gerichtsverfahren, besch\u00e4ftigen die Polizei und lassen den Spucker mit einer Ermahnung frei, weil man niemanden in Deutschland f\u00fcr Beschimpfen und Bespucken einsperrt. Wir erh\u00f6hen noch einmal die Kosten, um einfach nichts zu ver\u00e4ndern. Politiker k\u00f6nnen dann auf sinnlosen Aktionismus verweisen. Spart Euch das Geld und die Worte und sagt dem Pfarrer, dass es halt so ist. &#8230;.<br \/>\nGanz ehrlich, wir sind schon eine kaputte Gesellschaft! Da schreibt einer, sagt dem Pfarrer, dass es halt so ist und keinen st\u00f6rt es. Glauben wir eigentlich, dass ein Rechtsstaat nur daf\u00fcr da ist die B\u00fcrger per Strafzettel auszupl\u00fcndern? Wie lange soll das funktionieren? Wenn dann trotz gr\u00f6sster Vorsicht jeder mal ausgeraubt wurde (oder ein Familienmitglied) fangen wir uns an zu wehren? Wo sind jetzt die ganzen AFD Gegner, hier ist das Thema, bei dem die AFD Stimmen macht! Wenn die Politik nicht die steigende Kriminali\u00e4t in den Griff bekommt, braucht sie sich nicht wundern, wenn die Menschen die Pokitiker w\u00e4hlen, die das versprechen. Dann ist das Geheule wieder gross.<br \/>\n4.10.2018, Martin Synowzik, BZO<\/p>\n<p><strong>Gelten Gesetze am St\u00fchlinger Kirchplatz nicht?<\/strong><br \/>\nSeit einigen Jahren dominieren besonders M\u00e4nner aus Gambia den dortigen Drogenumschlagplatz. &#8222;Wir m\u00fcssen das ja irgendwann mal in den Griff bekommen&#8220;, findet sie (Daniela Ullrich). Dabei gehe es zwar nicht ausschlie\u00dflich, aber auch um die auf dem Platz sehr stark pr\u00e4sente Gruppe von gambischen Staatsangeh\u00f6rigen. Laut Polizei bilden diese den Gro\u00dfteil der derzeit 40 bis 50 regelm\u00e4\u00dfig auf dem Platz anwesenden Personen. H\u00e4ufig gehen mit der Anwesenheit auch Drogendelikte und Gewalt einher. Aus dem deutschen Gesetz: Erwerb, Besitz, Anbau, Abgabe und Handel illegaler Drogen werden in Deutschland als Verst\u00f6\u00dfe gegen das Bet\u00e4ubungsmittelgesetz (BTMG \u00a729) mit einer Freiheitsstrafe bis zu 5 Jahren oder mit einer Geldstrafe geahndet. Bei schweren Verst\u00f6\u00dfen, z.B. gewerbsm\u00e4\u00dfigem Handel, k\u00f6nnen auch bis zu 15 Jahren Haft daraus werden:\u00a0<a href=\"https:\/\/www.gesetze-im-internet.de\/btmg_1981\/__29.html\">https:\/\/www.gesetze-im-internet.de\/btmg_1981\/__29.html<\/a><br \/>\nWer als Mitglied einer Bande mit Drogen Handel betreibt, wird mit einer Freiheitsstrafe nicht unter zwei Jahren bestraft (\u00a7 30 Abs. 1 Nr. 1 BtMG). Warum frage ich mich, warum wird das deutsche Gesetz nicht ausgesch\u00f6pft ?<br \/>\n4.10.2018, Rolf Rutsch, BZO<br \/>\n.<br \/>\n<strong>Das hilft nur der AfD<\/strong><br \/>\n&#8222;&#8230; nicht explizit an Stadt und Polizei gewandt&#8220;. Das ist dann auch ein Zeichen f\u00fcr die Kriminalstatistik. Wenn ausl\u00e4ndische Bedroher nicht gemeldet werden, kommen solche Berichte zustande. Was hilft es dem Menschen, wenn die wahrgenommene und gef\u00fchlte Kriminalit\u00e4t von der von der Presse \u00f6ffentlich gemeldeten Kriminalit\u00e4t so eklatant abweicht? Nichts! Wenn die Menschen f\u00fcr dumm verkauft werden, hilft das nur der AfD. So der Aufruf an die Verantwortlichen: stellt euch endlich den Fakten und den Tatsachen, bevor es zu sp\u00e4t ist.<br \/>\n4.10.2018, Manuel Rosenthal-Sch\u00f6pflin, BZO<\/p>\n<p><strong>Warum kein Platzverweis?<\/strong><br \/>\nNur mal so&#8230;. Lauf mal mit Kleinkind durch den Park. Die andersfarbigen Mitmenschen Ticken dich an, ob du Drogen haben m\u00f6chtest! Verstehe nicht, warum es hier keinen Platzverweis der Polizei gibt? Kommen diese andersfarbigen Asylanten denn alle aus Freiburg? Oder aus dem Umland? Und die Jungs mit der schicken Uniform vom Gemeindevollzugsdienst meiden das Gebiet gro\u00dfr\u00e4umig.<br \/>\n4.10.2018, Wendelin Graf, BZO<\/p>\n<p>Der sachliche und belegbare Fakt ist eben auch die statistische Tatsache, dass \u00fcberwiegend Gambier den &#8222;harten&#8220; Drogenmarkt und die <a title=\"Maghreb\" href=\"https:\/\/www.freiburg-schwarzwald.de\/blog\/global\/maghreb\/\">Maghreb<\/a>-Abst\u00e4mmigen den weichen Drogenmarkt versorgen. Statistische Ausnahmen gibt es nat\u00fcrlich auch. Punkt.<br \/>\nDas hat alles nichts mit AFD, Rechts-Links, Oben-Unten zu tun, sondern das sind eben einfach Zahlen. Und abgesehen davon ist es eher sekund\u00e4r, ob der Dealer aus Afrika, Europa oder Asien kommt. Er muss eben einfach weg &#8230;.<br \/>\n4.10. 2018, Martin Schneider, BZO<\/p>\n","protected":false},"excerpt":{"rendered":"<p>Der Gottesdienst in der Herz-Jesu-Kirche im St\u00fchlinger wird wiederholt gest\u00f6rt und dabei der Gemeindepfarrer t\u00e4tlich angegriffen. Pater Markus Fischer wandte sich deshalb an Polizei und Oberb\u00fcrgermeister. Schlimm. Noch schlimmer ist, dass es \u00fcber lokale Zeitungsmeldungen hinaus keinerlei Proteste\u00a0 bzw. Aufbegehren &hellip; <a href=\"https:\/\/www.freiburg-schwarzwald.de\/blog\/attacke-auf-pfarrer-gottesdienst\/\">Weiterlesen <span class=\"meta-nav\">&rarr;<\/span><\/a><\/p>\n","protected":false},"author":2,"featured_media":0,"comment_status":"open","ping_status":"closed","sticky":false,"template":"","format":"standard","meta":{"footnotes":""},"categories":[49,210,155,261,80,157,19],"tags":[732,503,622,726,405],"class_list":["post-68378","post","type-post","status-publish","format-standard","hentry","category-freiburg","category-gewalt","category-integration","category-katholisch","category-medien","category-oeffentlicher-raum","category-religion","tag-gewalt","tag-church","tag-migration","tag-oeffentlicher-raum","tag-polizei"],"_links":{"self":[{"href":"https:\/\/www.freiburg-schwarzwald.de\/blog\/wp-json\/wp\/v2\/posts\/68378","targetHints":{"allow":["GET"]}}],"collection":[{"href":"https:\/\/www.freiburg-schwarzwald.de\/blog\/wp-json\/wp\/v2\/posts"}],"about":[{"href":"https:\/\/www.freiburg-schwarzwald.de\/blog\/wp-json\/wp\/v2\/types\/post"}],"author":[{"embeddable":true,"href":"https:\/\/www.freiburg-schwarzwald.de\/blog\/wp-json\/wp\/v2\/users\/2"}],"replies":[{"embeddable":true,"href":"https:\/\/www.freiburg-schwarzwald.de\/blog\/wp-json\/wp\/v2\/comments?post=68378"}],"version-history":[{"count":0,"href":"https:\/\/www.freiburg-schwarzwald.de\/blog\/wp-json\/wp\/v2\/posts\/68378\/revisions"}],"wp:attachment":[{"href":"https:\/\/www.freiburg-schwarzwald.de\/blog\/wp-json\/wp\/v2\/media?parent=68378"}],"wp:term":[{"taxonomy":"category","embeddable":true,"href":"https:\/\/www.freiburg-schwarzwald.de\/blog\/wp-json\/wp\/v2\/categories?post=68378"},{"taxonomy":"post_tag","embeddable":true,"href":"https:\/\/www.freiburg-schwarzwald.de\/blog\/wp-json\/wp\/v2\/tags?post=68378"}],"curies":[{"name":"wp","href":"https:\/\/api.w.org\/{rel}","templated":true}]}}