{"id":68286,"date":"2018-10-06T21:02:51","date_gmt":"2018-10-06T19:02:51","guid":{"rendered":"https:\/\/www.freiburg-schwarzwald.de\/blog\/?p=68286"},"modified":"2018-10-23T17:19:28","modified_gmt":"2018-10-23T15:19:28","slug":"atomkraftwerk-fessenheim-bleibt","status":"publish","type":"post","link":"https:\/\/www.freiburg-schwarzwald.de\/blog\/atomkraftwerk-fessenheim-bleibt\/","title":{"rendered":"Atomkraftwerk Fessenheim bleibt"},"content":{"rendered":"<p><em>&#8222;Das <a title=\"Fessenheim AKW-Unfall no info\" href=\"https:\/\/www.freiburg-schwarzwald.de\/blog\/fessenheim-akw-unfall-no-info\/\">Kraftwerk<\/a> (im <a title=\"Elsass\" href=\"https:\/\/www.freiburg-schwarzwald.de\/blog\/regio\/elsass\/\">els\u00e4ssischen<\/a> <a title=\"AKW Fessenheim Bedrohung FR\" href=\"https:\/\/www.freiburg-schwarzwald.de\/blog\/akw-fessenheim-bedrohung-fr\/\">Fessenheim<\/a>) wird in dieser Amtszeit (von Pr\u00e4sident Emmanuel Macron) geschlossen, bis 2022&#8243;<\/em> &#8211; so Frankreichs Umweltminister Fran\u00e7ois de Rugy am 2.10.2018. Ein Skandal in zweifacher Hinsicht:<br \/>\nZum einen bricht <a title=\"France\" href=\"https:\/\/www.freiburg-schwarzwald.de\/blog\/global\/france\/\">Frankreich<\/a> erneut die mehrfache Zusage, ihr \u00e4ltestes und <a title=\"Fessenheim abschalten 2018\" href=\"https:\/\/www.freiburg-schwarzwald.de\/blog\/fessenheim-abschalten-2018\/\">marodestes<\/a> <a title=\"Fessenheim Rauch \u2013 nix versteh\" href=\"https:\/\/www.freiburg-schwarzwald.de\/blog\/fessenheim-rauch-nix-versteh\/\">Atomkraftwerk<\/a> abzuschalten; das <a title=\"Fessenheim abschalten Petition\" href=\"https:\/\/www.freiburg-schwarzwald.de\/blog\/fessenheim-abschalten-petition\/\">AKW<\/a> liegt am <a title=\"Dreiland\" href=\"https:\/\/www.freiburg-schwarzwald.de\/blog\/regio\/trirhena\/dreiland\/\">Rhein<\/a> zwischen <a title=\"Basel\" href=\"https:\/\/www.freiburg-schwarzwald.de\/blog\/global\/schweiz\/basel\/\">Basel<\/a> und Breisach direkt an der deutsch-franz\u00f6sischen Grenze <!--more-->und <a title=\"Fessenheim AKW Aktionstag FR\" href=\"https:\/\/www.freiburg-schwarzwald.de\/blog\/fessenheim-akw-aktionstag-fr\/\">bedroht <\/a>(Westwind) im <a title=\"AKW\" href=\"https:\/\/www.freiburg-schwarzwald.de\/blog\/energie\/akw\/\">AKW<\/a>&#8211;<a title=\"Fessenheim verhindert Blackout\" href=\"https:\/\/www.freiburg-schwarzwald.de\/blog\/fessenheim-verhindert-blackout\/\">St\u00f6rungsfall<\/a> vor allem den Oberrhein, Breisgau und <a title=\"Hochschwarzwald\" href=\"https:\/\/www.freiburg-schwarzwald.de\/blog\/regio\/hochschwarzwald\/\">Hochschwarzwald<\/a>. Dazu kommt die neue trickreiche Verkn\u00fcpfung, Fessenheim k\u00f6nne erst abgeschaltet werden, wenn das\u00a0im Bau befindliche AKW Flamanville der <a title=\"Das atomare Dorf: CGT, EdF\" href=\"https:\/\/www.freiburg-schwarzwald.de\/blog\/das-atomare-dorf-cgt-edf\/\">EDF<\/a> (zu 85% in Staatsbesitz) am Netz ist.<br \/>\nZum anderen ist die GroKo in Berlin nicht willens, doch endlich Frankreich unter massiven \u00f6konomischen (Finanzen),\u00a0 politischen (<a title=\"EU-Banken\" href=\"https:\/\/www.freiburg-schwarzwald.de\/blog\/global\/eu\/eu-banken\/\">EU<\/a>) wie auch kulturellen Druck (l&#8217;Amiti\u00e9 franco-allemande) zu setzen &#8211; kein Land der EU k\u00f6nnte mehr Druck auf Paris aus\u00fcben als <a title=\"Deutschland\" href=\"https:\/\/www.freiburg-schwarzwald.de\/blog\/global\/deutschland\/\">Deutschland<\/a>! Aber der <a title=\"GroKo\" href=\"https:\/\/www.freiburg-schwarzwald.de\/blog\/engagement\/zukunft\/demokratie\/groko\/\">Bundesregierung<\/a> sind die berechtigten Sorgen der S\u00fcdbadener scheinbar egal. Sonst h\u00e4tte sie schon l\u00e4ngst den <a title=\"Dreiland\" href=\"https:\/\/www.freiburg-schwarzwald.de\/blog\/regio\/trirhena\/dreiland\/\">Dreil\u00e4nder<\/a> Atomschutzverband <a title=\"TRAS Klage Fessenheim bei EU\" href=\"https:\/\/www.freiburg-schwarzwald.de\/blog\/tras-klage-fessenheim-bei-eu\/\">TRAS<\/a> mit Sitz in Basel bei dessen Bem\u00fchungen unterst\u00fctzt, das AKW Fessenheim auf dem Klageweg abzuschalten. F\u00fcr die Berliner GroKo rangieren <a title=\"Ideologie\" href=\"https:\/\/www.freiburg-schwarzwald.de\/blog\/engagement\/zukunft\/ideologie\/\">ideologisch<\/a> begr\u00fcndete\u00a0<a title=\"Gesinnungsethik\" href=\"https:\/\/www.freiburg-schwarzwald.de\/blog\/engagement\/zukunft\/demokratie\/gesinnungsethik\/\">Gesinnungs<\/a>&#8211; bzw. Moralpolitik vor pragmatischer Macht- bzw. Realpolitik.<\/p>\n<p>Man stelle sich vor: Das deutsche AKW Phillipsburg am Rhein zwischen Karlsruhe und Speyer w\u00e4re noch am Netz, aber in einem genau so desolaten Zustand wie heute das AKW Fessenheim. Und die vorherrschende Windrichtung h\u00e4tte von West nach Ost gedreht &#8211; Westwind bl\u00e4st von Phillipsburg bis nach nach Reims und Paris. Was w\u00e4re dann? Die franz\u00f6sische Diplomatie (charmant, aber hart und effektiv) h\u00e4tte bilateral sowie via EU und <a title=\"NGO\" href=\"https:\/\/www.freiburg-schwarzwald.de\/blog\/vereine\/ngo\/\">NGOs<\/a>\u00a0die Berliner GroKo\u00a0derart bedr\u00e4ngt, dass diese das gef\u00e4hrliche Atomkraftwerk\u00a0umgehend stillgelegt h\u00e4tte. Unsere Diplomatie\u00a0hingegen verharrt in Plumpheit und\u00a0linkischem <a title=\"Selbsthass\" href=\"https:\/\/www.freiburg-schwarzwald.de\/blog\/engagement\/zukunft\/selbsthass\/\">Selbsthass<\/a>\u00a0nach der Devise &#8222;Germany last&#8220;.<br \/>\n6.10.2018, Der Verfasser ist weder Populist noch Rassist, Fremdenfeind oder Nazi<br \/>\n.<br \/>\n.<br \/>\n<strong>Fessenheim-Abschaltung am St. Nimmerleinstag?<\/strong><br \/>\n\u201eDie Ank\u00fcndigung des Herrn Umweltminister Fran\u00e7ois de Rugy im franz\u00f6sischen Rundfunk ist eine gro\u00dfe Entt\u00e4uschung f\u00fcr den BUND und die <a title=\"TRAS Klage Fessenheim bei EU\" href=\"https:\/\/www.freiburg-schwarzwald.de\/blog\/tras-klage-fessenheim-bei-eu\/\">trinationale<\/a> Umweltbewegung am Oberrhein. Solche unverbindlichen Aussagen und die unertr\u00e4gliche Verz\u00f6gerung des Abschalttermins erinnern doch stark an die falschen, immer wieder gebrochenen Versprechungen des fr\u00fcheren Staatspr\u00e4sidenten Hollande.<br \/>\nIn Sachen Atomkraft hat in Frankreich leider nicht die Regierung, sondern der Atomkonzern EDF das Sagen. Der politische Druck f\u00fcr eine schnelle Abschaltung der Risikoreaktoren in der Grenzregion darf nicht nachlassen\u201c\u00a0sagt der Freiburger <a title=\"BUND\" href=\"https:\/\/www.freiburg-schwarzwald.de\/blog\/natur\/umwelt\/bund\/\">BUND<\/a>-Gesch\u00e4ftsf\u00fchrer <a title=\"Umwelt-Jahresrueckblick 2013\" href=\"https:\/\/www.freiburg-schwarzwald.de\/blog\/umwelt-jahresrueckblick-2013\/\">Axel Mayer<\/a> emp\u00f6rt.<br \/>\n4.10.2018, <a href=\"https:\/\/www.bund.net\/hochrhein\">www.bund.net\/hochrhein<\/a> bzw. <a href=\"https:\/\/www.bund-freiburg.de\">www.bund-freiburg.de<\/a><\/p>\n<p>.<\/p>\n<p><strong>Eva Stegen: Zeitplan zu Fessnheim aus dm Ruder gelaufen<\/strong><br \/>\nIn der Region am s\u00fcdlichen Oberrhein warten viele Menschen geradezu sehns\u00fcchtig auf die Stilllegung des mehr als 40 Jahre alten Kernkraftwerks in Fessenheim. Eva Stegen indes glaubt, dass sich der Abschalt-Termin weiter verz\u00f6gern k\u00f6nnte. Alexander Huber sprach mit der engagierten Atomkraft-Kritikerin, die sich seit Jahren intensiv mit der europ\u00e4ischen, speziell der franz\u00f6sischen und britischen Atompolitik besch\u00e4ftigt, \u00fcber die Verquickung von Fessenheim mit der Anlage in Flamanville \u2013 und was das mit Atom-U-Booten zu tun hat.<br \/>\n&#8230; Alles vom 9.102018 bitte lesen auf<br \/>\n<a href=\"https:\/\/www.badische-zeitung.de\/elsass-x2x\/zeitplan-ist-aus-dem-ruder-gelaufen--157451991.html\">https:\/\/www.badische-zeitung.de\/elsass-x2x\/zeitplan-ist-aus-dem-ruder-gelaufen&#8211;157451991.html<\/a><\/p>\n","protected":false},"excerpt":{"rendered":"<p>&#8222;Das Kraftwerk (im els\u00e4ssischen Fessenheim) wird in dieser Amtszeit (von Pr\u00e4sident Emmanuel Macron) geschlossen, bis 2022&#8243; &#8211; so Frankreichs Umweltminister Fran\u00e7ois de Rugy am 2.10.2018. Ein Skandal in zweifacher Hinsicht: Zum einen bricht Frankreich erneut die mehrfache Zusage, ihr \u00e4ltestes &hellip; <a href=\"https:\/\/www.freiburg-schwarzwald.de\/blog\/atomkraftwerk-fessenheim-bleibt\/\">Weiterlesen <span class=\"meta-nav\">&rarr;<\/span><\/a><\/p>\n","protected":false},"author":2,"featured_media":0,"comment_status":"open","ping_status":"closed","sticky":false,"template":"","format":"standard","meta":{"footnotes":""},"categories":[164,135,195,172],"tags":[640,163,151,279,591],"class_list":["post-68286","post","type-post","status-publish","format-standard","hentry","category-akw","category-energiepolitik","category-eu","category-zukunft","tag-akw-2","tag-atomkraft","tag-erneuerbare-energien","tag-fessenheim","tag-rhein"],"_links":{"self":[{"href":"https:\/\/www.freiburg-schwarzwald.de\/blog\/wp-json\/wp\/v2\/posts\/68286","targetHints":{"allow":["GET"]}}],"collection":[{"href":"https:\/\/www.freiburg-schwarzwald.de\/blog\/wp-json\/wp\/v2\/posts"}],"about":[{"href":"https:\/\/www.freiburg-schwarzwald.de\/blog\/wp-json\/wp\/v2\/types\/post"}],"author":[{"embeddable":true,"href":"https:\/\/www.freiburg-schwarzwald.de\/blog\/wp-json\/wp\/v2\/users\/2"}],"replies":[{"embeddable":true,"href":"https:\/\/www.freiburg-schwarzwald.de\/blog\/wp-json\/wp\/v2\/comments?post=68286"}],"version-history":[{"count":0,"href":"https:\/\/www.freiburg-schwarzwald.de\/blog\/wp-json\/wp\/v2\/posts\/68286\/revisions"}],"wp:attachment":[{"href":"https:\/\/www.freiburg-schwarzwald.de\/blog\/wp-json\/wp\/v2\/media?parent=68286"}],"wp:term":[{"taxonomy":"category","embeddable":true,"href":"https:\/\/www.freiburg-schwarzwald.de\/blog\/wp-json\/wp\/v2\/categories?post=68286"},{"taxonomy":"post_tag","embeddable":true,"href":"https:\/\/www.freiburg-schwarzwald.de\/blog\/wp-json\/wp\/v2\/tags?post=68286"}],"curies":[{"name":"wp","href":"https:\/\/api.w.org\/{rel}","templated":true}]}}