{"id":68238,"date":"2018-09-29T18:54:54","date_gmt":"2018-09-29T16:54:54","guid":{"rendered":"https:\/\/www.freiburg-schwarzwald.de\/blog\/?p=68238"},"modified":"2018-12-16T22:20:41","modified_gmt":"2018-12-16T21:20:41","slug":"freiburg-schwarzwald-de-20-jahre","status":"publish","type":"post","link":"https:\/\/www.freiburg-schwarzwald.de\/blog\/freiburg-schwarzwald-de-20-jahre\/","title":{"rendered":"Freiburg-Schwarzwald.de 20 Jahre"},"content":{"rendered":"<p>Im Jahr 1998 ging das regionale Informationsportal\u00a0<a title=\"about\" href=\"https:\/\/www.freiburg-schwarzwald.de\/blog\/about\/\">Freiburg-Schwarzwald.de<\/a> als <a title=\"Selbsthilfe\" href=\"https:\/\/www.freiburg-schwarzwald.de\/blog\/selbsthilfe\/\">Selbsthilfegruppendatenbank<\/a> online, zun\u00e4chst mit Selbsthilfegruppen zu Krankheit (Krebs), <a title=\"Behinderung\" href=\"https:\/\/www.freiburg-schwarzwald.de\/blog\/selbsthilfe\/behinderung\/\">Handicap<\/a> (<a title=\"Rollstuhl\" href=\"https:\/\/www.freiburg-schwarzwald.de\/blog\/selbsthilfe\/behinderung\/rollstuhl\/\">Rollstuhlfahrer<\/a>), <a title=\"Himmelreich\" href=\"https:\/\/www.freiburg-schwarzwald.de\/blog\/selbsthilfe\/behinderung\/himmelreich\/\">Behinderung<\/a> (<a title=\"Down-Syndrom\" href=\"https:\/\/www.freiburg-schwarzwald.de\/blog\/selbsthilfe\/behinderung\/down-syndrom\/\">Down-Syndrom<\/a>) und Sucht (Drogen). Als Informatiker, der in Heidelberg in der Rehabilitation Behinderter t\u00e4tig war, versorgt der Webmaster die Selbsthilfegruppen kostenfrei mit Kurzeintrag, Seite oder eigener <a title=\"Internet\" href=\"https:\/\/www.freiburg-schwarzwald.de\/blog\/kultur\/internet\/\">Homepage<\/a>.<br \/>\n.<br \/>\n<!--more-->Ziel der werbefreien Nonprofit-Plattform ist die F\u00f6rderung von <a title=\"Ehrenamt\" href=\"https:\/\/www.freiburg-schwarzwald.de\/blog\/engagement\/ehrenamt\/\">ehrenamtlichem<\/a>\u00a0<a title=\"Engagement\" href=\"https:\/\/www.freiburg-schwarzwald.de\/blog\/engagement\/\">Engagement<\/a>, kurz B\u00fcrgerarbeit. Mit der Ausweitung des Begriffs der Selbsthilfe zu Landfrauen, AltesHandwerk, Naturschutz, Obdachlosigkeit, Atomkraftgegner, Biken, Dialekt, Energiesparen, Organspende, Brauchtum, \u00d6koLandwirt, Senioren, Nachhilfeunterricht, Musik, Sportlern, Pflege usw. wuchs die Zahl der Gruppen bereits nach einem Jahr auf \u00fcber 400. Heute kann man Selbsthilfegruppen w\u00e4hlen zu den Kategorien Behinderung, Chronisch, EineWelt, Familie, Frauen, Jugend, Kinder, Krebs, Krise, Sucht, Psyche, Senioren, Missbrauch und Soziales.<\/p>\n<p>Ab dem Jahr 2000 entstanden nach und nach zus\u00e4tzlich gesonderte Verzeichnisse\u00a0 &#8211; vier Beispiele:<br \/>\nDas <a title=\"Bauernhof\" href=\"https:\/\/www.freiburg-schwarzwald.de\/blog\/bauernhof\/\">Bauernhof-Verzeichnis<\/a> mit Ferienwohnungen: Hintergrund ist, da\u00df der Webmaster als Mitglied des <a title=\"Schwarzwaldverein\" href=\"https:\/\/www.freiburg-schwarzwald.de\/blog\/vereine\/wandervereine\/schwarzwaldverein\/\">Schwarzwaldvereins<\/a>\u00a0begeisteter Wanderer und oft von Hof zu Hof unterwegs ist .<br \/>\nDann das Vereinsregister f\u00fcr die vielen von Ehrenamtlichen getragenen Hilfe-, Musik-, Sport-, Tierschutz-, Trachten-Vereine usw. &#8211; von Dorfhelferin \u00fcber Rettungshundestaffel zu Weissstorch.<br \/>\nDie Engagement-Liste mit B\u00fcrgerinitiativen, Demos, Sharing, Spende, Sponsoring, Verbraucher, usw.<br \/>\nDas Erneuerbaren-Spezial \u00fcber <a href=\"https:\/\/www.freiburg-schwarzwald.de\/energie\">https:\/\/www.freiburg-schwarzwald.de\/energie<\/a>\u00a0bzw. <a href=\"https:\/\/www.freiburg-schwarzwald.de\/blog\/energie\">www.freiburg-schwarzwald.de\/blog\/energie<\/a> mit Energie aus Biomasse, Erdw\u00e4rme, Sonne, Wasser und Wind.<\/p>\n<p>Im Jahr 2012 wurde die Internetseitenverwaltung durch ein Blogsystem erg\u00e4nzt. \u00dcber den Men\u00fcpunkt Home bzw. direkt <a href=\"https:\/\/www.freiburg-schwarzwald.de\/index.htm\">www.freiburg-schwarzwald.de\/index.htm<\/a>\u00a0sowie\u00a0<a href=\"https:\/\/www.freiburg-schwarzwald.de\/blog\">www.freiburg-schwarzwald.de\/blog<\/a> kann man zwischen alter und neuer Startseite wechseln. Die Angebote zur \u00dcbernahme von Internet-Werbung wurden weiterhin abgelehnt.<\/p>\n<p>Aktuell verdeutlichen die Men\u00fcpunkte Bildung, Business, Energie, Engagement, Global, Kultur, Natur, Regio, Religion, Selbsthilfe, Sport, Tourismus und Vereine die Breite des Angebots von Freiburg-Schwarzwald.de.<br \/>\n.<br \/>\nKultur\/B\u00fcrgerarbeit und Politik lassen sich nicht trennen &#8211; es sei denn, man w\u00fcnscht sich ein Schwarzwald-Disneyland mit Bollenhut, Tannenwipfelrauschen und <a title=\"Kuckucksuhr Kunstobjekt Lauble\" href=\"https:\/\/www.freiburg-schwarzwald.de\/blog\/kuckucksuhr-kunstobjekt-lauble\/\">Kuckucksuhr<\/a>. Aus diesem Grund war Freiburg-Schwarzwald.de immer sowohl Kulturseite als auch politische Seite. Dazu vier Beispiele:<\/p>\n<p>In 2004\/2005 b\u00fcndelte <a href=\"https:\/\/www.freiburg-schwarzwald.de\/st-peter-golfplatz\/\">https:\/\/www.freiburg-schwarzwald.de\/st-peter-golfplatz\/<\/a> die Aktivit\u00e4ten der &#8222;Interessengemeinschaft St. Peter\/Schwarzwald zum Golfplatzbau und f\u00fcr Erhalt unserer heimischen Landschaft&#8220; &#8211; der Bau eines Golf-Areals am Hornhof konnte verhindert werden.<\/p>\n<p>Die Bedrohung durch das marode Atomkraftwerk in <a title=\"TRAS: Fessenheim schliessen\" href=\"https:\/\/www.freiburg-schwarzwald.de\/blog\/tras-fessenheim-schliessen\/\">Fessenheim<\/a> und die Schweizer AKW&#8217;s am Hochrhein wie in <a title=\"TRAS klagt gegen AKW Leibstadt\" href=\"https:\/\/www.freiburg-schwarzwald.de\/blog\/tras-klagt-gegen-akw-leibstadt\/\">Leibstadt\/CH<\/a> bewegt die Schwarzw\u00e4lder. Infos und Demos sammelt <a href=\"https:\/\/www.freiburg-schwarzwald.de\/akw.htm\">https:\/\/www.freiburg-schwarzwald.de\/akw.htm<\/a>\u00a0bzw. <a href=\"https:\/\/www.freiburg-schwarzwald.de\/blog\/akw\">www.freiburg-schwarzwald.de\/blog\/akw<\/a> .<br \/>\nAn das Atomungl\u00fcck in der Ukraine 1986 erinnern j\u00e4hrliche Mahn-Kreuzwege von Wyhl \u00fcber Freiburg bis Fessenheim: <a href=\"https:\/\/www.freiburg-schwarzwald.de\/tschernobyl2007.htm\">https:\/\/www.freiburg-schwarzwald.de\/tschernobyl2007.htm<\/a><\/p>\n<p>Von 2000 bis 2008 gab es B\u00fcrgerproteste um den Kr\u00fcttweg, einem uralten \u00f6ffentlichen Fu\u00df-\/Fahrweg im <a title=\"Dreisamtal\" href=\"https:\/\/www.freiburg-schwarzwald.de\/blog\/regio\/tal\/dreisamtal\/\">Dreisamtal<\/a> zwischen Freiburg und <a title=\"Kirchzarten\" href=\"https:\/\/www.freiburg-schwarzwald.de\/blog\/regio\/orte\/kirchzarten\/\">Kirchzarten<\/a> &#8211; schlie\u00dflich wurde der Weg zugesch\u00fcttet.<br \/>\n<a href=\"https:\/\/www.freiburg-schwarzwald.de\/littenweiler\/kruettweg.htm\">https:\/\/www.freiburg-schwarzwald.de\/littenweiler\/kruettweg.htm<\/a> oder auch<br \/>\n<a href=\"https:\/\/www.freiburg-schwarzwald.de\/b31freiburg\/\">https:\/\/www.freiburg-schwarzwald.de\/b31freiburg\/<\/a> (identisch zu\u00a0<a href=\"https:\/\/www.freiburgB31.de\">www.freiburgB31.de<\/a>)<\/p>\n<p>Wie wenig das politische Rechts-Links-Schema bei gro\u00dfen Themen wie Energie, <a title=\"Klima\" href=\"https:\/\/www.freiburg-schwarzwald.de\/blog\/natur\/klima\/\">Klima<\/a>\u00a0und Umwelt taugt, zeigt sich im <a title=\"Hotzenwald\" href=\"https:\/\/www.freiburg-schwarzwald.de\/blog\/regio\/hotzenwald\/\">Hotzenwald<\/a>: Da mutieren quasi-linke Bef\u00fcrworter der an <a title=\"Schluchsee-Stausee\" href=\"https:\/\/www.freiburg-schwarzwald.de\/blog\/regio\/see\/schluchsee-stausee\/\">Schluchsee<\/a> bzw. Hornbergbecken bew\u00e4hrten Pumpspeicherwerke <a href=\"https:\/\/www.freiburg-schwarzwald.de\/hornbergbecken.htm\">https:\/\/www.freiburg-schwarzwald.de\/hornbergbecken.htm<\/a> pl\u00f6tzlich zu quasi-rechten Gegnern des geplanten Wasserkraftwerks bei Atdorf <a href=\"https:\/\/www.freiburg-schwarzwald.de\/blog\/energie\/pumpspeicher\/\">https:\/\/www.freiburg-schwarzwald.de\/blog\/energie\/pumpspeicher\/<\/a>. Statt ehrlicher t\u00a0 <a title=\"Diskussionskultur\" href=\"https:\/\/www.freiburg-schwarzwald.de\/blog\/kultur\/medien\/diskussionskultur\/\">Diskussionskultur<\/a> Hauptsache <a title=\"Dagegen-Sein und Zeitgeist\" href=\"https:\/\/www.freiburg-schwarzwald.de\/blog\/dagegen-sein-und-zeitgeist\/\">dagegen sein<\/a>.<\/p>\n<p>.<\/p>\n<p>Massenmigration und <a title=\"Willkommenskultur\" href=\"https:\/\/www.freiburg-schwarzwald.de\/blog\/global\/integration\/willkommenskultur\/\">Willkommenskultur<\/a> seit <a title=\"Budapest-Dublin2015\" href=\"https:\/\/www.freiburg-schwarzwald.de\/blog\/global\/eu\/budapest-dublin2015\/\">Budapest 9\/2015<\/a> tangieren alle Bereiche unserer Gesellschaft und somit auch dieses regionale Informationsportal. Die zwei Mio Migranten seit der Grenz\u00f6ffnung 9\/2015 plus die 500 t\u00e4glich neu Hinzukommenden bringen ihre kulturellen Pr\u00e4gungen und Gepflogenheiten mit.\u00a0Dieser <a title=\"Interkulturelle-Oeffnung\" href=\"https:\/\/www.freiburg-schwarzwald.de\/blog\/global\/integration\/interkulturelle-oeffnung\/\">kulturellen \u00d6ffnung<\/a> kommt das Portal Freiburg-Schwarzwald mit zahlreichen zus\u00e4tzlichen Seiten nach. Nur einige Beispiele: Die Seite \u201cReligion\u201d wird um \u201c<a title=\"Islam\" href=\"https:\/\/www.freiburg-schwarzwald.de\/blog\/religion\/islam\/\">Islam<\/a>\u201d und &#8222;Trennung Kirche-Staat&#8220; erg\u00e4nzt, \u201cSoziales&#8220; um &#8222;<a title=\"Asyl\" href=\"https:\/\/www.freiburg-schwarzwald.de\/blog\/global\/integration\/asyl\/\">Asyl<\/a>&#8222;, &#8222;Migration\u201d um \u201c<a title=\"Integration\" href=\"https:\/\/www.freiburg-schwarzwald.de\/blog\/global\/integration\/\">Integration<\/a>&#8222;, \u201cFrauen\u201d um \u201cZwangsheirat\u201d usw.<br \/>\nDie Immigration so vieler Menschen in so kurzer Zeit mag gewollt und willkommen sein &#8211; die Probleme jedoch m\u00fcssen kritisch und ehrlich diskutiert werden. Nur so kann der Innere Frieden gew\u00e4hrleistet und der <a title=\"Sozialstaat\" href=\"https:\/\/www.freiburg-schwarzwald.de\/blog\/selbsthilfe\/soziales\/sozialstaat\/\">Sozialstaat<\/a>, welcher auf das ehrenamtliche Engagement mehr denn je angewiesen ist, erhalten werden.<\/p>\n<p>.<br \/>\n.<br \/>\n<strong>20 Jahre Freiburg-Schwarzwald.de &#8211; und in 25 Jahren?<\/strong><br \/>\nDiese Frage nach den n\u00e4chsten f\u00fcnf Jahren 2018-2023 ist schwerer denn je zu beantworten. In den \u00fcber 70 Nachkriegsjahren sind die <a title=\"68er feiern 50 Jahre 1968-2018\" href=\"https:\/\/www.freiburg-schwarzwald.de\/blog\/68er-feiern-50-jahre-1968-2018\/\">68er<\/a>, die Wiedervereinigung 1989 und <a title=\"Budapest-Dublin2015\" href=\"https:\/\/www.freiburg-schwarzwald.de\/blog\/global\/eu\/budapest-dublin2015\/\">Budapest 9\/2015<\/a> historische Ereignisse, wobei letzteres unser Land vor das sicher gr\u00f6\u00dfte Entscheidungsproblem seit 1945 stellt, n\u00e4mlich:<br \/>\n<em>&#8222;<a title=\"Sozialstaat oder Migration\" href=\"https:\/\/www.freiburg-schwarzwald.de\/blog\/sozialstaat-oder-migration\/\">Sozialstaat ODER\u00a0Massenmigration<\/a>&#8222;<\/em><br \/>\nbzw. <em><br \/>\n&#8222;You can have a welfare state or you can have open borders. But you can`t have both.\u201d<br \/>\n&#8222;Man kann einen Wohlfahrtsstaat haben oder man kann offene Grenzen haben. Aber man kann nicht beides haben&#8220;<br \/>\n<\/em>Diese weltweit allgemein akzeptierte Aussage des \u00d6konomen und Nobelpreistr\u00e4gers Milton Friedman gilt auch f\u00fcr <a title=\"Deutschland\" href=\"https:\/\/www.freiburg-schwarzwald.de\/blog\/global\/deutschland\/\">Deutschland<\/a>: Beides zusammen, also <em>\u201cSozial-\/Wohlfahrtstaat UND Migration \u00fcber unkontrollierte Grenzen\u201d<\/em>, ist auf Dauer nicht zu haben, ist also schlichtweg Utopie bzw. <a title=\"Groessenwahn\" href=\"https:\/\/www.freiburg-schwarzwald.de\/blog\/engagement\/zukunft\/groessenwahn\/\">Gr\u00f6\u00dfenwahn<\/a>: Denn unser <a title=\"Demokratie\" href=\"https:\/\/www.freiburg-schwarzwald.de\/blog\/engagement\/zukunft\/demokratie\/\">demokratischer Staat<\/a> ist eine Solidargemeinschaft.<br \/>\n.<br \/>\nWenn\u00a0ich zum 20-j\u00e4hrigen Jubil\u00e4um des Internetportals Freiburg-Schwarzwald.de einen Wunsch \u00e4u\u00dfern und einen Tipp geben darf:<br \/>\nDer Wunsch: Die 2013 (nach steter zunahme von beleidigenden und schlimmen\u00a0Posts) abgestellte Kommentarfunktion des Blogs k\u00f6nnte wieder\u00a0aktiviert werden. Aber leider l\u00e4\u00dft dies die in Deutschland darniederliegende <a title=\"Diskussionskultur\" href=\"https:\/\/www.freiburg-schwarzwald.de\/blog\/kultur\/medien\/diskussionskultur\/\">Diskussionskultur<\/a> nicht zu.<br \/>\nDer Tipp: Geben sie einem Migranten Nachhilfe zum Deutschlernen. Im Einzelunterricht. Professionell oder ganz unprofessionell. Im Rahmen eines\u00a0<a title=\"Integration\" href=\"https:\/\/www.freiburg-schwarzwald.de\/blog\/global\/integration\/\">Integrationskurses<\/a>\u00a0oder au\u00dferhalb: Begriffe erkl\u00e4ren, Vokabeln, Grammatik, Konversation. Auch ich habe\u00a0mehrmals Nachhilfe gegeben.\u00a0Davon profitieren beide Seiten: Ihr Gegen\u00fcber lernt Deutsch &#8211; die Sprache als Schl\u00fcssel zur Integration. Und Ihnen er\u00f6ffnet sich die M\u00f6glichkeit, die eigene Meinung zur Migration zu bilden.<br \/>\n30.9.2018<\/p>\n","protected":false},"excerpt":{"rendered":"<p>Im Jahr 1998 ging das regionale Informationsportal\u00a0Freiburg-Schwarzwald.de als Selbsthilfegruppendatenbank online, zun\u00e4chst mit Selbsthilfegruppen zu Krankheit (Krebs), Handicap (Rollstuhlfahrer), Behinderung (Down-Syndrom) und Sucht (Drogen). Als Informatiker, der in Heidelberg in der Rehabilitation Behinderter t\u00e4tig war, versorgt der Webmaster die Selbsthilfegruppen kostenfrei &hellip; <a href=\"https:\/\/www.freiburg-schwarzwald.de\/blog\/freiburg-schwarzwald-de-20-jahre\/\">Weiterlesen <span class=\"meta-nav\">&rarr;<\/span><\/a><\/p>\n","protected":false},"author":2,"featured_media":0,"comment_status":"open","ping_status":"closed","sticky":false,"template":"","format":"standard","meta":{"footnotes":""},"categories":[21,54,36,49,180,155,162,13,10],"tags":[640,281,717,176,671,583,545],"class_list":["post-68238","post","type-post","status-publish","format-standard","hentry","category-dienste","category-ehrenamt","category-engagement","category-freiburg","category-hochschwarzwald","category-integration","category-internet","category-kultur","category-selbsthilfe","tag-akw-2","tag-burgerinitiativen","tag-ehrenamt","tag-kostenlos","tag-presse","tag-web","tag-www"],"_links":{"self":[{"href":"https:\/\/www.freiburg-schwarzwald.de\/blog\/wp-json\/wp\/v2\/posts\/68238","targetHints":{"allow":["GET"]}}],"collection":[{"href":"https:\/\/www.freiburg-schwarzwald.de\/blog\/wp-json\/wp\/v2\/posts"}],"about":[{"href":"https:\/\/www.freiburg-schwarzwald.de\/blog\/wp-json\/wp\/v2\/types\/post"}],"author":[{"embeddable":true,"href":"https:\/\/www.freiburg-schwarzwald.de\/blog\/wp-json\/wp\/v2\/users\/2"}],"replies":[{"embeddable":true,"href":"https:\/\/www.freiburg-schwarzwald.de\/blog\/wp-json\/wp\/v2\/comments?post=68238"}],"version-history":[{"count":0,"href":"https:\/\/www.freiburg-schwarzwald.de\/blog\/wp-json\/wp\/v2\/posts\/68238\/revisions"}],"wp:attachment":[{"href":"https:\/\/www.freiburg-schwarzwald.de\/blog\/wp-json\/wp\/v2\/media?parent=68238"}],"wp:term":[{"taxonomy":"category","embeddable":true,"href":"https:\/\/www.freiburg-schwarzwald.de\/blog\/wp-json\/wp\/v2\/categories?post=68238"},{"taxonomy":"post_tag","embeddable":true,"href":"https:\/\/www.freiburg-schwarzwald.de\/blog\/wp-json\/wp\/v2\/tags?post=68238"}],"curies":[{"name":"wp","href":"https:\/\/api.w.org\/{rel}","templated":true}]}}