{"id":68227,"date":"2018-09-26T16:16:55","date_gmt":"2018-09-26T14:16:55","guid":{"rendered":"https:\/\/www.freiburg-schwarzwald.de\/blog\/?p=68227"},"modified":"2018-09-26T16:18:31","modified_gmt":"2018-09-26T14:18:31","slug":"kommunale-wohnung-caritas","status":"publish","type":"post","link":"https:\/\/www.freiburg-schwarzwald.de\/blog\/kommunale-wohnung-caritas\/","title":{"rendered":"Kommunale Wohnung &#8211; Caritas"},"content":{"rendered":"<p>Den <a title=\"1000 neue Wohnungen im Jahr\" href=\"https:\/\/www.freiburg-schwarzwald.de\/blog\/1000-neue-wohnungen-im-jahr\/\">Wohnungsmarkt<\/a> nicht aus <a title=\"Sozialwohnung\" href=\"https:\/\/www.freiburg-schwarzwald.de\/blog\/business\/dienste\/immobilien\/wohnen\/sozialwohnung\/\">sozialer Verantwortung <\/a>entlassen. Franz-Josef Winterhalter diskutiert bei Feier zum bundesweiten <a title=\"Caritas\" href=\"https:\/\/www.freiburg-schwarzwald.de\/blog\/religion\/kirchen\/caritas\/\">Caritas<\/a>-Sonntag mit <a title=\"Kraeuterdorf Oberried 2015\" href=\"https:\/\/www.freiburg-schwarzwald.de\/blog\/kraeuterdorf-oberried-2015\/\">Oberried<\/a>\/Freiburg. In <a title=\"Stadt-Sozialwohnungen fehlen\" href=\"https:\/\/www.freiburg-schwarzwald.de\/blog\/stadt-sozialwohnungen-fehlen\/\">Deutschland<\/a> fehlen <a title=\"Wohnungsnot \u2013 nur bauen hilft\" href=\"https:\/\/www.freiburg-schwarzwald.de\/blog\/wohnungsnot-nur-bauen-hilft\/\">eine Million Wohnungen<\/a>. Davon sind nicht nur <a title=\"Mieten\" href=\"https:\/\/www.freiburg-schwarzwald.de\/blog\/business\/dienste\/mieten\/\">Randgruppen<\/a> betroffen \u2013 das <a title=\"Wohnungsnot \u2013 nur bauen hilft\" href=\"https:\/\/www.freiburg-schwarzwald.de\/blog\/wohnungsnot-nur-bauen-hilft\/\">Problem<\/a> ist in der Mitte der Gesellschaft angekommen. <a title=\"Wohnen statt Parken \u2013 Herdern\" href=\"https:\/\/www.freiburg-schwarzwald.de\/blog\/wohnen-statt-parken-herdern\/\">Wohnungen<\/a> werden luxussaniert, die <a title=\"Mieten\" href=\"https:\/\/www.freiburg-schwarzwald.de\/blog\/business\/dienste\/mieten\/\">Mieten<\/a> steigen stark an, <!--more-->Menschen m\u00fcssen ihr langj\u00e4hriges Zuhause verlassen und finden <a title=\"Obdachlos\" href=\"https:\/\/www.freiburg-schwarzwald.de\/blog\/selbsthilfe\/soziales\/obdachlos\/\">keine neue Wohnung<\/a>, die sie sich leisten k\u00f6nnen. Sie verlieren ihr soziales Umfeld und ihr Zuhause. Am Ende sitzen sie vielleicht auf der Stra\u00dfe.<br \/>\n.<br \/>\nMit ihrer Jahreskampagne \u201eJeder Mensch braucht ein Zuhause\u201c will die <a title=\"Caritaswerkstaetten Onlineshop\" href=\"https:\/\/www.freiburg-schwarzwald.de\/blog\/caritaswerkstaetten-onlineshop\/\">Caritas<\/a> 2018 in Deutschland zeigen, wo es an Wohnungen fehlt und wie man bezahlbaren Wohnraum schaffen kann. \u201eDenn ein Zuhause f\u00fcr jeden darf in einem reichen Land wie Deutschland nicht Privileg sein, sondern Grundrecht\u201c, stellte der Pr\u00e4sident des Deutschen Caritasverbandes, Pr\u00e4lat Peter Neher, am Sonntag beim Empfang zum bundesweiten <a title=\"Demenz Qualifizierung Caritas\" href=\"https:\/\/www.freiburg-schwarzwald.de\/blog\/demenz-qualifizierung-caritas\/\">Caritas<\/a>-Sonntag in Freiburg fest. Er beklagte massiv den st\u00e4ndig wachsenden Verlust <a title=\"Sozialwohnung\" href=\"https:\/\/www.freiburg-schwarzwald.de\/blog\/business\/dienste\/immobilien\/wohnen\/sozialwohnung\/\">sozialgebundener Wohnungen<\/a>: <strong><em>\u201eIn Deutschland werden zu wenig und zu teure Wohnungen gebaut.\u201c<\/em><\/strong><br \/>\nDie Caritas sieht bei dem gro\u00dfen Wohnungsproblem die Kommunen in einer besonderen Verantwortung. \u201eDie Beseitigung des Wohnungsmangels ist ein gesellschaftliches Problem\u201c, so der Caritas-Pr\u00e4sident, \u201eder freie Markt wird das nicht regeln.\u201c In einer vom Pressereferenten des Di\u00f6zesan-Caritasverbandes Thomas Meier moderierten Gespr\u00e4chsrunde mit Dana Mebus von der Stiftungsverwaltung der Erzdi\u00f6zese Freiburg und dem<br \/>\nBruchsaler Immobilienexperten Peter Sch\u00fcrrer nahm auch der ehemalige B\u00fcrgermeister von Oberried <a title=\"Oberried-Bgm Winterhalter Erfolg\" href=\"https:\/\/www.freiburg-schwarzwald.de\/blog\/oberried-bgm-winterhalter-erfolg\/\">Franz-Josef Winterhalter<\/a> teil. In <a title=\"Oberried\" href=\"https:\/\/www.freiburg-schwarzwald.de\/blog\/regio\/orte\/oberried\/\">Oberried<\/a> haben sich zwei Vereinigungen gegr\u00fcndet: die\u00a0\u201eB\u00fcrgergemeinschaft Oberried (BGO)\u201c, um die sozialen und pflegerischen Angebote f\u00fcr \u00e4ltere\u00a0und kranke Menschen im neuen Gemeindeprojekt \u201eUrsulinenhof\u201c zu verwirklichen und die \u201eWohnbaugenossenschaft Ursulinenhof (WGU)\u201c, die daf\u00fcr sorgt, das auf dem n\u00f6rdlichen Teil des ehemaligen Ursulinengel\u00e4ndes sozialer Wohnraum entsteht. So blieb das Bauland in der Hand der B\u00fcrger und wurde dem Zugriff kommerziell orientierter Bautr\u00e4ger zu entzogen.<br \/>\nWinterhalter, der sich ehrenamtlich als BGO-Vorsitzender engagiert, machte deutlich, dass sich Kommunen um die Wohnungsnot ihrer B\u00fcrger k\u00fcmmern m\u00fcssen: \u201eDer Wohnungsmarkt darf nicht\u00a0aus seiner sozialen Verantwortung entlassen werden und auch Vermieter m\u00fcssen verantwortlich handeln.\u201c Dana Mebus betonte, dass das Erzbistum Freiburg mit seinen zahlreichen Mietwohnungen verantwortungsvoll umgehe. Sie best\u00e4tigte die riesengro\u00dfe Nachfrage nach bezahlbarem Wohnraum.<br \/>\nPeter Sch\u00fcrrer meinte, dass sich die Wohnungsnot zwischen Stadt und Land unterschiedlich darstelle. Die Politik m\u00fcsse mehr in die Infrastruktur l\u00e4ndlicher Gegenden investieren, um so die Landflucht einzud\u00e4mmen. Au\u00dferdem m\u00fcssten die baurechtlichen Vorschriften entschlackt werden, um Wohnungsbau schneller umzusetzen.<br \/>\nErzbischof Stephan Burger hatte zuvor beim Festgottesdienst im Freiburger M\u00fcnster festgestellt: \u201eImmer mehr Menschen kommen in die Bredouille, sich keine Wohnung trotz ihres Einkommens\u00a0mehr leisten zu k\u00f6nnen.\u201c Er dankte der Caritas f\u00fcr ihr\u00a0 gesellschaftspolitisches Engagement\u00a0und ermunterte sie, sich immer wieder einzumischen. Auch f\u00fcr Di\u00f6zesan- Caritasdirektor Thomas Herkert unterstreicht das Caritas-Jahresthema \u201ebewegte Zeiten\u201c: \u201eWir m\u00fcssen als Caritas deutlich\u00a0machen, dass wir hinter allen Problemanzeigen die Menschen nicht vergessen. Wir m\u00fcssen ihnen\u00a0ein Gesicht geben.\u201c Abschlie\u00dfend machte der Kabarettist und Caritas-Mitarbeiter Clemens Schaub\u00a0einige spitze Anmerkungen zur Wohnungsnot und der damit verbundenen Wohnungssuche: \u201eMan\u00a0will \u00fcberall sozial sein \u2013 nur beim Thema Wohnung nicht!\u201c<br \/>\n26.9.2018, Gerhard L\u00fcck, <a href=\"https:\/\/www.dreisamtaeler.de\">www.dreisamtaeler.de<\/a><\/p>\n","protected":false},"excerpt":{"rendered":"<p>Den Wohnungsmarkt nicht aus sozialer Verantwortung entlassen. Franz-Josef Winterhalter diskutiert bei Feier zum bundesweiten Caritas-Sonntag mit Oberried\/Freiburg. In Deutschland fehlen eine Million Wohnungen. Davon sind nicht nur Randgruppen betroffen \u2013 das Problem ist in der Mitte der Gesellschaft angekommen. Wohnungen &hellip; <a href=\"https:\/\/www.freiburg-schwarzwald.de\/blog\/kommunale-wohnung-caritas\/\">Weiterlesen <span class=\"meta-nav\">&rarr;<\/span><\/a><\/p>\n","protected":false},"author":2,"featured_media":0,"comment_status":"open","ping_status":"closed","sticky":false,"template":"","format":"standard","meta":{"footnotes":""},"categories":[181,197,50,354,90,141,10,91,172],"tags":[496,598,287,92,278],"class_list":["post-68227","post","type-post","status-publish","format-standard","hentry","category-buergerbeteiligung","category-caritas","category-dreisamtal","category-genossenschaften","category-immobilien","category-nachhaltigkeit","category-selbsthilfe","category-wohnen","category-zukunft","tag-dreiland","tag-immo","tag-neubau","tag-wohnformen","tag-wohnungslos"],"_links":{"self":[{"href":"https:\/\/www.freiburg-schwarzwald.de\/blog\/wp-json\/wp\/v2\/posts\/68227","targetHints":{"allow":["GET"]}}],"collection":[{"href":"https:\/\/www.freiburg-schwarzwald.de\/blog\/wp-json\/wp\/v2\/posts"}],"about":[{"href":"https:\/\/www.freiburg-schwarzwald.de\/blog\/wp-json\/wp\/v2\/types\/post"}],"author":[{"embeddable":true,"href":"https:\/\/www.freiburg-schwarzwald.de\/blog\/wp-json\/wp\/v2\/users\/2"}],"replies":[{"embeddable":true,"href":"https:\/\/www.freiburg-schwarzwald.de\/blog\/wp-json\/wp\/v2\/comments?post=68227"}],"version-history":[{"count":0,"href":"https:\/\/www.freiburg-schwarzwald.de\/blog\/wp-json\/wp\/v2\/posts\/68227\/revisions"}],"wp:attachment":[{"href":"https:\/\/www.freiburg-schwarzwald.de\/blog\/wp-json\/wp\/v2\/media?parent=68227"}],"wp:term":[{"taxonomy":"category","embeddable":true,"href":"https:\/\/www.freiburg-schwarzwald.de\/blog\/wp-json\/wp\/v2\/categories?post=68227"},{"taxonomy":"post_tag","embeddable":true,"href":"https:\/\/www.freiburg-schwarzwald.de\/blog\/wp-json\/wp\/v2\/tags?post=68227"}],"curies":[{"name":"wp","href":"https:\/\/api.w.org\/{rel}","templated":true}]}}