{"id":67987,"date":"2018-08-25T17:41:29","date_gmt":"2018-08-25T15:41:29","guid":{"rendered":"https:\/\/www.freiburg-schwarzwald.de\/blog\/?p=67987"},"modified":"2018-08-27T17:28:09","modified_gmt":"2018-08-27T15:28:09","slug":"maedchenverschleierung","status":"publish","type":"post","link":"https:\/\/www.freiburg-schwarzwald.de\/blog\/maedchenverschleierung\/","title":{"rendered":"M\u00e4dchenverschleierung nein"},"content":{"rendered":"<p>Jedes Jahr nach den <a title=\"Schulen-Migration\" href=\"https:\/\/www.freiburg-schwarzwald.de\/blog\/bildung\/schulen\/schulen-migration\/\">gro\u00dfen Ferien<\/a> erscheinen <a title=\"Maedchen\" href=\"https:\/\/www.freiburg-schwarzwald.de\/blog\/selbsthilfe\/kinder\/maedchen\/\">M\u00e4dchen<\/a> pl\u00f6tzlich verschleiert in <a title=\"Grundschule\" href=\"https:\/\/www.freiburg-schwarzwald.de\/blog\/bildung\/schulen\/grundschule\/\">Grundschule<\/a>\u00a0und sogar <a title=\"Kindergarten\" href=\"https:\/\/www.freiburg-schwarzwald.de\/blog\/bildung\/kindergarten\/\">Kindergarten<\/a>. Ihre <a title=\"Islam\" href=\"https:\/\/www.freiburg-schwarzwald.de\/blog\/religion\/islam\/\">islamischen<\/a> Eltern haben sie dazu gezwungen. Mit &#8222;Den Kopf frei haben!\u201c fordert nun die Frauenrechtsorganisation <a title=\"Frauenrechte\" href=\"https:\/\/www.freiburg-schwarzwald.de\/blog\/global\/integration\/frauenrechte\/\">\u201eTerre des Femmes\u201c<\/a> <a title=\"Terre des Femmes sucht Kaktus\" href=\"https:\/\/www.freiburg-schwarzwald.de\/blog\/terre-des-femmes-sucht-kaktus\/\">(TdF)<\/a> unter Bezug auf die <a title=\"Frauenrechte und Migration\" href=\"https:\/\/www.freiburg-schwarzwald.de\/blog\/frauenrechte-und-migration\/\">UN-Kinderrechtskonvention<\/a> ein Verbot der <a title=\"Verschleierung\" href=\"https:\/\/www.freiburg-schwarzwald.de\/blog\/religion\/islam\/verschleierung\/\">M\u00e4dchenverschleierung<\/a>\u00a0&#8211; vor allem in Schulen &#8211; bis hin zur <a title=\"Frauen-Freiheit\" href=\"https:\/\/www.freiburg-schwarzwald.de\/blog\/selbsthilfe\/frauen\/frauen-freiheit\/\">Vollj\u00e4hrigkeit<\/a>.<br \/>\n<!--more-->Begr\u00fcndung: \u201eDie Fr\u00fchverschleierung konditioniert <a title=\"Kinder\" href=\"https:\/\/www.freiburg-schwarzwald.de\/blog\/selbsthilfe\/kinder\/\">M\u00e4dchen<\/a> in einem Ausma\u00df, dass sie das Kopftuch sp\u00e4ter nicht mehr ablegen k\u00f6nnen \u2026 Uns geht es um den Schutz der Rechte der M\u00e4dchen und ihrer freien, selbstbestimmten Entfaltung in der Gesamtgesellschaft. Die Verschleierung von M\u00e4dchen aller Altersstufen \u2013 ein zunehmendes Ph\u00e4nomen in vielen Schulen und sogar in Kinderg\u00e4rten \u2013 steht f\u00fcr eine Diskriminierung und Sexualisierung von Minderj\u00e4hrigen.\u201c<br \/>\nErst die Freiheit vom \u201eKinderkopftuch\u201c erm\u00f6gliche unter anderem \u201espontane Bewegungen beim Spielen\u201c, \u201eunverh\u00fclltes, selbstbestimmtes Denken und Handeln\u201c sowie \u201eein unverkrampftes Verh\u00e4ltnis zur eigenen Sexualit\u00e4t\u201c.<br \/>\nVerh\u00fcllung hingegen f\u00f6rdere Gesundheitsrisiken wie Vitamin D-Mangel durch Lichtentzug oder Entwicklungsst\u00f6rungen durch Bewegungsmangel, so TdF.<br \/>\nAuf sozialer Ebene f\u00fchre der \u201eDrill zu einer traditionell minderwertigen Rollen-Identit\u00e4t als Frau\u201c zur Verinnerlichung des \u201eFeindbildes Mann\u201c als \u201estetige sexuelle Bedrohung\u201c.<\/p>\n<p>Dass die Petition in Deutschland schleppender verl\u00e4uft als in anderen EU-Staaten, liegt auch an den Gr\u00fcnLinken, die verk\u00fcnden, TdF vertrete in ihrem Kampf gegen den Zwang zur Verschleierung von M\u00e4dchen und jungen Frauen Positionen der AfD. <strong><em>Bei den Gutmenschen rangieren also politische Machtspielchen vor dem Menschenrecht von muslimischen M\u00e4dchen auf eine unbeschwerte Kindheit und Jugend.<\/em> <\/strong>Gr\u00fcne, Linke, FDP, linksorientierte Teile der CDU sowie die von ihnen kontrollierten Medien und Plattformen verzichten weitgehend auf Werbung und Unterst\u00fctzung f\u00fcr die TdF-Petition &#8211; aus feiger &#8222;Angst vor dem Beifall der falschen Seite&#8220;.<br \/>\nObwohl sich TdF klar von der AfD klar abgrenzt, meldet die Tagesschau\u00a0unehrlich\u00a0verallgemeinernd: \u201eEine Partei hat <a title=\"Frauenrechte\" href=\"https:\/\/www.freiburg-schwarzwald.de\/blog\/global\/integration\/frauenrechte\/\">Terre des Femmes<\/a> allerdings auf ihrer Seite: die AfD.\u201c dabei gilt Terre des Temmes seit jeher als eher linksorientierte NGO-Organisation.<br \/>\nNochmals zum scheinheiligen Blockade-Skandal: Weder die \u00f6ffentlich-rechtlichen Sender (Ard, Zdf, Deutschlandfunk) noch die sog &#8218;Qualit\u00e4tsmedien&#8220; (Zeit, Welt, Spiegel, S\u00fcddeutsche, taz, Bild) unterst\u00fctzen die Petition von TdF gegen die erzwungene Verschleierung muslimischer Kinder in gr\u00f6\u00dferem Umfang &#8211; nicht\u00a0 wegen der Sache an sich, sondern weil die AfD\u00a0 dieselbe Position zur Verschleierung junger Frauen und M\u00e4dchen vertritt wie <a title=\"Frauenrechte\" href=\"https:\/\/www.freiburg-schwarzwald.de\/blog\/global\/integration\/frauenrechte\/\">TdF<\/a>.<\/p>\n<p>Zu den Erstunterzeichnern der Petition von TdF geh\u00f6ren die <a title=\"Ates\" href=\"https:\/\/www.freiburg-schwarzwald.de\/blog\/religion\/islam\/ates\/\">Frauenrechtlerin Seyran Ates<\/a>, der Gr\u00fcnen-OB <a title=\"Schorndorf Palmer \u2013 Ehrlichkeit\" href=\"https:\/\/www.freiburg-schwarzwald.de\/blog\/schorndorf-palmer-ehrlichkeit\/\">Boris Palmer<\/a> und der Berliner Psychologe <a title=\"Mansour\" href=\"https:\/\/www.freiburg-schwarzwald.de\/blog\/religion\/islam\/mansour\/\">Ahmad Mansour<\/a>. Die Unterschriften werden im Oktober 2018 dem Bundesjustizministerium \u00fcbergeben. Bitte unterschreiben auch Sie &#8211; siehe unten.<br \/>\n24.8.2018<\/p>\n<p>.<br \/>\n<strong>DEN KOPF FREI HABEN!<\/strong><br \/>\n<strong>Petition jetzt unterzeichnen. Unterst\u00fctzen Sie die Unterschriftenaktion von\u00a0TERRE DES FEMMES e.V. (Tdf)!<\/strong><\/p>\n<p>Jedes Kind hat das Recht auf Kindheit \u2013 laut UN-Kinderrechtskonvention gelten alle Personen unter 18 Jahren als Kinder.<br \/>\nAus diesem Grund fordern wir ein Verbot der M\u00e4dchenverschleierung bis zum Erreichen der Vollj\u00e4hrigkeit.<br \/>\n<a href=\"https:\/\/www.frauenrechte.de\/online\/themen-und-aktionen\/gleichberechtigung-und-integration\/kinderkopftuch\">https:\/\/www.frauenrechte.de\/online\/themen-und-aktionen\/gleichberechtigung-und-integration\/kinderkopftuch<\/a><br \/>\nHier unterschreiben:<br \/>\n<a href=\"https:\/\/www.frauenrechte.de\/online\/themen-und-aktionen\/gleichberechtigung-und-integration\/kinderkopftuch\/3338-terre-des-femmes-unterschriftenaktion-den-kopf-frei-haben#petition\">https:\/\/www.frauenrechte.de\/online\/themen-und-aktionen\/gleichberechtigung-und-integration\/kinderkopftuch\/3338-terre-des-femmes-unterschriftenaktion-den-kopf-frei-haben#petition<\/a><\/p>\n<p><strong>Terre des Femmes: Petition gegen M\u00e4dchenzwangsverschleierung<\/strong><br \/>\nFrauenrechtlerinnen wie <a title=\"Kelek\" href=\"https:\/\/www.freiburg-schwarzwald.de\/blog\/religion\/islam\/kelek\/\">Necla Kelek<\/a> sehen die zunehmende Verschleierung von M\u00e4dchen als einen Versuch der fundamentalistischen Einflussnahme, die man nicht kleinreden d\u00fcrfe. Demnach ist die Verschleierung weniger ein religi\u00f6ses, als vielmehr ein politisches Symbol. Die Direktorin des Forschungszentrums Globaler Islam: Vor 20 Jahren habe es M\u00e4dchen mit Kopft\u00fcchern an Grundschulen noch nicht gegeben. Auch wenn genaue Zahlen fehlten: Inzwischen sei das Ph\u00e4nomen vielerorts zu sehen. \u201eDie M\u00e4dchen sollen schon als Kinder lernen, sich als Frauen zu unterwerfen.\u201c Der CDU-Politiker Ali Ertan Toprak meint sogar, es handle sich um eine \u201erechtsextremistische Ideologie\u201c, die den \u00f6ffentlichen Raum immer st\u00e4rker besetze. \u201eViele Linksliberale wollten das nicht wahrhaben.\u201c<br \/>\n&#8230; Alles von Susanne Baumstark vom 24.8.2018 bitte lesen auf<br \/>\n<a href=\"https:\/\/www.luftwurzel.net\/beitr%C3%A4ge-2018\/menschenrechte\/frauenbilder\/\">https:\/\/www.luftwurzel.net\/beitr%C3%A4ge-2018\/menschenrechte\/frauenbilder\/<\/a><\/p>\n<p><a href=\"https:\/\/www.achgut.com\/artikel\/terre_des_femmes_aktion_den_kopf_frei_haben\">https:\/\/www.achgut.com\/artikel\/terre_des_femmes_aktion_den_kopf_frei_haben<\/a><br \/>\n.<br \/>\n<strong>Deutsche Community setzt T\u00fcrkinnen unter Druck, sich zu verschleiern<\/strong><br \/>\nIch hatte vor Jahren in meine Praxis mehrere t\u00fcrkische Frauen, zwischen 25 und 35 Jahren, die nach D. gekommen sind, um t\u00fcrkische Witwer oder geschiedene M\u00e4nner zu heiraten. Als sie das erstes mall gekommen sind, trugen sie keine Kopft\u00fccher und hatten geblumte Kleider. Ein Jahr sp\u00e4ter, Kopftuch und das \u00fcbliche, als ich sie gefragt habe warum, haben sie geantwortet, die t\u00fcrkische Comunity hatte Druck ausge\u00fcbt und wollte sie ausschliessen. Sie haben mir auch gesagt, dass sie in der T\u00fcrkei viel mehr Freiheiten genossen haben. Ein Teil von ihnen sind zur\u00fcck in die T\u00fcrkei gegangen.<br \/>\nMan verschliesst die Augen von dem Druck der t\u00fcrkischen Comunitys, denn es gibt sicher welche, die das aus purem Angst machen. Da man aber in Deutschland dieses, getarnt als Religionsfreiheit, bef\u00fcrwortet wird sich nichts f\u00fcr die arme Frauen und M\u00e4dchen \u00e4ndern. Die deutschen Politikerinnen propagieren Burkas, Kopft\u00fccher und Burkinis und Frauen in islamischen L\u00e4ndern k\u00e4mpfen dagegen unter Einsatz ihres Lebens. In D. werden alle m\u00f6gliche t\u00fcrkische Verb\u00e4nde von Steuergelder unterst\u00fctzt, die f\u00fcr diese Zust\u00e4nde verantwortlich sind. So benehmen sich die \u201cWeltoffenen\u201d Damen gegen ihre Leidgenossinnen, man kann gar nicht so viel essen\u2026&#8230;&#8230;&#8230;.<br \/>\n24.8.2018, Susanne Antalic, AO<\/p>\n<p><strong>Druck des islam. Elternhauses auf M\u00e4dchen: Zwang zu Verschleierung<\/strong><br \/>\nEs handelt sich bei den meisten M\u00e4dchen, um nicht zu sagen bei fast allen M\u00e4dchen unter 18 Jahren um M\u00e4dchen, die das Kopftuch auf Druck ihres Elternhauses hin oder der Familie oder des \u00f6rtlichen Moscheevereins hin tragen. Die Argumentation, dass ein M\u00e4dchen ein Kopftuch freiwillig trage ist in den meisten F\u00e4llen irrig, denn die meisten M\u00e4dchen werden dazu gedr\u00e4ngt. In meiner Schulzeit in den 90ern hatten wir auch bereits zahlreiche M\u00e4dchen auf dem Gymnasium, die t\u00fcrkischer Herkunft waren, aber nur eine davon lief im Kopftuch herum, heute sieht man an einigen Schulen M\u00e4dchen mit Kopft\u00fcchern in mehreren Dutzenden!!! Es hat in der Islam-Community eine \u201cKonserativisierung\u201d statt gefunden, die vor allem auch durch zugereiste Imame in den Moscheen stattfindet, deren Lebensmittelpunkt nicht Deutschland ist, sondern die arabische Welt und dort sehr fundamental-islamische Kreise!!! Wenn ein Imam in der Predigt predigt, er bete zu Gott, dass er ein entbl\u00f6\u00dftes M\u00e4dchen verh\u00fcllen m\u00f6ge, dann hat das Auswirkungen auf die Gl\u00e4ubigen, ohne Frage!!!<br \/>\nMan sollte dazu als Lekt\u00fcre mal das Buch \u201cInside Islam\u201d lesen. Das erkl\u00e4rt einiges!!! Das Grundproblem ist, wo keine Integration mehr gefordert wird, weil der Staat wegschaut, wenn Deutschkenntnisse nicht vorhanden sind, und diese nicht mehr n\u00f6tig sind, weil man alles in Deutschland &#8211; dank verfestigter Parallelgesellschaften &#8211; auch auf T\u00fcrkisch oder Arabisch erledigen kann, vom Sozialantrag stellen \u00fcber F\u00fchrerschein machen bis hin zur Hochzeit mit einem Partner aus dem ehemaligen Heimatland, dann findet Integration und Bekenntnis zur deutschen Kultur auch nicht mehr statt. Sogar die Rechtsprechung wird in Berlin schon in den Communities immer mehr von \u201cScharia-Richtern\u201d erledigt!!!! Leidtragende sind die M\u00e4dchen, die durch ihr optisch im Gegensatz zu einem kleinen Kreuz an einer Kette, gut sichtbaren Kopftuch stigmatisiert werden.<br \/>\n24.8.2018, Hans Meier, AO<\/p>\n<p><strong>TdF gegen Verschleierung sowie Genitalvest\u00fcmmelung<\/strong><br \/>\n\u201cTerre des Femmes\u201d scheint ja keine Scheuklappen zu haben. Lesenswert ist dort auch der Artikel zur weiblichen Genitalverst\u00fcmmelung, die nicht nur ein afrikanisches, sondern auch ein islamisches Problem ist und im Nahen Osten und in S\u00fcdostasien vorkommt. Zitat: \u201eInteressant ist, dass die Genitalverst\u00fcmmelung in Asien als religi\u00f6se Pflicht oder Empfehlung f\u00fcr ein gutes muslimisches Leben gilt.\u201c<br \/>\n24.8.2018, Frank Pressler, AO<\/p>\n","protected":false},"excerpt":{"rendered":"<p>Jedes Jahr nach den gro\u00dfen Ferien erscheinen M\u00e4dchen pl\u00f6tzlich verschleiert in Grundschule\u00a0und sogar Kindergarten. Ihre islamischen Eltern haben sie dazu gezwungen. Mit &#8222;Den Kopf frei haben!\u201c fordert nun die Frauenrechtsorganisation \u201eTerre des Femmes\u201c (TdF) unter Bezug auf die UN-Kinderrechtskonvention ein &hellip; <a href=\"https:\/\/www.freiburg-schwarzwald.de\/blog\/maedchenverschleierung\/\">Weiterlesen <span class=\"meta-nav\">&rarr;<\/span><\/a><\/p>\n","protected":false},"author":2,"featured_media":0,"comment_status":"open","ping_status":"closed","sticky":false,"template":"","format":"standard","meta":{"footnotes":""},"categories":[52,36,59,155,60,61,157,19,95,172],"tags":[612,421,488,301,622],"class_list":["post-67987","post","type-post","status-publish","format-standard","hentry","category-einewelt","category-engagement","category-frauen","category-integration","category-jugend","category-kinder","category-oeffentlicher-raum","category-religion","category-schulen","category-zukunft","tag-frau","tag-islam","tag-child","tag-culture","tag-migration"],"_links":{"self":[{"href":"https:\/\/www.freiburg-schwarzwald.de\/blog\/wp-json\/wp\/v2\/posts\/67987","targetHints":{"allow":["GET"]}}],"collection":[{"href":"https:\/\/www.freiburg-schwarzwald.de\/blog\/wp-json\/wp\/v2\/posts"}],"about":[{"href":"https:\/\/www.freiburg-schwarzwald.de\/blog\/wp-json\/wp\/v2\/types\/post"}],"author":[{"embeddable":true,"href":"https:\/\/www.freiburg-schwarzwald.de\/blog\/wp-json\/wp\/v2\/users\/2"}],"replies":[{"embeddable":true,"href":"https:\/\/www.freiburg-schwarzwald.de\/blog\/wp-json\/wp\/v2\/comments?post=67987"}],"version-history":[{"count":0,"href":"https:\/\/www.freiburg-schwarzwald.de\/blog\/wp-json\/wp\/v2\/posts\/67987\/revisions"}],"wp:attachment":[{"href":"https:\/\/www.freiburg-schwarzwald.de\/blog\/wp-json\/wp\/v2\/media?parent=67987"}],"wp:term":[{"taxonomy":"category","embeddable":true,"href":"https:\/\/www.freiburg-schwarzwald.de\/blog\/wp-json\/wp\/v2\/categories?post=67987"},{"taxonomy":"post_tag","embeddable":true,"href":"https:\/\/www.freiburg-schwarzwald.de\/blog\/wp-json\/wp\/v2\/tags?post=67987"}],"curies":[{"name":"wp","href":"https:\/\/api.w.org\/{rel}","templated":true}]}}