{"id":67836,"date":"2018-08-10T13:45:49","date_gmt":"2018-08-10T11:45:49","guid":{"rendered":"https:\/\/www.freiburg-schwarzwald.de\/blog\/?p=67836"},"modified":"2018-08-12T15:42:19","modified_gmt":"2018-08-12T13:42:19","slug":"schwarzes-schaf-rudi","status":"publish","type":"post","link":"https:\/\/www.freiburg-schwarzwald.de\/blog\/schwarzes-schaf-rudi\/","title":{"rendered":"Schwarzes Schaf &#8211; Rudi"},"content":{"rendered":"<p>Im Zuge des Sommerloch-<a title=\"Rassismus\" href=\"https:\/\/www.freiburg-schwarzwald.de\/blog\/engagement\/rassismus\/\">Rassismus<\/a> ist nach <a title=\"Deutschland\" href=\"https:\/\/www.freiburg-schwarzwald.de\/blog\/global\/deutschland\/\">Negerkuss<\/a> und <a title=\"Neger CSU Rassismus \u2013 Roberto\" href=\"https:\/\/www.freiburg-schwarzwald.de\/blog\/neger-csu-rassismus-roberto\/\">Zigeunerschnitzel<\/a> nun das &#8222;<a title=\"Literatur\" href=\"https:\/\/www.freiburg-schwarzwald.de\/blog\/kultur\/dichter\/literatur\/\">Schwarze Schaf<\/a>&#8220; dran, um von <a title=\"Nazi\" href=\"https:\/\/www.freiburg-schwarzwald.de\/blog\/religion\/juden\/nazi\/\">Nazi<\/a>&#8211;<a title=\"Linke malen Nazi auf Tafel-Pkw\" href=\"https:\/\/www.freiburg-schwarzwald.de\/blog\/linke-malen-nazi-auf-tafel-pkw\/\">Paranoikern<\/a> linguistisch <a title=\"Zensur\" href=\"https:\/\/www.freiburg-schwarzwald.de\/blog\/kultur\/medien\/zensur\/\">gecleant<\/a> zu werden. Dabei hatten sich die <a title=\"Oesterreich\" href=\"https:\/\/www.freiburg-schwarzwald.de\/blog\/global\/oesterreich\/\">Wiener<\/a> Verkehrsbetriebe nach immer mehr stinkenden Yufka-, D\u00f6ner- und Pizza-Resten in der U-Bahn so viel <a title=\"Ehrlichkeit\" href=\"https:\/\/www.freiburg-schwarzwald.de\/blog\/engagement\/zukunft\/ehrlichkeit\/\">ehrliche<\/a> M\u00fche gegeben mit dem &#8222;Schwarzen Schaf Rudi&#8220;. Wo doch das &#8222;Schwarze Schaf&#8220; schon seit Jahrhunderten bei Dichtern und Denkern\u00a0&#8211; auch bei\u00a0<!--more-->Robert Musil und Georg Kreisler (Geh&#8217;n mer Tauben vergiften im Park) &#8211; sowie im Volksmund aneckt, eher unbeholfen denn b\u00f6se, w\u00e4hrend Rudi den eher sympathischen Spitzbuben gibt.<\/p>\n<p><a href=\"https:\/\/www.freiburg-schwarzwald.de\/blog\/67836\/rudi-schaf-rassismus20180801\/\" rel=\"attachment wp-att-67837\"><img loading=\"lazy\" decoding=\"async\" class=\"alignnone size-thumbnail wp-image-67837\" src=\"https:\/\/www.freiburg-schwarzwald.de\/blog\/wp-content\/uploads\/2018\/08\/rudi-schaf-rassismus20180801-180x107.jpg\" alt=\"rudi-schaf-rassismus20180801\" width=\"180\" height=\"107\" srcset=\"https:\/\/www.freiburg-schwarzwald.de\/blog\/wp-content\/uploads\/2018\/08\/rudi-schaf-rassismus20180801-180x107.jpg 180w, https:\/\/www.freiburg-schwarzwald.de\/blog\/wp-content\/uploads\/2018\/08\/rudi-schaf-rassismus20180801-640x381.jpg 640w, https:\/\/www.freiburg-schwarzwald.de\/blog\/wp-content\/uploads\/2018\/08\/rudi-schaf-rassismus20180801.jpg 696w\" sizes=\"auto, (max-width: 180px) 100vw, 180px\" \/><\/a><\/p>\n<p><em>&#8222;Alle Fahrg\u00e4ste machen die U-Bahn sch\u00f6ner.<\/em><br \/>\n<em>Nur nicht Rudi, der i\u00dft D\u00f6ner&#8220;<\/em><\/p>\n<p>Im Hitzesommer 2018 zeugt das &#8222;Schwarze Schaf&#8220; von <a title=\"Neger CSU Rassismus \u2013 Roberto\" href=\"https:\/\/www.freiburg-schwarzwald.de\/blog\/neger-csu-rassismus-roberto\/\">Rassismus<\/a>, denn damit w\u00fcrden\u00a0<a title=\"Migration-Maenner\" href=\"https:\/\/www.freiburg-schwarzwald.de\/blog\/global\/migration\/migration-maenner\/\">Migranten<\/a> aus <a title=\"Afrika\" href=\"https:\/\/www.freiburg-schwarzwald.de\/blog\/global\/afrika\/\">Schwarzafrik<\/a>a <a title=\"Generalverdacht\" href=\"https:\/\/www.freiburg-schwarzwald.de\/blog\/generalverdacht\/\">diskriminiert<\/a>,\u00a0<a title=\"Diffamierung\" href=\"https:\/\/www.freiburg-schwarzwald.de\/blog\/kultur\/medien\/diffamierung\/\">diffamiert<\/a> und <a title=\"Vorverurteilung\" href=\"https:\/\/www.freiburg-schwarzwald.de\/blog\/kultur\/medien\/vorverurteilung\/\">vorverurteilt<\/a>.\u00a0\u00d6sterreichs <a title=\"Gruene\" href=\"https:\/\/www.freiburg-schwarzwald.de\/blog\/vereine\/partei\/gruene\/\">Gr\u00fcne<\/a> ernsthaft erz\u00fcrnt: &#8222;Dieses Sujet ist komplett daneben&#8220;. Nach einsetzendem Shitstorm der <a title=\"Gutmenschen\" href=\"https:\/\/www.freiburg-schwarzwald.de\/blog\/engagement\/gutmenschen\/\">Guten<\/a> plakatieren die Verkehrbetriebe von Wien:<br \/>\n<em>&#8222;F\u00fcr die Wiener Linien ist es ganz egal, wer mit uns f\u00e4hrt, unabh\u00e4ngig von Hauptfarbe, sexueller Orientierung, Religion und Co &#8211; bei uns sind alle willkommen. Im Gegenzug gelten aber auch f\u00fcr alle dieselben Regeln: Respekt und R\u00fccksichtnahme.&#8220;<br \/>\n<\/em>\u00a0.<br \/>\nAber zu sp\u00e4t: das &#8222;Schwarze Schaf&#8220; ist nun mal in Wien plakatiert und damit <a title=\"Globalisierung\" href=\"https:\/\/www.freiburg-schwarzwald.de\/blog\/global\/globalisierung\/\">weltweit<\/a> in der Welt. So bleiben viele Fragen:<br \/>\n&#8211; Warum der Name Rudi und nicht Mesut &#8211; der Mesut ist in Wien geboren und aufgewachsen, nur sein Opa kam aus kurdisch <a title=\"Tuerkei\" href=\"https:\/\/www.freiburg-schwarzwald.de\/blog\/global\/tuerkei\/\">Anatolien<\/a>?<br \/>\n&#8211; H\u00e4tte man Rudi nicht besser Eva genannt, dann k\u00f6nnte man bei \u00fcber 30 Grad im Schatten neben Rassismus auch noch \u00fcber Sexismus reden &#8211; zwei <a title=\"Political-Correctness\" href=\"https:\/\/www.freiburg-schwarzwald.de\/blog\/kultur\/medien\/political-correctness\/\">political correcte<\/a> Fliegen mit einer Klappe?<br \/>\n&#8211; Schaf ist <a title=\"Gender\" href=\"https:\/\/www.freiburg-schwarzwald.de\/blog\/selbsthilfe\/frauen\/gender\/\">genderm\u00e4\u00dfig<\/a> incorrect, da der Schafbock fehlt.<br \/>\n&#8211; Warum nicht ein farbloses Klon-Schaf Dolly &#8211; weil sich dadurch die Wiener unter geklontem Generalverdacht\u00a0f\u00fchlen?<br \/>\n&#8211; Warum essen Rudi alias Mesut alias Eva keine Sacher-Torte oder keinen <a title=\"Heimat\" href=\"https:\/\/www.freiburg-schwarzwald.de\/blog\/regio\/heimat\/\">Leberk\u00e4ssemmel<\/a> anstelle eines Yufka? Weil <strong><em>Leberk\u00e4ssemmel<\/em><\/strong> <a title=\"Nationalismus\" href=\"https:\/\/www.freiburg-schwarzwald.de\/blog\/engagement\/zukunft\/demokratie\/nationalismus\/\">nationalistisch<\/a> ist und Yufka global bekannt und international zusammengesetzt: Mit <a title=\"Fleisch\" href=\"https:\/\/www.freiburg-schwarzwald.de\/blog\/natur\/ernaehrung\/fleisch\/\">Rindfleisch<\/a>, hormonell unbedenklich aus Argentinien, und Fladen aus der Ukraine, der <a title=\"Getreide\" href=\"https:\/\/www.freiburg-schwarzwald.de\/blog\/natur\/ernaehrung\/getreide\/\">Kornkammer<\/a> der ehemaligen UdSSR<br \/>\n&#8211; Ist der schwarze Humor der politisch Unkorrekten auch rassistisch?<br \/>\n&#8211;\u00a0Wird die Witzkultur der DDR wiederauferstehen, bei der vieles und allzu wahres nur hinter vorgehaltener Hand gesagt werden darf?<\/p>\n<p>Die immer und immer wieder geschwungene Rassismus-Keule f\u00fchrt zur <a title=\"Literatur\" href=\"https:\/\/www.freiburg-schwarzwald.de\/blog\/kultur\/dichter\/literatur\/\">Sprachverarmung<\/a> (Pointen und vergleichende Umschreibungen bleiben aus) bis hin zur Sprachlosigkeit (all die Rudis verstummen ab nun). Die so reiche deutsche Sprache wird beschnitten. Trauriges Beispiel: Der mundtot gemachte <a title=\"Satire\" href=\"https:\/\/www.freiburg-schwarzwald.de\/blog\/kultur\/kunst\/satire\/\">Schweizer Kabarettist Andreas Thiel<\/a>\u00a0.<br \/>\n10.8.2018<\/p>\n<p>&nbsp;<\/p>\n<p><strong>Schwarze Schaf namens Rudi ist zweifacher Hinsicht rassistisch?<\/strong><br \/>\nGegen T\u00fcrken wie gegen Schwarzafrikaner? Nein. Es geht den Wiener U-Bahnlern nur um den Geruchsbel\u00e4stigung (D\u00f6ner Khebab ist nun mal ein starkriechendes Lebensmittel) und die Andersartigkeit (wer mit Essensresten um sich wirft in der U-Bahn).<br \/>\nK.Baumann<\/p>\n<p><strong>Schweizer Kabarettist Andreas Thiel: Sprache ist gewaltfrei<\/strong><br \/>\nDie Sittenw\u00e4chter der Political Correctness behaupten zwar, sie bewahrten die Menschen davor, Opfer der Sprache zu werden. In Wahrheit sch\u00fctzen sie ihre eigene Meinung vor dem Diskurs. Denn ein verbaler Schlagabtausch ist ein gewaltfreier Schlagabtausch. Wer Andersdenkenden jedoch die Mittel der Sprache verweigert, der l\u00e4\u00dft ihnen nur noch die Mittel der Gewalt, im Wissen darum, da\u00df keiner so schnell bereit ist, solche anzuwenden. Die durch Political Correctness geschaffene Ruhe gleicht der Nachtruhe im Klosterinternat: Es wird unter der Bettdecke weitergefl\u00fcstert.<br \/>\n&#8230; Komplettes Interview &#8222;Die Meinungsfreiheit gilt nicht mehr&#8220; mit dem Schweizer Kabarettisten und Satiriker Andreas Thiel vom 27.7.2018 in &#8222;Junge Freiheit&#8220;, Seite 3<br \/>\n<a href=\"https:\/\/www.andreasthiel.ch\">www.andreasthiel.ch<\/a><\/p>\n<p>.<\/p>\n<p><strong>SP\u00d6-Politiker gestaltet Plakat um: Rainer &#8211; K\u00e4sekrainer<\/strong><br \/>\nDie Bloggerin Dudu K\u00fc\u00e7\u00fckg\u00f6l weist in ihrem Facebook-Posting darauf hin, dass \u201estinkend\u201c sehr wohl rassistisch konnotiert sei und, dass meist Menschen mit Migrationshintergrund die Erfahrung machen, dass ihr Essen \u201eoder sogar direkt sie selbst\u201c als stinkend bezeichnet werden. Der SP\u00d6-Politiker Tarik Mete entwarf kurzerhand eine eigene Version der Kampagne. \u201eAlle Fahrg\u00e4ste machen die U-Bahn feiner. Nur nicht Rainer, der isst K\u00e4sekrainer\u201c, schlug der Salzburger als Alternative vor und verga\u00df in seiner Replik nicht darauf, das Schaf wei\u00df umzuf\u00e4rben.<br \/>\n&#8230; Alles vom 10.8.2018 bitte lesen auf<br \/>\n<a href=\"https:\/\/www.islamiq.de\/2018\/08\/10\/schwarzes-schaf-kritik-an-werbekampagne-der-wiener-linien\/\">https:\/\/www.islamiq.de\/2018\/08\/10\/schwarzes-schaf-kritik-an-werbekampagne-der-wiener-linien\/<\/a><br \/>\n.<br \/>\n<strong>Schwarzes Schaf + D\u00f6ner = rassistisches Klischee<\/strong><br \/>\n\u201eAlle Fahrg\u00e4ste machen die U-Bahn sch\u00f6ner. Nur nicht Rudi, der isst D\u00f6ner\u201c &#8211; so der Slogan auf dem Plakat, das die Fahrg\u00e4ste darauf hinweisen soll, keine penetrant riechenden Lebensmittel in den Verkehrsmitteln zu verzehren. Vor allem in den sozialen Netzwerken gehen nun die Wogen hoch. Kritiker konstatieren, dass mit einem schwarzen Schaf, das noch dazu einen D\u00f6ner verspeist, rassistische Klischees bedient werden. Der Klubobmann der Gr\u00fcnen, David Ellensohn, beispielsweise erkl\u00e4rt via Twitter, dass dieses Plakat &#8222;voll daneben&#8220; sei. &#8230;<br \/>\nAlls vom 3.8.2018 bitte lesen auf<br \/>\n<a href=\"https:\/\/kurier.at\/chronik\/wien\/schwarzes-schaf-aufregung-um-plakatkampagne-der-wiener-linien\/400080488\">https:\/\/kurier.at\/chronik\/wien\/schwarzes-schaf-aufregung-um-plakatkampagne-der-wiener-linien\/400080488<\/a><\/p>\n<p><strong>Schwarzwald<\/strong><br \/>\nWenn man das &#8222;Schwarze Schaf&#8220; aus rassistische Gr\u00fcnden abzulehnen ist das Humbug. Wir trinken einen &#8222;kleinen Schwarzen&#8220;, essen &#8222;Schwarzbeeren&#8220;, kennen die &#8222;Schwarzmalerei&#8220; fahren in den &#8222;Schwarzwald&#8220; und haben einen &#8222;schwarzen Bundeskanzler&#8220;<br \/>\nIch verstehe nicht, dass die Gr\u00fcnen noch immer nicht verstanden haben, dass sie mit ihrer herablassenden \u00dcberheblichkeit au\u00dfer einer eingefleischten kleinen Gruppe noch jemand ernst nimmt. Immer mehr verfestigt sich bei mir der Eindruck, dass sie zu einer ideologisch-religi\u00f6sen Sekte geworden sind, in ihrer Blase leben und die au\u00dferhalb der Blase real existierende Welt kaum noch wahrnehmen.<br \/>\n5.8.2018, Klaus Eisenberger, KO<\/p>\n<p><strong>Mohr im Hemd et al<\/strong><br \/>\nSchwarzarbeit,Schwarzbrot, Schwarzseher, Neger mit Schlag, Mohr im Hemd, Zigeunerschnitzel, Hamburger, Frankfurter, Bosna, T\u00fcrkenbrot, &#8230;ich hoffe meine Speisekarte wird nicht gel\u00f6scht. Lassen wir bitte die Kirche im Dorf . sorry Blasphemie&#8230;bin f\u00fcr Gleichberechtigung, Antirassismus, Gleichstellung, usw. Aber die Hysterie dient am allerwenigsten der Sache, sondern schadet den Dingen mehr als alles andere&#8230;.das hat nix mit rot, gelb, gr\u00fcn.blau. brau, t\u00fcrkis oder sonst was zu tun sondern mit dem IQ,<br \/>\n5.8.2018, W.S., KO<\/p>\n<p><strong>Verbot &#8211; sauber wie in Singapur<\/strong><br \/>\nDie haben absolut recht &#8211; Fressverbot, egal ob D\u00f6ner oder Leberk\u00e4se, und erledigt.<br \/>\nWeder in Paris, London, New York, Budapest oder Tokyo sieht man Fahrg\u00e4ste aus dem Papierl oder Styroporbecher fressen. Das gibt\u2019s bislang nur in Wien. \u00c4hnlich verh\u00e4lt sich\u2019s mit dem Telefonieren. Die Wiener UBahn ist eine einzige fahrende Telefonzelle &#8211; einziger Trost, dass man den Gespr\u00e4chspartner am andern Ende nicht h\u00f6ren muss. Im \u00dcbrigen &#8211; selbst in Tokyo telefoniert niemand in den \u00d6ffis, obwohl jeder ein Handy hat.<br \/>\n&#8230;<br \/>\nWas \u00fcberall geht und selbstverst\u00e4ndlich ist, in Wien ist es unm\u00f6glich. Wien ist anders, richtig!<br \/>\nDass es nicht nur schwarze Schafe in Familien gibt, sondern auch unter Fahrg\u00e4sten der \u00d6ffis, sollte nicht erst diskutiert werden m\u00fcssen. Dass der Kebab die geruchsintensivste Speise ist, die derzeit in den \u00d6ffis konsumiert wird, steht au\u00dfer Zweifel. Darin wieder mal ein Indiz f\u00fcr Rassismus zu sehen, ist einfach dumm. Es geht um Geruch und nicht um Herkunft! Allerdings h\u00e4tte ich ein generelles Ess- und Fressverbot in den \u00d6ffis bevorzugt. Das h\u00e4tte den \u201eRassismus-Sittenw\u00e4chter\u201c, offenbar allesamt direkte<em><strong> Nachfahren der mariatheresianischen Keuschheitskommission<\/strong><\/em>, den Wind aus den Segeln genommen. \u00dcberhaupt scheinen wir uns einem Sitten- \u00dcberwachungsstaat anzun\u00e4hern &#8211; und das in unserer weltoffenen und toleranten Zeit, die alles zu tolerieren vorgibt, ausgenommen andere Meinungen.<br \/>\n5.8.018, Guest, KO<\/p>\n<p><strong>\u00a0Zentralrat der Emp\u00f6rten<br \/>\n<\/strong>Seit wann hei\u00dfen arabisch-st\u00e4mmige m\u00e4nnliche Personen Rudi? Also nix mit Rassismus und &#8222;schwarze Schafe&#8220; gibt es in allen m\u00f6glichen Bereichen. &#8230;<br \/>\nAuch der Zentralrat der Freunde des Koalab\u00e4ren ist emp\u00f6rt \u00fcber die Emp\u00f6rung und verlangt emp\u00f6rt die Emp\u00f6rung aufs sch\u00e4rfste zu verurteilen&#8230;.<br \/>\nDie berufsbedingt Emp\u00f6rten sehen in allem und jedem Rassissmus. Ist der Zentralrat der Fliesentischbesitzer auch emp\u00f6rt oder nicht?<br \/>\nIch hab noch niemanden Wiener Schnitzel essen gesehen in den \u00d6ffis, aber schon hunderte mal Kebab. Ist die Wahrheit rassisisch?<br \/>\n6.8.2018, Herbert Kappel, KO<\/p>\n","protected":false},"excerpt":{"rendered":"<p>Im Zuge des Sommerloch-Rassismus ist nach Negerkuss und Zigeunerschnitzel nun das &#8222;Schwarze Schaf&#8220; dran, um von Nazi&#8211;Paranoikern linguistisch gecleant zu werden. Dabei hatten sich die Wiener Verkehrsbetriebe nach immer mehr stinkenden Yufka-, D\u00f6ner- und Pizza-Resten in der U-Bahn so viel &hellip; <a href=\"https:\/\/www.freiburg-schwarzwald.de\/blog\/schwarzes-schaf-rudi\/\">Weiterlesen <span class=\"meta-nav\">&rarr;<\/span><\/a><\/p>\n","protected":false},"author":2,"featured_media":0,"comment_status":"open","ping_status":"closed","sticky":false,"template":"","format":"standard","meta":{"footnotes":""},"categories":[18,158],"tags":[27,485,622,726,671,526,650,571],"class_list":["post-67836","post","type-post","status-publish","format-standard","hentry","category-bildung","category-gesund","tag-ausland","tag-refugee","tag-migration","tag-oeffentlicher-raum","tag-presse","tag-rassismus","tag-sex","tag-werbung"],"_links":{"self":[{"href":"https:\/\/www.freiburg-schwarzwald.de\/blog\/wp-json\/wp\/v2\/posts\/67836","targetHints":{"allow":["GET"]}}],"collection":[{"href":"https:\/\/www.freiburg-schwarzwald.de\/blog\/wp-json\/wp\/v2\/posts"}],"about":[{"href":"https:\/\/www.freiburg-schwarzwald.de\/blog\/wp-json\/wp\/v2\/types\/post"}],"author":[{"embeddable":true,"href":"https:\/\/www.freiburg-schwarzwald.de\/blog\/wp-json\/wp\/v2\/users\/2"}],"replies":[{"embeddable":true,"href":"https:\/\/www.freiburg-schwarzwald.de\/blog\/wp-json\/wp\/v2\/comments?post=67836"}],"version-history":[{"count":0,"href":"https:\/\/www.freiburg-schwarzwald.de\/blog\/wp-json\/wp\/v2\/posts\/67836\/revisions"}],"wp:attachment":[{"href":"https:\/\/www.freiburg-schwarzwald.de\/blog\/wp-json\/wp\/v2\/media?parent=67836"}],"wp:term":[{"taxonomy":"category","embeddable":true,"href":"https:\/\/www.freiburg-schwarzwald.de\/blog\/wp-json\/wp\/v2\/categories?post=67836"},{"taxonomy":"post_tag","embeddable":true,"href":"https:\/\/www.freiburg-schwarzwald.de\/blog\/wp-json\/wp\/v2\/tags?post=67836"}],"curies":[{"name":"wp","href":"https:\/\/api.w.org\/{rel}","templated":true}]}}