{"id":67820,"date":"2018-08-07T21:12:20","date_gmt":"2018-08-07T19:12:20","guid":{"rendered":"https:\/\/www.freiburg-schwarzwald.de\/blog\/?p=67820"},"modified":"2018-08-07T21:15:40","modified_gmt":"2018-08-07T19:15:40","slug":"bka-zur-fluechtlingskriminalitaet","status":"publish","type":"post","link":"https:\/\/www.freiburg-schwarzwald.de\/blog\/bka-zur-fluechtlingskriminalitaet\/","title":{"rendered":"BKA zur Fl\u00fcchtlingskriminalit\u00e4t"},"content":{"rendered":"<p>Die Website des Bundeskriminalamtes (BKA) liefert unter dem Thema <em>&#8222;Bundeslagebild <a title=\"Fluechtlingskriminalitaet 10 %\" href=\"https:\/\/www.freiburg-schwarzwald.de\/blog\/fluechtlingskriminalitaet-10\/\">Kriminalit\u00e4t<\/a> im Kontext von Zuwanderung&#8220;<\/em> Statistiken zur <a title=\"Fluechtlinge-Kriminalitaet\" href=\"https:\/\/www.freiburg-schwarzwald.de\/blog\/global\/integration\/fluechtlinge-kriminalitaet\/\">Fl\u00fcchtlingskriminalit\u00e4t<\/a>, die sich f\u00fcr die drei Jahre nach <a title=\"Budapest-Dublin2015\" href=\"https:\/\/www.freiburg-schwarzwald.de\/blog\/global\/eu\/budapest-dublin2015\/\">Budapest 9\/2015<\/a> wie folgt summieren: 270.000, 293.467 bzw. 289.753 &#8222;<a title=\"Kriminalitaet\" href=\"https:\/\/www.freiburg-schwarzwald.de\/blog\/selbsthilfe\/krise\/gewalt\/kriminalitaet\/\">Straftaten<\/a> durch <a title=\"Fluechtlinge\" href=\"https:\/\/www.freiburg-schwarzwald.de\/blog\/global\/integration\/fluechtlinge\/\">Fl\u00fcchtlinge<\/a>&#8220; in 2015, 2016 bzw. 2017. Insgesamt also 853.220 &#8222;Straftaten durch Fl\u00fcchtlinge&#8220;.<!--more--><\/p>\n<p>Diese Zahlen k\u00f6nnen eingesehen bzw. als PDF&#8217;s heruntergeladen werden unter:<br \/>\n<a href=\"https:\/\/www.bka.de\/DE\/AktuelleInformationen\/StatistikenLagebilder\/Lagebilder\/KriminalitaetImKontextVonZuwanderung\/KriminalitaetImKontextVonZuwanderung_node.html\">https:\/\/www.bka.de\/DE\/AktuelleInformationen\/StatistikenLagebilder\/Lagebilder\/KriminalitaetImKontextVonZuwanderung\/KriminalitaetImKontextVonZuwanderung_node.html<\/a><\/p>\n<p><a href=\"https:\/\/www.bka.de\/SharedDocs\/Downloads\/DE\/Publikationen\/JahresberichteUndLagebilder\/KriminalitaetImKontextVonZuwanderung\/KriminalitaetImKontextVonZuwanderung_2017.html\">https:\/\/www.bka.de\/SharedDocs\/Downloads\/DE\/Publikationen\/JahresberichteUndLagebilder\/KriminalitaetImKontextVonZuwanderung\/KriminalitaetImKontextVonZuwanderung_2017.html<\/a><\/p>\n<p>Dabei handelt es sich nur um die erfasste bzw. gemeldete Kriminalit\u00e4t, ohne ausl\u00e4nderrechtliche Straftatbest\u00e4nde. Diese Zahlen kann <a title=\"Demokratie\" href=\"https:\/\/www.freiburg-schwarzwald.de\/blog\/engagement\/zukunft\/demokratie\/\">jeder (m\u00fcndige) B\u00fcrger<\/a> nach seinem Gusto bewerten, interpretieren oder auch ignorieren (schlie\u00dflich ist die Kriminalit\u00e4tsrate Einheimischer seit Jahren r\u00fcckl\u00e4ufig).<br \/>\nOb die Meldung dieser Fakten an sich bereits ein Zeichen von <a title=\"Rassismus\" href=\"https:\/\/www.freiburg-schwarzwald.de\/blog\/engagement\/rassismus\/\">Rassismus<\/a> bzw. <a title=\"Populismus\" href=\"https:\/\/www.freiburg-schwarzwald.de\/blog\/engagement\/zukunft\/demokratie\/populismus\/\">Populismus<\/a> ist? Wenn ja &#8211; dann ist die Website des BKA gar selbst auch schon rassistisch bzw. <a title=\"Nationaler Rechtspopulismus\" href=\"https:\/\/www.freiburg-schwarzwald.de\/blog\/nationaler-rechtspopulismus\/\">populistisch<\/a>?<br \/>\n7.8.2018<\/p>\n<p><strong>Die Destabilisierung Deutschlands<\/strong><br \/>\nStefan Schubert, Ex-Polizist, Bestsellerautor und Sicherheitsexperte, ordnet in seinem Buch &#8222;Die Destabilisierung Deutschlands&#8220; \u2013 Der Verlust der inneren und \u00e4u\u00dferen Sicherheit&#8220; die o.a. Zahlen des BKA zur Kriminalit\u00e4t von Migranten wie folgt ein:<br \/>\n&#8222;Mord, Totschlag, Vergewaltigung, Diebstahl, Drogenhandel, ko\u0308rperliche Angriffe, Messerattacken bis hin zu islamistischen Terroranschla\u0308gen. Und dies in einem Land, wo \u00bbFlu\u0308chtlinge\u00ab trotz einer mehrheitlich illegalen Einreise und des Durchquerens von einem halben Dutzend sicherer Staaten wie wirkliche Flu\u0308chtlinge aufgenommen wurden. Trotz Kosten in Milliardenh\u00f6he, einer schweren Belastung der Gesellschaft als Ganzem mit einer einhergehenden \u00dcberforderung der sozialen Kassen, der Justiz, der Polizei, des Wohnungsmarktes, der \u00c4rzteschaft, der Schulen, Kinderga\u0308rten etc. Trotz all dieser Hintergru\u0308nde und Auswirkungen danken diese \u00bbFlu\u0308chtlinge\u00ab der deutschen Bevo\u0308lkerung es mit einer wahren Verbrechenswelle, seit sie sich auf deutschem Boden befinden. \u00dcber 853 000 Straftaten durch diesen Personenkreis. Eine breite o\u0308ffentliche Diskussion daru\u0308ber findet jedoch nicht statt, stattdessen sprechen Politik und Medien von Einzelfa\u0308llen und \u00fcbersch\u00fctten Kritiker dieser Zusta\u0308nde mit Populismusdiffamierungen und Schlimmerem.<br \/>\n853 000 eingera\u0308umte Straftaten bedeuten auch 853 000 Opfer.<br \/>\n&#8230;<br \/>\nDie anhaltende illegale Masseneinwanderung verschlingt nicht nur Milliarden an Steuergeldern \u2013 es bleibt auch festzustellen, dass in Deutschland rund 853 000 Menschen Opfer einer Straftat geworden sind, die es ohne die Flu\u0308chtlinge nicht gegeben ha\u0308tte.&#8220;<\/p>\n<p><em>Stefan Schubert:<\/em><br \/>\n<em>Die Destabilisierung Deutschlands &#8211; Der Verlust der inneren und \u00e4u\u00dferen Sicherheit<\/em><br \/>\n<em>336 Seiten, ISBN-13: 9783864455902<\/em><br \/>\n<em>7\/2018, 22,99 Euro<br \/>\n<\/em>\u00a0.<br \/>\n<strong>Ines Laufer: Immigranten-Kriminalit\u00e4t, 9.12.2017<\/strong><br \/>\n<a href=\"https:\/\/juergenfritz.com\/2017\/12\/09\/tiefere-gruende-immigranten-kriminalitaet\/\">https:\/\/juergenfritz.com\/2017\/12\/09\/tiefere-gruende-immigranten-kriminalitaet\/<\/a><\/p>\n","protected":false},"excerpt":{"rendered":"<p>Die Website des Bundeskriminalamtes (BKA) liefert unter dem Thema &#8222;Bundeslagebild Kriminalit\u00e4t im Kontext von Zuwanderung&#8220; Statistiken zur Fl\u00fcchtlingskriminalit\u00e4t, die sich f\u00fcr die drei Jahre nach Budapest 9\/2015 wie folgt summieren: 270.000, 293.467 bzw. 289.753 &#8222;Straftaten durch Fl\u00fcchtlinge&#8220; in 2015, 2016 &hellip; <a href=\"https:\/\/www.freiburg-schwarzwald.de\/blog\/bka-zur-fluechtlingskriminalitaet\/\">Weiterlesen <span class=\"meta-nav\">&rarr;<\/span><\/a><\/p>\n","protected":false},"author":2,"featured_media":0,"comment_status":"open","ping_status":"closed","sticky":false,"template":"","format":"standard","meta":{"footnotes":""},"categories":[18,52,210,155,80],"tags":[431,732,551,622,671,526],"class_list":["post-67820","post","type-post","status-publish","format-standard","hentry","category-bildung","category-einewelt","category-gewalt","category-integration","category-medien","tag-gerecht","tag-gewalt","tag-info","tag-migration","tag-presse","tag-rassismus"],"_links":{"self":[{"href":"https:\/\/www.freiburg-schwarzwald.de\/blog\/wp-json\/wp\/v2\/posts\/67820","targetHints":{"allow":["GET"]}}],"collection":[{"href":"https:\/\/www.freiburg-schwarzwald.de\/blog\/wp-json\/wp\/v2\/posts"}],"about":[{"href":"https:\/\/www.freiburg-schwarzwald.de\/blog\/wp-json\/wp\/v2\/types\/post"}],"author":[{"embeddable":true,"href":"https:\/\/www.freiburg-schwarzwald.de\/blog\/wp-json\/wp\/v2\/users\/2"}],"replies":[{"embeddable":true,"href":"https:\/\/www.freiburg-schwarzwald.de\/blog\/wp-json\/wp\/v2\/comments?post=67820"}],"version-history":[{"count":0,"href":"https:\/\/www.freiburg-schwarzwald.de\/blog\/wp-json\/wp\/v2\/posts\/67820\/revisions"}],"wp:attachment":[{"href":"https:\/\/www.freiburg-schwarzwald.de\/blog\/wp-json\/wp\/v2\/media?parent=67820"}],"wp:term":[{"taxonomy":"category","embeddable":true,"href":"https:\/\/www.freiburg-schwarzwald.de\/blog\/wp-json\/wp\/v2\/categories?post=67820"},{"taxonomy":"post_tag","embeddable":true,"href":"https:\/\/www.freiburg-schwarzwald.de\/blog\/wp-json\/wp\/v2\/tags?post=67820"}],"curies":[{"name":"wp","href":"https:\/\/api.w.org\/{rel}","templated":true}]}}