{"id":67721,"date":"2018-07-21T10:13:35","date_gmt":"2018-07-21T08:13:35","guid":{"rendered":"https:\/\/www.freiburg-schwarzwald.de\/blog\/?p=67721"},"modified":"2018-07-21T10:19:27","modified_gmt":"2018-07-21T08:19:27","slug":"vera-lengsfeld-medien-afd","status":"publish","type":"post","link":"https:\/\/www.freiburg-schwarzwald.de\/blog\/vera-lengsfeld-medien-afd\/","title":{"rendered":"Vera Lengsfeld &#8211; Medien &#8211; AFD"},"content":{"rendered":"<p>Die Journalistin <a title=\"Gemeinsame Erklaerung 2018\" href=\"https:\/\/www.freiburg-schwarzwald.de\/blog\/gemeinsame-erklaerung-2018\/\">Vera Lengsfeld<\/a> \u00fcbt Kritik an der <a title=\"Kontrollverlust\" href=\"https:\/\/www.freiburg-schwarzwald.de\/blog\/engagement\/zukunft\/demokratie\/kontrollverlust\/\">Migrations-<\/a> und <a title=\"Erklaerung 2018 \u2013 Rechtsstaat\" href=\"https:\/\/www.freiburg-schwarzwald.de\/blog\/erklaerung-2018-rechtsstaat\/\">EU<\/a>-Politik von <a title=\"Merkel-muss-weg\" href=\"https:\/\/www.freiburg-schwarzwald.de\/blog\/engagement\/zukunft\/demokratie\/merkel-muss-weg\/\">Angela Merkel.<\/a> Die <a title=\"AfD\" href=\"https:\/\/www.freiburg-schwarzwald.de\/blog\/vereine\/partei\/afd\/\">AfD<\/a> kritisiert ebenfalls die Migrations- und EU-Politik der Bundeskanzlerin. Folglich mu\u00df Frau Lengsfeld Parteimiglied der AfD sein. Diese Logik vertritt die FAZ, wenn sie schreibt: <em>&#8222;\u00dcber die Gr\u00fcnen und CDU kam sie (Vera Lengsfeld) zur <a title=\"Wahrheit: Gegenteil von AfD\" href=\"https:\/\/www.freiburg-schwarzwald.de\/blog\/wahrheit-gegenteil-von-afd\/\">AfD<\/a>\u201c<\/em>. Und nicht nur diese Zeitung &#8211; diese Logik hat sich gesamte <a title=\"Mainstream\" href=\"https:\/\/www.freiburg-schwarzwald.de\/blog\/kultur\/medien\/mainstream\/\">Mainstream<\/a>&#8211; bzw. <a title=\"Pressekodex\" href=\"https:\/\/www.freiburg-schwarzwald.de\/blog\/kultur\/medien\/pressekodex\/\">Qualit\u00e4tspresse<\/a> <!--more-->wie auch der \u00d6R seit sp\u00e4testens <a title=\"Budapest-Dublin2015\" href=\"https:\/\/www.freiburg-schwarzwald.de\/blog\/global\/eu\/budapest-dublin2015\/\">Budapest 9\/2015<\/a> zu eigen gemacht:<br \/>\nWer mit der Politik der <a title=\"GroKo\" href=\"https:\/\/www.freiburg-schwarzwald.de\/blog\/engagement\/zukunft\/demokratie\/groko\/\">GroKo<\/a> (Massenimmigration durch <a title=\"Kontrollierte-Grenzen\" href=\"https:\/\/www.freiburg-schwarzwald.de\/blog\/global\/migration\/kontrollierte-grenzen\/\">offene Grenzen<\/a>, Enteignung der Sparer durch Niedrigzins, Haftungs\u00fcbernahme \u00fcber <a title=\"Target\" href=\"https:\/\/www.freiburg-schwarzwald.de\/blog\/global\/eu\/target\/\">Target<\/a>-Schulden, &#8230;) nicht einverstanden ist und diese kritisiert, wird automatisch bei der AfD (wenn er Gl\u00fcck hat) oder gar bei den <a title=\"Nazi\" href=\"https:\/\/www.freiburg-schwarzwald.de\/blog\/religion\/juden\/nazi\/\">Nazis<\/a> (wenn er Pech hat) verortet.<br \/>\nDurch diesen Automatismus haben die Medien als urspr\u00fcnglich <a title=\"Medien \u2013 einseitige vierte Gewalt\" href=\"https:\/\/www.freiburg-schwarzwald.de\/blog\/medien-einseitige-vierte-gewalt\/\">Vierte Gewalt der Demokratie<\/a> unsere <a title=\"Diskussionskultur\" href=\"https:\/\/www.freiburg-schwarzwald.de\/blog\/kultur\/medien\/diskussionskultur\/\">Diskussionskultur<\/a> in Deutschland zerst\u00f6rt. Vor der AfD-Keule bzw. Nazi-Keule gibt es im \u00f6ffentlichen Diskurs f\u00fcr die &#8222;Schon l\u00e4nger hier Lebenden&#8220; (also B\u00fcrger) wie auch die schreibende Zunft kaum ein Entrinnen, es sei denn,<br \/>\n&#8211; man kann als deutscher Journalist auf j\u00fcdische Wurzeln verweisen, wie Henryk Broder oder <a title=\"Merkel: Kein Land f\u00fcr Juden\" href=\"https:\/\/www.freiburg-schwarzwald.de\/blog\/merkel-kein-land-fuer-juden\/\">Rafael Korenzecher<\/a>.<br \/>\n&#8211; man ver\u00f6ffentlicht als Migrant in Deutschland, wie <a title=\"Tibi\" href=\"https:\/\/www.freiburg-schwarzwald.de\/blog\/global\/deutschland\/tibi\/\">Bassam Tibi<\/a>, <a title=\"Kelek\" href=\"https:\/\/www.freiburg-schwarzwald.de\/blog\/religion\/islam\/kelek\/\">Nekla Kelek<\/a>, Hamed Abdel-Samad, Seran Antes.<br \/>\n&#8211; man publiziert im Ausland, etwa in der Schweiz (NZZ, Weltwoche), \u00d6sterreich, Gro\u00dfbritannien.<br \/>\n21.7.2018<\/p>\n<p><strong>Wie die FAZ eine Unwahrheit korrigiert<\/strong><br \/>\nMir geht es hier noch einmal um die Faktentreue der Qualit\u00e4tspresse \u2013 hier konkret der FAZ \u2013 und ihr Umgang mit den Betroffenen. Der FAZ-Journalist Pergande war der Meinung, seinen Beitrag mit dem folgenden Satz kr\u00f6nen zu m\u00fcssen: \u201e<em>Vera Lengsfeld ist wohl das prominenteste Beispiel:<br \/>\n\u00dcber die Gr\u00fcne und CDU kam sie zur AfD\u201c.<br \/>\n<\/em>Ein Satz, der angesichts meiner politischen Biographie eigentlich eindeutig ist: Ich habe als B\u00fcrgerrechtlerin die Gr\u00fcnen der DDR mitgegr\u00fcndet und wurde als deren DDR-, sp\u00e4ter Th\u00fcringer Spitzenkandidatin erst in die Volkskammer und dann zweimal in den Bundestag gew\u00e4hlt. 1996 wechselte ich als Bundestagsabgeordnete auf Grund der offenkundigen Hinwendung der Gr\u00fcnen zum linken Lager und zur damaligen PDS \u2013 zusammen mit anderen B\u00fcrgerrechtlern, unter anderem G\u00fcnter Nooke \u2013 zur CDU. Ich wurde f\u00fcr die CDU zwei weitere Male in Th\u00fcringen aufgestellt und war letztlich 15 Jahre lang MdB. Seit 2005 bin ich verst\u00e4rkt publizistisch t\u00e4tig, dabei auch zunehmend kritisch gegen\u00fcber dem gr\u00fcnen Kurs von Angela Merkel, aber ich bin weiterhin Mitglied der CDU.<br \/>\nAll dies sind Fakten, die jeder ganz einfach \u00fcberpr\u00fcfen kann. Eine FAZ hat nat\u00fcrlich viel mehr M\u00f6glichkeiten. Also wie versteht man einen solchen Satz angesichts meiner Biographie? Ich denke, genauso wie viele verbliebene treue FAZ-Leser aus dem konservativen Teil der CDU, die besorgt nachfragten: \u201eFrau Lengsfeld, sind Sie jetzt bei der AfD?&#8220; &#8230;<br \/>\nAlles von Vera Lengsfeld vom 19.7.2018 bitte lesenauf<br \/>\n<a href=\"https:\/\/www.achgut.com\/artikel\/wie_die_faz_eine_unwahrheit_korrigiert\">https:\/\/www.achgut.com\/artikel\/wie_die_faz_eine_unwahrheit_korrigiert<\/a><\/p>\n<p>.<br \/>\n<a href=\"https:\/\/www.achgut.com\/artikel\/die_besondere_tragik_des_frank_pergande\">https:\/\/www.achgut.com\/artikel\/die_besondere_tragik_des_frank_pergande<\/a><br \/>\n.<br \/>\nOffener Brief von Arnold Vaatz vom 29.6.2018<br \/>\n<a href=\"https:\/\/www.achgut.com\/artikel\/wie_man_es_ihnen_im_roten_kloster_beigebracht_hat\">https:\/\/www.achgut.com\/artikel\/wie_man_es_ihnen_im_roten_kloster_beigebracht_hat<\/a><br \/>\nBleiben Sie standhaft, Frau Lengsfeld! Sebastian Haffner schrieb vor vielen Jahren, da\u00df kein Berufsstand sich so schnell gleichschalten lie\u00df, wie der Stand der Juristen. Gleichschaltung scheint heute wieder opportun bei diesen hochbezahlten Wortklaubern! Was f\u00fcr eine Schande, die b\u00f6se Absicht und Dummheit der FAZ-ler auch noch zu verteidigen!<br \/>\n19.7.2018, Armin Hoffmann, AO<br \/>\n.<br \/>\nSehr geehrte Frau Lengsfeld, leider ist mir nicht klar, wieso Sie die FAZ als \u201cQualit\u00e4tspresse\u201d bezeichnen. Meiner Definition von Qualt\u00e4t entspricht die FAZ schon l\u00e4nger nicht mehr. Eine Zeitung sollte ihre Leser informieren, das tut die FAZ immer weniger*, statt dessen versucht sie ihre Leser zu belehren, f\u00fcr mich vollkommen inakzeptabel und gewiss kein Zeichen von Qualit\u00e4t. Mit freundlichem Gru\u00df *(zumindest bis zum Herbst 2015, der Moment als ich ein letztes mal einen l\u00e4ngeren Blick in die FAZ warf)<br \/>\n19.7.2018, J\u00f6rg Werda, AO<br \/>\n.<br \/>\n<strong>Merkel: Von FDJ \u00fcber CDU zu Gr\u00fcnen<\/strong><br \/>\nHerrlich, mit dem gleichen Wahrheitsgehalt h\u00e4tte die FAZ auch \u00fcber Angela Merkel schreiben k\u00f6nnen:\u201d Von der FDJ \u00fcber die CDU bei den Gr\u00fcnen gelandet! Vielleicht hat die FAZ den gleichen, peinlichen Ghostwriter wie das ZDF -Morgenmagazin oder ZDF &#8211; Heutejournal\u2026\u2026&#8230;<br \/>\n19.7.2018, Frank Stricker, AO<br \/>\n.<br \/>\n<strong>Diskurs wird vergiftet<\/strong><br \/>\nMir ist schon beim Lesen des Kommentars von Vera Lengsfeld der Verdacht gekommen, dass es in Herrn Pergande von der FAZ so gedacht haben wird: Lengsfeld kritisiert die Kanzlerin und die Masseneinwanderung, die AfD kritisiert die Kanzlerin und die Masseneinwanderung, also ist Lengsfeld in der AfD (oder steht ihr zumindest nahe). Aber nein, dachte ich noch, so kurzsichtig und undifferenziert wird ein Autor der FAZ nicht vorgehen\u2026 &#8211; was f\u00fcr ein Irrtum! Mit der FAZ-Methode kann man so ziemlich jedem, der nicht mit den politischen Verh\u00e4ltnissen in Deutschland einverstanden ist, eine AfD-N\u00e4he andichten &#8211; um das gesellschaftliche Klima und den \u00f6ffentlichen Diskurs so nachhaltig zu vergiften.<br \/>\n219.7.2018, Martin Schott, AO<\/p>\n","protected":false},"excerpt":{"rendered":"<p>Die Journalistin Vera Lengsfeld \u00fcbt Kritik an der Migrations- und EU-Politik von Angela Merkel. Die AfD kritisiert ebenfalls die Migrations- und EU-Politik der Bundeskanzlerin. Folglich mu\u00df Frau Lengsfeld Parteimiglied der AfD sein. Diese Logik vertritt die FAZ, wenn sie schreibt: &hellip; <a href=\"https:\/\/www.freiburg-schwarzwald.de\/blog\/vera-lengsfeld-medien-afd\/\">Weiterlesen <span class=\"meta-nav\">&rarr;<\/span><\/a><\/p>\n","protected":false},"author":2,"featured_media":0,"comment_status":"open","ping_status":"closed","sticky":false,"template":"","format":"standard","meta":{"footnotes":""},"categories":[18,162,13,80,172],"tags":[633,670,525,438],"class_list":["post-67721","post","type-post","status-publish","format-standard","hentry","category-bildung","category-internet","category-kultur","category-medien","category-zukunft","tag-demokratie","tag-nazi","tag-politik","tag-zeitung"],"_links":{"self":[{"href":"https:\/\/www.freiburg-schwarzwald.de\/blog\/wp-json\/wp\/v2\/posts\/67721","targetHints":{"allow":["GET"]}}],"collection":[{"href":"https:\/\/www.freiburg-schwarzwald.de\/blog\/wp-json\/wp\/v2\/posts"}],"about":[{"href":"https:\/\/www.freiburg-schwarzwald.de\/blog\/wp-json\/wp\/v2\/types\/post"}],"author":[{"embeddable":true,"href":"https:\/\/www.freiburg-schwarzwald.de\/blog\/wp-json\/wp\/v2\/users\/2"}],"replies":[{"embeddable":true,"href":"https:\/\/www.freiburg-schwarzwald.de\/blog\/wp-json\/wp\/v2\/comments?post=67721"}],"version-history":[{"count":0,"href":"https:\/\/www.freiburg-schwarzwald.de\/blog\/wp-json\/wp\/v2\/posts\/67721\/revisions"}],"wp:attachment":[{"href":"https:\/\/www.freiburg-schwarzwald.de\/blog\/wp-json\/wp\/v2\/media?parent=67721"}],"wp:term":[{"taxonomy":"category","embeddable":true,"href":"https:\/\/www.freiburg-schwarzwald.de\/blog\/wp-json\/wp\/v2\/categories?post=67721"},{"taxonomy":"post_tag","embeddable":true,"href":"https:\/\/www.freiburg-schwarzwald.de\/blog\/wp-json\/wp\/v2\/tags?post=67721"}],"curies":[{"name":"wp","href":"https:\/\/api.w.org\/{rel}","templated":true}]}}