{"id":67713,"date":"2018-07-18T09:16:44","date_gmt":"2018-07-18T07:16:44","guid":{"rendered":"https:\/\/www.freiburg-schwarzwald.de\/blog\/?p=67713"},"modified":"2018-11-04T08:51:42","modified_gmt":"2018-11-04T07:51:42","slug":"global-compact-on-refugees","status":"publish","type":"post","link":"https:\/\/www.freiburg-schwarzwald.de\/blog\/global-compact-on-refugees\/","title":{"rendered":"Global Compact on Refugees"},"content":{"rendered":"<p>Die aufgeregte Disput zwischen <a title=\"Merkel-muss-weg\" href=\"https:\/\/www.freiburg-schwarzwald.de\/blog\/engagement\/zukunft\/demokratie\/merkel-muss-weg\/\">Kanzlerin<\/a>\u00a0und Innenminister um die Zur\u00fcckweisung von Migranten an der <a title=\"Kontrollierte-Grenzen\" href=\"https:\/\/www.freiburg-schwarzwald.de\/blog\/global\/migration\/kontrollierte-grenzen\/\">Grenze<\/a> lenkt (gewollt?) ab von den derzeit entwickelten <a title=\"Neuansiedlung\" href=\"https:\/\/www.freiburg-schwarzwald.de\/blog\/global\/integration\/neuansiedlung\/\">Globalen Migrationspakten<\/a> auf UN- und <a title=\"Europa\" href=\"https:\/\/www.freiburg-schwarzwald.de\/blog\/global\/eu\/europa\/\">EU<\/a>-Ebene: &#8222;Global Compact on Refugees&#8220; 9\/2018 vor UN in New York. &#8222;<a title=\"Global-Migration\" href=\"https:\/\/www.freiburg-schwarzwald.de\/blog\/global\/globalisierung\/global-migration\/\">Global Compact<\/a> for Safe, Orderly an Regular Migration&#8220; 12\/2018 EU-Konferenz in Marokko. Danach k\u00f6nnten laut Schweizer Morgenpost (s.u.) bis 2065 <a title=\"Voelkerwanderung\" href=\"https:\/\/www.freiburg-schwarzwald.de\/blog\/global\/voelkerwanderung\/\">ca 250 Mio Afrikaner<\/a> legal in die EU <a title=\"Migration-Kosten\" href=\"https:\/\/www.freiburg-schwarzwald.de\/blog\/global\/migration\/migration-kosten\/\">migrieren<\/a>.<br \/>\n<!--more--><br \/>\n<strong>EU will bis zu 300 Millionen afrikanische Fl\u00fcchtlinge holen<\/strong><br \/>\n27 europ\u00e4ische und 28 afrikanische Staaten haben vor wenigen Wochen die Erkl\u00e4rung von Marrakesch (<a title=\"Global-Migration\" href=\"https:\/\/www.freiburg-schwarzwald.de\/blog\/global\/globalisierung\/global-migration\/\">Globaler Pakt f\u00fcr Migratio<\/a>n) zur Erh\u00f6hung der Einwanderung nach Europa unterzeichnet. Man rechnet mit 200 bis 300 Millionen Afrikanern die kommen werden. Am 2. Mai 2018 trafen sich 27 Politiker aus europ\u00e4ischen L\u00e4ndern und 28 afrikanischen Staaten in Marokko und unterzeichneten die politische Erkl\u00e4rung von Marrakesch. Eine Erkl\u00e4rung \u00fcber die Schaffung neuer Strategien f\u00fcr den Umgang mit der Einwanderung nach Europa. Laut dieser neuen Politik soll die afrikanische Bev\u00f6lkerung in Europa von derzeit 9 Millionen im Jahr 2018 auf 200 bis 300 Millionen im Jahr 2068 erh\u00f6ht werden. Dies wird im Ergebnis dazu f\u00fchren, dass die einheimischen Bev\u00f6lkerungen zu unterdr\u00fcckten und rechtlosen Minderheiten innerhalb ihrer eigenen Heimat werden.<br \/>\n&#8230;.<br \/>\nEs gab jedoch einige Politiker aus europ\u00e4ischen L\u00e4ndern, die sich weigerten, diese katastrophale Erkl\u00e4rung zu unterschreiben. Der bemerkenswerteste war Ungarn. Der ungarische Aussenminister Peter Szijarto hat die Erkl\u00e4rung scharf kritisiert. \u201cWir denken, dass dies ein unausgewogener Ansatz ist, und wir stimmen dem nicht zu\u201d, sagte er und weiter \u201edies eine extrem pro-migrationale Erkl\u00e4rung, die Ungarns Interessen widerspricht.\u201c<br \/>\nEs gibt aber auch europ\u00e4ische Politiker die begeistert den Untergang Europas begr\u00fcssen. Der belgische Aussenminister Didier Reynders sagte, dass die Haltung Ungarns \u201cdie Entschlossenheit der anderen europ\u00e4ischen Mitglieder, eine gemeinsame Antwort auf die Migration zu finden, in keiner Weise schm\u00e4lern wird\u201d.<br \/>\nDiese Erkl\u00e4rung wird nur dazu dienen, die bereits br\u00f6ckelnde Europ\u00e4ische Union zu zerst\u00f6ren. Gleichzeitig wird sie den Aufstieg der Volksparteien in ganz Europa f\u00f6rdern. Besonders erfreut \u00fcber den zuk\u00fcnftigen Zustrom zeigten sich 800.000 Rechtsanw\u00e4lte aus den Mitgliedsstaaten der EU schon 2017. Sie reiben sich schon die H\u00e4nde und hoffen auf einen gewaltigen Geldregen. &#8230;.<br \/>\nAlles vom 6.7.2018 bitte lesen auf der &#8222;Schweizer Morgenpost&#8220;<br \/>\n<a href=\"https:\/\/smopo.ch\/eu-will-bis-zu-300-millionen-afrikanische-fluechtlinge-holen\/\">https:\/\/smopo.ch\/eu-will-bis-zu-300-millionen-afrikanische-fluechtlinge-holen\/<\/a><\/p>\n<p><strong>Erkl\u00e4rung von Marrakesch, 2.5.2018:<\/strong><br \/>\n<a href=\"https:\/\/www.epochtimes.de\/assets\/uploads\/2018\/07\/marrakesch-de.pdf\">https:\/\/www.epochtimes.de\/assets\/uploads\/2018\/07\/marrakesch-de.pdf<\/a><\/p>\n<p><strong>Pl\u00e4ne zur Umvolkung<\/strong><br \/>\nDiese Politiker sind geisteskrank, 300 Millionen entsprechen der Bev\u00f6lkerung von USA. Die USA schafft es nicht die H\u00e4lfte der Bev\u00f6lkerung aus der Armut zu holen. In vielen St\u00e4dten in USA bilden sich Favelas Obdachlose Menschen, die in Zelten oder Verschl\u00e4gen hausen ohne flie\u00dfend Wasser etc. Von Obdachlosigkeit und Arbeitslosigkeit sind nicht nur Farbige betriffen, sondern auch viele Weisse. Einwanderung von vielen Habenichtsen wird nun keinesfalls Wohlstandsf\u00f6rderung ergeben. Ausserdem ist es eine menschenverachtende Form von Umsiedlung und Vertreibungen. Eine solche Erkl\u00e4rung zu unterschreiben ist menschenverachtend und missachtet alle Menschenrechte.<br \/>\nDas wird zu grossen Konflikten f\u00fchren, kein Mensch wird dazu befragt, eine willk\u00fcrliche Entscheidung.<br \/>\n&#8230;<br \/>\nIch denke, diese satanistischen Umvolkungspl\u00e4ne werden allein schon wg. der Anforderungen am Arbeitsmarkt scheitern. Deutschland z.B braucht &#8211; wenn \u00fcberhaupt &#8211; einige wenige hochqualifizierte Arbeitskr\u00e4fte aus dem Ausland, aber keine analphabetischen Bananenpfl\u00fccker aus Shithole Countries. Weitere Entwicklungen, z.B Industrie 4.0, der Einsatz von Robotern werden bedingen, dass wir eher WENIGER Arbeitskr\u00e4fte auf dem Arbeitsmarkt brauchen. Ich glaube auch kaum, dass die unter multiplen Steuerlasten \u00e4chzenden Europ\u00e4er Lust haben, Millionen von ausl\u00e4ndischen Nichtsnutzen durchzuf\u00fcttern.<br \/>\nDiese Marrakesh-Deklaration geh\u00f6rt &#8211; politisch korrekt &#8211; ins Altpapier entsorgt.<br \/>\n7.7.2018, Ina Patzner, SMO<br \/>\n.<br \/>\n<strong>Globaler Migrationspakt in Marrakesch besprochen<\/strong><br \/>\nW\u00e4hrend in Deutschland Angela Merkel und Horst Seehofer stritten, besuchte Heiko Maas in Marrakesch als einer von 27 europ\u00e4ischen Regierungsvertretern den \u201eRabat-Process\u201c. Es waren Vertreter von 28 afrikanischen Staaten anwesend. Was wurde verhandelt? Bis zum Ende 2018 wollen die UN-Mitgliedsstaaten zwei neue Rahmenwerke erarbeiten (heise.de):<br \/>\n1) Ein \u201eGlobaler Pakt zu Fl\u00fcchtlingen\u201c (Global Compact on Refugees). Dieser bezieht sich auf Menschen die den Kriterien der Genfer Fl\u00fcchtlingskonvention entsprechen und wird im September der UN-Generalversammlung vorgelegt.<br \/>\n2) Ein \u201eGlobaler Pakt zu sicherer, geordneter und regul\u00e4rer Migration\u201c (Global Compact for Safe, Orderly and Regular Migration). Dieser soll am 10. und 11. Dezember 2018 auf einer Konferenz in Marokko angenommen werden.<br \/>\nWas beinhaltet der \u201eMigrationspakt\u201c? Bis sp\u00e4testens 2065 sollen nach Angaben der Schweizer Morgenpost zwischen 200 und 300 Millionen Afrikanern die Einwanderung in Europa erlaubt werden. &#8230;<br \/>\nAlles vom 15.7.2018 bitte lesen auf<br \/>\n<a href=\"https:\/\/www.epochtimes.de\/politik\/welt\/globaler-migrationspakt-bis-zu-300-millionen-afrikanern-soll-einwanderung-nach-europa-erlaubt-werden-a2494308.html?text=1\">https:\/\/www.epochtimes.de\/politik\/welt\/globaler-migrationspakt-bis-zu-300-millionen-afrikanern-soll-einwanderung-nach-europa-erlaubt-werden-a2494308.html?text=1<br \/>\n<\/a>.<\/p>\n<p><strong>Ein neuer &#8222;Globaler Pakt zur Migration&#8220;<\/strong><br \/>\nMigration zu bewerkstelligen, ist eine der bedeutendsten Herausforderungen f\u00fcr die internationale Zusammenarbeit in unserer Zeit.<br \/>\nAlles von Ant\u00f3nio Guterres, vom 12. Januar 2018 bitte lesen auf<br \/>\n<a href=\"https:\/\/www.unric.org\/de\/gastkommentare\/28230-ein-neuer-pakt-zur-migration-von-antonio-guterres-12-januar-2018\">https:\/\/www.unric.org\/de\/gastkommentare\/28230-ein-neuer-pakt-zur-migration-von-antonio-guterres-12-januar-2018<br \/>\n<\/a><br \/>\n<strong>Nationen ade<\/strong><br \/>\nDas Aufgeben von Nation, der freudige Verlust von kultureller und nationaler Identit\u00e4t ist nirgendwo so gro\u00df wie in Deutschland. Frankreichs Gr\u00fcne und Linke singen die Marseillaise, Deutschlands Gr\u00fcne und Linke marschieren in Demos, in denen \u201cDeutschland verrecke\u201d gegr\u00f6lt wird, anschliessend werden sie vom B\u00fcrger dieses Deutschlands hoch alimentierte Bundetagsvizepr\u00e4sidenten und Fraktionsvorsitzende. Ich stelle mir einen f\u00fchrenden franz\u00f6sischen, amerikanischen Politiker vor, der \u201cFrankreich oder USA verrecke\u201d br\u00fcllt. Undenkbar. Aus diesem Grund hassen unsere Gr\u00fcnen und Linke Staaten, die sich nicht wehrlos bzw. bereitwillig an Billigsbietende verramschen. In der deutschen Sozialisation mu\u00df etwas schiefgelaufen sein, jahrelange Indoktrination durch gr\u00fcn-rote Politik und Medien &#8211; letztere ein Grund\u00fcbel der heutigen deutschen Gesellschaft &#8211; zeigt seine Wirkung.<br \/>\n13.7.2018, Dr. Karl Wolf, AO<\/p>\n<p><strong>UN beschlie\u00dfen &#8222;Globalen Pakt f\u00fcr Migration\u201c<\/strong><br \/>\nDie UN-Vollversammlung beschloss am Freitag 13.7.2018 in New York den Text f\u00fcr den \u201eGlobalen Pakt f\u00fcr Migration\u201c. Das Dokument soll Grunds\u00e4tze f\u00fcr den Umgang mit Fl\u00fcchtlingen und Migranten festlegen und offiziell bei einer Konferenz am 10. und 11. Dezember in Marokko unterzeichnet werden. \u201eKein Land kann die Herausforderungen und Chancen dieses weltweiten Ph\u00e4nomens allein angehen\u201c, hei\u00dft es in dem Papier. Die USA traten aus den Verhandlungen aus. &#8230;<br \/>\nAlles vom 14.7.2017 bitte lesen auf <a href=\"https:\/\/www.faz.net\">www.faz.net<\/a><br \/>\n.<\/p>\n<p><strong>Eva Herman: Asylpolitik vernichtet Demokratie in Europa<\/strong><br \/>\nGleichg\u00fcltig, was einzelne EU-Staaten k\u00fcnftig auch immer innerhalb ihrer Parlamente zum Thema Fl\u00fcchtlingspolitik beschlie\u00dfen m\u00f6gen, es besitzt keine ausreichende Kraft mehr zur Umsetzung. Der globale UN-Pakt zur Massenmigration ist so gut wie beschlossene Sache.<br \/>\nDie Europ\u00e4ische Union und die Vereinten Nationen ebnen derzeit auf mehreren Levels eine neue, weitaus gr\u00f6\u00dfere Massenmigration nach Europa, als man es bislang kannte. Gleichg\u00fcltig, was einzelne EU-Staaten k\u00fcnftig auch immer innerhalb ihrer Parlamente zum Thema Fl\u00fcchtlingspolitik beschlie\u00dfen m\u00f6gen, es besitzt keine ausreichende Kraft mehr zur Umsetzung.<br \/>\nHistorisch: Die Nationalstaaten verlieren in diesen Zeiten ihre Bestimmungsrechte zugunsten einer globalen Umsiedlungspolitik der EU und UN. Die Br\u00fcsseler B\u00fcrokratie setzt derzeit parallel Regelungen in Gang, die sowohl die gesetzliche als auch die gesamte Verwaltungspolitik nach einheitlichen Global-Standards abwickeln.<br \/>\nDamit wird die Demokratie in Europa de facto abgeschafft. Eva Herman hat Fakten zusammen getragen, die deutlich machen, dass das innerdeutsche Sommertheater Merkel\/Seehofer offenbar auch nur als Ablenkungs-Inszenierung gedacht war. In Wahrheit ist man in EU und UN doch schon viel weiter<br \/>\nAlles vom 14.7.2018 von Eva Herman bitte lesen auf<br \/>\n<a href=\"https:\/\/www.epochtimes.de\/debatte\/eva-herman-asylpolitik-vernichtet-demokratie-in-europa-a2493434.html\">https:\/\/www.epochtimes.de\/debatte\/eva-herman-asylpolitik-vernichtet-demokratie-in-europa-a2493434.html<\/a><br \/>\noder<br \/>\n<a href=\"https:\/\/youtu.be\/bvTak6oZ1OE\">https:\/\/youtu.be\/bvTak6oZ1OE<\/a><br \/>\n<a href=\"https:\/\/www.eva-herman.net\">https:\/\/www.eva-herman.net<br \/>\n<\/a>.<\/p>\n<p><strong>Global Compact Strukturen<\/strong><br \/>\nHabe mir mal die M\u00fche gemacht und die zugrundeliegenden Strukturen etwas genauer betrachtet.<br \/>\nOn the Top die UN mit Antonio Guterres (Mitglied der Sozialistische Internationale und des Club de Madrid).<br \/>\nDann Global Compact (IOM.INT), International Organisation for Migration mit dem neugew\u00e4hlten Antonio&#8230;Vitorino an der Spitze. Dieser nahm u.a. am Bilderberg Treffen 2015 teil. Wenn man sich dann anschaut, wer alles an diesen Geheimtreffen bereits teilgenommen hat, kommt langsam Licht ins Dunkel.<br \/>\nDie IOM steht auch in Verbindung mit einer langen Liste an Staaten und NGO&#8217;s. Na? Klingelts?<br \/>\nJetzt kommt noch die World Bank Group hinzu und die Open Society Foundation von Georg Soros, die verschiedene NGO&#8217;s massiv unterst\u00fctzt.<br \/>\nWenn man sich die Global Compact Dokumente genauer anschaut wird man sehen: Alle Rechte den Migraten. Widerspr\u00fcche, Widerst\u00e4nde und gegenteilige Meinungen sind zu unterdr\u00fccken, zu zerschlagen und ggf. unter Strafe zu stellen. Und es geht dabei nicht allein um Europa dessen L\u00e4nder oder gar um Deutschland. Die sind nur ein kleiner Teil eines gro\u00dfen Ganzen.<br \/>\n15.7.2018, Gottfried Richter, ETO<\/p>\n<p><strong>Deutsche B\u00fcrger wissen von nichts<\/strong><br \/>\nich w\u00fcrde mal behaupten, 96% der deutschen b\u00fcrger wissen nichts von den vorg\u00e4ngen! Die Vereinigten Staaten von Europa: Geheimdokumente enth\u00fcllen: Die dunklen Pl\u00e4ne der Elite<br \/>\n&#8222;Die Entwicklung der Europ\u00e4ischen Union zu einem \u00bbSuperstaat\u00ab schreitet<br \/>\nschier unaufhaltsam voran. Die meisten Menschen nehmen das politische<br \/>\nTagesgeschehen als eine schwer zu durchschauende Aneinanderreihung<br \/>\nzuf\u00e4lliger Ereignisse wahr. Sie halten die Entwicklung der Europ\u00e4ischen<br \/>\nUnion f\u00fcr zwangsl\u00e4ufig. Doch historische Dokumente belegen: Die Idee der<br \/>\nEurop\u00e4ischen Union mit gemeinsamer Zentralbank, W\u00e4hrung und Regierung<br \/>\nist schon \u00fcber 70 Jahre alt.<br \/>\nDie Vereinigten Staaten von Europa sollen\u00a0als Vorbild f\u00fcr eine \u00bbNeue Weltordnung\u00ab dienen, in der nicht mehr der\u00a0Einzelne \u00fcber sein Schicksal entscheidet, sondern jeder Lebensbereich\u00a0von Politikern und B\u00fcrokraten bis in Kleinste geregelt ist. Es droht\u00a0eine Orwell\u2019sche Schreckensvision wie im Buch 1984. Der B\u00fcrger bleibt\u00a0dabei au\u00dfen vor.<br \/>\nSeine Aufgabe beschr\u00e4nkt sich fast ausschlie\u00dflich<br \/>\ndarauf, die Zeche zu bezahlen. Ein wirkliches Mitbestimmungsrecht hat er<br \/>\nnicht. Viele Europ\u00e4er nehmen diese neuen Vereinigten Staaten von Europa<br \/>\nzunehmend als Unterdr\u00fcckungssystem wahr, denn die Souver\u00e4nit\u00e4t der<br \/>\neinzelnen L\u00e4nder steht nur noch auf dem Papier. Massive Eingriffe in<br \/>\nPrivateigentum und totale \u00dcberwachung des Einzelnen drohen. Janich deckt<br \/>\ndie Mechanismen, einflussreichen Netzwerke und Hinterm\u00e4nner, die an<br \/>\ndiesem Ziel arbeiten, schonungslos auf.&#8220;<br \/>\n15.7.018, Bernd, ETO<br \/>\n.<br \/>\n<strong>Die N\u00e4he der Medien zu den Migration-NGOs<\/strong><br \/>\nDer neue italienische Innenminister Matteo Salvini hat als erstes Regierungsmitglied in Europa auf die Verbindungen zwischen den NGOs und George Soros\u2019 Open Society Netzwerk hingewiesen. Zu Hilfsgruppen die direkt Gelder von Open Society erhalten, z\u00e4hlen Migrant Offshore Aid Station (MOAS), Save the Children und \u00c4rzte ohne Grenzen, die mit SOS Mediterranee die \u201eAquarius\u201c betreiben. Jugend Rettet wird \u2013 wie Seebr\u00fccke-Veranstalter MenschMenschMensch \u2013 von der Initiative Transparente Zivilgesellschaft unterst\u00fctzt, das ebenfalls zum Soros-Netzwerk geh\u00f6rt.<br \/>\nOpen Society unterst\u00fctzt in Deutschland den \u201eMediendienst Integration\u201c zusammen mit der Amadeu Antonio Stiftung\/Freudenberg Stiftung, der Mercator Stiftung, dem Global Marshall Fund, dem Asyl-, Migrations- und Integrationsfonds der Europ\u00e4ischen Union und des Beautragten der Bundesregierung f\u00fcr Migration, Fl\u00fcchtling und Integration (BAMF). Auf der Webseite hei\u00dft es: \u201eDer MEDIENDIENST INTEGRATION ist ein Projekt des \u201eRats f\u00fcr Migration e.V.\u201e, einem bundesweiten Zusammenschluss von Migrationsforscherinnen und -forschern. Er arbeitet unabh\u00e4ngig und will den Austausch zwischen Wissenschaft und Medien intensivieren. Das kostenfreie Serviceangebot f\u00fcr Journalisten wird erm\u00f6glicht durch die Unterst\u00fctzung von verschiedenen Partnern.\u201cSie entsenden also \u201ekostenfrei\u201c Experten in die Medien, um der Berichterstattung den richtigen Spin zu geben. Auf der Liste der aktuellen Berichterstattung des \u201eRats f\u00fcr Migration\u201c die also von Open Society, BAMF und ex-Stasi-IM Anneta Kahane platziert wurde, finden sich alle gro\u00dfen MSM: ARD, ZDF, Deutschlandfunk, Deutsche Welle, Die Welt, Die Zeit, S\u00fcddeutsche Zeitung, Focus, taz und Tagesspiegel.<br \/>\n&#8230;. Alles von Collin McMahon vom 14.8.2018 bitte lesen auf<br \/>\n<a href=\"https:\/\/www.epochtimes.de\/politik\/deutschland\/berichterstattung-migration-woher-kommt-die-naehe-der-medien-zu-den-ngos-a2493303.html?meistgelesen=1\">https:\/\/www.epochtimes.de\/politik\/deutschland\/berichterstattung-migration-woher-kommt-die-naehe-der-medien-zu-den-ngos-a2493303.html?meistgelesen=1<br \/>\n<\/a>\u00a0.<br \/>\nDa w\u00e4chst zusammen, was zusammen geh\u00f6rt. Und gerade die privilegierten Mittelstandskinder, die an der Uni das Sagen haben und sp\u00e4ter in die Medien fluten, kommen sich unglaublich schlau vor, wenn sie irgendwelche postmodernen Versatzst\u00fcckchen von sich geben: Man k\u00f6nne eh nicht mehr sagen, was Wirklichkeit ist und was Fiktion, Vernunft und Fakten sind nazi, Geschlecht hat nix mit Chromosomen und Hormonen zu tun, und die Umverteilung von unten nach oben darf nicht gest\u00f6rt werden. Solidarit\u00e4t darf es nicht geben, sonst ist man ja nicht wettbewerbsf\u00e4hig. Maximale Ausbeutung rund um die Uhr ist geil, Refugees welcome, weil Minderheiten Gelddruckmaschinen sind. Die Gedanken der Herrschenden sind die herrschenden Gedanken.<br \/>\nAllerdings machen sie die Rechnung ohne den Wirtsk\u00f6rper.<br \/>\n14.7.2018, Bachelor, ETO<\/p>\n<p><strong>Soros als bester Aussenminister von EU-Juncker<\/strong><br \/>\nSoros. Dieser Mann hat seine Finger \u00fcberall im Spiel. So auch in der Migration von Millionen von Fl\u00fcchtlingen. Ohne die von ihm finanzierte Open Society und den NGO&#8217;s w\u00e4re das Gesch\u00e4ft mit den sogenannten Fl\u00fcchtlingen und Asylberechtigten nicht so ausgeufert. Und ein Gesch\u00e4ft ist es und muss es sein. Soros macht nichts aus reiner Menschenliebe und ohne Gewinn f\u00fcr sich selbst. Orban hatte recht, als er diesen Mann anprangerte und seine im Land t\u00e4tigen Organisationen per Parlamentsbeschlu\u00df bei Strafandrohung verbieten lie\u00df. Was ihm den Zorn der EU &#8211; Kommission und des UNHCR eintrug. &#8230;<br \/>\nSoros ist somit von Budapest nach Berlin versetzt worden, um dort seine Aktivit\u00e4ten weiterhin verrichten zu k\u00f6nnen, die darin bestehen, weitere Investitionen in die Massenmigration zu t\u00e4tigen. Wom\u00f6glich besteht sein Gewinn darin, dass er an den Ums\u00e4tzen der Asylindustrie beteiligt und seine Provision in Luxemburg gutgeschrieben wird. Anders ist vielleicht das exorbitante Ansteigen des Luxemburger BIP&#8217;s nicht zu erkl\u00e4ren. Bei Amazon laufen die Boni auch so und Soros ist somit eine Art &#8222;Amazone&#8220; in Berlin, Br\u00fcssel und Luxemburg. Soros ist eigentlich der beste Au\u00dfendienstler von Juncker.<br \/>\n14.7.2017, Peter , ETO<br \/>\n.<br \/>\n<strong>Diskreditierungsjournalismus: Von Soros mitfinanziertes \u201eCorrectiv\u201c intensiviert seinen Kampf gegen \u201ePhilosophia Perennis\u201c<\/strong><br \/>\nDie Gralsh\u00fcter der reinen Lehre des Systems Merkel unter dem Label \u201eCorrectiv\u201c (<a href=\"https:\/\/www.correctiv.org\">www.correctiv.org<\/a> ) sind weiter emsig in Sachen \u201ePhilosophia Perennis\u201c t\u00e4tig. Am vergangenen Donnerstag erschien unter dem Titel \u201eDavid Berger: Ein Theologe im Kampf gegen \u201eIslamisierung\u201d und \u201eNanny-Medien\u201d (Untertitel: \u00dcber den Blog \u201ePhilosophia Perennis\u201d) eine umfangreiche Abhandlung aus der Feder einer Praktikantin bei der roten Inquisition. &#8230;<br \/>\nAlles vom 14.7.2018 bitte lesen auf<br \/>\n<a href=\"https:\/\/philosophia-perennis.com\/2018\/07\/14\/diskreditierungsjournalismus-von-soros-mitfinanziertes-correctiv-intensiviert-seinen-kampf-gegen-philosophia-perennis\/\">https:\/\/philosophia-perennis.com\/2018\/07\/14\/diskreditierungsjournalismus-von-soros-mitfinanziertes-correctiv-intensiviert-seinen-kampf-gegen-philosophia-perennis\/<br \/>\n<\/a>.<\/p>\n<p><strong>Global Compact for Migration &#8211; Arbeitsmigranten nach Europa<\/strong><br \/>\n&#8222;We commit to eliminate all forms of discrimination, condemn and counter expressions, acts and manifestations of racism, racial discrimination, violence, xenophobia and related intolerance against all migrants in conformity with international human rights law. We further commit to promote an open and evidence-based public discourse on migration and migrants in partnership with all parts of society, that generates a more realistic, humane and constructive perception in this regard. We also commit to protect freedom of expression in accordance with international law, recognizing that an open and free debate contributes to a comprehensive understanding of all aspects of migration.&#8220;<\/p>\n<p>Kein Wort \u00fcber Rassismus und Violence v o n Migranten. Und weiter:<br \/>\nWe &#8222;promote independent, objective and quality reporting of media outlets, including internet-based information, including by sensitizing and educating media professionals on migration-related issues and terminology, investing in ethical reporting standards and advertising, and stopping allocation of public funding or material support to media outlets that systematically promote intolerance, xenophobia, racism and other forms of discrimination towards migrants, in full respect for the freedom of the media.&#8220; (Hervorhebung von mir \u2013 M.K.)<\/p>\n<p>Wir \u00fcberschwemmen Europa mit Armutsmigranten, nehmen den Europ\u00e4ern die Heimat, die Sicherheit, das Eigentum, den Sozialstaat, die Freiheit, zerst\u00f6ren ihren ethnisch-kulturellen Zusammenhalt, und wer dagegen aufmuckt, ist ein Rassist. Was Rassismus ist, bestimmen wir!<\/p>\n<p>Das Zitat stammt aus dem &#8222;Global Compact for Migration&#8220;, Final Draft, 11. Juli 2018 (S. 24), eine Art Manifest des Internationalsozialismus.<br \/>\nGLOBAL COMPACT FOR SAFE, ORDERLY AND REGULAR MIGRATION<br \/>\n<a href=\"https:\/\/refugeesmigrants.un.org\/sites\/default\/files\/180711_final_draft_0.pdf\">https:\/\/refugeesmigrants.un.org\/sites\/default\/files\/180711_final_draft_0.pdf<\/a><\/p>\n","protected":false},"excerpt":{"rendered":"<p>Die aufgeregte Disput zwischen Kanzlerin\u00a0und Innenminister um die Zur\u00fcckweisung von Migranten an der Grenze lenkt (gewollt?) ab von den derzeit entwickelten Globalen Migrationspakten auf UN- und EU-Ebene: &#8222;Global Compact on Refugees&#8220; 9\/2018 vor UN in New York. &#8222;Global Compact for &hellip; <a href=\"https:\/\/www.freiburg-schwarzwald.de\/blog\/global-compact-on-refugees\/\">Weiterlesen <span class=\"meta-nav\">&rarr;<\/span><\/a><\/p>\n","protected":false},"author":2,"featured_media":0,"comment_status":"open","ping_status":"closed","sticky":false,"template":"","format":"standard","meta":{"footnotes":""},"categories":[355,14,155,80,172],"tags":[489,421,622],"class_list":["post-67713","post","type-post","status-publish","format-standard","hentry","category-buergerinitiativen","category-global","category-integration","category-medien","category-zukunft","tag-european-union","tag-islam","tag-migration"],"_links":{"self":[{"href":"https:\/\/www.freiburg-schwarzwald.de\/blog\/wp-json\/wp\/v2\/posts\/67713","targetHints":{"allow":["GET"]}}],"collection":[{"href":"https:\/\/www.freiburg-schwarzwald.de\/blog\/wp-json\/wp\/v2\/posts"}],"about":[{"href":"https:\/\/www.freiburg-schwarzwald.de\/blog\/wp-json\/wp\/v2\/types\/post"}],"author":[{"embeddable":true,"href":"https:\/\/www.freiburg-schwarzwald.de\/blog\/wp-json\/wp\/v2\/users\/2"}],"replies":[{"embeddable":true,"href":"https:\/\/www.freiburg-schwarzwald.de\/blog\/wp-json\/wp\/v2\/comments?post=67713"}],"version-history":[{"count":0,"href":"https:\/\/www.freiburg-schwarzwald.de\/blog\/wp-json\/wp\/v2\/posts\/67713\/revisions"}],"wp:attachment":[{"href":"https:\/\/www.freiburg-schwarzwald.de\/blog\/wp-json\/wp\/v2\/media?parent=67713"}],"wp:term":[{"taxonomy":"category","embeddable":true,"href":"https:\/\/www.freiburg-schwarzwald.de\/blog\/wp-json\/wp\/v2\/categories?post=67713"},{"taxonomy":"post_tag","embeddable":true,"href":"https:\/\/www.freiburg-schwarzwald.de\/blog\/wp-json\/wp\/v2\/tags?post=67713"}],"curies":[{"name":"wp","href":"https:\/\/api.w.org\/{rel}","templated":true}]}}