{"id":67708,"date":"2018-07-17T18:48:13","date_gmt":"2018-07-17T16:48:13","guid":{"rendered":"https:\/\/www.freiburg-schwarzwald.de\/blog\/?p=67708"},"modified":"2018-07-18T07:37:27","modified_gmt":"2018-07-18T05:37:27","slug":"fussball-wm-und-eigentore","status":"publish","type":"post","link":"https:\/\/www.freiburg-schwarzwald.de\/blog\/fussball-wm-und-eigentore\/","title":{"rendered":"Fussball-WM und Eigentore"},"content":{"rendered":"<p>Achtung Satire:\u00a0<a title=\"Fussball Fahnen Nationalismus\" href=\"https:\/\/www.freiburg-schwarzwald.de\/blog\/fussball-fahnen-nationalismus\/\">Fussball-WM 2018<\/a> Endspiel am 15.7.2018 in Moskau. Beim Stand von 4:2 f\u00fcr <a title=\"France\" href=\"https:\/\/www.freiburg-schwarzwald.de\/blog\/global\/france\/\">Frankreich<\/a> schie\u00dfen Kylian Mbapp\u00e9, Antoine Griezmann und N&#8217;Golo Kant\u00e9 drei Eigentore. Kroatien wird mit 4:5 neuer Weltmeister. Der \u00fcberraschten Presse erkl\u00e4ren die Spieler: In einer <a title=\"Multikulti\" href=\"https:\/\/www.freiburg-schwarzwald.de\/blog\/kultur\/leitkultur\/multikulti\/\">bunten<\/a>, <a title=\"Kontrollierte-Grenzen\" href=\"https:\/\/www.freiburg-schwarzwald.de\/blog\/global\/migration\/kontrollierte-grenzen\/\">offenen<\/a> <a title=\"Voelkerwanderung\" href=\"https:\/\/www.freiburg-schwarzwald.de\/blog\/global\/voelkerwanderung\/\">One-World<\/a> sind <a title=\"Menschenrechte\" href=\"https:\/\/www.freiburg-schwarzwald.de\/blog\/kultur\/aufklaerung\/menschenrechte\/\">alle Menschen gleich<\/a> und auch die Kroaten haben das Recht, einmal Weltmeister zu sein.<br \/>\n<!--more-->Aus <a title=\"Christliche Naechstenliebe\" href=\"https:\/\/www.freiburg-schwarzwald.de\/blog\/christliche-naechstenliebe\/\">N\u00e4chstenliebe<\/a> zum kleinen Kroatien h\u00e4tten sie &#8211; Mbapp\u00e9, Griezmann und Kant\u00e9 &#8211; den Ball ins franz\u00f6sische Tor eingenetzt.<br \/>\n.<br \/>\nNach kurzer Schockstarre und R\u00fcckfrage bei <a title=\"Einzelfall\" href=\"https:\/\/www.freiburg-schwarzwald.de\/blog\/selbsthilfe\/soziales\/justiz\/einzelfall\/\">KGE<\/a> und <a title=\"Unsere rechte schiefe Ebene\" href=\"https:\/\/www.freiburg-schwarzwald.de\/blog\/unsere-rechte-schiefe-ebene\/\">Sahra Wagenknecht<\/a> jubelt in Deutschland der <a title=\"Mainstream\" href=\"https:\/\/www.freiburg-schwarzwald.de\/blog\/kultur\/medien\/mainstream\/\">linke Mainstream<\/a>:<br \/>\nKein Tor ist illegal.<br \/>\nClaudia Roth glorifiziert die &#8222;humane Fussballer-Gesinnung&#8220; der drei jungen Franzosen,<br \/>\ndie Kanzlerin bestaunt die &#8222;gesinnungsethische <a title=\"Humanismus\" href=\"https:\/\/www.freiburg-schwarzwald.de\/blog\/kultur\/aufklaerung\/humanismus\/\">Humanit\u00e4t <\/a>der Equipe Tricolore&#8220; und<br \/>\ndie S\u00fcddeutsche titelt &#8222;N\u00e4chstenliebe am und im Fussballtor&#8220;. Ende Satire.<br \/>\nIn der Realit\u00e4t erleben wir solch linke Eigentore von Fussballspielern bislang (noch?) nicht, wohl aber von Politikern, <a title=\"Evangelisch\" href=\"https:\/\/www.freiburg-schwarzwald.de\/blog\/religion\/evangelisch\/\">Kirchenoberen<\/a> sowie <a title=\"Medien \u2013 einseitige vierte Gewalt\" href=\"https:\/\/www.freiburg-schwarzwald.de\/blog\/medien-einseitige-vierte-gewalt\/\">Medienmachern<\/a> &#8211; zum Beispiel seit <a title=\"Budapest-Dublin2015\" href=\"https:\/\/www.freiburg-schwarzwald.de\/blog\/global\/eu\/budapest-dublin2015\/\">Budapest 9\/2015<\/a> die bunten Eigentore &#8222;<a title=\"Migration-Paradoxon\" href=\"https:\/\/www.freiburg-schwarzwald.de\/blog\/global\/migration\/migration-paradoxon\/\">Migration<\/a>&#8222;, &#8222;<a title=\"Ueberfremdung\" href=\"https:\/\/www.freiburg-schwarzwald.de\/blog\/global\/integration\/ueberfremdung\/\">\u00dcberfremdung<\/a>&#8220; und &#8222;<a title=\"Islam-Deutschland\" href=\"https:\/\/www.freiburg-schwarzwald.de\/blog\/religion\/islam\/islam-deutschland\/\">Islamisierung<\/a>&#8222;. Diese Eigentore sind kein Ausdruck von N\u00e4chstenliebe im <a title=\"Orientchristen\" href=\"https:\/\/www.freiburg-schwarzwald.de\/blog\/religion\/christen\/orientchristen\/\">christlichen<\/a>, sondern im<a title=\"Ideologie\" href=\"https:\/\/www.freiburg-schwarzwald.de\/blog\/engagement\/zukunft\/ideologie\/\"> linksideologischen<\/a> Sinn. Diese Eigentore sind kein Zeichen von Verantwortungsethik (f\u00fcr das eigene <a title=\"Volk\" href=\"https:\/\/www.freiburg-schwarzwald.de\/blog\/engagement\/zukunft\/demokratie\/volk\/\">Volk<\/a>), sondern von <a title=\"Gesinnungsethik\" href=\"https:\/\/www.freiburg-schwarzwald.de\/blog\/engagement\/zukunft\/demokratie\/gesinnungsethik\/\">Gesinnungsethik<\/a> (f\u00fcr das ach so humane und <a title=\"Gutmenschen\" href=\"https:\/\/www.freiburg-schwarzwald.de\/blog\/engagement\/gutmenschen\/\">gute Ich<\/a>). Und eine \u00fcberhandnehmende Gesinnungsethik wird, gepaart mit deutschem\u00a0<a title=\"Groessenwahn\" href=\"https:\/\/www.freiburg-schwarzwald.de\/blog\/engagement\/zukunft\/groessenwahn\/\">G\u00f6\u00dfenwahn<\/a> und <a title=\"Selbsthass\" href=\"https:\/\/www.freiburg-schwarzwald.de\/blog\/engagement\/zukunft\/selbsthass\/\">Selbsthass<\/a>,\u00a0 allzu bald zur <a title=\"Gesinnungsdiktatur\" href=\"https:\/\/www.freiburg-schwarzwald.de\/blog\/kultur\/medien\/gesinnungsdiktatur\/\">Gesinnungsdiktatur<\/a>.<br \/>\n17.7.2018<\/p>\n","protected":false},"excerpt":{"rendered":"<p>Achtung Satire:\u00a0Fussball-WM 2018 Endspiel am 15.7.2018 in Moskau. Beim Stand von 4:2 f\u00fcr Frankreich schie\u00dfen Kylian Mbapp\u00e9, Antoine Griezmann und N&#8217;Golo Kant\u00e9 drei Eigentore. Kroatien wird mit 4:5 neuer Weltmeister. Der \u00fcberraschten Presse erkl\u00e4ren die Spieler: In einer bunten, offenen &hellip; <a href=\"https:\/\/www.freiburg-schwarzwald.de\/blog\/fussball-wm-und-eigentore\/\">Weiterlesen <span class=\"meta-nav\">&rarr;<\/span><\/a><\/p>\n","protected":false},"author":2,"featured_media":0,"comment_status":"open","ping_status":"closed","sticky":false,"template":"","format":"standard","meta":{"footnotes":""},"categories":[18,89,13,80,8],"tags":[70,649,525],"class_list":["post-67708","post","type-post","status-publish","format-standard","hentry","category-bildung","category-kirchen","category-kultur","category-medien","category-sport","tag-jugendsport","tag-links","tag-politik"],"_links":{"self":[{"href":"https:\/\/www.freiburg-schwarzwald.de\/blog\/wp-json\/wp\/v2\/posts\/67708","targetHints":{"allow":["GET"]}}],"collection":[{"href":"https:\/\/www.freiburg-schwarzwald.de\/blog\/wp-json\/wp\/v2\/posts"}],"about":[{"href":"https:\/\/www.freiburg-schwarzwald.de\/blog\/wp-json\/wp\/v2\/types\/post"}],"author":[{"embeddable":true,"href":"https:\/\/www.freiburg-schwarzwald.de\/blog\/wp-json\/wp\/v2\/users\/2"}],"replies":[{"embeddable":true,"href":"https:\/\/www.freiburg-schwarzwald.de\/blog\/wp-json\/wp\/v2\/comments?post=67708"}],"version-history":[{"count":0,"href":"https:\/\/www.freiburg-schwarzwald.de\/blog\/wp-json\/wp\/v2\/posts\/67708\/revisions"}],"wp:attachment":[{"href":"https:\/\/www.freiburg-schwarzwald.de\/blog\/wp-json\/wp\/v2\/media?parent=67708"}],"wp:term":[{"taxonomy":"category","embeddable":true,"href":"https:\/\/www.freiburg-schwarzwald.de\/blog\/wp-json\/wp\/v2\/categories?post=67708"},{"taxonomy":"post_tag","embeddable":true,"href":"https:\/\/www.freiburg-schwarzwald.de\/blog\/wp-json\/wp\/v2\/tags?post=67708"}],"curies":[{"name":"wp","href":"https:\/\/api.w.org\/{rel}","templated":true}]}}