{"id":67705,"date":"2018-07-13T21:33:35","date_gmt":"2018-07-13T19:33:35","guid":{"rendered":"https:\/\/www.freiburg-schwarzwald.de\/blog\/?p=67705"},"modified":"2018-07-13T21:34:33","modified_gmt":"2018-07-13T19:34:33","slug":"merkel-kein-land-fuer-juden","status":"publish","type":"post","link":"https:\/\/www.freiburg-schwarzwald.de\/blog\/merkel-kein-land-fuer-juden\/","title":{"rendered":"Merkel: Kein Land f\u00fcr Juden"},"content":{"rendered":"<p>In Bonn hat ein <a title=\"Palaestina\" href=\"https:\/\/www.freiburg-schwarzwald.de\/blog\/global\/israel\/palaestina\/\">Pal\u00e4stinenser<\/a> (20, mit inzwischen deutschem Pa\u00df) einen <a title=\"Geht mit Kippa auf die Strassen\" href=\"https:\/\/www.freiburg-schwarzwald.de\/blog\/geht-mit-kippa-auf-die-strassen\/\">Kippa<\/a>-tragenden Professor <a title=\"Frauenmarsch Berlin \u2013 M\u00e4dchen\" href=\"https:\/\/www.freiburg-schwarzwald.de\/blog\/frauenmarsch-berlin-maedchen\/\">\u00fcberfallen<\/a>. Auf BILD liest sich das so: &#8222;Hass-Attacke in einem Bonner Park! Am Mittwochnachmittag schlug ein 20j\u00e4hriger Mann einem <a title=\"Israel\" href=\"https:\/\/www.freiburg-schwarzwald.de\/blog\/global\/israel\/\">israelischen<\/a> Hochschulprofessor (50) mehrfach die Kippa vom Kopf, <a title=\"Antisemitismus und Migration\" href=\"https:\/\/www.freiburg-schwarzwald.de\/blog\/antisemitismus-und-migration\/\">beleidigte das Opfer<\/a> und <a title=\"Islam-Antisemitismus nimmt zu\" href=\"https:\/\/www.freiburg-schwarzwald.de\/blog\/islam-antisemitismus-nimmt-zu\/\">schlug<\/a> es. Die Polizei konnte den mutma\u00dflichen T\u00e4ter festnehmen.&#8220;<br \/>\n<!--more-->Und weiter: &#8222;Gegen 14:20 Uhr war der in den USA lebende Philosophie-Professor in Begleitung einer Bekannten im Bonner Hofgarten zu Fu\u00df unterwegs. Dann sprach ihn ein unbekannter Mann auf die von ihm getragene <a title=\"Juden\" href=\"https:\/\/www.freiburg-schwarzwald.de\/blog\/religion\/juden\/\">Kippa<\/a> an. Sp\u00e4ter wurde der Professor <a title=\"Islam-Antisemitismus\" href=\"https:\/\/www.freiburg-schwarzwald.de\/blog\/religion\/islam\/islam-antisemitismus\/\">beleidigt<\/a>. Der Unbekannte schlug ihm die <a title=\"Antisemitismus\" href=\"https:\/\/www.freiburg-schwarzwald.de\/blog\/religion\/juden\/antisemitismus\/\">Kippa<\/a> mehrfach vom Kopf, schubste und schlug ihn gegen die Schulter, sagte hierbei unter anderem <em><strong>\u201eKein Jude in Deutschland\u201c<\/strong><\/em>. W\u00e4hrend seine Begleiterin die Polizei alarmierte, wehrte sich der Professor gegen die Angriffe. Als der Unbekannte dann das Martinshorn der Polizeiwagen h\u00f6rte, lie\u00df er ab und lief Richtung Rheinufer davon. Hierbei riss er sich das T-Shirt vom Leib und rannte mit nacktem Oberk\u00f6rper weiter.\u201c<br \/>\nWieder ein Einzelfall. Wieder wurde einem muslimischen Antisemiten\u00a0psychische Auff\u00e4lligkeit attestiert. Entschuldigungen zuhauf.<br \/>\n13.7.2018<\/p>\n<p><strong>Merkel wird es schaffen: Kein Land f\u00fcr Juden<\/strong><br \/>\n<em><a title=\"Merkelismus\" href=\"https:\/\/www.freiburg-schwarzwald.de\/blog\/engagement\/zukunft\/demokratie\/merkelismus\/\">Frau Merkel<\/a> schafft es: Das Verschwinden der politischen Mitte spiegelt sich in Umfragen wider, die die alten Volksparteien immer \u00e4lter aussehen lassen. <strong>\u201eKein Land f\u00fcr Juden\u201c<\/strong> habe ich an fr\u00fcherer Stelle geschrieben. Angesichts der zunehmenden Verschlechterung der pers\u00f6nlichen k\u00f6rperlichen Sicherheitslage des gesetzestreuen B\u00fcrgers sehe ich leider keinen Anlass, diese Aussage zu revidieren.<\/em><br \/>\nNach der neuesten Insa-Wahlumfrage verliert die Islam-affine SPD weiter an W\u00e4hlerzustimmung und rutscht mit 17 Prozent nunmehr sogar knapp hinter die AfD (17,3 Prozent), die damit nach dem instabil gewordenen Parteienverbund aus CDU\/CSU (29 Prozent) mit einem Rekordergebnis zur zweitst\u00e4rksten Partei in der bundesdeutschen W\u00e4hlergunst geworden ist. &#8230; Diesen Abstieg muss man als \u00fcber 150 Jahre alte Traditionspartei eines Lassalle, Bebel, Schumacher, Reuter und Brandt erst einmal fertig bringen. &#8230;<br \/>\nEntsprechend dem bundesweiten Umfrageergebnis verliert die GroKo hochgerechnet \u00fcber 3 Millionen W\u00e4hler und rutscht mit 46 Prozent (CDU 29 Prozent, SPD 17 Prozent) unter die H\u00e4lfte der Wahlstimmen. Damit verliert sie auf Bundesebene ihre Legitimations-Mehrheit. Und nichts, aber auch gar nichts an dem Ergebnis ist \u00fcberraschend. Seit Jahren haben sowohl die \u201eJ\u00fcdische Rundschau\u201c als auch der Verfasser diesen, der Vernunft-entleerten linken Islam-Einlass-Politik der Merkel-Regierung und ihrer Unterst\u00fctzer geschuldeten Verfall der ehemaligen Volksparteien der politischen Mitte vorausgesagt und haben daf\u00fcr erhebliche Schelte \u2013 nicht zuletzt auch von der Seite nicht weniger bestens Regierungs-domestizierter j\u00fcdischer Funktionstr\u00e4ger \u2013 hinnehmen m\u00fcssen, die \u2013 wie k\u00f6nnte es anders sein \u2013 bis jetzt nicht m\u00fcde werden, nach jedem antisemitischen islamischen Anwurf oder Angriff auf j\u00fcdisches Leben die Gewaltideologie des Islam in Schutz zu nehmen und mit links\u00e4ugiger Erblindung den Feind der Juden gegen jede Evidenz auch heute noch ausschlie\u00dflich rechts zu suchen.<br \/>\n&#8230; Alles von Rafael Korenzecher vom 12.7.2018 bitte lesen auf<br \/>\n<a href=\"https:\/\/www.achgut.com\/artikel\/merkel_wird_es_schaffen_kein_land_fuer_juden\">https:\/\/www.achgut.com\/artikel\/merkel_wird_es_schaffen_kein_land_fuer_juden<\/a><\/p>\n<p>Korenzecher ist Herausgeber der J\u00fcdischen Rundschau:<br \/>\n<a href=\"https:\/\/www.juedischeRundschau.de\">www.juedischeRundschau.de<\/a><br \/>\n.<\/p>\n<p><strong>Muslime sind &#8222;nun einmal hier&#8220; &#8211; Juden &#8222;nun einmal weg&#8220;<\/strong><br \/>\nDie <a title=\"Israel Staatsraison Deutschland\" href=\"https:\/\/www.freiburg-schwarzwald.de\/blog\/israel-staatsraison-deutschland\/\">Existenz Israels zur Staatsraison zu erkl\u00e4ren<\/a> und gleichzeitig einem in der DDR eingeimpften Antisemitismus durch die Einladung von Millionen von Judenfeinden zu fr\u00f6nen, das ist kein Widerspruch. Die Juden, so scheint Merkel zu denken, sollen nach Israel auswandern.<br \/>\nIn Analogie zu denen, die jetzt \u201enun einmal hier\u201d sind, sind die Juden dann \u201enun einmal weg\u201d.<br \/>\nWas kann denn Merkel daf\u00fcr, denkt die Frau Bundeskanzler, offenbar stets paranoisch neben sich stehend. PS: Dem Leser, der den Stil des Artikels kritisier (\u201eSchachtels\u00e4tze\u201d), ist zuzustimmen. Der Text h\u00e4tte dringend einer Redaktion bedurft.<br \/>\n12.7.2018, Wolfgang Zweieback, AO<\/p>\n<p><strong>Auch auf muslimischen Antisemitismus folgt Niedergang<\/strong><br \/>\nDer Historiker Paul Johnson hat festgestellt, dass wo der Antisemitismus Einzug hielt, zwangsl\u00e4ufig der soziale und politische Niedergang folgte. Die Vernichtung und Vertreibung der Juden im Dritten Reich hat bereits auf praktisch allen kulturellen Feldern zu einem nicht behebbaren Verlust an Intelligenz und Schaffenskraft gef\u00fchrt, was sich nicht zuletzt darin zeigt, dass Deutsch als Wissenschaftssprache des fr\u00fchen 20. Jahrhunderts inzwischen vollkommen ausgel\u00f6scht wurde. Nachdem jetzt alle Anstrengungen unternommen werden, um auch noch die wenigen in Deutschland verbliebenen Juden zu vertreiben bzw. von Moslems vertreiben zu lassen, ist der Niedergang besiegelt. Da der j\u00fcdische Glaube zum kritischen Hinterfragen anregt, kann man das nur als gewolltes Ziel annehmen, da das Infragestellen und der Zweifel in sozialistischen und b\u00fcrokratischen Herrschaftssystemen (und in anderen Systemen nat\u00fcrlich auch) g\u00e4nzlich unerw\u00fcnscht sind.<br \/>\n12.7.2018, D. Borger, AO<\/p>\n<p><strong>Israel<\/strong><br \/>\nMeine Frau und waren im M\u00e4rz gerade in Israel: Wir waren begeistert von der Aufgeschlossenheit der Menschen dort, ihrer Freundlichkeit und ihrer Vitalit\u00e4t. Kinder \u00fcberall, junge Familien an jedem Eck, B\u00fccherleser an jeder Bushaltestelle &#8211; verglichen damit ist D ein missgelauntes Seniorenheim. Man kommt mit den Israeli leicht ins Gespr\u00e4ch, und &#8211; keine Angst! &#8211; sie freuen sich \u00fcber jeden Deutschen, der ihr Land besucht. Vern\u00fcnftigerweise gehen sie davon aus, das die, die kommen, keine Adolfisten sind &#8211; und die meisten anderen auch nicht. Was sie nicht verstehen &#8211; und darauf wurden wir gelegentlich angesprochen -, ist die Unbesorgtheit der deutschen Regierung und unserer \u201cGutmenschen\u201d gegen\u00fcber der Migration. Tats\u00e4chlich ist Israel in verschiedener Hinsicht eine Art Gegenentwurf zu D: Das beginnt mit dem offenen Patriotismus der Leute, ihrem Stolz auf das, was sie aufgebaut haben, und ihrer Entschlossenheit, es sich nicht nehmen zu lassen. Wir sollten zusammenhalten: Israel ist das bessere Deutschland.<br \/>\n12.7.2018, Burkhart Berthold, AO<\/p>\n","protected":false},"excerpt":{"rendered":"<p>In Bonn hat ein Pal\u00e4stinenser (20, mit inzwischen deutschem Pa\u00df) einen Kippa-tragenden Professor \u00fcberfallen. Auf BILD liest sich das so: &#8222;Hass-Attacke in einem Bonner Park! Am Mittwochnachmittag schlug ein 20j\u00e4hriger Mann einem israelischen Hochschulprofessor (50) mehrfach die Kippa vom Kopf, &hellip; <a href=\"https:\/\/www.freiburg-schwarzwald.de\/blog\/merkel-kein-land-fuer-juden\/\">Weiterlesen <span class=\"meta-nav\">&rarr;<\/span><\/a><\/p>\n","protected":false},"author":2,"featured_media":0,"comment_status":"open","ping_status":"closed","sticky":false,"template":"","format":"standard","meta":{"footnotes":""},"categories":[210,157,19],"tags":[732,421,84,420],"class_list":["post-67705","post","type-post","status-publish","format-standard","hentry","category-gewalt","category-oeffentlicher-raum","category-religion","tag-gewalt","tag-islam","tag-israel","tag-juden"],"_links":{"self":[{"href":"https:\/\/www.freiburg-schwarzwald.de\/blog\/wp-json\/wp\/v2\/posts\/67705","targetHints":{"allow":["GET"]}}],"collection":[{"href":"https:\/\/www.freiburg-schwarzwald.de\/blog\/wp-json\/wp\/v2\/posts"}],"about":[{"href":"https:\/\/www.freiburg-schwarzwald.de\/blog\/wp-json\/wp\/v2\/types\/post"}],"author":[{"embeddable":true,"href":"https:\/\/www.freiburg-schwarzwald.de\/blog\/wp-json\/wp\/v2\/users\/2"}],"replies":[{"embeddable":true,"href":"https:\/\/www.freiburg-schwarzwald.de\/blog\/wp-json\/wp\/v2\/comments?post=67705"}],"version-history":[{"count":0,"href":"https:\/\/www.freiburg-schwarzwald.de\/blog\/wp-json\/wp\/v2\/posts\/67705\/revisions"}],"wp:attachment":[{"href":"https:\/\/www.freiburg-schwarzwald.de\/blog\/wp-json\/wp\/v2\/media?parent=67705"}],"wp:term":[{"taxonomy":"category","embeddable":true,"href":"https:\/\/www.freiburg-schwarzwald.de\/blog\/wp-json\/wp\/v2\/categories?post=67705"},{"taxonomy":"post_tag","embeddable":true,"href":"https:\/\/www.freiburg-schwarzwald.de\/blog\/wp-json\/wp\/v2\/tags?post=67705"}],"curies":[{"name":"wp","href":"https:\/\/api.w.org\/{rel}","templated":true}]}}