{"id":67644,"date":"2018-06-24T21:04:27","date_gmt":"2018-06-24T19:04:27","guid":{"rendered":"https:\/\/www.freiburg-schwarzwald.de\/blog\/?p=67644"},"modified":"2018-06-25T17:37:59","modified_gmt":"2018-06-25T15:37:59","slug":"fussball-fahnen-nationalismus","status":"publish","type":"post","link":"https:\/\/www.freiburg-schwarzwald.de\/blog\/fussball-fahnen-nationalismus\/","title":{"rendered":"Fussball Fahnen Nationalismus"},"content":{"rendered":"<p>Als sich im <a title=\"Nationalismus und Fussball-WM\" href=\"https:\/\/www.freiburg-schwarzwald.de\/blog\/nationalismus-und-fussball-wm\/\">WM-Spiel<\/a> Deutschland-Schweden der lange Flachschu\u00df von Toni Kroos in der 95. Spielminute zum 2:1 ins Tor drehte, da wurden die schwarz-rot-goldenen <a title=\"Deutsche-Kultur\" href=\"https:\/\/www.freiburg-schwarzwald.de\/blog\/global\/deutschland\/deutsche-kultur\/\">F\u00e4hnchen<\/a> geschwenkt und die Fans freuten sich &#8211; nicht so die Gr\u00fcnen, weil dadurch gem\u00e4\u00df www.gruene-jugend.de <a title=\"Migration-Kosten\" href=\"https:\/\/www.freiburg-schwarzwald.de\/blog\/global\/migration\/migration-kosten\/\">Migranten<\/a>, <a title=\"Homosexualitaet\" href=\"https:\/\/www.freiburg-schwarzwald.de\/blog\/selbsthilfe\/soziales\/homosexualitaet\/\">Homosexuelle<\/a>, <a title=\"Muslime\" href=\"https:\/\/www.freiburg-schwarzwald.de\/blog\/global\/integration\/muslime\/\">Muslime<\/a>, &#8230; ausgegrenzt und diskriminiert w\u00fcrden. Denn der gr\u00fcnlinke Slogan &#8222;Fahnen = <a title=\"Patriotismus\" href=\"https:\/\/www.freiburg-schwarzwald.de\/blog\/engagement\/zukunft\/demokratie\/patriotismus\/\">Patriotismus<\/a> = <a title=\"Nationalismus\" href=\"https:\/\/www.freiburg-schwarzwald.de\/blog\/engagement\/zukunft\/demokratie\/nationalismus\/\">Nationalismus<\/a> &#8211; nein danke&#8220; <!--more-->gilt auch bei der Fussball-WM.<br \/>\nDie Linksjugend \u201eSolid\u201c geht noch weiter und ruft unter dem Motto \u201eDeutschland knicken\u201c auf zur \u201ekritischen Intervention im nationalen Fahnenmeer\u201c, um Deutschlandf\u00e4hnchen an Autos bzw. im <a title=\"Unsere rechte schiefe Ebene\" href=\"https:\/\/www.freiburg-schwarzwald.de\/blog\/unsere-rechte-schiefe-ebene\/\">Public-Viewing<\/a> zu \u201efangen\u201c und \u201eknicken\u201c, im nicht-linken Sprachmilieu auch als &#8222;zerst\u00f6ren&#8220; und &#8222;stehlen&#8220; bezeichnet. W\u00e4hrend der WM sei der \u201e\u00f6ffentliche Raum zunehmend schwarz-rot-gold gef\u00e4rbt\u201c und dies sei kein \u201eharmloser Party-Patriotismus, da \u201eNationalstolz die Gewalt und nationalistisches Gedankengut st\u00e4rkt\u201c. Aber warum die Aufregung, wo doch die Deutsche Nationalmannschaft schon lange nicht mehr so hei\u00dft, sondern als &#8222;Die Mannschaft&#8220; <a href=\"https:\/\/www.dfb.de\/die-mannschaft\/\">https:\/\/www.dfb.de\/die-mannschaft\/<\/a> der &#8222;Schon l\u00e4nger hier Lebenden&#8220; (<a title=\"Wir-schaffen-das\" href=\"https:\/\/www.freiburg-schwarzwald.de\/blog\/global\/migration\/wir-schaffen-das\/\">Merkel<\/a>) firmiert.<br \/>\n24.6.2018<br \/>\n.<br \/>\n<strong>Fu\u00dfball-WM: Liebe Deutsche, m\u00e4ssigt euren Jubel<\/strong><br \/>\n\u201eIch finde aber, dass es uns Deutschen gut zu Gesicht steht, wenn wir Zur\u00fcckhaltung walten lassen mit der nationalen Selbstbeweihr\u00e4ucherung\u201c (Claudia Roth, Die Gr\u00fcnen). Pers\u00f6nlich deute ich das so, dass zur\u00fcckhaltendes Klatschen und zu einem L\u00e4cheln verzogene Mundwinkel im gr\u00fcnen Bereich liegen, die Arme hochreissen und lautes Herumgekreische jedoch die Grenze des Zumutbaren \u00fcberschreiten, und somit nicht wirklich gehen. Auf keinen Fall geht blasiertes Klopfen auf die stolz geschwellte National-Brust und frenetisches Riesenfahnen-Schwenken, denn das ist der direkte Weg in den Nationalsozialismus. Prompt bringt Frau Roth in ihrer Argumentation ja auch eine rechte Partei ins Spiel, die \u201eauch die deutsche Fahne instrumentalisiert, um Ausgrenzung gegen\u00fcber Menschen zu signalisieren, die in ihren Augen nicht dazugeh\u00f6ren\u201c. &#8230;.<br \/>\nAlles vom 23.6.2018 bitte lesen auf<br \/>\n<a href=\"https:\/\/www.tichyseinblick.de\/kolumnen\/agente-provocatrice\/fussball-wm-liebe-deutsche-maessigt-euren-jubel\/\">https:\/\/www.tichyseinblick.de\/kolumnen\/agente-provocatrice\/fussball-wm-liebe-deutsche-maessigt-euren-jubel\/<\/a><\/p>\n<p><strong>Straftaten?<\/strong><br \/>\nIch bin zwar kein Jurist, aber erf\u00fcllt die Brosch\u00fcre der Linksjugend (\u201eAufruf zur kritischen Intervention im nationalen Fahnenmeer\u201c) mit ihren \u201eTechniken und Kniffen f\u00fcr das F\u00e4hnchenfangen\u201c (z.B. Abbrechen, Anbrennen, Abrei\u00dfen oder Abschneiden) nicht den Straftatbestand des \u00a7111 StGB (\u00d6ffentliche Aufforderung zu Straftaten)?<br \/>\n23.6.2018, Olibaer, TO<br \/>\n.<br \/>\n<strong>Spa\u00df, Freude und Stolz aufs eigene Land darf einfach nicht sein<\/strong><br \/>\nDiese masslose Hybris alles besser wissen zu wollen und dieses gebenedeite Wissen zwangsweise auf den erziehungssuchenden B\u00fcrger anwenden zu wollen, ist speziell in Gr\u00fcnenkreisen ganz gro\u00df in Mode, w\u00fcrde ich doch tats\u00e4chlich als aus dem Ruder gelaufenen Selbstbeweihr\u00e4ucherung betiteln. Oder unsere nicht vom Weg (der Zerst\u00f6rung) abweichende Kanzlerin, an deren \u201ePl\u00e4nen\u201c und geistigem Tiefgang, Europa und die ganze Welt genesen wird. Frau Roth ruft also zur Zerst\u00f6rung anderer Leute Eigentum auf. Was war diese Frau nochmal, Vorsitzende des rot-gr\u00fcnen Karnevallvereins oder irgend etwas im Parlament. Ach ja Vizepr\u00e4sidentin. Eine Linie mit \u00c4tschi B\u00e4tschi und sonstigen Repr\u00e4sentanten des deutschen Volkes. Spa\u00df, Freude und Stolz aufs eigene Land darf einfach nicht sein. Dauer-Betroffenheit ist ein viel interessanterer Lebensinhalt.<br \/>\n23.6.2018, Ananda, TO<br \/>\n.<br \/>\n<strong>Heute spielt Land gegen Schweden<\/strong><br \/>\nClaudia Roth: \u201e \u2026ich will auch niemandem verbieten, ein F\u00e4hnchen aufzuh\u00e4ngen\u201c. Zn\u00e4chst dachte ich, ich habe ein Problem mit meinen Augen, als ich diese Genehmigung von Frau Roth las. Ich habe doch in meiner Einf\u00e4ltigkeit als Untertan glatt vergessen, bei dieser Frau (die, wenn ich richtig informiert bin, nicht einmal eine richtige Schulausbildung hat und ebenso keine richtige Berufsausbildung nachweisen kann) um eine Genehmigung zu ersuchen. Wow, da habe ich ja noch einmal Gl\u00fcck gehabt, dass diese Frau heute so gro\u00dfz\u00fcgig zu mir ist!<br \/>\n&#8230;<br \/>\nHeute spielt die Mannschaft von Land gegen Schweden. Wie jetzt? Welche Mannschaft? Welches Land? Na, die Mannschaft von Land. Gew\u00f6hnt euch dran.<br \/>\n23.6.018, gelbwurz, TO<br \/>\n.<br \/>\n<strong>Deutschland knicken: Schwarz-rot-goldene WM-Fahnen zerst\u00f6ren<\/strong><br \/>\nDas \u201eMitfiebern f\u00fcr das eigene Team\u201c tritt hinter den Stolz auf ein ganzes Land. Die Konsequenz ist die Ausgrenzung anderer, denn erst dadurch wird die eigene Gruppe definiert. Das ist vielleicht ein gutes Gef\u00fchl f\u00fcr diejenigen, die dazugeh\u00f6ren \u2013 aber es verletzt und wertet diejenigen ab, die ausgeschlossen werden. Au\u00dfen vor bleiben insbesondere Migrant*innen, People of Colour und andere Menschen, die nicht als Teil des nationalen Kollektivs betrachtet werden. Das ist nicht nur ein theoretisches Problem, sondern f\u00fchrt ganz real dazu, dass die Anzahl rassistischer Gewalttaten in Zeiten von Fu\u00dfballmeisterschaften oder anderen nationalen Gro\u00dfevents steigt. Gerade vor dem Hintergrund des rechten Rollbacks, m\u00fcssen wir uns dem WM-Nationalismustaumel jetzt konsequent entgegenstellen. Wir werden daf\u00fcr sorgen, dass die WM nicht zum Heimspiel von CSU &amp; Co. wird, Deutschlandfahnen einsammeln und f\u00fcr eine grenzenlose Gesellschaft k\u00e4mpfen. Die ganze Brosch\u00fcre findet ihr hier:<br \/>\n<a href=\"https:\/\/www.linksjugend-solid.de\/wp-content\/uploads\/2018\/06\/DeutschlandKnicken.pdf\">https:\/\/www.linksjugend-solid.de\/wp-content\/uploads\/2018\/06\/DeutschlandKnicken.pdf<\/a><br \/>\n&#8230; Alles vom 17.6.2018 bitte lesen auf<br \/>\n<a href=\"https:\/\/www.linksjugend-solid.de\/2018\/06\/17\/deutschland-knicken\/\">https:\/\/www.linksjugend-solid.de\/2018\/06\/17\/deutschland-knicken\/<\/a><br \/>\n&#8230;<\/p>\n<p><strong>Deutschland knicken &#8211; das gibt es nur bei uns<\/strong><br \/>\nUnter der Kampagne &#8222;Deutschland knicken&#8220; ruft eine linke Jugendorganisation auf, sich durch das Abknicken oder Einsammeln von Deutschlandfahnen strafbar zu machen. &#8230;<br \/>\nJubeln und Anfeuern der eigenen Fu\u00dfballmannschaft ist nach Logik der Linken \u201eb\u00f6ser\u201c Nationalismus und wird abgestempelt. Ein Blick auf andere L\u00e4nder zeigt jedoch, das die Deutschen im Vergleich sehr verhalten und unauff\u00e4llig sind. Bei dem Spiel Deutschland gegen Mexiko beispielsweise: w\u00e4hrend nur wenige im Stadion \u2013 und den DFB-Spielern \u2013 Deutschlands Nationalhymne gesungen haben, bebte das Stadtion bei der mexikanischen Hymne. <strong><em>Mit Herz und Seele haben die Mexiko-Fans und ihre Mannschaft die Hymne ihres Landes gesungen.<\/em><\/strong> Bei den Deutschen war davon nichts zu sehen und zu sp\u00fcren. &#8230;<br \/>\nTats\u00e4chlich zeigt sich aber gerade w\u00e4hrend der WM-Zeit in Bars, Cafes und Kneipen ein anderes Bild. Beim Fu\u00dfballschauen in Deutschland spielt die Nationalit\u00e4t eine untergeordnete Rolle. Pl\u00f6tzlich sympathisieren Menschen aus verschiedenen Nationen miteinander, zu denen man sonst gar keinen direkten Bezug h\u00e4tte. Erkennbare Deutschlandfans feiern miteinander unabh\u00e4ngig ihrer Nationalit\u00e4t \u2013 Fu\u00dfball verbindet. Und scheidet das eigene Team aus, wird umgehend mit einer anderen Mannschaft mitgefiebert \u2013 die man nun stellvertretend unterst\u00fctzt. Da wird ein Deutscher pl\u00f6tzlich zum Spanien-Fan und ein Grieche zum leidenschaftlichen Anh\u00e4nger der englischen Mannschaft.<br \/>\n.. Alles vom 18.6.2018 bitte lesen auf<br \/>\n<a href=\"https:\/\/www.epochtimes.de\/politik\/deutschland\/nationalismus-bekaempfen-junge-linke-ruft-zum-abknicken-von-wm-deutschlandfahnen-auf-a2470005.html?text=1\">https:\/\/www.epochtimes.de\/politik\/deutschland\/nationalismus-bekaempfen-junge-linke-ruft-zum-abknicken-von-wm-deutschlandfahnen-auf-a2470005.html?text=1<\/a><\/p>\n<p>.<\/p>\n<p><strong>Fussballfans sind nicht moralisch blind<\/strong><br \/>\nNirgendwo sonst sind \u00e4u\u00dfere Merkmale, Sprache, Bildung oder Einkommen unwichtiger als auf den Stadienr\u00e4ngen. Nirgendwo sonst begegnen sich so viele Nationen friedlich, von den wenigen Problemfans einmal abgesehen. Ein bisschen Samba mit den Brasilianern, ein \u201eHuh!&#8220; mit den Isl\u00e4ndern und auf einen Sliwowitz mit den Kroaten. Wenn der Iran spielt, stehen pl\u00f6tzlich M\u00e4nnlein und Weiblein ganz selbstverst\u00e4ndlich gemeinsam in der Kurve. Und schie\u00dft Deutschland ein Tor, fallen sich schwarz-rot-gold bemalte Fremde auf der Berliner Fanmeile ganz selbstverst\u00e4ndlich in die Arme. Wer angesichts solcher Bilder meint, der Fu\u00dfball sei nur ein Ausdruck fehlgeleiteter Priorit\u00e4tensetzung, der irrt \u2013 ganz offenkundig.<\/p>\n<p>Allerdings kann ich mich des Eindrucks ohnehin nicht erwehren, dass jene, die den Fu\u00dfball als moralisches Vakuum oder antimoralisches Gegengewicht stigmatisieren oder meinen, Fu\u00dfballfans interessierten sich nicht f\u00fcr die wirklich wichtigen Dinge dieser Welt, noch nie in einer Fankurve gestanden sind. Das gilt f\u00fcr Jugendorganisationen ebenso wie f\u00fcr den ottonormalen Twitter-User, der gegen den Fu\u00dfball twittert und alles retweetet, was diesen wunderbaren Sport als wirren Klamauk zeichnet. So h\u00f6rt doch, wer richtig lauscht, die leisen Zwischent\u00f6ne, aus denen die Abneigung gegen den Fu\u00dfballsport insgesamt spricht, weil der Fu\u00dfball wahlweise banal, gewaltt\u00e4tig oder rechter Proletensport sein soll und damit \u2013 frei nach der Gr\u00fcnen Jugend \u2013 doch irgendwie auch eine Keimzelle des Faschismus. Zur Wahrheitsfindung empfehle ich einen Nachmittag im Stadion \u2013 bei zwei, drei k\u00fchlen Bieren.<br \/>\n&#8230; Alles von Bernd Krischke vom 2.6.2018 bitte lesen auf<br \/>\n<a href=\"https:\/\/www.achgut.com\/artikel\/sind_fussbalfans_moralisch_blind\">https:\/\/www.achgut.com\/artikel\/sind_fussbalfans_moralisch_blind<\/a><br \/>\n<a href=\"https:\/\/ben-krischke.com\/2018\/06\/21\/auf-dem-ruecken-des-fussballs\/\">https:\/\/ben-krischke.com\/2018\/06\/21\/auf-dem-ruecken-des-fussballs\/<\/a><\/p>\n<p><strong>Fussball: F\u00fcr alle gelten die gleichen Regeln &#8211; Vorbild f\u00fcr eine friedliche Migration<\/strong><br \/>\nDass so viele Nationen und Kulturen sich friedlich beim Fu\u00dfballspiel treffen, hat genau einen Grund: Es gelten f\u00fcr alle Mannschaften und alle Spieler haargenau die gleichen Regeln, egal woher sie kommen. Wenn wir das gleiche Prinzip auch gegen\u00fcber den neuen Zuwanderern anwenden w\u00fcrden (inklusive dem Prinzip, dass nur der aus den sozialen Kassen kriegt, der eingezahlt hat), dann g\u00e4be es auch in diesem Bereich mehr Frieden. Wenn aber jede Gruppe um Privilegien buhlt und die auch noch bekommt: dann gib\u2019s richtig \u00c4rger.<br \/>\n22.6.2018, Marcel Seiler, AO<\/p>\n<p>Vielen Dank f\u00fcrs Lanze-Brechen f\u00fcr den gemeinen Fu\u00dfballfan. Als Akademiker und Dauerkartenbesitzer kann ich Ihre Ausf\u00fchrungen nur best\u00e4tigen. Der Fu\u00dfball verbindet deutlich mehr als das er trennt. Auch und gerade im Vereinsfu\u00dfball. Da ist es vollkommen egal, aus welchem Land der Siegtorsch\u00fctze stammt oder zu welchem Gott er betet (wenn er \u00fcberhaupt betet) &#8211; Hauptsache er tr\u00e4gt das richtige Trikot. Gleiches gilt auf den R\u00e4ngen. Jeder in den eigenen Farben ist automatisch ein Freund &#8211; egal ob homo oder hetero, dunkel- oder hellh\u00e4utig, rot oder schwarz w\u00e4hlend, studiert oder arbeitslos (oder beides).<br \/>\nAber selbst mit Fans anderer Vereine verbindet einen die gemeinsame, vollkommen irrationale Leidenschaft f\u00fcr diesen an sich sinnfreien Sport. Das soll nicht die regelm\u00e4\u00dfig zu sehenden unsch\u00f6nen Bilder auf den R\u00e4ngen relativieren, die aber nicht die \u00fcbergro\u00dfe Mehrheit der friedlichen Fu\u00dfballfans in aller Welt repr\u00e4sentieren.<br \/>\nAber auch bei Betrachtung der \u201cMannschaft\u201d, kann ich die Ablehnung der Gr\u00fcnInnen nicht nachvollziehen. Im Gegenteil m\u00fcsste die Zusammensetzung des Teams bestehend aus Spielern mit t\u00fcrkischen, spanischen, afrikanischen und russischen Wurzeln genau ihren feuchten Tr\u00e4umen einer Multikulti-Utopie entsprechen. Vielleicht sogar mit der Erkenntnis, die auch der anderen Seite gut t\u00e4te: entscheidend ist nicht, wie lange du irgendwo lebst, sondern wie gut du dich in die Gesellschaft, in der du leben willst, einf\u00fcgst.<br \/>\n22.6.2018, Tobias Meier, AO<\/p>\n<p>.<br \/>\n<strong>Nur eine Frage<\/strong><br \/>\nWie soll ich mit mit einer &#8222;Mannschaft&#8220; identifizieren, die <a title=\"\u00d6zil-Erdogan und M\u00fcller-Trump\" href=\"https:\/\/www.freiburg-schwarzwald.de\/blog\/oezil-erdogan-und-mueller-trump\/\">S\u00f6ldner<\/a> in ihren Reihen hat, die zu anderen Flaggen loyal sind?<br \/>\n.<\/p>\n<p><strong>Gr\u00fcne gew\u00e4hren uns den Spa\u00df am Fu\u00dfball als Gnadenakt<\/strong><br \/>\nSeit es Sport gibt, seit der Antike, identifiziert man sich \u00fcber Sport mit einer bestimmten sozialen Gruppe: Familie, Verein, Nation. Damit hat wohl nur das linksgr\u00fcne (Jugend-)Milieu ein Problem. Mit was identifizieren sich eigentlich die? &#8211; mit sich selbst? Mit ihrem Hedonismus gepaart mit absoluter Verantwortungslosigkeit, mit abstrakten B\u00fccherideen, die in der Konsequenz immer zur Unfreiheit f\u00fchren?<br \/>\nIch mag pers\u00f6nlich keinen Fu\u00dfball, aber sollen sie ihren Spa\u00df haben. Aber Gr\u00fcne GEW\u00c4HREN einem diesen Spa\u00df als Gnadenakt. Ihre moralinsaure Weltsicht \u00fcbertrifft noch die von Calvin, der das Zuprosten in den Gasth\u00e4usern verbot, weil es die Trunksucht f\u00f6rderte (bis sie ihn aus Genf rausschmissen). Sie machen jedes Thema zu einem Erstsemester-Soziologieseminar und zu mehr werden es die meisten auch nicht bringen, bevor sie dann gr\u00fcne P\u00f6stchenpolitiker werden.<br \/>\n22.6.2018, Joachim Lucas, AO<\/p>\n<p><strong>Gr\u00fcne Jugend: Fahnen nein danke &#8211; Patriotismus nein danke<\/strong><br \/>\nWIR BLEIBEN DABEI: PATRIOTISMUS? NEIN DANKE!. Ja, wir sind keine Patriot_innen. Uns sind andere Dinge einfach wichtiger als Deutschland. &#8230;<br \/>\nEs ist wieder soweit: die Fu\u00dfball-Europameisterschaft der M\u00e4nner beginnt und mit ihr der schwarz-rot-goldene kollektive Schland-Jubel. G\u00e4rten, H\u00e4userfronten, Autos, Gesichter und K\u00f6rper werden mit schwarz-rot-goldenen Fanartikeln geschm\u00fcckt. Fan-Meilen verwandeln sich in schwarz-rot-goldene Fahnenmeere. Viele Politiker_innen begr\u00fc\u00dfen dies als unverkrampften, harmlosen und weltoffenen Patriotismus. Wir nicht. Die kollektive Begeisterung f\u00fcr \u201eDeutschland\u201c bei Fu\u00dfballevents bezieht sich n\u00e4mlich nicht nur auf das Fu\u00dfballteam, sondern auch auf die Nation. &#8230;<br \/>\nDie Trennung zwischen guten Patriot_innen und bescheuerten Nationalist_innen gibt es nicht; der positive Bezug zum eigenen \u201eVaterland\u201c bedeutet immer auch die Abwertung von Anderen, weil sie zum Beispiel Migrant_innen sind oder homosexuell. &#8230;.<br \/>\n<a href=\"https:\/\/gruene-jugend.de\/wir-bleiben-dabei-patriotismus-nein-danke\/\">https:\/\/gruene-jugend.de\/wir-bleiben-dabei-patriotismus-nein-danke\/<\/a><\/p>\n<p><strong>30.000 Rechte im Fussballstadion?<\/strong><br \/>\nAllenthalben h\u00f6rt man, au\u00dfer von rechts nat\u00fcrlich, der Nationalstaat sei tot, pass\u00e9, \u00fcberholt, \u00fcberlebt. Gut, meinetwegen. Aber noch nie habe ich die naheliegende Forderung geh\u00f6rt, die Nationalmannschaft in den verschiedenen Sportbranchen abzuschaffen und eine \u201eEuropamannschaft\u201c zu bilden. Mein Vorschlag, wenigstens die Fu\u00dfballnationalmannschaft in DFB-Auswahl umzubenennen, stie\u00df dort auf taube Ohren. &#8230;.<br \/>\nErstaunlich ist, dass ausgerechnet ein Fu\u00dfballpublikum (30000 pfiffen \u00d6zil und G\u00fcndigan bei jedem Ballkontakt gnadenlos aus) das Verhalten des Nationalspielers so kritisch bewertete. Aber SpOn stellt das flugs klar: \u201eEs geht nicht um Politik\u201c, \u201eDer Kern des w\u00fcrdelosen Spektakels ist Rassismus.\u201c Wow! 30.000 \u201eRechte\u201c im Stadion. Eine solche Mobilisierung muss der <a title=\"AfD\" href=\"https:\/\/www.freiburg-schwarzwald.de\/blog\/vereine\/partei\/afd\/\">AfD<\/a> erst mal jemand nachmachen. &#8230;<br \/>\nAlles vom 10.6.2018 von Rainer Grell bitte lesen auf<br \/>\n<a href=\"https:\/\/www.achgut.com\/artikel\/30.000_rechte_im_stadion\">https:\/\/www.achgut.com\/artikel\/30.000_rechte_im_stadion<\/a><\/p>\n<p>Ich sehe es ganz anders. Fu\u00dfballnationalspieler verdienen (bekommen) mit Anfang Zwanzig schon 5 Mio \u20ac p. a. Da lebt man automatisch in einer anderen Welt. Bei diesem Einkommen ist es egal, ob man in einer Demokratie oder einem Rechtstaat lebt. Mit diesem Einkommen hat man seine eigene geschlossene Welt, die man sich nach seinen eigenen Vorstellungen einrichten kann. Deshalb kann die Konsequenz nicht sein, dass man die Spieler (wie \u00d6zil, G\u00fcndogan) kritisiert, wenn sie sich \u201cfalsch\u201d verhalten oder lobt, wenn sie sich politisch korrekt verhalten (so tun als ob). Die Konsequenz muss sein, dass man deren politische (gesellschaftliche) \u00c4u\u00dferungen konsequent ignoriert, weil sie unsere Welt einfach nicht mehr beurteilen k\u00f6nnen.<br \/>\nEin \u00d6zil und ein G\u00fcndogan k\u00f6nnen sich nicht in unsere Welt integrieren, weil sich auch urdeutsche \u201cJung-mehrfach-Million\u00e4re\u201d nicht in unsere Gesellschaft integrieren k\u00f6nnen. Das Gleiche gilt auch f\u00fcr erfolgreiche Musiker, Schauspieler usw.<br \/>\n10-6-2018, Hubert Bauer, AO<\/p>\n<p><strong>Abpfiff f\u00fcr Schwarz-Rot-Gold: Die Angst der Politik vor der nationalen Identit\u00e4t<\/strong><br \/>\nSeelenlos pr\u00e4sentiert sich bereits beim Abspielen der Nationalhymne \u201cDie Mannschaft\u201d, wie die ehemalige deutsche Fu\u00dfballnationalelf nach mehrfachem politischen Glattb\u00fcgeln heute noch hei\u00dfen darf. Eher teilnahmslos lassen die Spieler die Hymne \u00fcber sich ergehen. Mancher bewegt zumindest die Lippen zur Musik, andere verweigern sich ganz \u2013 mit der komfortablen Ma\u00dfgabe ausgestattet, keinesfalls mitsingen zu m\u00fcssen. Wie wohltuend sind da im Kontrast doch die beherzten Auftritte vieler anderer Teams, bei denen die gesamte Mannschaft mit der Hand auf dem Herzen voller Inbrunst die eigene Hymne schmettert.<\/p>\n<p>Im Wahn, Millionen von Fu\u00dfballfans k\u00f6nnten mit einem Nazi-Virus infiziert werden, ist alles verp\u00f6nt, was schwarz-rot-golden daherkommt Deutschland ist ein Land ohne nationale Identit\u00e4t. Und so schaut man aus den Elfenbeint\u00fcrmen der Berufspolitik mit Unbehagen auf eine Gesellschaft, die zu Gro\u00dfereignissen als Nation zusammenfindet und ihre Unterst\u00fctzung mit der Beflaggung von Autos und Balkonen dokumentiert.<\/p>\n<p>Viel lieber m\u00f6chte das politische Personal Fanmeilen und Public Viewings als kunterbunte Multi-Kulti-Events zelebrieren, die der allumfassenden Einladung an die Welt das freundliche Willkommensgesicht verleihen. Denn wo es keine fremde Identit\u00e4t gibt, da kommt man gerne hin. Und diesmal scheint das politische Unbehagen gr\u00f6\u00dfer denn je. Nach dem kurzen Hoffnungsschimmer, den das \u201cSommerm\u00e4rchen\u201d des Jahres 2006 geweckt hatte, ist die berufspolitische Verkrampfung im Umgang mit dem eigenen Nationalbewusstsein heute \u00fcberall sp\u00fcrbar.<\/p>\n<p>Getrieben vom Wahn, eine bestimmte Partei k\u00f6nnte sich der nationalen Seele bem\u00e4chtigen und Millionen feiernder Fu\u00dfballfans mit einem Nazi-Virus infizieren, ist pl\u00f6tzlich wieder alles verp\u00f6nt, was schwarz-rot-golden daherkommt. &#8230;<br \/>\nAlles vom 18.6.2018 bitte lesen auf<br \/>\n<a href=\"https:\/\/philosophia-perennis.com\/2018\/06\/18\/abpfiff-fuer-schwarz-rot-gold-die-angst-der-politik-vor-der-nationalen-identitaet\/\">https:\/\/philosophia-perennis.com\/2018\/06\/18\/abpfiff-fuer-schwarz-rot-gold-die-angst-der-politik-vor-der-nationalen-identitaet\/<\/a> oder auf<br \/>\n<a href=\"https:\/\/peymani.de\/abpfiff-fuer-schwarz-rot-gold-die-angst-der-politik-vor-der-nationalen-identitaet\/\">https:\/\/peymani.de\/abpfiff-fuer-schwarz-rot-gold-die-angst-der-politik-vor-der-nationalen-identitaet\/<br \/>\n<\/a>\u00a0.<\/p>\n<p><strong>Antideutsche erkl\u00e4ren dem Patriotismus den Krieg<\/strong><br \/>\nSeit dem Durchbruch einer vergleichsweise neurosefreien Form des Patriotismus im Verlauf des Sommerm\u00e4rchens 2006 k\u00e4mpfen die Antideutschen gegen jede Form schwarz-rot-goldener Folklore. Sie rupfen Banner von Autos, klauen Fahnen von H\u00e4usern, ziehen angetrunkenen Fans gern auch mal Schal oder M\u00fctze ab. &#8230;.<br \/>\nGr\u00fcne wie Antifa bem\u00fchen sich, jenen ein schlechtes Gewissen einzureden, die sich nach Jahrzehnten deutschen <a title=\"Selbsthass\" href=\"https:\/\/www.freiburg-schwarzwald.de\/blog\/engagement\/zukunft\/selbsthass\/\">Selbsthasses<\/a> zum ersten Mal ein wenig entspannt f\u00fchlen, wenn sie auf ihr Land blicken&#8230;.<strong><em>&#8222;Egal aus welcher Motivation sie (sic!) diese Fahne angebracht haben, sie produziert in jedem Fall Nationalismus.&#8220;<\/em><\/strong> &#8230;<br \/>\nNirgendwo auf der Welt kommt die radikale und (im Fall der Gr\u00fcnen Jugend) die etablierten Linke auf eine derart gesittete Form freundlosen Unsinns. Unfreiwillig komisch wirkt der ebenso selbstherrliche wie pathosgetriebene Versuch, dem kindlichen Abenteuer in Gro\u00dfst\u00e4dten Patriotisches zu stibitzen, um es dann heimlich irgendwo zu verbrennen.<br \/>\nAlles vom 17.6.2017 von Ulf Poschardt bitte lesen auf<br \/>\n<a href=\"https:\/\/www.welt.de\/kultur\/article106607169\/Antideutsche-erklaeren-dem-Patriotismus-den-Krieg.html\">https:\/\/www.welt.de\/kultur\/article106607169\/Antideutsche-erklaeren-dem-Patriotismus-den-Krieg.html<\/a><\/p>\n<p>.<br \/>\n<strong>Ausgepfiffen: \u201eIn L\u00e4ndern mit fehlender Meinungsfreiheit wird im Fu\u00dfballstadion die Meinung gesagt\u201c<\/strong><br \/>\n<em>Mesut \u00d6zil und Ilkay G\u00fcndogan haben sich vor etwas \u00fcber vier Wochen mit dem t\u00fcrkischen Staatschef Erdogan fotografieren lassen, haben ihm handsignierte Trikots \u00fcbergeben &#8230;<\/em><br \/>\nGegen \u00d6sterreich wurden beide Spieler lautstark bei jedem Ballkontakt ausgepfiffen, gegen Saudi-Arabien nur G\u00fcndogan, \u00d6zil sa\u00df angeblich verletzungsbedingt auf der Bank.<br \/>\n&#8230;<br \/>\nEndlich haben wir einen Ort gefunden, an dem wir unseren Unmut freien Lauf lassen d\u00fcrfen: Das Fu\u00dfballstadion. Es ist fast ein bisschen Ironie, dass in L\u00e4ndern mit fehlender Meinungsfreiheit wie zum Beispiel in \u00c4gypten, Politik im Fu\u00dfballstadion ausgetragen wird, da Demonstrationen als zu gef\u00e4hrlich galten. Hier konnten Fans ihre politische Meinung nach au\u00dfen tragen, der Umsturz Mubaraks und die sp\u00e4teren Demonstrationen fanden im Fu\u00dfballstadion seinen Anfang.<br \/>\nNun findet man \u00e4hnliche Zust\u00e4nde ein Deutschland. Von Meinungsfreiheit sind wir weit entfernt. Wie viele tausende Menschen w\u00fcrden wohl zu AFD-Demonstrationen gehen, wenn sie keine Angst h\u00e4tten? Wenn es keine linke Gewalt g\u00e4be? Im Falle \u00d6zils und G\u00fcndogan ist es offensichtlich: Es geht um viel mehr als nur um das Foto mit Erdogan. Es geht um den Frust, die Ohnmacht der letzten Jahre die sich angestaut hat. Es ist ein klares Nein gegen Parallelgesellschaften in Deutschland. Es ist ein Nein gegen Erdoganw\u00e4hler und Erdoganfans in unserem Land. Endlich k\u00f6nnen wir zeigen, was wir denken, was wir wollen.<br \/>\n&#8230;. Alles vom 12.6.208 bitte lesen auf<br \/>\n<a href=\"https:\/\/philosophia-perennis.com\/2018\/06\/12\/ausgepfiffen-in-laendern-mit-fehlender-meinungsfreiheit-wird-im-fussballstadion-die-meinung-gesagt\/\">https:\/\/philosophia-perennis.com\/2018\/06\/12\/ausgepfiffen-in-laendern-mit-fehlender-meinungsfreiheit-wird-im-fussballstadion-die-meinung-gesagt\/<br \/>\n<\/a>\u00a0.<br \/>\n<strong>Entnationalisierung des Fussballs: Vegetarier gegen Fleischesser<\/strong><br \/>\nich habe einen wichtigen Einwurf zu machen: Von Deutschland ausgehend \u2013 wie so ziemlich jedes politische Highlight \u2013 bietet sich in Russland ein weiteres Spielfeld auf dem Weg zur weltweiten Entnationalisierung. Wettbewerbe, in denen die besten Fu\u00dfballspieler zahlreicher Nationen als Nationalmannschaften gegeneinander antreten, dieses Modell hat sich \u00fcberlebt. Keine Fahnen mehr, keine farbig aufgepeppten Trikots, keine Nationalmannschaften mehr.<br \/>\n.<br \/>\nWenn Fahnen, dann gef\u00e4lligst Regenbogen. Die Botschaft lautet: National ist rechts, gestrig, rassistisch. Und damit sich das auch in teilnehmenden L\u00e4ndern wie Mexiko, Polen, Japan oder Argentinien (um nur einige exemplarisch zu nennen) ins nationale Bewusstsein einnistet, zeigt Deutschland, dass es auch anders geht. Ein Sport, in dem es um K\u00e4mpfen, Schie\u00dfen, St\u00fcrmen und Schlagen geht, geh\u00f6rt ebenso auf den M\u00fcllhaufen der Sportgeschichte wie r\u00f6mische Gladiatorenk\u00e4mpfe und das Kicken mit den K\u00f6pfen feindlicher Krieger. Warum nicht Vegetarier gegen Fleischesser? Nat\u00fcrlich l\u00e4sst sich diese Bewusstseins\u00e4nderung nicht von heute auf morgen erreichen. Das Spiel als solches, mit seinen verwerflichen, derzeit g\u00fcltigen Regeln, d\u00fcrfte sich nicht einmal durch ein Machtwort von Claudia Roth abschaffen lassen. Doch die Idee von Nationen, die gegeneinander antreten, die muss auf den Pr\u00fcfstand. &#8230;.<br \/>\n&#8230;. Alles vom 19.6.2018 bitte lesen auf<br \/>\n<a href=\"https:\/\/www.achgut.com\/artikel\/kaempfen_schiessen_stuermen_schlagen_hilfe\">https:\/\/www.achgut.com\/artikel\/kaempfen_schiessen_stuermen_schlagen_hilfe<\/a><\/p>\n","protected":false},"excerpt":{"rendered":"<p>Als sich im WM-Spiel Deutschland-Schweden der lange Flachschu\u00df von Toni Kroos in der 95. Spielminute zum 2:1 ins Tor drehte, da wurden die schwarz-rot-goldenen F\u00e4hnchen geschwenkt und die Fans freuten sich &#8211; nicht so die Gr\u00fcnen, weil dadurch gem\u00e4\u00df www.gruene-jugend.de &hellip; <a href=\"https:\/\/www.freiburg-schwarzwald.de\/blog\/fussball-fahnen-nationalismus\/\">Weiterlesen <span class=\"meta-nav\">&rarr;<\/span><\/a><\/p>\n","protected":false},"author":2,"featured_media":0,"comment_status":"open","ping_status":"closed","sticky":false,"template":"","format":"standard","meta":{"footnotes":""},"categories":[18,155,80,157,8],"tags":[26,366,70,301,525,631],"class_list":["post-67644","post","type-post","status-publish","format-standard","hentry","category-bildung","category-integration","category-medien","category-oeffentlicher-raum","category-sport","tag-deutsch","tag-fussball","tag-jugendsport","tag-culture","tag-politik","tag-staat"],"_links":{"self":[{"href":"https:\/\/www.freiburg-schwarzwald.de\/blog\/wp-json\/wp\/v2\/posts\/67644","targetHints":{"allow":["GET"]}}],"collection":[{"href":"https:\/\/www.freiburg-schwarzwald.de\/blog\/wp-json\/wp\/v2\/posts"}],"about":[{"href":"https:\/\/www.freiburg-schwarzwald.de\/blog\/wp-json\/wp\/v2\/types\/post"}],"author":[{"embeddable":true,"href":"https:\/\/www.freiburg-schwarzwald.de\/blog\/wp-json\/wp\/v2\/users\/2"}],"replies":[{"embeddable":true,"href":"https:\/\/www.freiburg-schwarzwald.de\/blog\/wp-json\/wp\/v2\/comments?post=67644"}],"version-history":[{"count":0,"href":"https:\/\/www.freiburg-schwarzwald.de\/blog\/wp-json\/wp\/v2\/posts\/67644\/revisions"}],"wp:attachment":[{"href":"https:\/\/www.freiburg-schwarzwald.de\/blog\/wp-json\/wp\/v2\/media?parent=67644"}],"wp:term":[{"taxonomy":"category","embeddable":true,"href":"https:\/\/www.freiburg-schwarzwald.de\/blog\/wp-json\/wp\/v2\/categories?post=67644"},{"taxonomy":"post_tag","embeddable":true,"href":"https:\/\/www.freiburg-schwarzwald.de\/blog\/wp-json\/wp\/v2\/tags?post=67644"}],"curies":[{"name":"wp","href":"https:\/\/api.w.org\/{rel}","templated":true}]}}